{"id":141767,"date":"2023-03-07T06:09:54","date_gmt":"2023-03-07T10:09:54","guid":{"rendered":"https:\/\/www.eldiario.net\/portal\/?p=141767"},"modified":"2023-03-07T06:09:54","modified_gmt":"2023-03-07T10:09:54","slug":"enfrentamientos-y-destrozos-tras-movilizacion-de-maestros-urbanos","status":"publish","type":"post","link":"https:\/\/www.eldiario.net\/portal\/2023\/03\/07\/enfrentamientos-y-destrozos-tras-movilizacion-de-maestros-urbanos\/","title":{"rendered":"Enfrentamientos y destrozos tras  movilizaci\u00f3n de maestros urbanos"},"content":{"rendered":"<p>El Magisterio Urbano de Bolivia realiz\u00f3 las anunciadas movilizaciones en protesta por la malla curricular, exigencia de creaci\u00f3n de fuentes de empleo, aumento salarial, la jubilaci\u00f3n con el 100%, respeto al reglamento del Escalaf\u00f3n y el ascenso autom\u00e1tico. La marcha parti\u00f3 desde el Multifuncional de El Alto y al llegar a puertas del Ministerio de Educaci\u00f3n hubo enfrentamientos con efectivos de la Polic\u00eda, adem\u00e1s se registraron da\u00f1os a la infraestructura.<\/p>\n<p>La concentraci\u00f3n de las 31 delegaciones del pa\u00eds inici\u00f3 desde tempranas horas de la ma\u00f1ana y en su descenso expresaron gritos caracter\u00edsticos de este tipo de protestas.<\/p>\n<p>\u201cEs un contingente de tres mil a cinco mil maestros de las 31 federaciones a nivel nacional a eso se van a sumar 37 mil que tiene el magisterio pace\u00f1o hasta hacernos respetar y tener respuestas positivas del ministro \u00c9dgar Pary\u201d, se\u00f1al\u00f3 uno de los dirigentes del sector.<\/p>\n<p>Al llegar al Ministerio de Educaci\u00f3n, que estaba resguardado por efectivos de la Polic\u00eda, comenzaron los amagues de enfrentamiento porque los marchistas pretend\u00edan ingresar a las instalaciones ministeriales y los uniformados respondieron con gas pimiento.<\/p>\n<p>Minutos despu\u00e9s, el ministro de Educaci\u00f3n, \u00c9dgar Pary, inform\u00f3 que movilizados utilizaron palos y piedras para golpear a los polic\u00edas y romper vidrios de esa instituci\u00f3n. Asegur\u00f3 que, tras reuni\u00f3n con esa dirigencia, se qued\u00f3 en cuarto intermedio, por lo que las movilizaciones no estaban justificadas e indic\u00f3 que se tiene la disposici\u00f3n de debatir el pliego petitorio presentado la anterior semana.<\/p>\n<p>\u201cEllos no quieren dialogar, ellos quieren convulsionar. Cuando quedamos en cuarto intermedio, esta marcha era innecesaria cuando el Ministerio de Educaci\u00f3n est\u00e1 dispuesto a dialogar y entablar conversaciones con los dirigentes\u201d, remarc\u00f3.<\/p>\n<p>El dirigente entrevistado, por su parte, tambi\u00e9n expres\u00f3 la voluntad de di\u00e1logo, pero piden ser escuchados y no solo ir a escuchar. \u201cPara nosotros no estamos cerrados al di\u00e1logo, hemos participado de algunos eventos el a\u00f1o pasado, hemos participado en el an\u00e1lisis de la Resoluci\u00f3n 01\/2023, pero estas reuniones son un saludo a la bandera ya que todas las observaciones, sugerencias que se hacen a la malla curricular, a la ley como tal, no se asumen por parte del ministro de Educaci\u00f3n\u201d, sostuvo.<\/p>\n<p>Ante eso, el titular del \u00e1rea, explic\u00f3 que los cinco pedidos elaborados por la Confederaci\u00f3n de Trabajadores en Educaci\u00f3n Urbana de Bolivia (Cteub) fueron atendidos. Por ejemplo, se\u00f1al\u00f3 que en 2020 el presupuesto designado a la educaci\u00f3n fue de 4,6% de todo el Presupuesto General del Estado (PGE); el 2021, tras recuperar la democracia, este monto se duplic\u00f3 al 10% del PGE; en 2022, en base al crecimiento econ\u00f3mico del pa\u00eds, se aument\u00f3 la inversi\u00f3n a 10,2% y; este a\u00f1o, el presupuesto destinado al \u00e1mbito educativo es del 10,8% del PGE, por lo que s\u00ed hubo incremento.<\/p>\n<p>De igual manera, respecto a la creaci\u00f3n de \u00edtems asegur\u00f3 que en 2020, no se entreg\u00f3 ni un solo \u00edtem; en 2021, se asignaron 1.700; y en 2022, se crearon 3.300, en tanto que para este a\u00f1o, se asignaron m\u00e1s de 2.500.<\/p>\n<p>En cuanto al curr\u00edculo educativo actualizado, Pary puntualiz\u00f3 que se socializ\u00f3 el contenido desde junio del 2022 con la participaci\u00f3n de los distintos actores de la sociedad en la que participaron tambi\u00e9n maestras y maestros de base, adem\u00e1s se actualizaron m\u00e1s de 400 mil maestros, por lo que resulta dif\u00edcil descartar ese trabajo.<\/p>\n<p>Ente el domingo y madrugada del lunes, delegaciones de 31 federaciones de maestros llegaron a La Paz para participar de las movilizaciones en rechazo a la implementaci\u00f3n de la actualizaci\u00f3n de la malla curricular, entre otras demandas.<\/p>\n","protected":false},"excerpt":{"rendered":"<p>El Magisterio Urbano de Bolivia realiz\u00f3 las anunciadas movilizaciones en protesta por la malla curricular, exigencia de creaci\u00f3n de fuentes de empleo, aumento salarial, la jubilaci\u00f3n con el 100%, respeto al reglamento del Escalaf\u00f3n y el ascenso autom\u00e1tico. La marcha parti\u00f3 desde el Multifuncional de El Alto y al llegar a puertas del Ministerio de [&hellip;]<\/p>\n","protected":false},"author":1,"featured_media":141768,"comment_status":"closed","ping_status":"closed","sticky":false,"template":"","format":"standard","meta":{"_acf_changed":false,"footnotes":""},"categories":[12],"tags":[],"class_list":["post-141767","post","type-post","status-publish","format-standard","has-post-thumbnail","category-nacional"],"acf":{"antetitulo":""},"yoast_head":"<!-- This site is optimized with the Yoast SEO plugin v28.3 - https:\/\/yoast.com\/product\/yoast-seo-wordpress\/ -->\n<title>Enfrentamientos y destrozos tras movilizaci\u00f3n de maestros urbanos - El Diario - Bolivia<\/title>\n<meta name=\"robots\" content=\"index, follow, max-snippet:-1, max-image-preview:large, max-video-preview:-1\" \/>\n<link rel=\"canonical\" href=\"https:\/\/www.eldiario.net\/portal\/2023\/03\/07\/enfrentamientos-y-destrozos-tras-movilizacion-de-maestros-urbanos\/\" \/>\n<meta property=\"og:locale\" content=\"es_ES\" \/>\n<meta property=\"og:type\" content=\"article\" \/>\n<meta property=\"og:title\" content=\"Enfrentamientos y destrozos tras movilizaci\u00f3n de maestros urbanos - El Diario - Bolivia\" \/>\n<meta property=\"og:description\" content=\"El Magisterio Urbano de Bolivia realiz\u00f3 las anunciadas movilizaciones en protesta por la malla curricular, exigencia de creaci\u00f3n de fuentes de empleo, aumento salarial, la jubilaci\u00f3n con el 100%, respeto al reglamento del Escalaf\u00f3n y el ascenso autom\u00e1tico. La marcha parti\u00f3 desde el Multifuncional de El Alto y al llegar a puertas del Ministerio de [&hellip;]\" \/>\n<meta property=\"og:url\" content=\"https:\/\/www.eldiario.net\/portal\/2023\/03\/07\/enfrentamientos-y-destrozos-tras-movilizacion-de-maestros-urbanos\/\" \/>\n<meta property=\"og:site_name\" content=\"El Diario - Bolivia\" \/>\n<meta property=\"article:publisher\" content=\"https:\/\/www.facebook.com\/eldiario.bolivia\/\" \/>\n<meta property=\"article:published_time\" content=\"2023-03-07T10:09:54+00:00\" \/>\n<meta name=\"author\" content=\"Jeanette\" \/>\n<meta name=\"twitter:card\" content=\"summary_large_image\" \/>\n<meta name=\"twitter:creator\" content=\"@eldiario_net\" \/>\n<meta name=\"twitter:site\" content=\"@eldiario_net\" \/>\n<meta name=\"twitter:label1\" content=\"Escrito por\" \/>\n\t<meta name=\"twitter:data1\" content=\"Jeanette\" \/>\n\t<meta name=\"twitter:label2\" content=\"Tiempo de lectura\" \/>\n\t<meta name=\"twitter:data2\" content=\"3 minutos\" \/>\n<script type=\"application\/ld+json\" class=\"yoast-schema-graph\">{\"@context\":\"https:\\\/\\\/schema.org\",\"@graph\":[{\"@type\":\"Article\",\"@id\":\"https:\\\/\\\/www.eldiario.net\\\/portal\\\/2023\\\/03\\\/07\\\/enfrentamientos-y-destrozos-tras-movilizacion-de-maestros-urbanos\\\/#article\",\"isPartOf\":{\"@id\":\"https:\\\/\\\/www.eldiario.net\\\/portal\\\/2023\\\/03\\\/07\\\/enfrentamientos-y-destrozos-tras-movilizacion-de-maestros-urbanos\\\/\"},\"author\":{\"name\":\"Jeanette\",\"@id\":\"https:\\\/\\\/www.eldiario.net\\\/portal\\\/#\\\/schema\\\/person\\\/f46445640444750d7d753ccd04ae01b7\"},\"headline\":\"Enfrentamientos y destrozos tras movilizaci\u00f3n de maestros urbanos\",\"datePublished\":\"2023-03-07T10:09:54+00:00\",\"mainEntityOfPage\":{\"@id\":\"https:\\\/\\\/www.eldiario.net\\\/portal\\\/2023\\\/03\\\/07\\\/enfrentamientos-y-destrozos-tras-movilizacion-de-maestros-urbanos\\\/\"},\"wordCount\":624,\"publisher\":{\"@id\":\"https:\\\/\\\/www.eldiario.net\\\/portal\\\/#organization\"},\"image\":{\"@id\":\"https:\\\/\\\/www.eldiario.net\\\/portal\\\/2023\\\/03\\\/07\\\/enfrentamientos-y-destrozos-tras-movilizacion-de-maestros-urbanos\\\/#primaryimage\"},\"thumbnailUrl\":\"\",\"articleSection\":[\"Nacional\"],\"inLanguage\":\"es\"},{\"@type\":\"WebPage\",\"@id\":\"https:\\\/\\\/www.eldiario.net\\\/portal\\\/2023\\\/03\\\/07\\\/enfrentamientos-y-destrozos-tras-movilizacion-de-maestros-urbanos\\\/\",\"url\":\"https:\\\/\\\/www.eldiario.net\\\/portal\\\/2023\\\/03\\\/07\\\/enfrentamientos-y-destrozos-tras-movilizacion-de-maestros-urbanos\\\/\",\"name\":\"Enfrentamientos y destrozos tras movilizaci\u00f3n de maestros urbanos - El Diario - Bolivia\",\"isPartOf\":{\"@id\":\"https:\\\/\\\/www.eldiario.net\\\/portal\\\/#website\"},\"primaryImageOfPage\":{\"@id\":\"https:\\\/\\\/www.eldiario.net\\\/portal\\\/2023\\\/03\\\/07\\\/enfrentamientos-y-destrozos-tras-movilizacion-de-maestros-urbanos\\\/#primaryimage\"},\"image\":{\"@id\":\"https:\\\/\\\/www.eldiario.net\\\/portal\\\/2023\\\/03\\\/07\\\/enfrentamientos-y-destrozos-tras-movilizacion-de-maestros-urbanos\\\/#primaryimage\"},\"thumbnailUrl\":\"\",\"datePublished\":\"2023-03-07T10:09:54+00:00\",\"breadcrumb\":{\"@id\":\"https:\\\/\\\/www.eldiario.net\\\/portal\\\/2023\\\/03\\\/07\\\/enfrentamientos-y-destrozos-tras-movilizacion-de-maestros-urbanos\\\/#breadcrumb\"},\"inLanguage\":\"es\",\"potentialAction\":[{\"@type\":\"ReadAction\",\"target\":[\"https:\\\/\\\/www.eldiario.net\\\/portal\\\/2023\\\/03\\\/07\\\/enfrentamientos-y-destrozos-tras-movilizacion-de-maestros-urbanos\\\/\"]}]},{\"@type\":\"ImageObject\",\"inLanguage\":\"es\",\"@id\":\"https:\\\/\\\/www.eldiario.net\\\/portal\\\/2023\\\/03\\\/07\\\/enfrentamientos-y-destrozos-tras-movilizacion-de-maestros-urbanos\\\/#primaryimage\",\"url\":\"\",\"contentUrl\":\"\"},{\"@type\":\"BreadcrumbList\",\"@id\":\"https:\\\/\\\/www.eldiario.net\\\/portal\\\/2023\\\/03\\\/07\\\/enfrentamientos-y-destrozos-tras-movilizacion-de-maestros-urbanos\\\/#breadcrumb\",\"itemListElement\":[{\"@type\":\"ListItem\",\"position\":1,\"name\":\"Portada\",\"item\":\"https:\\\/\\\/www.eldiario.net\\\/portal\\\/\"},{\"@type\":\"ListItem\",\"position\":2,\"name\":\"Enfrentamientos y destrozos tras movilizaci\u00f3n de maestros urbanos\"}]},{\"@type\":\"WebSite\",\"@id\":\"https:\\\/\\\/www.eldiario.net\\\/portal\\\/#website\",\"url\":\"https:\\\/\\\/www.eldiario.net\\\/portal\\\/\",\"name\":\"El Diario - Decano de la prensa nacional\",\"description\":\"El Diario - Decano de la prensa nacional\",\"publisher\":{\"@id\":\"https:\\\/\\\/www.eldiario.net\\\/portal\\\/#organization\"},\"potentialAction\":[{\"@type\":\"SearchAction\",\"target\":{\"@type\":\"EntryPoint\",\"urlTemplate\":\"https:\\\/\\\/www.eldiario.net\\\/portal\\\/?s={search_term_string}\"},\"query-input\":{\"@type\":\"PropertyValueSpecification\",\"valueRequired\":true,\"valueName\":\"search_term_string\"}}],\"inLanguage\":\"es\"},{\"@type\":\"Organization\",\"@id\":\"https:\\\/\\\/www.eldiario.net\\\/portal\\\/#organization\",\"name\":\"El Diario - Decano de la prensa nacional\",\"url\":\"https:\\\/\\\/www.eldiario.net\\\/portal\\\/\",\"logo\":{\"@type\":\"ImageObject\",\"inLanguage\":\"es\",\"@id\":\"https:\\\/\\\/www.eldiario.net\\\/portal\\\/#\\\/schema\\\/logo\\\/image\\\/\",\"url\":\"https:\\\/\\\/www.eldiario.net\\\/portal\\\/wp-content\\\/uploads\\\/2023\\\/07\\\/logo_ED.jpg\",\"contentUrl\":\"https:\\\/\\\/www.eldiario.net\\\/portal\\\/wp-content\\\/uploads\\\/2023\\\/07\\\/logo_ED.jpg\",\"width\":272,\"height\":52,\"caption\":\"El Diario - Decano de la prensa nacional\"},\"image\":{\"@id\":\"https:\\\/\\\/www.eldiario.net\\\/portal\\\/#\\\/schema\\\/logo\\\/image\\\/\"},\"sameAs\":[\"https:\\\/\\\/www.facebook.com\\\/eldiario.bolivia\\\/\",\"https:\\\/\\\/x.com\\\/eldiario_net\"]},{\"@type\":\"Person\",\"@id\":\"https:\\\/\\\/www.eldiario.net\\\/portal\\\/#\\\/schema\\\/person\\\/f46445640444750d7d753ccd04ae01b7\",\"name\":\"Jeanette\",\"image\":{\"@type\":\"ImageObject\",\"inLanguage\":\"es\",\"@id\":\"https:\\\/\\\/secure.gravatar.com\\\/avatar\\\/3ea2118a5f7dad2b7138b1187a6b7ee55f160b9968b66013c3a3ef39dd7e5798?s=96&d=mm&r=g\",\"url\":\"https:\\\/\\\/secure.gravatar.com\\\/avatar\\\/3ea2118a5f7dad2b7138b1187a6b7ee55f160b9968b66013c3a3ef39dd7e5798?s=96&d=mm&r=g\",\"contentUrl\":\"https:\\\/\\\/secure.gravatar.com\\\/avatar\\\/3ea2118a5f7dad2b7138b1187a6b7ee55f160b9968b66013c3a3ef39dd7e5798?s=96&d=mm&r=g\",\"caption\":\"Jeanette\"},\"sameAs\":[\"https:\\\/\\\/www.eldiario.net\\\/portal\"],\"url\":\"https:\\\/\\\/www.eldiario.net\\\/portal\\\/author\\\/jeanette\\\/\"}]}<\/script>\n<!-- \/ Yoast SEO plugin. -->","yoast_head_json":{"title":"Enfrentamientos y destrozos tras movilizaci\u00f3n de maestros urbanos - El Diario - Bolivia","robots":{"index":"index","follow":"follow","max-snippet":"max-snippet:-1","max-image-preview":"max-image-preview:large","max-video-preview":"max-video-preview:-1"},"canonical":"https:\/\/www.eldiario.net\/portal\/2023\/03\/07\/enfrentamientos-y-destrozos-tras-movilizacion-de-maestros-urbanos\/","og_locale":"es_ES","og_type":"article","og_title":"Enfrentamientos y destrozos tras movilizaci\u00f3n de maestros urbanos - El Diario - Bolivia","og_description":"El Magisterio Urbano de Bolivia realiz\u00f3 las anunciadas movilizaciones en protesta por la malla curricular, exigencia de creaci\u00f3n de fuentes de empleo, aumento salarial, la jubilaci\u00f3n con el 100%, respeto al reglamento del Escalaf\u00f3n y el ascenso autom\u00e1tico. La marcha parti\u00f3 desde el Multifuncional de El Alto y al llegar a puertas del Ministerio de [&hellip;]","og_url":"https:\/\/www.eldiario.net\/portal\/2023\/03\/07\/enfrentamientos-y-destrozos-tras-movilizacion-de-maestros-urbanos\/","og_site_name":"El Diario - Bolivia","article_publisher":"https:\/\/www.facebook.com\/eldiario.bolivia\/","article_published_time":"2023-03-07T10:09:54+00:00","author":"Jeanette","twitter_card":"summary_large_image","twitter_creator":"@eldiario_net","twitter_site":"@eldiario_net","twitter_misc":{"Escrito por":"Jeanette","Tiempo de lectura":"3 minutos"},"schema":{"@context":"https:\/\/schema.org","@graph":[{"@type":"Article","@id":"https:\/\/www.eldiario.net\/portal\/2023\/03\/07\/enfrentamientos-y-destrozos-tras-movilizacion-de-maestros-urbanos\/#article","isPartOf":{"@id":"https:\/\/www.eldiario.net\/portal\/2023\/03\/07\/enfrentamientos-y-destrozos-tras-movilizacion-de-maestros-urbanos\/"},"author":{"name":"Jeanette","@id":"https:\/\/www.eldiario.net\/portal\/#\/schema\/person\/f46445640444750d7d753ccd04ae01b7"},"headline":"Enfrentamientos y destrozos tras movilizaci\u00f3n de maestros urbanos","datePublished":"2023-03-07T10:09:54+00:00","mainEntityOfPage":{"@id":"https:\/\/www.eldiario.net\/portal\/2023\/03\/07\/enfrentamientos-y-destrozos-tras-movilizacion-de-maestros-urbanos\/"},"wordCount":624,"publisher":{"@id":"https:\/\/www.eldiario.net\/portal\/#organization"},"image":{"@id":"https:\/\/www.eldiario.net\/portal\/2023\/03\/07\/enfrentamientos-y-destrozos-tras-movilizacion-de-maestros-urbanos\/#primaryimage"},"thumbnailUrl":"","articleSection":["Nacional"],"inLanguage":"es"},{"@type":"WebPage","@id":"https:\/\/www.eldiario.net\/portal\/2023\/03\/07\/enfrentamientos-y-destrozos-tras-movilizacion-de-maestros-urbanos\/","url":"https:\/\/www.eldiario.net\/portal\/2023\/03\/07\/enfrentamientos-y-destrozos-tras-movilizacion-de-maestros-urbanos\/","name":"Enfrentamientos y destrozos tras movilizaci\u00f3n de maestros urbanos - El Diario - Bolivia","isPartOf":{"@id":"https:\/\/www.eldiario.net\/portal\/#website"},"primaryImageOfPage":{"@id":"https:\/\/www.eldiario.net\/portal\/2023\/03\/07\/enfrentamientos-y-destrozos-tras-movilizacion-de-maestros-urbanos\/#primaryimage"},"image":{"@id":"https:\/\/www.eldiario.net\/portal\/2023\/03\/07\/enfrentamientos-y-destrozos-tras-movilizacion-de-maestros-urbanos\/#primaryimage"},"thumbnailUrl":"","datePublished":"2023-03-07T10:09:54+00:00","breadcrumb":{"@id":"https:\/\/www.eldiario.net\/portal\/2023\/03\/07\/enfrentamientos-y-destrozos-tras-movilizacion-de-maestros-urbanos\/#breadcrumb"},"inLanguage":"es","potentialAction":[{"@type":"ReadAction","target":["https:\/\/www.eldiario.net\/portal\/2023\/03\/07\/enfrentamientos-y-destrozos-tras-movilizacion-de-maestros-urbanos\/"]}]},{"@type":"ImageObject","inLanguage":"es","@id":"https:\/\/www.eldiario.net\/portal\/2023\/03\/07\/enfrentamientos-y-destrozos-tras-movilizacion-de-maestros-urbanos\/#primaryimage","url":"","contentUrl":""},{"@type":"BreadcrumbList","@id":"https:\/\/www.eldiario.net\/portal\/2023\/03\/07\/enfrentamientos-y-destrozos-tras-movilizacion-de-maestros-urbanos\/#breadcrumb","itemListElement":[{"@type":"ListItem","position":1,"name":"Portada","item":"https:\/\/www.eldiario.net\/portal\/"},{"@type":"ListItem","position":2,"name":"Enfrentamientos y destrozos tras movilizaci\u00f3n de maestros urbanos"}]},{"@type":"WebSite","@id":"https:\/\/www.eldiario.net\/portal\/#website","url":"https:\/\/www.eldiario.net\/portal\/","name":"El Diario - Decano de la prensa nacional","description":"El Diario - Decano de la prensa nacional","publisher":{"@id":"https:\/\/www.eldiario.net\/portal\/#organization"},"potentialAction":[{"@type":"SearchAction","target":{"@type":"EntryPoint","urlTemplate":"https:\/\/www.eldiario.net\/portal\/?s={search_term_string}"},"query-input":{"@type":"PropertyValueSpecification","valueRequired":true,"valueName":"search_term_string"}}],"inLanguage":"es"},{"@type":"Organization","@id":"https:\/\/www.eldiario.net\/portal\/#organization","name":"El Diario - Decano de la prensa nacional","url":"https:\/\/www.eldiario.net\/portal\/","logo":{"@type":"ImageObject","inLanguage":"es","@id":"https:\/\/www.eldiario.net\/portal\/#\/schema\/logo\/image\/","url":"https:\/\/www.eldiario.net\/portal\/wp-content\/uploads\/2023\/07\/logo_ED.jpg","contentUrl":"https:\/\/www.eldiario.net\/portal\/wp-content\/uploads\/2023\/07\/logo_ED.jpg","width":272,"height":52,"caption":"El Diario - Decano de la prensa nacional"},"image":{"@id":"https:\/\/www.eldiario.net\/portal\/#\/schema\/logo\/image\/"},"sameAs":["https:\/\/www.facebook.com\/eldiario.bolivia\/","https:\/\/x.com\/eldiario_net"]},{"@type":"Person","@id":"https:\/\/www.eldiario.net\/portal\/#\/schema\/person\/f46445640444750d7d753ccd04ae01b7","name":"Jeanette","image":{"@type":"ImageObject","inLanguage":"es","@id":"https:\/\/secure.gravatar.com\/avatar\/3ea2118a5f7dad2b7138b1187a6b7ee55f160b9968b66013c3a3ef39dd7e5798?s=96&d=mm&r=g","url":"https:\/\/secure.gravatar.com\/avatar\/3ea2118a5f7dad2b7138b1187a6b7ee55f160b9968b66013c3a3ef39dd7e5798?s=96&d=mm&r=g","contentUrl":"https:\/\/secure.gravatar.com\/avatar\/3ea2118a5f7dad2b7138b1187a6b7ee55f160b9968b66013c3a3ef39dd7e5798?s=96&d=mm&r=g","caption":"Jeanette"},"sameAs":["https:\/\/www.eldiario.net\/portal"],"url":"https:\/\/www.eldiario.net\/portal\/author\/jeanette\/"}]}},"_links":{"self":[{"href":"https:\/\/www.eldiario.net\/portal\/wp-json\/wp\/v2\/posts\/141767","targetHints":{"allow":["GET"]}}],"collection":[{"href":"https:\/\/www.eldiario.net\/portal\/wp-json\/wp\/v2\/posts"}],"about":[{"href":"https:\/\/www.eldiario.net\/portal\/wp-json\/wp\/v2\/types\/post"}],"author":[{"embeddable":true,"href":"https:\/\/www.eldiario.net\/portal\/wp-json\/wp\/v2\/users\/1"}],"replies":[{"embeddable":true,"href":"https:\/\/www.eldiario.net\/portal\/wp-json\/wp\/v2\/comments?post=141767"}],"version-history":[{"count":0,"href":"https:\/\/www.eldiario.net\/portal\/wp-json\/wp\/v2\/posts\/141767\/revisions"}],"wp:attachment":[{"href":"https:\/\/www.eldiario.net\/portal\/wp-json\/wp\/v2\/media?parent=141767"}],"wp:term":[{"taxonomy":"category","embeddable":true,"href":"https:\/\/www.eldiario.net\/portal\/wp-json\/wp\/v2\/categories?post=141767"},{"taxonomy":"post_tag","embeddable":true,"href":"https:\/\/www.eldiario.net\/portal\/wp-json\/wp\/v2\/tags?post=141767"}],"curies":[{"name":"wp","href":"https:\/\/api.w.org\/{rel}","templated":true}]}}