{"id":141764,"date":"2023-03-07T06:09:05","date_gmt":"2023-03-07T10:09:05","guid":{"rendered":"https:\/\/www.eldiario.net\/portal\/?p=141764"},"modified":"2023-03-07T06:09:05","modified_gmt":"2023-03-07T10:09:05","slug":"proponen-crear-el-defensor-de-la-mujer-e-inician-campana","status":"publish","type":"post","link":"https:\/\/www.eldiario.net\/portal\/2023\/03\/07\/proponen-crear-el-defensor-de-la-mujer-e-inician-campana\/","title":{"rendered":"Proponen crear el Defensor  de la Mujer e inician campa\u00f1a"},"content":{"rendered":"<p>En conmemoraci\u00f3n del D\u00eda Internacional de la Mujer, a celebrarse ma\u00f1ana, la comuna pace\u00f1a implementa la campa\u00f1a denominada \u201cNo est\u00e1s Sola\u201d cuyo objetivo es prevenir hechos de violencia contra las f\u00e9minas, adem\u00e1s sugiere crear el Defensor de la Mujer y realizar \u201cacciones creativas\u201d para reflexionar y luchar contra la violencia.<\/p>\n<p>\u201cHabr\u00e1 que inventar alg\u00fan personaje, el Defensor de la Mujer. Habr\u00e1 que inventar algo que nos empatice con los j\u00f3venes, ni\u00f1os, especialmente con los adultos. Tiene que haber alguna forma. Llamo y desaf\u00edo especialmente a mi secretaria (de Educaci\u00f3n y Desarrollo Social) y tambi\u00e9n a todos los aliados que este a\u00f1o hagamos algo creativo, algo novedoso, algo que impacte\u201d, se\u00f1al\u00f3 el alcalde pace\u00f1o, Iv\u00e1n Arias.<\/p>\n<p>El coordinador del Instituto de la Mujer, Ra\u00fal Flores, explic\u00f3 que la campa\u00f1a est\u00e1 dirigida a erradicar la violencia contra las mujeres y contempla tres acciones: la primera, generar espacios proceso de informaci\u00f3n, sensibilizaci\u00f3n y capacitaci\u00f3n a mujeres y hombres. A los varones se bridan talleres de masculinidades para que se conviertan en parte de la soluci\u00f3n y no sea solo parte del problema.<\/p>\n<p>La segunda acci\u00f3n es la generaci\u00f3n de pol\u00edticas p\u00fablicas con la elaboraci\u00f3n y aprobaci\u00f3n de leyes y otras normas municipales para garantizar el derecho a las mujeres a vivir libras de violencia. Y, la tercera acci\u00f3n es la difusi\u00f3n masiva de los servicios municipales de prevenci\u00f3n y atenci\u00f3n de casos en diferentes oficinas ediles, como Los Servicios Legales Integrales.<\/p>\n<p>Datos de la comuna pace\u00f1a dan cuenta que en 2022 los casos de violencia hacia las mujeres en el pa\u00eds llegaron a m\u00e1s de 40 mil, de los cuales m\u00e1s de 8.000 se registraron en el departamento de La Paz.<\/p>\n<p>Mientras que hubo 37 feminicidios en el departamento pace\u00f1o, menos que en 2021, cuando se presentaron 48 muertes de mujeres. En lo que va de 2023, se registr\u00f3 tres casos y en el pa\u00eds 14 mujeres fueron asesinadas.<\/p>\n<p>En el mismo relanzamiento, las representantes de las instituciones Cat\u00f3licas por el Derecho a Decidir y del Consejo Ciudadano de las Mujeres expresaron su complacencia por ser parte de las acciones para prevenir las agresiones y feminicidios.<\/p>\n<p>La gesti\u00f3n 2022, como parte de esta campa\u00f1a, se iz\u00f3 de manera simb\u00f3lica banderas moradas para recordar a los transe\u00fantes la cantidad de mujeres que mueren a manos de sus esposos y otros familiares cercanos, producto de la violencia y el feminicidio.<\/p>\n<p>Para este a\u00f1o, se solicit\u00f3 ejecutar otras acciones, por ejemplo, un programa que se difunda de 24:00 a 6:00 horas para que las mujeres tengan a quien acudir en caso de enfrentar situaciones de agresiones o que se difunda en un horario adecuado para que tanto mujeres, como j\u00f3venes conozcan del tema.<\/p>\n<p>\u201cCrear un programa de la noche, de 12 a seis de la ma\u00f1ana. Si ven el promedio de asesinatos y de violencia, son los momentos en que las mujeres son vejadas y agredidas y no tienen a qui\u00e9n recurrir\u201d, manifest\u00f3 Arias.<\/p>\n","protected":false},"excerpt":{"rendered":"<p>En conmemoraci\u00f3n del D\u00eda Internacional de la Mujer, a celebrarse ma\u00f1ana, la comuna pace\u00f1a implementa la campa\u00f1a denominada \u201cNo est\u00e1s Sola\u201d cuyo objetivo es prevenir hechos de violencia contra las f\u00e9minas, adem\u00e1s sugiere crear el Defensor de la Mujer y realizar \u201cacciones creativas\u201d para reflexionar y luchar contra la violencia. \u201cHabr\u00e1 que inventar alg\u00fan personaje, [&hellip;]<\/p>\n","protected":false},"author":1,"featured_media":141765,"comment_status":"closed","ping_status":"closed","sticky":false,"template":"","format":"standard","meta":{"_acf_changed":false,"footnotes":""},"categories":[12],"tags":[],"class_list":["post-141764","post","type-post","status-publish","format-standard","has-post-thumbnail","category-nacional"],"acf":{"antetitulo":""},"yoast_head":"<!-- This site is optimized with the Yoast SEO plugin v28.3 - https:\/\/yoast.com\/product\/yoast-seo-wordpress\/ -->\n<title>Proponen crear el Defensor de la Mujer e inician campa\u00f1a - El Diario - Bolivia<\/title>\n<meta name=\"robots\" content=\"index, follow, max-snippet:-1, max-image-preview:large, max-video-preview:-1\" \/>\n<link rel=\"canonical\" href=\"https:\/\/www.eldiario.net\/portal\/2023\/03\/07\/proponen-crear-el-defensor-de-la-mujer-e-inician-campana\/\" \/>\n<meta property=\"og:locale\" content=\"es_ES\" \/>\n<meta property=\"og:type\" content=\"article\" \/>\n<meta property=\"og:title\" content=\"Proponen crear el Defensor de la Mujer e inician campa\u00f1a - El Diario - Bolivia\" \/>\n<meta property=\"og:description\" content=\"En conmemoraci\u00f3n del D\u00eda Internacional de la Mujer, a celebrarse ma\u00f1ana, la comuna pace\u00f1a implementa la campa\u00f1a denominada \u201cNo est\u00e1s Sola\u201d cuyo objetivo es prevenir hechos de violencia contra las f\u00e9minas, adem\u00e1s sugiere crear el Defensor de la Mujer y realizar \u201cacciones creativas\u201d para reflexionar y luchar contra la violencia. \u201cHabr\u00e1 que inventar alg\u00fan personaje, [&hellip;]\" \/>\n<meta property=\"og:url\" content=\"https:\/\/www.eldiario.net\/portal\/2023\/03\/07\/proponen-crear-el-defensor-de-la-mujer-e-inician-campana\/\" \/>\n<meta property=\"og:site_name\" content=\"El Diario - Bolivia\" \/>\n<meta property=\"article:publisher\" content=\"https:\/\/www.facebook.com\/eldiario.bolivia\/\" \/>\n<meta property=\"article:published_time\" content=\"2023-03-07T10:09:05+00:00\" \/>\n<meta name=\"author\" content=\"Jeanette\" \/>\n<meta name=\"twitter:card\" content=\"summary_large_image\" \/>\n<meta name=\"twitter:creator\" content=\"@eldiario_net\" \/>\n<meta name=\"twitter:site\" content=\"@eldiario_net\" \/>\n<meta name=\"twitter:label1\" content=\"Escrito por\" \/>\n\t<meta name=\"twitter:data1\" content=\"Jeanette\" \/>\n\t<meta name=\"twitter:label2\" content=\"Tiempo de lectura\" \/>\n\t<meta name=\"twitter:data2\" content=\"3 minutos\" \/>\n<script type=\"application\/ld+json\" class=\"yoast-schema-graph\">{\"@context\":\"https:\\\/\\\/schema.org\",\"@graph\":[{\"@type\":\"Article\",\"@id\":\"https:\\\/\\\/www.eldiario.net\\\/portal\\\/2023\\\/03\\\/07\\\/proponen-crear-el-defensor-de-la-mujer-e-inician-campana\\\/#article\",\"isPartOf\":{\"@id\":\"https:\\\/\\\/www.eldiario.net\\\/portal\\\/2023\\\/03\\\/07\\\/proponen-crear-el-defensor-de-la-mujer-e-inician-campana\\\/\"},\"author\":{\"name\":\"Jeanette\",\"@id\":\"https:\\\/\\\/www.eldiario.net\\\/portal\\\/#\\\/schema\\\/person\\\/f46445640444750d7d753ccd04ae01b7\"},\"headline\":\"Proponen crear el Defensor de la Mujer e inician campa\u00f1a\",\"datePublished\":\"2023-03-07T10:09:05+00:00\",\"mainEntityOfPage\":{\"@id\":\"https:\\\/\\\/www.eldiario.net\\\/portal\\\/2023\\\/03\\\/07\\\/proponen-crear-el-defensor-de-la-mujer-e-inician-campana\\\/\"},\"wordCount\":536,\"publisher\":{\"@id\":\"https:\\\/\\\/www.eldiario.net\\\/portal\\\/#organization\"},\"image\":{\"@id\":\"https:\\\/\\\/www.eldiario.net\\\/portal\\\/2023\\\/03\\\/07\\\/proponen-crear-el-defensor-de-la-mujer-e-inician-campana\\\/#primaryimage\"},\"thumbnailUrl\":\"\",\"articleSection\":[\"Nacional\"],\"inLanguage\":\"es\"},{\"@type\":\"WebPage\",\"@id\":\"https:\\\/\\\/www.eldiario.net\\\/portal\\\/2023\\\/03\\\/07\\\/proponen-crear-el-defensor-de-la-mujer-e-inician-campana\\\/\",\"url\":\"https:\\\/\\\/www.eldiario.net\\\/portal\\\/2023\\\/03\\\/07\\\/proponen-crear-el-defensor-de-la-mujer-e-inician-campana\\\/\",\"name\":\"Proponen crear el Defensor de la Mujer e inician campa\u00f1a - El Diario - Bolivia\",\"isPartOf\":{\"@id\":\"https:\\\/\\\/www.eldiario.net\\\/portal\\\/#website\"},\"primaryImageOfPage\":{\"@id\":\"https:\\\/\\\/www.eldiario.net\\\/portal\\\/2023\\\/03\\\/07\\\/proponen-crear-el-defensor-de-la-mujer-e-inician-campana\\\/#primaryimage\"},\"image\":{\"@id\":\"https:\\\/\\\/www.eldiario.net\\\/portal\\\/2023\\\/03\\\/07\\\/proponen-crear-el-defensor-de-la-mujer-e-inician-campana\\\/#primaryimage\"},\"thumbnailUrl\":\"\",\"datePublished\":\"2023-03-07T10:09:05+00:00\",\"breadcrumb\":{\"@id\":\"https:\\\/\\\/www.eldiario.net\\\/portal\\\/2023\\\/03\\\/07\\\/proponen-crear-el-defensor-de-la-mujer-e-inician-campana\\\/#breadcrumb\"},\"inLanguage\":\"es\",\"potentialAction\":[{\"@type\":\"ReadAction\",\"target\":[\"https:\\\/\\\/www.eldiario.net\\\/portal\\\/2023\\\/03\\\/07\\\/proponen-crear-el-defensor-de-la-mujer-e-inician-campana\\\/\"]}]},{\"@type\":\"ImageObject\",\"inLanguage\":\"es\",\"@id\":\"https:\\\/\\\/www.eldiario.net\\\/portal\\\/2023\\\/03\\\/07\\\/proponen-crear-el-defensor-de-la-mujer-e-inician-campana\\\/#primaryimage\",\"url\":\"\",\"contentUrl\":\"\"},{\"@type\":\"BreadcrumbList\",\"@id\":\"https:\\\/\\\/www.eldiario.net\\\/portal\\\/2023\\\/03\\\/07\\\/proponen-crear-el-defensor-de-la-mujer-e-inician-campana\\\/#breadcrumb\",\"itemListElement\":[{\"@type\":\"ListItem\",\"position\":1,\"name\":\"Portada\",\"item\":\"https:\\\/\\\/www.eldiario.net\\\/portal\\\/\"},{\"@type\":\"ListItem\",\"position\":2,\"name\":\"Proponen crear el Defensor de la Mujer e inician campa\u00f1a\"}]},{\"@type\":\"WebSite\",\"@id\":\"https:\\\/\\\/www.eldiario.net\\\/portal\\\/#website\",\"url\":\"https:\\\/\\\/www.eldiario.net\\\/portal\\\/\",\"name\":\"El Diario - Decano de la prensa nacional\",\"description\":\"El Diario - Decano de la prensa nacional\",\"publisher\":{\"@id\":\"https:\\\/\\\/www.eldiario.net\\\/portal\\\/#organization\"},\"potentialAction\":[{\"@type\":\"SearchAction\",\"target\":{\"@type\":\"EntryPoint\",\"urlTemplate\":\"https:\\\/\\\/www.eldiario.net\\\/portal\\\/?s={search_term_string}\"},\"query-input\":{\"@type\":\"PropertyValueSpecification\",\"valueRequired\":true,\"valueName\":\"search_term_string\"}}],\"inLanguage\":\"es\"},{\"@type\":\"Organization\",\"@id\":\"https:\\\/\\\/www.eldiario.net\\\/portal\\\/#organization\",\"name\":\"El Diario - Decano de la prensa nacional\",\"url\":\"https:\\\/\\\/www.eldiario.net\\\/portal\\\/\",\"logo\":{\"@type\":\"ImageObject\",\"inLanguage\":\"es\",\"@id\":\"https:\\\/\\\/www.eldiario.net\\\/portal\\\/#\\\/schema\\\/logo\\\/image\\\/\",\"url\":\"https:\\\/\\\/www.eldiario.net\\\/portal\\\/wp-content\\\/uploads\\\/2023\\\/07\\\/logo_ED.jpg\",\"contentUrl\":\"https:\\\/\\\/www.eldiario.net\\\/portal\\\/wp-content\\\/uploads\\\/2023\\\/07\\\/logo_ED.jpg\",\"width\":272,\"height\":52,\"caption\":\"El Diario - Decano de la prensa nacional\"},\"image\":{\"@id\":\"https:\\\/\\\/www.eldiario.net\\\/portal\\\/#\\\/schema\\\/logo\\\/image\\\/\"},\"sameAs\":[\"https:\\\/\\\/www.facebook.com\\\/eldiario.bolivia\\\/\",\"https:\\\/\\\/x.com\\\/eldiario_net\"]},{\"@type\":\"Person\",\"@id\":\"https:\\\/\\\/www.eldiario.net\\\/portal\\\/#\\\/schema\\\/person\\\/f46445640444750d7d753ccd04ae01b7\",\"name\":\"Jeanette\",\"image\":{\"@type\":\"ImageObject\",\"inLanguage\":\"es\",\"@id\":\"https:\\\/\\\/secure.gravatar.com\\\/avatar\\\/3ea2118a5f7dad2b7138b1187a6b7ee55f160b9968b66013c3a3ef39dd7e5798?s=96&d=mm&r=g\",\"url\":\"https:\\\/\\\/secure.gravatar.com\\\/avatar\\\/3ea2118a5f7dad2b7138b1187a6b7ee55f160b9968b66013c3a3ef39dd7e5798?s=96&d=mm&r=g\",\"contentUrl\":\"https:\\\/\\\/secure.gravatar.com\\\/avatar\\\/3ea2118a5f7dad2b7138b1187a6b7ee55f160b9968b66013c3a3ef39dd7e5798?s=96&d=mm&r=g\",\"caption\":\"Jeanette\"},\"sameAs\":[\"https:\\\/\\\/www.eldiario.net\\\/portal\"],\"url\":\"https:\\\/\\\/www.eldiario.net\\\/portal\\\/author\\\/jeanette\\\/\"}]}<\/script>\n<!-- \/ Yoast SEO plugin. -->","yoast_head_json":{"title":"Proponen crear el Defensor de la Mujer e inician campa\u00f1a - El Diario - Bolivia","robots":{"index":"index","follow":"follow","max-snippet":"max-snippet:-1","max-image-preview":"max-image-preview:large","max-video-preview":"max-video-preview:-1"},"canonical":"https:\/\/www.eldiario.net\/portal\/2023\/03\/07\/proponen-crear-el-defensor-de-la-mujer-e-inician-campana\/","og_locale":"es_ES","og_type":"article","og_title":"Proponen crear el Defensor de la Mujer e inician campa\u00f1a - El Diario - Bolivia","og_description":"En conmemoraci\u00f3n del D\u00eda Internacional de la Mujer, a celebrarse ma\u00f1ana, la comuna pace\u00f1a implementa la campa\u00f1a denominada \u201cNo est\u00e1s Sola\u201d cuyo objetivo es prevenir hechos de violencia contra las f\u00e9minas, adem\u00e1s sugiere crear el Defensor de la Mujer y realizar \u201cacciones creativas\u201d para reflexionar y luchar contra la violencia. \u201cHabr\u00e1 que inventar alg\u00fan personaje, [&hellip;]","og_url":"https:\/\/www.eldiario.net\/portal\/2023\/03\/07\/proponen-crear-el-defensor-de-la-mujer-e-inician-campana\/","og_site_name":"El Diario - Bolivia","article_publisher":"https:\/\/www.facebook.com\/eldiario.bolivia\/","article_published_time":"2023-03-07T10:09:05+00:00","author":"Jeanette","twitter_card":"summary_large_image","twitter_creator":"@eldiario_net","twitter_site":"@eldiario_net","twitter_misc":{"Escrito por":"Jeanette","Tiempo de lectura":"3 minutos"},"schema":{"@context":"https:\/\/schema.org","@graph":[{"@type":"Article","@id":"https:\/\/www.eldiario.net\/portal\/2023\/03\/07\/proponen-crear-el-defensor-de-la-mujer-e-inician-campana\/#article","isPartOf":{"@id":"https:\/\/www.eldiario.net\/portal\/2023\/03\/07\/proponen-crear-el-defensor-de-la-mujer-e-inician-campana\/"},"author":{"name":"Jeanette","@id":"https:\/\/www.eldiario.net\/portal\/#\/schema\/person\/f46445640444750d7d753ccd04ae01b7"},"headline":"Proponen crear el Defensor de la Mujer e inician campa\u00f1a","datePublished":"2023-03-07T10:09:05+00:00","mainEntityOfPage":{"@id":"https:\/\/www.eldiario.net\/portal\/2023\/03\/07\/proponen-crear-el-defensor-de-la-mujer-e-inician-campana\/"},"wordCount":536,"publisher":{"@id":"https:\/\/www.eldiario.net\/portal\/#organization"},"image":{"@id":"https:\/\/www.eldiario.net\/portal\/2023\/03\/07\/proponen-crear-el-defensor-de-la-mujer-e-inician-campana\/#primaryimage"},"thumbnailUrl":"","articleSection":["Nacional"],"inLanguage":"es"},{"@type":"WebPage","@id":"https:\/\/www.eldiario.net\/portal\/2023\/03\/07\/proponen-crear-el-defensor-de-la-mujer-e-inician-campana\/","url":"https:\/\/www.eldiario.net\/portal\/2023\/03\/07\/proponen-crear-el-defensor-de-la-mujer-e-inician-campana\/","name":"Proponen crear el Defensor de la Mujer e inician campa\u00f1a - El Diario - Bolivia","isPartOf":{"@id":"https:\/\/www.eldiario.net\/portal\/#website"},"primaryImageOfPage":{"@id":"https:\/\/www.eldiario.net\/portal\/2023\/03\/07\/proponen-crear-el-defensor-de-la-mujer-e-inician-campana\/#primaryimage"},"image":{"@id":"https:\/\/www.eldiario.net\/portal\/2023\/03\/07\/proponen-crear-el-defensor-de-la-mujer-e-inician-campana\/#primaryimage"},"thumbnailUrl":"","datePublished":"2023-03-07T10:09:05+00:00","breadcrumb":{"@id":"https:\/\/www.eldiario.net\/portal\/2023\/03\/07\/proponen-crear-el-defensor-de-la-mujer-e-inician-campana\/#breadcrumb"},"inLanguage":"es","potentialAction":[{"@type":"ReadAction","target":["https:\/\/www.eldiario.net\/portal\/2023\/03\/07\/proponen-crear-el-defensor-de-la-mujer-e-inician-campana\/"]}]},{"@type":"ImageObject","inLanguage":"es","@id":"https:\/\/www.eldiario.net\/portal\/2023\/03\/07\/proponen-crear-el-defensor-de-la-mujer-e-inician-campana\/#primaryimage","url":"","contentUrl":""},{"@type":"BreadcrumbList","@id":"https:\/\/www.eldiario.net\/portal\/2023\/03\/07\/proponen-crear-el-defensor-de-la-mujer-e-inician-campana\/#breadcrumb","itemListElement":[{"@type":"ListItem","position":1,"name":"Portada","item":"https:\/\/www.eldiario.net\/portal\/"},{"@type":"ListItem","position":2,"name":"Proponen crear el Defensor de la Mujer e inician campa\u00f1a"}]},{"@type":"WebSite","@id":"https:\/\/www.eldiario.net\/portal\/#website","url":"https:\/\/www.eldiario.net\/portal\/","name":"El Diario - Decano de la prensa nacional","description":"El Diario - Decano de la prensa nacional","publisher":{"@id":"https:\/\/www.eldiario.net\/portal\/#organization"},"potentialAction":[{"@type":"SearchAction","target":{"@type":"EntryPoint","urlTemplate":"https:\/\/www.eldiario.net\/portal\/?s={search_term_string}"},"query-input":{"@type":"PropertyValueSpecification","valueRequired":true,"valueName":"search_term_string"}}],"inLanguage":"es"},{"@type":"Organization","@id":"https:\/\/www.eldiario.net\/portal\/#organization","name":"El Diario - Decano de la prensa nacional","url":"https:\/\/www.eldiario.net\/portal\/","logo":{"@type":"ImageObject","inLanguage":"es","@id":"https:\/\/www.eldiario.net\/portal\/#\/schema\/logo\/image\/","url":"https:\/\/www.eldiario.net\/portal\/wp-content\/uploads\/2023\/07\/logo_ED.jpg","contentUrl":"https:\/\/www.eldiario.net\/portal\/wp-content\/uploads\/2023\/07\/logo_ED.jpg","width":272,"height":52,"caption":"El Diario - Decano de la prensa nacional"},"image":{"@id":"https:\/\/www.eldiario.net\/portal\/#\/schema\/logo\/image\/"},"sameAs":["https:\/\/www.facebook.com\/eldiario.bolivia\/","https:\/\/x.com\/eldiario_net"]},{"@type":"Person","@id":"https:\/\/www.eldiario.net\/portal\/#\/schema\/person\/f46445640444750d7d753ccd04ae01b7","name":"Jeanette","image":{"@type":"ImageObject","inLanguage":"es","@id":"https:\/\/secure.gravatar.com\/avatar\/3ea2118a5f7dad2b7138b1187a6b7ee55f160b9968b66013c3a3ef39dd7e5798?s=96&d=mm&r=g","url":"https:\/\/secure.gravatar.com\/avatar\/3ea2118a5f7dad2b7138b1187a6b7ee55f160b9968b66013c3a3ef39dd7e5798?s=96&d=mm&r=g","contentUrl":"https:\/\/secure.gravatar.com\/avatar\/3ea2118a5f7dad2b7138b1187a6b7ee55f160b9968b66013c3a3ef39dd7e5798?s=96&d=mm&r=g","caption":"Jeanette"},"sameAs":["https:\/\/www.eldiario.net\/portal"],"url":"https:\/\/www.eldiario.net\/portal\/author\/jeanette\/"}]}},"_links":{"self":[{"href":"https:\/\/www.eldiario.net\/portal\/wp-json\/wp\/v2\/posts\/141764","targetHints":{"allow":["GET"]}}],"collection":[{"href":"https:\/\/www.eldiario.net\/portal\/wp-json\/wp\/v2\/posts"}],"about":[{"href":"https:\/\/www.eldiario.net\/portal\/wp-json\/wp\/v2\/types\/post"}],"author":[{"embeddable":true,"href":"https:\/\/www.eldiario.net\/portal\/wp-json\/wp\/v2\/users\/1"}],"replies":[{"embeddable":true,"href":"https:\/\/www.eldiario.net\/portal\/wp-json\/wp\/v2\/comments?post=141764"}],"version-history":[{"count":0,"href":"https:\/\/www.eldiario.net\/portal\/wp-json\/wp\/v2\/posts\/141764\/revisions"}],"wp:attachment":[{"href":"https:\/\/www.eldiario.net\/portal\/wp-json\/wp\/v2\/media?parent=141764"}],"wp:term":[{"taxonomy":"category","embeddable":true,"href":"https:\/\/www.eldiario.net\/portal\/wp-json\/wp\/v2\/categories?post=141764"},{"taxonomy":"post_tag","embeddable":true,"href":"https:\/\/www.eldiario.net\/portal\/wp-json\/wp\/v2\/tags?post=141764"}],"curies":[{"name":"wp","href":"https:\/\/api.w.org\/{rel}","templated":true}]}}