{"id":141761,"date":"2023-03-07T06:08:16","date_gmt":"2023-03-07T10:08:16","guid":{"rendered":"https:\/\/www.eldiario.net\/portal\/?p=141761"},"modified":"2023-03-07T06:08:16","modified_gmt":"2023-03-07T10:08:16","slug":"madre-podria-perder-custodia-de-bebe-que-tenia-cuchillo-en-la-cabeza","status":"publish","type":"post","link":"https:\/\/www.eldiario.net\/portal\/2023\/03\/07\/madre-podria-perder-custodia-de-bebe-que-tenia-cuchillo-en-la-cabeza\/","title":{"rendered":"Madre podr\u00eda perder custodia de  beb\u00e9 que ten\u00eda cuchillo en la cabeza"},"content":{"rendered":"<p>Fiscal\u00eda descarta intento de infanticidio, pero anuncia que la madre de un beb\u00e9, de poco m\u00e1s de un a\u00f1o, que lleg\u00f3 a un nosocomio pace\u00f1o desde La Asunta (Yungas) con un cuchillo en la cabeza podr\u00eda perder la custodia del menor de edad. El caso contin\u00faa en investigaci\u00f3n y se lo tipific\u00f3 como lesiones culposas. El informe m\u00e9dico se\u00f1ala que el chiquillo est\u00e1 estable y fuera de peligro.<\/p>\n<p>La coordinadora de la Fiscal\u00eda Departamental de La Paz, Nilda Calle, ante la consulta de que si la madre podr\u00eda perder la custodia del chiquillo se\u00f1al\u00f3: \u201cclaro que s\u00ed, porque es un menor de un a\u00f1o y obviamente sabemos que tenemos que tener cuidado y tambi\u00e9n tenemos que ver en el estado en el que viven los menores\u201d.<\/p>\n<p>Adem\u00e1s, indic\u00f3 que la madre no est\u00e1 aprehendida, porque el delito investigado no amerita esa medida y anunci\u00f3 que la Defensor\u00eda de la Ni\u00f1ez realizar\u00e1 una valoraci\u00f3n psicol\u00f3gica para determinar cu\u00e1l es el tipo de trato hacia los hijos de la investigada, ya que se supo que habr\u00eda otro ni\u00f1o en ese hogar.<\/p>\n<p>El fin de semana, una mujer lleg\u00f3 desde el municipio de La Asunta (Yungas) junto con su beb\u00e9 de poco m\u00e1s de un a\u00f1o, quien ten\u00eda un cuchillo incrustado en la cabeza. El caso fue derivado al Hospital del Ni\u00f1o de La Paz, donde el chiquillo fue operado y puesto en terapia intensiva.<\/p>\n<p>Sin embargo, luego se inform\u00f3 que su estado de salud mejor\u00f3, ahora se encuentra estable y fuera de peligro.<\/p>\n<p>\u201cTen\u00eda un cuchillo que estaba clavado en la cabeza, m\u00e1s bien no atraves\u00f3 la masa encef\u00e1lica, es decir, no lleg\u00f3 a perforar el hueso, se trataba de una herida que afectaba en cuero cabelludo (\u2026) Fue atendido por la especialidad de neurocirug\u00eda, quienes realizaron la extracci\u00f3n del cuchillo y el ni\u00f1o est\u00e1 estable ya que no hubo mayor compromiso neurol\u00f3gico\u201d, explic\u00f3 el m\u00e9dico del nosocomio pace\u00f1o, Gonzalo Maldonado.<\/p>\n","protected":false},"excerpt":{"rendered":"<p>Fiscal\u00eda descarta intento de infanticidio, pero anuncia que la madre de un beb\u00e9, de poco m\u00e1s de un a\u00f1o, que lleg\u00f3 a un nosocomio pace\u00f1o desde La Asunta (Yungas) con un cuchillo en la cabeza podr\u00eda perder la custodia del menor de edad. El caso contin\u00faa en investigaci\u00f3n y se lo tipific\u00f3 como lesiones culposas. [&hellip;]<\/p>\n","protected":false},"author":1,"featured_media":141762,"comment_status":"closed","ping_status":"closed","sticky":false,"template":"","format":"standard","meta":{"_acf_changed":false,"footnotes":""},"categories":[12],"tags":[],"class_list":["post-141761","post","type-post","status-publish","format-standard","has-post-thumbnail","category-nacional"],"acf":{"antetitulo":""},"yoast_head":"<!-- This site is optimized with the Yoast SEO plugin v28.3 - https:\/\/yoast.com\/product\/yoast-seo-wordpress\/ -->\n<title>Madre podr\u00eda perder custodia de beb\u00e9 que ten\u00eda cuchillo en la cabeza - El Diario - Bolivia<\/title>\n<meta name=\"robots\" content=\"index, follow, max-snippet:-1, max-image-preview:large, max-video-preview:-1\" \/>\n<link rel=\"canonical\" href=\"https:\/\/www.eldiario.net\/portal\/2023\/03\/07\/madre-podria-perder-custodia-de-bebe-que-tenia-cuchillo-en-la-cabeza\/\" \/>\n<meta property=\"og:locale\" content=\"es_ES\" \/>\n<meta property=\"og:type\" content=\"article\" \/>\n<meta property=\"og:title\" content=\"Madre podr\u00eda perder custodia de beb\u00e9 que ten\u00eda cuchillo en la cabeza - El Diario - Bolivia\" \/>\n<meta property=\"og:description\" content=\"Fiscal\u00eda descarta intento de infanticidio, pero anuncia que la madre de un beb\u00e9, de poco m\u00e1s de un a\u00f1o, que lleg\u00f3 a un nosocomio pace\u00f1o desde La Asunta (Yungas) con un cuchillo en la cabeza podr\u00eda perder la custodia del menor de edad. El caso contin\u00faa en investigaci\u00f3n y se lo tipific\u00f3 como lesiones culposas. [&hellip;]\" \/>\n<meta property=\"og:url\" content=\"https:\/\/www.eldiario.net\/portal\/2023\/03\/07\/madre-podria-perder-custodia-de-bebe-que-tenia-cuchillo-en-la-cabeza\/\" \/>\n<meta property=\"og:site_name\" content=\"El Diario - Bolivia\" \/>\n<meta property=\"article:publisher\" content=\"https:\/\/www.facebook.com\/eldiario.bolivia\/\" \/>\n<meta property=\"article:published_time\" content=\"2023-03-07T10:08:16+00:00\" \/>\n<meta name=\"author\" content=\"Jeanette\" \/>\n<meta name=\"twitter:card\" content=\"summary_large_image\" \/>\n<meta name=\"twitter:creator\" content=\"@eldiario_net\" \/>\n<meta name=\"twitter:site\" content=\"@eldiario_net\" \/>\n<meta name=\"twitter:label1\" content=\"Escrito por\" \/>\n\t<meta name=\"twitter:data1\" content=\"Jeanette\" \/>\n\t<meta name=\"twitter:label2\" content=\"Tiempo de lectura\" \/>\n\t<meta name=\"twitter:data2\" content=\"2 minutos\" \/>\n<script type=\"application\/ld+json\" class=\"yoast-schema-graph\">{\"@context\":\"https:\\\/\\\/schema.org\",\"@graph\":[{\"@type\":\"Article\",\"@id\":\"https:\\\/\\\/www.eldiario.net\\\/portal\\\/2023\\\/03\\\/07\\\/madre-podria-perder-custodia-de-bebe-que-tenia-cuchillo-en-la-cabeza\\\/#article\",\"isPartOf\":{\"@id\":\"https:\\\/\\\/www.eldiario.net\\\/portal\\\/2023\\\/03\\\/07\\\/madre-podria-perder-custodia-de-bebe-que-tenia-cuchillo-en-la-cabeza\\\/\"},\"author\":{\"name\":\"Jeanette\",\"@id\":\"https:\\\/\\\/www.eldiario.net\\\/portal\\\/#\\\/schema\\\/person\\\/f46445640444750d7d753ccd04ae01b7\"},\"headline\":\"Madre podr\u00eda perder custodia de beb\u00e9 que ten\u00eda cuchillo en la cabeza\",\"datePublished\":\"2023-03-07T10:08:16+00:00\",\"mainEntityOfPage\":{\"@id\":\"https:\\\/\\\/www.eldiario.net\\\/portal\\\/2023\\\/03\\\/07\\\/madre-podria-perder-custodia-de-bebe-que-tenia-cuchillo-en-la-cabeza\\\/\"},\"wordCount\":367,\"publisher\":{\"@id\":\"https:\\\/\\\/www.eldiario.net\\\/portal\\\/#organization\"},\"image\":{\"@id\":\"https:\\\/\\\/www.eldiario.net\\\/portal\\\/2023\\\/03\\\/07\\\/madre-podria-perder-custodia-de-bebe-que-tenia-cuchillo-en-la-cabeza\\\/#primaryimage\"},\"thumbnailUrl\":\"\",\"articleSection\":[\"Nacional\"],\"inLanguage\":\"es\"},{\"@type\":\"WebPage\",\"@id\":\"https:\\\/\\\/www.eldiario.net\\\/portal\\\/2023\\\/03\\\/07\\\/madre-podria-perder-custodia-de-bebe-que-tenia-cuchillo-en-la-cabeza\\\/\",\"url\":\"https:\\\/\\\/www.eldiario.net\\\/portal\\\/2023\\\/03\\\/07\\\/madre-podria-perder-custodia-de-bebe-que-tenia-cuchillo-en-la-cabeza\\\/\",\"name\":\"Madre podr\u00eda perder custodia de beb\u00e9 que ten\u00eda cuchillo en la cabeza - El Diario - Bolivia\",\"isPartOf\":{\"@id\":\"https:\\\/\\\/www.eldiario.net\\\/portal\\\/#website\"},\"primaryImageOfPage\":{\"@id\":\"https:\\\/\\\/www.eldiario.net\\\/portal\\\/2023\\\/03\\\/07\\\/madre-podria-perder-custodia-de-bebe-que-tenia-cuchillo-en-la-cabeza\\\/#primaryimage\"},\"image\":{\"@id\":\"https:\\\/\\\/www.eldiario.net\\\/portal\\\/2023\\\/03\\\/07\\\/madre-podria-perder-custodia-de-bebe-que-tenia-cuchillo-en-la-cabeza\\\/#primaryimage\"},\"thumbnailUrl\":\"\",\"datePublished\":\"2023-03-07T10:08:16+00:00\",\"breadcrumb\":{\"@id\":\"https:\\\/\\\/www.eldiario.net\\\/portal\\\/2023\\\/03\\\/07\\\/madre-podria-perder-custodia-de-bebe-que-tenia-cuchillo-en-la-cabeza\\\/#breadcrumb\"},\"inLanguage\":\"es\",\"potentialAction\":[{\"@type\":\"ReadAction\",\"target\":[\"https:\\\/\\\/www.eldiario.net\\\/portal\\\/2023\\\/03\\\/07\\\/madre-podria-perder-custodia-de-bebe-que-tenia-cuchillo-en-la-cabeza\\\/\"]}]},{\"@type\":\"ImageObject\",\"inLanguage\":\"es\",\"@id\":\"https:\\\/\\\/www.eldiario.net\\\/portal\\\/2023\\\/03\\\/07\\\/madre-podria-perder-custodia-de-bebe-que-tenia-cuchillo-en-la-cabeza\\\/#primaryimage\",\"url\":\"\",\"contentUrl\":\"\"},{\"@type\":\"BreadcrumbList\",\"@id\":\"https:\\\/\\\/www.eldiario.net\\\/portal\\\/2023\\\/03\\\/07\\\/madre-podria-perder-custodia-de-bebe-que-tenia-cuchillo-en-la-cabeza\\\/#breadcrumb\",\"itemListElement\":[{\"@type\":\"ListItem\",\"position\":1,\"name\":\"Portada\",\"item\":\"https:\\\/\\\/www.eldiario.net\\\/portal\\\/\"},{\"@type\":\"ListItem\",\"position\":2,\"name\":\"Madre podr\u00eda perder custodia de beb\u00e9 que ten\u00eda cuchillo en la cabeza\"}]},{\"@type\":\"WebSite\",\"@id\":\"https:\\\/\\\/www.eldiario.net\\\/portal\\\/#website\",\"url\":\"https:\\\/\\\/www.eldiario.net\\\/portal\\\/\",\"name\":\"El Diario - Decano de la prensa nacional\",\"description\":\"El Diario - Decano de la prensa nacional\",\"publisher\":{\"@id\":\"https:\\\/\\\/www.eldiario.net\\\/portal\\\/#organization\"},\"potentialAction\":[{\"@type\":\"SearchAction\",\"target\":{\"@type\":\"EntryPoint\",\"urlTemplate\":\"https:\\\/\\\/www.eldiario.net\\\/portal\\\/?s={search_term_string}\"},\"query-input\":{\"@type\":\"PropertyValueSpecification\",\"valueRequired\":true,\"valueName\":\"search_term_string\"}}],\"inLanguage\":\"es\"},{\"@type\":\"Organization\",\"@id\":\"https:\\\/\\\/www.eldiario.net\\\/portal\\\/#organization\",\"name\":\"El Diario - Decano de la prensa nacional\",\"url\":\"https:\\\/\\\/www.eldiario.net\\\/portal\\\/\",\"logo\":{\"@type\":\"ImageObject\",\"inLanguage\":\"es\",\"@id\":\"https:\\\/\\\/www.eldiario.net\\\/portal\\\/#\\\/schema\\\/logo\\\/image\\\/\",\"url\":\"https:\\\/\\\/www.eldiario.net\\\/portal\\\/wp-content\\\/uploads\\\/2023\\\/07\\\/logo_ED.jpg\",\"contentUrl\":\"https:\\\/\\\/www.eldiario.net\\\/portal\\\/wp-content\\\/uploads\\\/2023\\\/07\\\/logo_ED.jpg\",\"width\":272,\"height\":52,\"caption\":\"El Diario - Decano de la prensa nacional\"},\"image\":{\"@id\":\"https:\\\/\\\/www.eldiario.net\\\/portal\\\/#\\\/schema\\\/logo\\\/image\\\/\"},\"sameAs\":[\"https:\\\/\\\/www.facebook.com\\\/eldiario.bolivia\\\/\",\"https:\\\/\\\/x.com\\\/eldiario_net\"]},{\"@type\":\"Person\",\"@id\":\"https:\\\/\\\/www.eldiario.net\\\/portal\\\/#\\\/schema\\\/person\\\/f46445640444750d7d753ccd04ae01b7\",\"name\":\"Jeanette\",\"image\":{\"@type\":\"ImageObject\",\"inLanguage\":\"es\",\"@id\":\"https:\\\/\\\/secure.gravatar.com\\\/avatar\\\/3ea2118a5f7dad2b7138b1187a6b7ee55f160b9968b66013c3a3ef39dd7e5798?s=96&d=mm&r=g\",\"url\":\"https:\\\/\\\/secure.gravatar.com\\\/avatar\\\/3ea2118a5f7dad2b7138b1187a6b7ee55f160b9968b66013c3a3ef39dd7e5798?s=96&d=mm&r=g\",\"contentUrl\":\"https:\\\/\\\/secure.gravatar.com\\\/avatar\\\/3ea2118a5f7dad2b7138b1187a6b7ee55f160b9968b66013c3a3ef39dd7e5798?s=96&d=mm&r=g\",\"caption\":\"Jeanette\"},\"sameAs\":[\"https:\\\/\\\/www.eldiario.net\\\/portal\"],\"url\":\"https:\\\/\\\/www.eldiario.net\\\/portal\\\/author\\\/jeanette\\\/\"}]}<\/script>\n<!-- \/ Yoast SEO plugin. -->","yoast_head_json":{"title":"Madre podr\u00eda perder custodia de beb\u00e9 que ten\u00eda cuchillo en la cabeza - El Diario - Bolivia","robots":{"index":"index","follow":"follow","max-snippet":"max-snippet:-1","max-image-preview":"max-image-preview:large","max-video-preview":"max-video-preview:-1"},"canonical":"https:\/\/www.eldiario.net\/portal\/2023\/03\/07\/madre-podria-perder-custodia-de-bebe-que-tenia-cuchillo-en-la-cabeza\/","og_locale":"es_ES","og_type":"article","og_title":"Madre podr\u00eda perder custodia de beb\u00e9 que ten\u00eda cuchillo en la cabeza - El Diario - Bolivia","og_description":"Fiscal\u00eda descarta intento de infanticidio, pero anuncia que la madre de un beb\u00e9, de poco m\u00e1s de un a\u00f1o, que lleg\u00f3 a un nosocomio pace\u00f1o desde La Asunta (Yungas) con un cuchillo en la cabeza podr\u00eda perder la custodia del menor de edad. El caso contin\u00faa en investigaci\u00f3n y se lo tipific\u00f3 como lesiones culposas. [&hellip;]","og_url":"https:\/\/www.eldiario.net\/portal\/2023\/03\/07\/madre-podria-perder-custodia-de-bebe-que-tenia-cuchillo-en-la-cabeza\/","og_site_name":"El Diario - Bolivia","article_publisher":"https:\/\/www.facebook.com\/eldiario.bolivia\/","article_published_time":"2023-03-07T10:08:16+00:00","author":"Jeanette","twitter_card":"summary_large_image","twitter_creator":"@eldiario_net","twitter_site":"@eldiario_net","twitter_misc":{"Escrito por":"Jeanette","Tiempo de lectura":"2 minutos"},"schema":{"@context":"https:\/\/schema.org","@graph":[{"@type":"Article","@id":"https:\/\/www.eldiario.net\/portal\/2023\/03\/07\/madre-podria-perder-custodia-de-bebe-que-tenia-cuchillo-en-la-cabeza\/#article","isPartOf":{"@id":"https:\/\/www.eldiario.net\/portal\/2023\/03\/07\/madre-podria-perder-custodia-de-bebe-que-tenia-cuchillo-en-la-cabeza\/"},"author":{"name":"Jeanette","@id":"https:\/\/www.eldiario.net\/portal\/#\/schema\/person\/f46445640444750d7d753ccd04ae01b7"},"headline":"Madre podr\u00eda perder custodia de beb\u00e9 que ten\u00eda cuchillo en la cabeza","datePublished":"2023-03-07T10:08:16+00:00","mainEntityOfPage":{"@id":"https:\/\/www.eldiario.net\/portal\/2023\/03\/07\/madre-podria-perder-custodia-de-bebe-que-tenia-cuchillo-en-la-cabeza\/"},"wordCount":367,"publisher":{"@id":"https:\/\/www.eldiario.net\/portal\/#organization"},"image":{"@id":"https:\/\/www.eldiario.net\/portal\/2023\/03\/07\/madre-podria-perder-custodia-de-bebe-que-tenia-cuchillo-en-la-cabeza\/#primaryimage"},"thumbnailUrl":"","articleSection":["Nacional"],"inLanguage":"es"},{"@type":"WebPage","@id":"https:\/\/www.eldiario.net\/portal\/2023\/03\/07\/madre-podria-perder-custodia-de-bebe-que-tenia-cuchillo-en-la-cabeza\/","url":"https:\/\/www.eldiario.net\/portal\/2023\/03\/07\/madre-podria-perder-custodia-de-bebe-que-tenia-cuchillo-en-la-cabeza\/","name":"Madre podr\u00eda perder custodia de beb\u00e9 que ten\u00eda cuchillo en la cabeza - El Diario - Bolivia","isPartOf":{"@id":"https:\/\/www.eldiario.net\/portal\/#website"},"primaryImageOfPage":{"@id":"https:\/\/www.eldiario.net\/portal\/2023\/03\/07\/madre-podria-perder-custodia-de-bebe-que-tenia-cuchillo-en-la-cabeza\/#primaryimage"},"image":{"@id":"https:\/\/www.eldiario.net\/portal\/2023\/03\/07\/madre-podria-perder-custodia-de-bebe-que-tenia-cuchillo-en-la-cabeza\/#primaryimage"},"thumbnailUrl":"","datePublished":"2023-03-07T10:08:16+00:00","breadcrumb":{"@id":"https:\/\/www.eldiario.net\/portal\/2023\/03\/07\/madre-podria-perder-custodia-de-bebe-que-tenia-cuchillo-en-la-cabeza\/#breadcrumb"},"inLanguage":"es","potentialAction":[{"@type":"ReadAction","target":["https:\/\/www.eldiario.net\/portal\/2023\/03\/07\/madre-podria-perder-custodia-de-bebe-que-tenia-cuchillo-en-la-cabeza\/"]}]},{"@type":"ImageObject","inLanguage":"es","@id":"https:\/\/www.eldiario.net\/portal\/2023\/03\/07\/madre-podria-perder-custodia-de-bebe-que-tenia-cuchillo-en-la-cabeza\/#primaryimage","url":"","contentUrl":""},{"@type":"BreadcrumbList","@id":"https:\/\/www.eldiario.net\/portal\/2023\/03\/07\/madre-podria-perder-custodia-de-bebe-que-tenia-cuchillo-en-la-cabeza\/#breadcrumb","itemListElement":[{"@type":"ListItem","position":1,"name":"Portada","item":"https:\/\/www.eldiario.net\/portal\/"},{"@type":"ListItem","position":2,"name":"Madre podr\u00eda perder custodia de beb\u00e9 que ten\u00eda cuchillo en la cabeza"}]},{"@type":"WebSite","@id":"https:\/\/www.eldiario.net\/portal\/#website","url":"https:\/\/www.eldiario.net\/portal\/","name":"El Diario - Decano de la prensa nacional","description":"El Diario - Decano de la prensa nacional","publisher":{"@id":"https:\/\/www.eldiario.net\/portal\/#organization"},"potentialAction":[{"@type":"SearchAction","target":{"@type":"EntryPoint","urlTemplate":"https:\/\/www.eldiario.net\/portal\/?s={search_term_string}"},"query-input":{"@type":"PropertyValueSpecification","valueRequired":true,"valueName":"search_term_string"}}],"inLanguage":"es"},{"@type":"Organization","@id":"https:\/\/www.eldiario.net\/portal\/#organization","name":"El Diario - Decano de la prensa nacional","url":"https:\/\/www.eldiario.net\/portal\/","logo":{"@type":"ImageObject","inLanguage":"es","@id":"https:\/\/www.eldiario.net\/portal\/#\/schema\/logo\/image\/","url":"https:\/\/www.eldiario.net\/portal\/wp-content\/uploads\/2023\/07\/logo_ED.jpg","contentUrl":"https:\/\/www.eldiario.net\/portal\/wp-content\/uploads\/2023\/07\/logo_ED.jpg","width":272,"height":52,"caption":"El Diario - Decano de la prensa nacional"},"image":{"@id":"https:\/\/www.eldiario.net\/portal\/#\/schema\/logo\/image\/"},"sameAs":["https:\/\/www.facebook.com\/eldiario.bolivia\/","https:\/\/x.com\/eldiario_net"]},{"@type":"Person","@id":"https:\/\/www.eldiario.net\/portal\/#\/schema\/person\/f46445640444750d7d753ccd04ae01b7","name":"Jeanette","image":{"@type":"ImageObject","inLanguage":"es","@id":"https:\/\/secure.gravatar.com\/avatar\/3ea2118a5f7dad2b7138b1187a6b7ee55f160b9968b66013c3a3ef39dd7e5798?s=96&d=mm&r=g","url":"https:\/\/secure.gravatar.com\/avatar\/3ea2118a5f7dad2b7138b1187a6b7ee55f160b9968b66013c3a3ef39dd7e5798?s=96&d=mm&r=g","contentUrl":"https:\/\/secure.gravatar.com\/avatar\/3ea2118a5f7dad2b7138b1187a6b7ee55f160b9968b66013c3a3ef39dd7e5798?s=96&d=mm&r=g","caption":"Jeanette"},"sameAs":["https:\/\/www.eldiario.net\/portal"],"url":"https:\/\/www.eldiario.net\/portal\/author\/jeanette\/"}]}},"_links":{"self":[{"href":"https:\/\/www.eldiario.net\/portal\/wp-json\/wp\/v2\/posts\/141761","targetHints":{"allow":["GET"]}}],"collection":[{"href":"https:\/\/www.eldiario.net\/portal\/wp-json\/wp\/v2\/posts"}],"about":[{"href":"https:\/\/www.eldiario.net\/portal\/wp-json\/wp\/v2\/types\/post"}],"author":[{"embeddable":true,"href":"https:\/\/www.eldiario.net\/portal\/wp-json\/wp\/v2\/users\/1"}],"replies":[{"embeddable":true,"href":"https:\/\/www.eldiario.net\/portal\/wp-json\/wp\/v2\/comments?post=141761"}],"version-history":[{"count":0,"href":"https:\/\/www.eldiario.net\/portal\/wp-json\/wp\/v2\/posts\/141761\/revisions"}],"wp:attachment":[{"href":"https:\/\/www.eldiario.net\/portal\/wp-json\/wp\/v2\/media?parent=141761"}],"wp:term":[{"taxonomy":"category","embeddable":true,"href":"https:\/\/www.eldiario.net\/portal\/wp-json\/wp\/v2\/categories?post=141761"},{"taxonomy":"post_tag","embeddable":true,"href":"https:\/\/www.eldiario.net\/portal\/wp-json\/wp\/v2\/tags?post=141761"}],"curies":[{"name":"wp","href":"https:\/\/api.w.org\/{rel}","templated":true}]}}