{"id":141758,"date":"2023-03-07T06:07:07","date_gmt":"2023-03-07T10:07:07","guid":{"rendered":"https:\/\/www.eldiario.net\/portal\/?p=141758"},"modified":"2023-03-07T06:07:07","modified_gmt":"2023-03-07T10:07:07","slug":"anuncian-movilizaciones-para-impedir-que-alanes-tome-adepcoca","status":"publish","type":"post","link":"https:\/\/www.eldiario.net\/portal\/2023\/03\/07\/anuncian-movilizaciones-para-impedir-que-alanes-tome-adepcoca\/","title":{"rendered":"Anuncian movilizaciones para  impedir que Alanes tome Adepcoca"},"content":{"rendered":"<p>El expresidente de la Asociaci\u00f3n Departamental de Productores de Coca (Adepcoca), Armin Lluta, inform\u00f3 que los cocaleros de los Yungas organizan movilizaciones para impedir que el dirigente af\u00edn al partido de Gobierno y promotor de un mercado ilegal de coca, Arnold Alanes, tome el mercado legal a trav\u00e9s de un fallo judicial.<\/p>\n<p>\u201cEstamos seguros de que el Gobierno, como no puede conquistar a las bases, est\u00e1 utilizando nuevamente a la justicia. Vemos que Arnold Alanes quiere nuevamente tomar Adepcoca. Esto es una provocaci\u00f3n a los Yungas que no va a permitir nuevamente. Estamos ingresando en una movilizaci\u00f3n, muchos ya se han manifestado a trav\u00e9s de distintos medios\u201d, dijo Lluta en entrevista con la ANF.<\/p>\n<p>El viernes se realiz\u00f3 la audiencia de amparo constitucional que present\u00f3 Alanes en procura de que la justicia lo reconozca como el \u00fanico dirigente de Adepcoca. La pretensi\u00f3n del dirigente ser\u00eda obtener esa resoluci\u00f3n judicial para avalar su mercado ilegal de coca que funciona en la calle 1 de Villa El Carmen y dejar sin reconocimiento al mercado tradicional de la calle Arapata de Villa F\u00e1tima. La audiencia entr\u00f3 en cuarto intermedio el viernes y debe ser retomada hoy.<\/p>\n<p>\u201cLa justicia nuevamente se est\u00e1 entrometiendo y el Gobierno se est\u00e1 entrometiendo con un recurso judicial a una propiedad privada. Nosotros, como yungue\u00f1os, vamos a tener una reacci\u00f3n porque lo que est\u00e1 haciendo Alanes es una provocaci\u00f3n nuevamente\u201d, advirti\u00f3 Lluta al recordar que es la misma estrategia que sigui\u00f3 la exdirigente Elena Flores, quien intent\u00f3 tomar Adpcoca por dos a\u00f1os sin \u00e9xito.<\/p>\n<p>En diciembre de 2020, Elena Flores gan\u00f3 un recurso similar contra Armin Lluta, que en ese entonces era el Ejecutivo de Adepcoca. Pese al fallo, Flores no pudo tomar el mercado y realiz\u00f3 hasta seis intentos de abrir otro mercado, pero no pudo convencer a sus socios de fortalecer ese mercado paralelo.<\/p>\n<p>Curiosamente, el abogado de Elena Flores era Franklin Guti\u00e9rrez y en esta oportunidad tambi\u00e9n asesora a Arnold Alanes. El jurista esgrime los mismos argumentos que hace tres a\u00f1os para conseguir el control de Adepcoca.<\/p>\n<p>Los campesinos de Chulumani se reunieron en asamblea y emitieron una resoluci\u00f3n de nueve puntos. El primero de ellos instruye una marcha el 21 de cada mes en demanda de la libertad de todos los detenidos de esta regi\u00f3n.<\/p>\n<p>Tambi\u00e9n determinaron exigir la abrogaci\u00f3n de la Ley General de la Coca que fue promulgada en marzo de 2017 y que los cocaleros identifican como la principal causante para la divisi\u00f3n de los yungue\u00f1os.<\/p>\n<p><strong>MERCADO ILEGAL<\/strong><\/p>\n<p>En 2022, Arnold Alanes improvis\u00f3 en una ex unidad educativa un mercado ilegal de la coca, extremo que deriv\u00f3 en protestas que no fueron escuchadas, hasta que el conflicto provoc\u00f3 enfrentamientos entre cocaleros y polic\u00edas que resguardan el ambiente.<\/p>\n<p>En anteriores entrevistas, Coss\u00edo aclar\u00f3 que en la Resoluci\u00f3n Ministerial 342 se establece que en el departamento pace\u00f1o el \u00fanico mercado legal de coca est\u00e1 en la calle Arapata de la zona de Villa F\u00e1tima, por lo que el de Villa El Carmen es ilegal.<\/p>\n<p>\u201cSe restituye el Mercado de la Hoja de Coca a los ambientes de la Asociaci\u00f3n Departamental de Productores de Coca (Adepcoca), ubicado en la zona de Villa F\u00e1tima, avenida Ramiro Castillo, esquina calle Arapata\u201d, se\u00f1ala la Resoluci\u00f3n.<\/p>\n<p>El 14 de octubre de 2021, el ministro de Gobierno, Eduardo del Castillo, declar\u00f3 que el conflicto cocalero es un tema privado y que se acatar\u00e1 la decisi\u00f3n que se tome en la asamblea que se llev\u00f3 adelante el 22 de noviembre.<\/p>\n<p>\u201cEsto es un tema que no le compete al Ministerio de Gobierno, es un tema que deber\u00e1n definirlo de manera org\u00e1nica, tenemos conocimiento de que el pr\u00f3ximo 22 van a tener una asamblea donde van a determinar el rumbo de Adepcoca. Este es un tema privado y lo que determine esta asamblea ser\u00e1 acatado por las instancias gubernamentales\u201d, dijo en ese entonces la autoridad del Gobierno.<\/p>\n<p>En aquella asamblea, cientos de cocaleros asistieron a la zona de Villa F\u00e1tima y eligieron a Freddy Machicado como presidente de Adepcoca. El mismo d\u00eda, se realiz\u00f3 otra asamblea en Urujara y fue convocada por Alanes, ah\u00ed \u00e9l asegur\u00f3 que fue reelecto. (EL DIARIO y ANF)<\/p>\n<p>&nbsp;<\/p>\n","protected":false},"excerpt":{"rendered":"<p>El expresidente de la Asociaci\u00f3n Departamental de Productores de Coca (Adepcoca), Armin Lluta, inform\u00f3 que los cocaleros de los Yungas organizan movilizaciones para impedir que el dirigente af\u00edn al partido de Gobierno y promotor de un mercado ilegal de coca, Arnold Alanes, tome el mercado legal a trav\u00e9s de un fallo judicial. \u201cEstamos seguros de [&hellip;]<\/p>\n","protected":false},"author":1,"featured_media":141759,"comment_status":"closed","ping_status":"closed","sticky":false,"template":"","format":"standard","meta":{"_acf_changed":false,"footnotes":""},"categories":[39],"tags":[],"class_list":["post-141758","post","type-post","status-publish","format-standard","has-post-thumbnail","category-sociedad"],"acf":{"antetitulo":""},"yoast_head":"<!-- This site is optimized with the Yoast SEO plugin v28.3 - https:\/\/yoast.com\/product\/yoast-seo-wordpress\/ -->\n<title>Anuncian movilizaciones para impedir que Alanes tome Adepcoca - El Diario - Bolivia<\/title>\n<meta name=\"robots\" content=\"index, follow, max-snippet:-1, max-image-preview:large, max-video-preview:-1\" \/>\n<link rel=\"canonical\" href=\"https:\/\/www.eldiario.net\/portal\/2023\/03\/07\/anuncian-movilizaciones-para-impedir-que-alanes-tome-adepcoca\/\" \/>\n<meta property=\"og:locale\" content=\"es_ES\" \/>\n<meta property=\"og:type\" content=\"article\" \/>\n<meta property=\"og:title\" content=\"Anuncian movilizaciones para impedir que Alanes tome Adepcoca - El Diario - Bolivia\" \/>\n<meta property=\"og:description\" content=\"El expresidente de la Asociaci\u00f3n Departamental de Productores de Coca (Adepcoca), Armin Lluta, inform\u00f3 que los cocaleros de los Yungas organizan movilizaciones para impedir que el dirigente af\u00edn al partido de Gobierno y promotor de un mercado ilegal de coca, Arnold Alanes, tome el mercado legal a trav\u00e9s de un fallo judicial. \u201cEstamos seguros de [&hellip;]\" \/>\n<meta property=\"og:url\" content=\"https:\/\/www.eldiario.net\/portal\/2023\/03\/07\/anuncian-movilizaciones-para-impedir-que-alanes-tome-adepcoca\/\" \/>\n<meta property=\"og:site_name\" content=\"El Diario - Bolivia\" \/>\n<meta property=\"article:publisher\" content=\"https:\/\/www.facebook.com\/eldiario.bolivia\/\" \/>\n<meta property=\"article:published_time\" content=\"2023-03-07T10:07:07+00:00\" \/>\n<meta property=\"og:image\" content=\"https:\/\/www.eldiario.net\/portal\/wp-content\/uploads\/2023\/03\/ADEPCOCA-FOTO.jpeg\" \/>\n\t<meta property=\"og:image:width\" content=\"709\" \/>\n\t<meta property=\"og:image:height\" content=\"375\" \/>\n\t<meta property=\"og:image:type\" content=\"image\/jpeg\" \/>\n<meta name=\"author\" content=\"Jeanette\" \/>\n<meta name=\"twitter:card\" content=\"summary_large_image\" \/>\n<meta name=\"twitter:creator\" content=\"@eldiario_net\" \/>\n<meta name=\"twitter:site\" content=\"@eldiario_net\" \/>\n<meta name=\"twitter:label1\" content=\"Escrito por\" \/>\n\t<meta name=\"twitter:data1\" content=\"Jeanette\" \/>\n\t<meta name=\"twitter:label2\" content=\"Tiempo de lectura\" \/>\n\t<meta name=\"twitter:data2\" content=\"4 minutos\" \/>\n<script type=\"application\/ld+json\" class=\"yoast-schema-graph\">{\"@context\":\"https:\\\/\\\/schema.org\",\"@graph\":[{\"@type\":\"Article\",\"@id\":\"https:\\\/\\\/www.eldiario.net\\\/portal\\\/2023\\\/03\\\/07\\\/anuncian-movilizaciones-para-impedir-que-alanes-tome-adepcoca\\\/#article\",\"isPartOf\":{\"@id\":\"https:\\\/\\\/www.eldiario.net\\\/portal\\\/2023\\\/03\\\/07\\\/anuncian-movilizaciones-para-impedir-que-alanes-tome-adepcoca\\\/\"},\"author\":{\"name\":\"Jeanette\",\"@id\":\"https:\\\/\\\/www.eldiario.net\\\/portal\\\/#\\\/schema\\\/person\\\/f46445640444750d7d753ccd04ae01b7\"},\"headline\":\"Anuncian movilizaciones para impedir que Alanes tome Adepcoca\",\"datePublished\":\"2023-03-07T10:07:07+00:00\",\"mainEntityOfPage\":{\"@id\":\"https:\\\/\\\/www.eldiario.net\\\/portal\\\/2023\\\/03\\\/07\\\/anuncian-movilizaciones-para-impedir-que-alanes-tome-adepcoca\\\/\"},\"wordCount\":728,\"publisher\":{\"@id\":\"https:\\\/\\\/www.eldiario.net\\\/portal\\\/#organization\"},\"image\":{\"@id\":\"https:\\\/\\\/www.eldiario.net\\\/portal\\\/2023\\\/03\\\/07\\\/anuncian-movilizaciones-para-impedir-que-alanes-tome-adepcoca\\\/#primaryimage\"},\"thumbnailUrl\":\"https:\\\/\\\/www.eldiario.net\\\/portal\\\/wp-content\\\/uploads\\\/2023\\\/03\\\/ADEPCOCA-FOTO.jpeg\",\"articleSection\":[\"Sociedad - Seguridad\"],\"inLanguage\":\"es\"},{\"@type\":\"WebPage\",\"@id\":\"https:\\\/\\\/www.eldiario.net\\\/portal\\\/2023\\\/03\\\/07\\\/anuncian-movilizaciones-para-impedir-que-alanes-tome-adepcoca\\\/\",\"url\":\"https:\\\/\\\/www.eldiario.net\\\/portal\\\/2023\\\/03\\\/07\\\/anuncian-movilizaciones-para-impedir-que-alanes-tome-adepcoca\\\/\",\"name\":\"Anuncian movilizaciones para impedir que Alanes tome Adepcoca - El Diario - Bolivia\",\"isPartOf\":{\"@id\":\"https:\\\/\\\/www.eldiario.net\\\/portal\\\/#website\"},\"primaryImageOfPage\":{\"@id\":\"https:\\\/\\\/www.eldiario.net\\\/portal\\\/2023\\\/03\\\/07\\\/anuncian-movilizaciones-para-impedir-que-alanes-tome-adepcoca\\\/#primaryimage\"},\"image\":{\"@id\":\"https:\\\/\\\/www.eldiario.net\\\/portal\\\/2023\\\/03\\\/07\\\/anuncian-movilizaciones-para-impedir-que-alanes-tome-adepcoca\\\/#primaryimage\"},\"thumbnailUrl\":\"https:\\\/\\\/www.eldiario.net\\\/portal\\\/wp-content\\\/uploads\\\/2023\\\/03\\\/ADEPCOCA-FOTO.jpeg\",\"datePublished\":\"2023-03-07T10:07:07+00:00\",\"breadcrumb\":{\"@id\":\"https:\\\/\\\/www.eldiario.net\\\/portal\\\/2023\\\/03\\\/07\\\/anuncian-movilizaciones-para-impedir-que-alanes-tome-adepcoca\\\/#breadcrumb\"},\"inLanguage\":\"es\",\"potentialAction\":[{\"@type\":\"ReadAction\",\"target\":[\"https:\\\/\\\/www.eldiario.net\\\/portal\\\/2023\\\/03\\\/07\\\/anuncian-movilizaciones-para-impedir-que-alanes-tome-adepcoca\\\/\"]}]},{\"@type\":\"ImageObject\",\"inLanguage\":\"es\",\"@id\":\"https:\\\/\\\/www.eldiario.net\\\/portal\\\/2023\\\/03\\\/07\\\/anuncian-movilizaciones-para-impedir-que-alanes-tome-adepcoca\\\/#primaryimage\",\"url\":\"https:\\\/\\\/www.eldiario.net\\\/portal\\\/wp-content\\\/uploads\\\/2023\\\/03\\\/ADEPCOCA-FOTO.jpeg\",\"contentUrl\":\"https:\\\/\\\/www.eldiario.net\\\/portal\\\/wp-content\\\/uploads\\\/2023\\\/03\\\/ADEPCOCA-FOTO.jpeg\",\"width\":709,\"height\":375,\"caption\":\"IMAGEN DE ARNOLD ALANES JUNTO A AUTORIDADES DE GOBIERNO QUE PRETEND\u00cdAN ENTREGARLE LA SEDE DE ADEPCOCA CR\u00c9DITO: REDES SOCIALES\"},{\"@type\":\"BreadcrumbList\",\"@id\":\"https:\\\/\\\/www.eldiario.net\\\/portal\\\/2023\\\/03\\\/07\\\/anuncian-movilizaciones-para-impedir-que-alanes-tome-adepcoca\\\/#breadcrumb\",\"itemListElement\":[{\"@type\":\"ListItem\",\"position\":1,\"name\":\"Portada\",\"item\":\"https:\\\/\\\/www.eldiario.net\\\/portal\\\/\"},{\"@type\":\"ListItem\",\"position\":2,\"name\":\"Anuncian movilizaciones para impedir que Alanes tome Adepcoca\"}]},{\"@type\":\"WebSite\",\"@id\":\"https:\\\/\\\/www.eldiario.net\\\/portal\\\/#website\",\"url\":\"https:\\\/\\\/www.eldiario.net\\\/portal\\\/\",\"name\":\"El Diario - Decano de la prensa nacional\",\"description\":\"El Diario - Decano de la prensa nacional\",\"publisher\":{\"@id\":\"https:\\\/\\\/www.eldiario.net\\\/portal\\\/#organization\"},\"potentialAction\":[{\"@type\":\"SearchAction\",\"target\":{\"@type\":\"EntryPoint\",\"urlTemplate\":\"https:\\\/\\\/www.eldiario.net\\\/portal\\\/?s={search_term_string}\"},\"query-input\":{\"@type\":\"PropertyValueSpecification\",\"valueRequired\":true,\"valueName\":\"search_term_string\"}}],\"inLanguage\":\"es\"},{\"@type\":\"Organization\",\"@id\":\"https:\\\/\\\/www.eldiario.net\\\/portal\\\/#organization\",\"name\":\"El Diario - Decano de la prensa nacional\",\"url\":\"https:\\\/\\\/www.eldiario.net\\\/portal\\\/\",\"logo\":{\"@type\":\"ImageObject\",\"inLanguage\":\"es\",\"@id\":\"https:\\\/\\\/www.eldiario.net\\\/portal\\\/#\\\/schema\\\/logo\\\/image\\\/\",\"url\":\"https:\\\/\\\/www.eldiario.net\\\/portal\\\/wp-content\\\/uploads\\\/2023\\\/07\\\/logo_ED.jpg\",\"contentUrl\":\"https:\\\/\\\/www.eldiario.net\\\/portal\\\/wp-content\\\/uploads\\\/2023\\\/07\\\/logo_ED.jpg\",\"width\":272,\"height\":52,\"caption\":\"El Diario - Decano de la prensa nacional\"},\"image\":{\"@id\":\"https:\\\/\\\/www.eldiario.net\\\/portal\\\/#\\\/schema\\\/logo\\\/image\\\/\"},\"sameAs\":[\"https:\\\/\\\/www.facebook.com\\\/eldiario.bolivia\\\/\",\"https:\\\/\\\/x.com\\\/eldiario_net\"]},{\"@type\":\"Person\",\"@id\":\"https:\\\/\\\/www.eldiario.net\\\/portal\\\/#\\\/schema\\\/person\\\/f46445640444750d7d753ccd04ae01b7\",\"name\":\"Jeanette\",\"image\":{\"@type\":\"ImageObject\",\"inLanguage\":\"es\",\"@id\":\"https:\\\/\\\/secure.gravatar.com\\\/avatar\\\/3ea2118a5f7dad2b7138b1187a6b7ee55f160b9968b66013c3a3ef39dd7e5798?s=96&d=mm&r=g\",\"url\":\"https:\\\/\\\/secure.gravatar.com\\\/avatar\\\/3ea2118a5f7dad2b7138b1187a6b7ee55f160b9968b66013c3a3ef39dd7e5798?s=96&d=mm&r=g\",\"contentUrl\":\"https:\\\/\\\/secure.gravatar.com\\\/avatar\\\/3ea2118a5f7dad2b7138b1187a6b7ee55f160b9968b66013c3a3ef39dd7e5798?s=96&d=mm&r=g\",\"caption\":\"Jeanette\"},\"sameAs\":[\"https:\\\/\\\/www.eldiario.net\\\/portal\"],\"url\":\"https:\\\/\\\/www.eldiario.net\\\/portal\\\/author\\\/jeanette\\\/\"}]}<\/script>\n<!-- \/ Yoast SEO plugin. -->","yoast_head_json":{"title":"Anuncian movilizaciones para impedir que Alanes tome Adepcoca - El Diario - Bolivia","robots":{"index":"index","follow":"follow","max-snippet":"max-snippet:-1","max-image-preview":"max-image-preview:large","max-video-preview":"max-video-preview:-1"},"canonical":"https:\/\/www.eldiario.net\/portal\/2023\/03\/07\/anuncian-movilizaciones-para-impedir-que-alanes-tome-adepcoca\/","og_locale":"es_ES","og_type":"article","og_title":"Anuncian movilizaciones para impedir que Alanes tome Adepcoca - El Diario - Bolivia","og_description":"El expresidente de la Asociaci\u00f3n Departamental de Productores de Coca (Adepcoca), Armin Lluta, inform\u00f3 que los cocaleros de los Yungas organizan movilizaciones para impedir que el dirigente af\u00edn al partido de Gobierno y promotor de un mercado ilegal de coca, Arnold Alanes, tome el mercado legal a trav\u00e9s de un fallo judicial. \u201cEstamos seguros de [&hellip;]","og_url":"https:\/\/www.eldiario.net\/portal\/2023\/03\/07\/anuncian-movilizaciones-para-impedir-que-alanes-tome-adepcoca\/","og_site_name":"El Diario - Bolivia","article_publisher":"https:\/\/www.facebook.com\/eldiario.bolivia\/","article_published_time":"2023-03-07T10:07:07+00:00","og_image":[{"width":709,"height":375,"url":"https:\/\/www.eldiario.net\/portal\/wp-content\/uploads\/2023\/03\/ADEPCOCA-FOTO.jpeg","type":"image\/jpeg"}],"author":"Jeanette","twitter_card":"summary_large_image","twitter_creator":"@eldiario_net","twitter_site":"@eldiario_net","twitter_misc":{"Escrito por":"Jeanette","Tiempo de lectura":"4 minutos"},"schema":{"@context":"https:\/\/schema.org","@graph":[{"@type":"Article","@id":"https:\/\/www.eldiario.net\/portal\/2023\/03\/07\/anuncian-movilizaciones-para-impedir-que-alanes-tome-adepcoca\/#article","isPartOf":{"@id":"https:\/\/www.eldiario.net\/portal\/2023\/03\/07\/anuncian-movilizaciones-para-impedir-que-alanes-tome-adepcoca\/"},"author":{"name":"Jeanette","@id":"https:\/\/www.eldiario.net\/portal\/#\/schema\/person\/f46445640444750d7d753ccd04ae01b7"},"headline":"Anuncian movilizaciones para impedir que Alanes tome Adepcoca","datePublished":"2023-03-07T10:07:07+00:00","mainEntityOfPage":{"@id":"https:\/\/www.eldiario.net\/portal\/2023\/03\/07\/anuncian-movilizaciones-para-impedir-que-alanes-tome-adepcoca\/"},"wordCount":728,"publisher":{"@id":"https:\/\/www.eldiario.net\/portal\/#organization"},"image":{"@id":"https:\/\/www.eldiario.net\/portal\/2023\/03\/07\/anuncian-movilizaciones-para-impedir-que-alanes-tome-adepcoca\/#primaryimage"},"thumbnailUrl":"https:\/\/www.eldiario.net\/portal\/wp-content\/uploads\/2023\/03\/ADEPCOCA-FOTO.jpeg","articleSection":["Sociedad - Seguridad"],"inLanguage":"es"},{"@type":"WebPage","@id":"https:\/\/www.eldiario.net\/portal\/2023\/03\/07\/anuncian-movilizaciones-para-impedir-que-alanes-tome-adepcoca\/","url":"https:\/\/www.eldiario.net\/portal\/2023\/03\/07\/anuncian-movilizaciones-para-impedir-que-alanes-tome-adepcoca\/","name":"Anuncian movilizaciones para impedir que Alanes tome Adepcoca - El Diario - Bolivia","isPartOf":{"@id":"https:\/\/www.eldiario.net\/portal\/#website"},"primaryImageOfPage":{"@id":"https:\/\/www.eldiario.net\/portal\/2023\/03\/07\/anuncian-movilizaciones-para-impedir-que-alanes-tome-adepcoca\/#primaryimage"},"image":{"@id":"https:\/\/www.eldiario.net\/portal\/2023\/03\/07\/anuncian-movilizaciones-para-impedir-que-alanes-tome-adepcoca\/#primaryimage"},"thumbnailUrl":"https:\/\/www.eldiario.net\/portal\/wp-content\/uploads\/2023\/03\/ADEPCOCA-FOTO.jpeg","datePublished":"2023-03-07T10:07:07+00:00","breadcrumb":{"@id":"https:\/\/www.eldiario.net\/portal\/2023\/03\/07\/anuncian-movilizaciones-para-impedir-que-alanes-tome-adepcoca\/#breadcrumb"},"inLanguage":"es","potentialAction":[{"@type":"ReadAction","target":["https:\/\/www.eldiario.net\/portal\/2023\/03\/07\/anuncian-movilizaciones-para-impedir-que-alanes-tome-adepcoca\/"]}]},{"@type":"ImageObject","inLanguage":"es","@id":"https:\/\/www.eldiario.net\/portal\/2023\/03\/07\/anuncian-movilizaciones-para-impedir-que-alanes-tome-adepcoca\/#primaryimage","url":"https:\/\/www.eldiario.net\/portal\/wp-content\/uploads\/2023\/03\/ADEPCOCA-FOTO.jpeg","contentUrl":"https:\/\/www.eldiario.net\/portal\/wp-content\/uploads\/2023\/03\/ADEPCOCA-FOTO.jpeg","width":709,"height":375,"caption":"IMAGEN DE ARNOLD ALANES JUNTO A AUTORIDADES DE GOBIERNO QUE PRETEND\u00cdAN ENTREGARLE LA SEDE DE ADEPCOCA CR\u00c9DITO: REDES SOCIALES"},{"@type":"BreadcrumbList","@id":"https:\/\/www.eldiario.net\/portal\/2023\/03\/07\/anuncian-movilizaciones-para-impedir-que-alanes-tome-adepcoca\/#breadcrumb","itemListElement":[{"@type":"ListItem","position":1,"name":"Portada","item":"https:\/\/www.eldiario.net\/portal\/"},{"@type":"ListItem","position":2,"name":"Anuncian movilizaciones para impedir que Alanes tome Adepcoca"}]},{"@type":"WebSite","@id":"https:\/\/www.eldiario.net\/portal\/#website","url":"https:\/\/www.eldiario.net\/portal\/","name":"El Diario - Decano de la prensa nacional","description":"El Diario - Decano de la prensa nacional","publisher":{"@id":"https:\/\/www.eldiario.net\/portal\/#organization"},"potentialAction":[{"@type":"SearchAction","target":{"@type":"EntryPoint","urlTemplate":"https:\/\/www.eldiario.net\/portal\/?s={search_term_string}"},"query-input":{"@type":"PropertyValueSpecification","valueRequired":true,"valueName":"search_term_string"}}],"inLanguage":"es"},{"@type":"Organization","@id":"https:\/\/www.eldiario.net\/portal\/#organization","name":"El Diario - Decano de la prensa nacional","url":"https:\/\/www.eldiario.net\/portal\/","logo":{"@type":"ImageObject","inLanguage":"es","@id":"https:\/\/www.eldiario.net\/portal\/#\/schema\/logo\/image\/","url":"https:\/\/www.eldiario.net\/portal\/wp-content\/uploads\/2023\/07\/logo_ED.jpg","contentUrl":"https:\/\/www.eldiario.net\/portal\/wp-content\/uploads\/2023\/07\/logo_ED.jpg","width":272,"height":52,"caption":"El Diario - Decano de la prensa nacional"},"image":{"@id":"https:\/\/www.eldiario.net\/portal\/#\/schema\/logo\/image\/"},"sameAs":["https:\/\/www.facebook.com\/eldiario.bolivia\/","https:\/\/x.com\/eldiario_net"]},{"@type":"Person","@id":"https:\/\/www.eldiario.net\/portal\/#\/schema\/person\/f46445640444750d7d753ccd04ae01b7","name":"Jeanette","image":{"@type":"ImageObject","inLanguage":"es","@id":"https:\/\/secure.gravatar.com\/avatar\/3ea2118a5f7dad2b7138b1187a6b7ee55f160b9968b66013c3a3ef39dd7e5798?s=96&d=mm&r=g","url":"https:\/\/secure.gravatar.com\/avatar\/3ea2118a5f7dad2b7138b1187a6b7ee55f160b9968b66013c3a3ef39dd7e5798?s=96&d=mm&r=g","contentUrl":"https:\/\/secure.gravatar.com\/avatar\/3ea2118a5f7dad2b7138b1187a6b7ee55f160b9968b66013c3a3ef39dd7e5798?s=96&d=mm&r=g","caption":"Jeanette"},"sameAs":["https:\/\/www.eldiario.net\/portal"],"url":"https:\/\/www.eldiario.net\/portal\/author\/jeanette\/"}]}},"_links":{"self":[{"href":"https:\/\/www.eldiario.net\/portal\/wp-json\/wp\/v2\/posts\/141758","targetHints":{"allow":["GET"]}}],"collection":[{"href":"https:\/\/www.eldiario.net\/portal\/wp-json\/wp\/v2\/posts"}],"about":[{"href":"https:\/\/www.eldiario.net\/portal\/wp-json\/wp\/v2\/types\/post"}],"author":[{"embeddable":true,"href":"https:\/\/www.eldiario.net\/portal\/wp-json\/wp\/v2\/users\/1"}],"replies":[{"embeddable":true,"href":"https:\/\/www.eldiario.net\/portal\/wp-json\/wp\/v2\/comments?post=141758"}],"version-history":[{"count":0,"href":"https:\/\/www.eldiario.net\/portal\/wp-json\/wp\/v2\/posts\/141758\/revisions"}],"wp:featuredmedia":[{"embeddable":true,"href":"https:\/\/www.eldiario.net\/portal\/wp-json\/wp\/v2\/media\/141759"}],"wp:attachment":[{"href":"https:\/\/www.eldiario.net\/portal\/wp-json\/wp\/v2\/media?parent=141758"}],"wp:term":[{"taxonomy":"category","embeddable":true,"href":"https:\/\/www.eldiario.net\/portal\/wp-json\/wp\/v2\/categories?post=141758"},{"taxonomy":"post_tag","embeddable":true,"href":"https:\/\/www.eldiario.net\/portal\/wp-json\/wp\/v2\/tags?post=141758"}],"curies":[{"name":"wp","href":"https:\/\/api.w.org\/{rel}","templated":true}]}}