{"id":141755,"date":"2023-03-07T06:06:23","date_gmt":"2023-03-07T10:06:23","guid":{"rendered":"https:\/\/www.eldiario.net\/portal\/?p=141755"},"modified":"2023-03-07T06:06:23","modified_gmt":"2023-03-07T10:06:23","slug":"piden-citar-a-exvicepresidente-en-caso-de-supuesto-golpe-de-estado","status":"publish","type":"post","link":"https:\/\/www.eldiario.net\/portal\/2023\/03\/07\/piden-citar-a-exvicepresidente-en-caso-de-supuesto-golpe-de-estado\/","title":{"rendered":"Piden citar a exvicepresidente en  caso de supuesto golpe de Estado"},"content":{"rendered":"<p>Mediante un memorial, la exdiputada Lidia Patty pidi\u00f3 ayer que la Fiscal\u00eda convoque al exvicepresidente, \u00c1lvaro Garc\u00eda, para que preste su declaraci\u00f3n, en calidad de testigo, dentro de las investigaciones por el caso de supuesto golpe de Estado, en 2019.<\/p>\n<p>\u201cSe est\u00e1 pidiendo que venga a declarar (\u00c1lvaro Garc\u00eda) (\u2026) se ha presentado un memorial v\u00eda virtual y estamos esperando que el Ministerio P\u00fablico se pueda pronunciar\u201d, dijo el abogado Jorge Nina, que patrocina a la exdiputada.<\/p>\n<p>En la denuncia que present\u00f3 Patty, Evo Morales y \u00c1lvaro Garc\u00eda est\u00e1n como v\u00edctimas, no obstante ninguno de los dos se present\u00f3 a declarar a\u00fan. En noviembre de 2020, Patty present\u00f3 una denuncia por los delitos de terrorismo, sedici\u00f3n y conspiraci\u00f3n en contra, principalmente, de Luis Fernando Camacho,\u00a0 quien fue aprehendido el 28 de diciembre de 2022.<\/p>\n<p>Por este caso la expresidenta guarda detenci\u00f3n preventiva, al igual que dos exministros y exjefes militares.<\/p>\n","protected":false},"excerpt":{"rendered":"<p>Mediante un memorial, la exdiputada Lidia Patty pidi\u00f3 ayer que la Fiscal\u00eda convoque al exvicepresidente, \u00c1lvaro Garc\u00eda, para que preste su declaraci\u00f3n, en calidad de testigo, dentro de las investigaciones por el caso de supuesto golpe de Estado, en 2019. \u201cSe est\u00e1 pidiendo que venga a declarar (\u00c1lvaro Garc\u00eda) (\u2026) se ha presentado un memorial [&hellip;]<\/p>\n","protected":false},"author":1,"featured_media":141756,"comment_status":"closed","ping_status":"closed","sticky":false,"template":"","format":"standard","meta":{"_acf_changed":false,"footnotes":""},"categories":[39],"tags":[],"class_list":["post-141755","post","type-post","status-publish","format-standard","has-post-thumbnail","category-sociedad"],"acf":{"antetitulo":""},"yoast_head":"<!-- This site is optimized with the Yoast SEO plugin v28.3 - https:\/\/yoast.com\/product\/yoast-seo-wordpress\/ -->\n<title>Piden citar a exvicepresidente en caso de supuesto golpe de Estado - El Diario - Bolivia<\/title>\n<meta name=\"robots\" content=\"index, follow, max-snippet:-1, max-image-preview:large, max-video-preview:-1\" \/>\n<link rel=\"canonical\" href=\"https:\/\/www.eldiario.net\/portal\/2023\/03\/07\/piden-citar-a-exvicepresidente-en-caso-de-supuesto-golpe-de-estado\/\" \/>\n<meta property=\"og:locale\" content=\"es_ES\" \/>\n<meta property=\"og:type\" content=\"article\" \/>\n<meta property=\"og:title\" content=\"Piden citar a exvicepresidente en caso de supuesto golpe de Estado - El Diario - Bolivia\" \/>\n<meta property=\"og:description\" content=\"Mediante un memorial, la exdiputada Lidia Patty pidi\u00f3 ayer que la Fiscal\u00eda convoque al exvicepresidente, \u00c1lvaro Garc\u00eda, para que preste su declaraci\u00f3n, en calidad de testigo, dentro de las investigaciones por el caso de supuesto golpe de Estado, en 2019. \u201cSe est\u00e1 pidiendo que venga a declarar (\u00c1lvaro Garc\u00eda) (\u2026) se ha presentado un memorial [&hellip;]\" \/>\n<meta property=\"og:url\" content=\"https:\/\/www.eldiario.net\/portal\/2023\/03\/07\/piden-citar-a-exvicepresidente-en-caso-de-supuesto-golpe-de-estado\/\" \/>\n<meta property=\"og:site_name\" content=\"El Diario - Bolivia\" \/>\n<meta property=\"article:publisher\" content=\"https:\/\/www.facebook.com\/eldiario.bolivia\/\" \/>\n<meta property=\"article:published_time\" content=\"2023-03-07T10:06:23+00:00\" \/>\n<meta name=\"author\" content=\"Jeanette\" \/>\n<meta name=\"twitter:card\" content=\"summary_large_image\" \/>\n<meta name=\"twitter:creator\" content=\"@eldiario_net\" \/>\n<meta name=\"twitter:site\" content=\"@eldiario_net\" \/>\n<meta name=\"twitter:label1\" content=\"Escrito por\" \/>\n\t<meta name=\"twitter:data1\" content=\"Jeanette\" \/>\n\t<meta name=\"twitter:label2\" content=\"Tiempo de lectura\" \/>\n\t<meta name=\"twitter:data2\" content=\"1 minuto\" \/>\n<script type=\"application\/ld+json\" class=\"yoast-schema-graph\">{\"@context\":\"https:\\\/\\\/schema.org\",\"@graph\":[{\"@type\":\"Article\",\"@id\":\"https:\\\/\\\/www.eldiario.net\\\/portal\\\/2023\\\/03\\\/07\\\/piden-citar-a-exvicepresidente-en-caso-de-supuesto-golpe-de-estado\\\/#article\",\"isPartOf\":{\"@id\":\"https:\\\/\\\/www.eldiario.net\\\/portal\\\/2023\\\/03\\\/07\\\/piden-citar-a-exvicepresidente-en-caso-de-supuesto-golpe-de-estado\\\/\"},\"author\":{\"name\":\"Jeanette\",\"@id\":\"https:\\\/\\\/www.eldiario.net\\\/portal\\\/#\\\/schema\\\/person\\\/f46445640444750d7d753ccd04ae01b7\"},\"headline\":\"Piden citar a exvicepresidente en caso de supuesto golpe de Estado\",\"datePublished\":\"2023-03-07T10:06:23+00:00\",\"mainEntityOfPage\":{\"@id\":\"https:\\\/\\\/www.eldiario.net\\\/portal\\\/2023\\\/03\\\/07\\\/piden-citar-a-exvicepresidente-en-caso-de-supuesto-golpe-de-estado\\\/\"},\"wordCount\":169,\"publisher\":{\"@id\":\"https:\\\/\\\/www.eldiario.net\\\/portal\\\/#organization\"},\"image\":{\"@id\":\"https:\\\/\\\/www.eldiario.net\\\/portal\\\/2023\\\/03\\\/07\\\/piden-citar-a-exvicepresidente-en-caso-de-supuesto-golpe-de-estado\\\/#primaryimage\"},\"thumbnailUrl\":\"\",\"articleSection\":[\"Sociedad - Seguridad\"],\"inLanguage\":\"es\"},{\"@type\":\"WebPage\",\"@id\":\"https:\\\/\\\/www.eldiario.net\\\/portal\\\/2023\\\/03\\\/07\\\/piden-citar-a-exvicepresidente-en-caso-de-supuesto-golpe-de-estado\\\/\",\"url\":\"https:\\\/\\\/www.eldiario.net\\\/portal\\\/2023\\\/03\\\/07\\\/piden-citar-a-exvicepresidente-en-caso-de-supuesto-golpe-de-estado\\\/\",\"name\":\"Piden citar a exvicepresidente en caso de supuesto golpe de Estado - El Diario - Bolivia\",\"isPartOf\":{\"@id\":\"https:\\\/\\\/www.eldiario.net\\\/portal\\\/#website\"},\"primaryImageOfPage\":{\"@id\":\"https:\\\/\\\/www.eldiario.net\\\/portal\\\/2023\\\/03\\\/07\\\/piden-citar-a-exvicepresidente-en-caso-de-supuesto-golpe-de-estado\\\/#primaryimage\"},\"image\":{\"@id\":\"https:\\\/\\\/www.eldiario.net\\\/portal\\\/2023\\\/03\\\/07\\\/piden-citar-a-exvicepresidente-en-caso-de-supuesto-golpe-de-estado\\\/#primaryimage\"},\"thumbnailUrl\":\"\",\"datePublished\":\"2023-03-07T10:06:23+00:00\",\"breadcrumb\":{\"@id\":\"https:\\\/\\\/www.eldiario.net\\\/portal\\\/2023\\\/03\\\/07\\\/piden-citar-a-exvicepresidente-en-caso-de-supuesto-golpe-de-estado\\\/#breadcrumb\"},\"inLanguage\":\"es\",\"potentialAction\":[{\"@type\":\"ReadAction\",\"target\":[\"https:\\\/\\\/www.eldiario.net\\\/portal\\\/2023\\\/03\\\/07\\\/piden-citar-a-exvicepresidente-en-caso-de-supuesto-golpe-de-estado\\\/\"]}]},{\"@type\":\"ImageObject\",\"inLanguage\":\"es\",\"@id\":\"https:\\\/\\\/www.eldiario.net\\\/portal\\\/2023\\\/03\\\/07\\\/piden-citar-a-exvicepresidente-en-caso-de-supuesto-golpe-de-estado\\\/#primaryimage\",\"url\":\"\",\"contentUrl\":\"\"},{\"@type\":\"BreadcrumbList\",\"@id\":\"https:\\\/\\\/www.eldiario.net\\\/portal\\\/2023\\\/03\\\/07\\\/piden-citar-a-exvicepresidente-en-caso-de-supuesto-golpe-de-estado\\\/#breadcrumb\",\"itemListElement\":[{\"@type\":\"ListItem\",\"position\":1,\"name\":\"Portada\",\"item\":\"https:\\\/\\\/www.eldiario.net\\\/portal\\\/\"},{\"@type\":\"ListItem\",\"position\":2,\"name\":\"Piden citar a exvicepresidente en caso de supuesto golpe de Estado\"}]},{\"@type\":\"WebSite\",\"@id\":\"https:\\\/\\\/www.eldiario.net\\\/portal\\\/#website\",\"url\":\"https:\\\/\\\/www.eldiario.net\\\/portal\\\/\",\"name\":\"El Diario - Decano de la prensa nacional\",\"description\":\"El Diario - Decano de la prensa nacional\",\"publisher\":{\"@id\":\"https:\\\/\\\/www.eldiario.net\\\/portal\\\/#organization\"},\"potentialAction\":[{\"@type\":\"SearchAction\",\"target\":{\"@type\":\"EntryPoint\",\"urlTemplate\":\"https:\\\/\\\/www.eldiario.net\\\/portal\\\/?s={search_term_string}\"},\"query-input\":{\"@type\":\"PropertyValueSpecification\",\"valueRequired\":true,\"valueName\":\"search_term_string\"}}],\"inLanguage\":\"es\"},{\"@type\":\"Organization\",\"@id\":\"https:\\\/\\\/www.eldiario.net\\\/portal\\\/#organization\",\"name\":\"El Diario - Decano de la prensa nacional\",\"url\":\"https:\\\/\\\/www.eldiario.net\\\/portal\\\/\",\"logo\":{\"@type\":\"ImageObject\",\"inLanguage\":\"es\",\"@id\":\"https:\\\/\\\/www.eldiario.net\\\/portal\\\/#\\\/schema\\\/logo\\\/image\\\/\",\"url\":\"https:\\\/\\\/www.eldiario.net\\\/portal\\\/wp-content\\\/uploads\\\/2023\\\/07\\\/logo_ED.jpg\",\"contentUrl\":\"https:\\\/\\\/www.eldiario.net\\\/portal\\\/wp-content\\\/uploads\\\/2023\\\/07\\\/logo_ED.jpg\",\"width\":272,\"height\":52,\"caption\":\"El Diario - Decano de la prensa nacional\"},\"image\":{\"@id\":\"https:\\\/\\\/www.eldiario.net\\\/portal\\\/#\\\/schema\\\/logo\\\/image\\\/\"},\"sameAs\":[\"https:\\\/\\\/www.facebook.com\\\/eldiario.bolivia\\\/\",\"https:\\\/\\\/x.com\\\/eldiario_net\"]},{\"@type\":\"Person\",\"@id\":\"https:\\\/\\\/www.eldiario.net\\\/portal\\\/#\\\/schema\\\/person\\\/f46445640444750d7d753ccd04ae01b7\",\"name\":\"Jeanette\",\"image\":{\"@type\":\"ImageObject\",\"inLanguage\":\"es\",\"@id\":\"https:\\\/\\\/secure.gravatar.com\\\/avatar\\\/3ea2118a5f7dad2b7138b1187a6b7ee55f160b9968b66013c3a3ef39dd7e5798?s=96&d=mm&r=g\",\"url\":\"https:\\\/\\\/secure.gravatar.com\\\/avatar\\\/3ea2118a5f7dad2b7138b1187a6b7ee55f160b9968b66013c3a3ef39dd7e5798?s=96&d=mm&r=g\",\"contentUrl\":\"https:\\\/\\\/secure.gravatar.com\\\/avatar\\\/3ea2118a5f7dad2b7138b1187a6b7ee55f160b9968b66013c3a3ef39dd7e5798?s=96&d=mm&r=g\",\"caption\":\"Jeanette\"},\"sameAs\":[\"https:\\\/\\\/www.eldiario.net\\\/portal\"],\"url\":\"https:\\\/\\\/www.eldiario.net\\\/portal\\\/author\\\/jeanette\\\/\"}]}<\/script>\n<!-- \/ Yoast SEO plugin. -->","yoast_head_json":{"title":"Piden citar a exvicepresidente en caso de supuesto golpe de Estado - El Diario - Bolivia","robots":{"index":"index","follow":"follow","max-snippet":"max-snippet:-1","max-image-preview":"max-image-preview:large","max-video-preview":"max-video-preview:-1"},"canonical":"https:\/\/www.eldiario.net\/portal\/2023\/03\/07\/piden-citar-a-exvicepresidente-en-caso-de-supuesto-golpe-de-estado\/","og_locale":"es_ES","og_type":"article","og_title":"Piden citar a exvicepresidente en caso de supuesto golpe de Estado - El Diario - Bolivia","og_description":"Mediante un memorial, la exdiputada Lidia Patty pidi\u00f3 ayer que la Fiscal\u00eda convoque al exvicepresidente, \u00c1lvaro Garc\u00eda, para que preste su declaraci\u00f3n, en calidad de testigo, dentro de las investigaciones por el caso de supuesto golpe de Estado, en 2019. \u201cSe est\u00e1 pidiendo que venga a declarar (\u00c1lvaro Garc\u00eda) (\u2026) se ha presentado un memorial [&hellip;]","og_url":"https:\/\/www.eldiario.net\/portal\/2023\/03\/07\/piden-citar-a-exvicepresidente-en-caso-de-supuesto-golpe-de-estado\/","og_site_name":"El Diario - Bolivia","article_publisher":"https:\/\/www.facebook.com\/eldiario.bolivia\/","article_published_time":"2023-03-07T10:06:23+00:00","author":"Jeanette","twitter_card":"summary_large_image","twitter_creator":"@eldiario_net","twitter_site":"@eldiario_net","twitter_misc":{"Escrito por":"Jeanette","Tiempo de lectura":"1 minuto"},"schema":{"@context":"https:\/\/schema.org","@graph":[{"@type":"Article","@id":"https:\/\/www.eldiario.net\/portal\/2023\/03\/07\/piden-citar-a-exvicepresidente-en-caso-de-supuesto-golpe-de-estado\/#article","isPartOf":{"@id":"https:\/\/www.eldiario.net\/portal\/2023\/03\/07\/piden-citar-a-exvicepresidente-en-caso-de-supuesto-golpe-de-estado\/"},"author":{"name":"Jeanette","@id":"https:\/\/www.eldiario.net\/portal\/#\/schema\/person\/f46445640444750d7d753ccd04ae01b7"},"headline":"Piden citar a exvicepresidente en caso de supuesto golpe de Estado","datePublished":"2023-03-07T10:06:23+00:00","mainEntityOfPage":{"@id":"https:\/\/www.eldiario.net\/portal\/2023\/03\/07\/piden-citar-a-exvicepresidente-en-caso-de-supuesto-golpe-de-estado\/"},"wordCount":169,"publisher":{"@id":"https:\/\/www.eldiario.net\/portal\/#organization"},"image":{"@id":"https:\/\/www.eldiario.net\/portal\/2023\/03\/07\/piden-citar-a-exvicepresidente-en-caso-de-supuesto-golpe-de-estado\/#primaryimage"},"thumbnailUrl":"","articleSection":["Sociedad - Seguridad"],"inLanguage":"es"},{"@type":"WebPage","@id":"https:\/\/www.eldiario.net\/portal\/2023\/03\/07\/piden-citar-a-exvicepresidente-en-caso-de-supuesto-golpe-de-estado\/","url":"https:\/\/www.eldiario.net\/portal\/2023\/03\/07\/piden-citar-a-exvicepresidente-en-caso-de-supuesto-golpe-de-estado\/","name":"Piden citar a exvicepresidente en caso de supuesto golpe de Estado - El Diario - Bolivia","isPartOf":{"@id":"https:\/\/www.eldiario.net\/portal\/#website"},"primaryImageOfPage":{"@id":"https:\/\/www.eldiario.net\/portal\/2023\/03\/07\/piden-citar-a-exvicepresidente-en-caso-de-supuesto-golpe-de-estado\/#primaryimage"},"image":{"@id":"https:\/\/www.eldiario.net\/portal\/2023\/03\/07\/piden-citar-a-exvicepresidente-en-caso-de-supuesto-golpe-de-estado\/#primaryimage"},"thumbnailUrl":"","datePublished":"2023-03-07T10:06:23+00:00","breadcrumb":{"@id":"https:\/\/www.eldiario.net\/portal\/2023\/03\/07\/piden-citar-a-exvicepresidente-en-caso-de-supuesto-golpe-de-estado\/#breadcrumb"},"inLanguage":"es","potentialAction":[{"@type":"ReadAction","target":["https:\/\/www.eldiario.net\/portal\/2023\/03\/07\/piden-citar-a-exvicepresidente-en-caso-de-supuesto-golpe-de-estado\/"]}]},{"@type":"ImageObject","inLanguage":"es","@id":"https:\/\/www.eldiario.net\/portal\/2023\/03\/07\/piden-citar-a-exvicepresidente-en-caso-de-supuesto-golpe-de-estado\/#primaryimage","url":"","contentUrl":""},{"@type":"BreadcrumbList","@id":"https:\/\/www.eldiario.net\/portal\/2023\/03\/07\/piden-citar-a-exvicepresidente-en-caso-de-supuesto-golpe-de-estado\/#breadcrumb","itemListElement":[{"@type":"ListItem","position":1,"name":"Portada","item":"https:\/\/www.eldiario.net\/portal\/"},{"@type":"ListItem","position":2,"name":"Piden citar a exvicepresidente en caso de supuesto golpe de Estado"}]},{"@type":"WebSite","@id":"https:\/\/www.eldiario.net\/portal\/#website","url":"https:\/\/www.eldiario.net\/portal\/","name":"El Diario - Decano de la prensa nacional","description":"El Diario - Decano de la prensa nacional","publisher":{"@id":"https:\/\/www.eldiario.net\/portal\/#organization"},"potentialAction":[{"@type":"SearchAction","target":{"@type":"EntryPoint","urlTemplate":"https:\/\/www.eldiario.net\/portal\/?s={search_term_string}"},"query-input":{"@type":"PropertyValueSpecification","valueRequired":true,"valueName":"search_term_string"}}],"inLanguage":"es"},{"@type":"Organization","@id":"https:\/\/www.eldiario.net\/portal\/#organization","name":"El Diario - Decano de la prensa nacional","url":"https:\/\/www.eldiario.net\/portal\/","logo":{"@type":"ImageObject","inLanguage":"es","@id":"https:\/\/www.eldiario.net\/portal\/#\/schema\/logo\/image\/","url":"https:\/\/www.eldiario.net\/portal\/wp-content\/uploads\/2023\/07\/logo_ED.jpg","contentUrl":"https:\/\/www.eldiario.net\/portal\/wp-content\/uploads\/2023\/07\/logo_ED.jpg","width":272,"height":52,"caption":"El Diario - Decano de la prensa nacional"},"image":{"@id":"https:\/\/www.eldiario.net\/portal\/#\/schema\/logo\/image\/"},"sameAs":["https:\/\/www.facebook.com\/eldiario.bolivia\/","https:\/\/x.com\/eldiario_net"]},{"@type":"Person","@id":"https:\/\/www.eldiario.net\/portal\/#\/schema\/person\/f46445640444750d7d753ccd04ae01b7","name":"Jeanette","image":{"@type":"ImageObject","inLanguage":"es","@id":"https:\/\/secure.gravatar.com\/avatar\/3ea2118a5f7dad2b7138b1187a6b7ee55f160b9968b66013c3a3ef39dd7e5798?s=96&d=mm&r=g","url":"https:\/\/secure.gravatar.com\/avatar\/3ea2118a5f7dad2b7138b1187a6b7ee55f160b9968b66013c3a3ef39dd7e5798?s=96&d=mm&r=g","contentUrl":"https:\/\/secure.gravatar.com\/avatar\/3ea2118a5f7dad2b7138b1187a6b7ee55f160b9968b66013c3a3ef39dd7e5798?s=96&d=mm&r=g","caption":"Jeanette"},"sameAs":["https:\/\/www.eldiario.net\/portal"],"url":"https:\/\/www.eldiario.net\/portal\/author\/jeanette\/"}]}},"_links":{"self":[{"href":"https:\/\/www.eldiario.net\/portal\/wp-json\/wp\/v2\/posts\/141755","targetHints":{"allow":["GET"]}}],"collection":[{"href":"https:\/\/www.eldiario.net\/portal\/wp-json\/wp\/v2\/posts"}],"about":[{"href":"https:\/\/www.eldiario.net\/portal\/wp-json\/wp\/v2\/types\/post"}],"author":[{"embeddable":true,"href":"https:\/\/www.eldiario.net\/portal\/wp-json\/wp\/v2\/users\/1"}],"replies":[{"embeddable":true,"href":"https:\/\/www.eldiario.net\/portal\/wp-json\/wp\/v2\/comments?post=141755"}],"version-history":[{"count":0,"href":"https:\/\/www.eldiario.net\/portal\/wp-json\/wp\/v2\/posts\/141755\/revisions"}],"wp:attachment":[{"href":"https:\/\/www.eldiario.net\/portal\/wp-json\/wp\/v2\/media?parent=141755"}],"wp:term":[{"taxonomy":"category","embeddable":true,"href":"https:\/\/www.eldiario.net\/portal\/wp-json\/wp\/v2\/categories?post=141755"},{"taxonomy":"post_tag","embeddable":true,"href":"https:\/\/www.eldiario.net\/portal\/wp-json\/wp\/v2\/tags?post=141755"}],"curies":[{"name":"wp","href":"https:\/\/api.w.org\/{rel}","templated":true}]}}