{"id":141752,"date":"2023-03-07T06:05:25","date_gmt":"2023-03-07T10:05:25","guid":{"rendered":"https:\/\/www.eldiario.net\/portal\/?p=141752"},"modified":"2023-03-07T06:05:25","modified_gmt":"2023-03-07T10:05:25","slug":"juez-amaru-tiene-el-expediente-para-procesar-a-anez-en-la-via-ordinaria","status":"publish","type":"post","link":"https:\/\/www.eldiario.net\/portal\/2023\/03\/07\/juez-amaru-tiene-el-expediente-para-procesar-a-anez-en-la-via-ordinaria\/","title":{"rendered":"Juez Amaru tiene el expediente para  procesar a A\u00f1ez en la v\u00eda ordinaria"},"content":{"rendered":"<p>El Tribunal Supremo de Justicia (TSJ) remiti\u00f3 los antecedentes del caso Senkata al juez del Juzgado Primero de Instrucci\u00f3n Penal de El Alto, Marco Amaru, para que la expresidenta del Estado, Jeanine A\u00f1ez, sea procesada en la v\u00eda ordinaria, por decisiones que tom\u00f3 cuando estaba al mando del pa\u00eds.<\/p>\n<p>El abogado Luis Guill\u00e9n que patrocina a la expresidenta cuestion\u00f3 que el TSJ haya remitido los antecedentes del caso al juzgado de El Alto, sin antes considerar una resoluci\u00f3n respecto a la competencia de juzgamiento.<\/p>\n<p>\u201cLos antecedentes del proceso de juicio de responsabilidades de Senkata han sido puestos en conocimiento la anterior semana, el d\u00eda mi\u00e9rcoles, dentro de este juzgado (de Amaru) sin haber puesto en conocimiento a ninguna de las partes, sin haber esperado de que se resuelva una apelaci\u00f3n, porque en la apelaci\u00f3n pues evidentemente puede salir una decisi\u00f3n favorable\u201d, dijo el jurista, seg\u00fan publicaci\u00f3n de Erbol.<\/p>\n<p>En enero de 2023, el juez Marco Antonio Amaru, procesado por favorecer a un feminicida y un asesino, se declar\u00f3 competente para procesar a la expresidenta Jeanine A\u00f1ez en la v\u00eda ordinaria por el caso denominado Senkata, ocurrido en 2019, dejando de lado el juicio de responsabilidades derivado a la Asamblea Legislativa, en 2021.<\/p>\n<p>En agosto de 2021, el fiscal general, Juan Lanchipa, explic\u00f3 que el Ministerio P\u00fablico present\u00f3 ante el Tribunal Supremo de Justicia (TSJ) un requerimiento acusatorio en contra de A\u00f1ez por las muertes ocurridas en Sacaba (Cochabamba) y Senkata (El Alto), en la crisis pol\u00edtica y social de 2019.<\/p>\n<p>El caso Senkata se remonta al 19 de noviembre de 2019, cuando un operativo militar y policial desbloque\u00f3 el paso de combustibles desde la planta ubicada en esa zona y que caus\u00f3 la muerte de 10 personas y varias heridas.<\/p>\n<p>En anterior entrevista con EL DIARIO, Guill\u00e9n, explic\u00f3 que el juez no revis\u00f3 su competencia y cometi\u00f3 el delito de prevaricato tom\u00e1ndose \u201catribuciones que vulneran atribuciones de la Asamblea Legislativa\u201d.<\/p>\n<p>\u201cUn juez de inferior grado le dice al m\u00e1ximo ente representante de la justicia (TSJ) del pa\u00eds que no puede conocer la causa, obviamente la decisi\u00f3n que ha tomado es tremendamente prevaricadora y alejada del derecho y comete exabruptos en la propia separaci\u00f3n de poderes y atribuciones de competencia\u201d, advirti\u00f3.<\/p>\n","protected":false},"excerpt":{"rendered":"<p>El Tribunal Supremo de Justicia (TSJ) remiti\u00f3 los antecedentes del caso Senkata al juez del Juzgado Primero de Instrucci\u00f3n Penal de El Alto, Marco Amaru, para que la expresidenta del Estado, Jeanine A\u00f1ez, sea procesada en la v\u00eda ordinaria, por decisiones que tom\u00f3 cuando estaba al mando del pa\u00eds. El abogado Luis Guill\u00e9n que patrocina [&hellip;]<\/p>\n","protected":false},"author":1,"featured_media":141753,"comment_status":"closed","ping_status":"closed","sticky":false,"template":"","format":"standard","meta":{"_acf_changed":false,"footnotes":""},"categories":[39],"tags":[],"class_list":["post-141752","post","type-post","status-publish","format-standard","has-post-thumbnail","category-sociedad"],"acf":{"antetitulo":""},"yoast_head":"<!-- This site is optimized with the Yoast SEO plugin v28.3 - https:\/\/yoast.com\/product\/yoast-seo-wordpress\/ -->\n<title>Juez Amaru tiene el expediente para procesar a A\u00f1ez en la v\u00eda ordinaria - El Diario - Bolivia<\/title>\n<meta name=\"robots\" content=\"index, follow, max-snippet:-1, max-image-preview:large, max-video-preview:-1\" \/>\n<link rel=\"canonical\" href=\"https:\/\/www.eldiario.net\/portal\/2023\/03\/07\/juez-amaru-tiene-el-expediente-para-procesar-a-anez-en-la-via-ordinaria\/\" \/>\n<meta property=\"og:locale\" content=\"es_ES\" \/>\n<meta property=\"og:type\" content=\"article\" \/>\n<meta property=\"og:title\" content=\"Juez Amaru tiene el expediente para procesar a A\u00f1ez en la v\u00eda ordinaria - El Diario - Bolivia\" \/>\n<meta property=\"og:description\" content=\"El Tribunal Supremo de Justicia (TSJ) remiti\u00f3 los antecedentes del caso Senkata al juez del Juzgado Primero de Instrucci\u00f3n Penal de El Alto, Marco Amaru, para que la expresidenta del Estado, Jeanine A\u00f1ez, sea procesada en la v\u00eda ordinaria, por decisiones que tom\u00f3 cuando estaba al mando del pa\u00eds. El abogado Luis Guill\u00e9n que patrocina [&hellip;]\" \/>\n<meta property=\"og:url\" content=\"https:\/\/www.eldiario.net\/portal\/2023\/03\/07\/juez-amaru-tiene-el-expediente-para-procesar-a-anez-en-la-via-ordinaria\/\" \/>\n<meta property=\"og:site_name\" content=\"El Diario - Bolivia\" \/>\n<meta property=\"article:publisher\" content=\"https:\/\/www.facebook.com\/eldiario.bolivia\/\" \/>\n<meta property=\"article:published_time\" content=\"2023-03-07T10:05:25+00:00\" \/>\n<meta name=\"author\" content=\"Jeanette\" \/>\n<meta name=\"twitter:card\" content=\"summary_large_image\" \/>\n<meta name=\"twitter:creator\" content=\"@eldiario_net\" \/>\n<meta name=\"twitter:site\" content=\"@eldiario_net\" \/>\n<meta name=\"twitter:label1\" content=\"Escrito por\" \/>\n\t<meta name=\"twitter:data1\" content=\"Jeanette\" \/>\n\t<meta name=\"twitter:label2\" content=\"Tiempo de lectura\" \/>\n\t<meta name=\"twitter:data2\" content=\"2 minutos\" \/>\n<script type=\"application\/ld+json\" class=\"yoast-schema-graph\">{\"@context\":\"https:\\\/\\\/schema.org\",\"@graph\":[{\"@type\":\"Article\",\"@id\":\"https:\\\/\\\/www.eldiario.net\\\/portal\\\/2023\\\/03\\\/07\\\/juez-amaru-tiene-el-expediente-para-procesar-a-anez-en-la-via-ordinaria\\\/#article\",\"isPartOf\":{\"@id\":\"https:\\\/\\\/www.eldiario.net\\\/portal\\\/2023\\\/03\\\/07\\\/juez-amaru-tiene-el-expediente-para-procesar-a-anez-en-la-via-ordinaria\\\/\"},\"author\":{\"name\":\"Jeanette\",\"@id\":\"https:\\\/\\\/www.eldiario.net\\\/portal\\\/#\\\/schema\\\/person\\\/f46445640444750d7d753ccd04ae01b7\"},\"headline\":\"Juez Amaru tiene el expediente para procesar a A\u00f1ez en la v\u00eda ordinaria\",\"datePublished\":\"2023-03-07T10:05:25+00:00\",\"mainEntityOfPage\":{\"@id\":\"https:\\\/\\\/www.eldiario.net\\\/portal\\\/2023\\\/03\\\/07\\\/juez-amaru-tiene-el-expediente-para-procesar-a-anez-en-la-via-ordinaria\\\/\"},\"wordCount\":401,\"publisher\":{\"@id\":\"https:\\\/\\\/www.eldiario.net\\\/portal\\\/#organization\"},\"image\":{\"@id\":\"https:\\\/\\\/www.eldiario.net\\\/portal\\\/2023\\\/03\\\/07\\\/juez-amaru-tiene-el-expediente-para-procesar-a-anez-en-la-via-ordinaria\\\/#primaryimage\"},\"thumbnailUrl\":\"\",\"articleSection\":[\"Sociedad - Seguridad\"],\"inLanguage\":\"es\"},{\"@type\":\"WebPage\",\"@id\":\"https:\\\/\\\/www.eldiario.net\\\/portal\\\/2023\\\/03\\\/07\\\/juez-amaru-tiene-el-expediente-para-procesar-a-anez-en-la-via-ordinaria\\\/\",\"url\":\"https:\\\/\\\/www.eldiario.net\\\/portal\\\/2023\\\/03\\\/07\\\/juez-amaru-tiene-el-expediente-para-procesar-a-anez-en-la-via-ordinaria\\\/\",\"name\":\"Juez Amaru tiene el expediente para procesar a A\u00f1ez en la v\u00eda ordinaria - El Diario - Bolivia\",\"isPartOf\":{\"@id\":\"https:\\\/\\\/www.eldiario.net\\\/portal\\\/#website\"},\"primaryImageOfPage\":{\"@id\":\"https:\\\/\\\/www.eldiario.net\\\/portal\\\/2023\\\/03\\\/07\\\/juez-amaru-tiene-el-expediente-para-procesar-a-anez-en-la-via-ordinaria\\\/#primaryimage\"},\"image\":{\"@id\":\"https:\\\/\\\/www.eldiario.net\\\/portal\\\/2023\\\/03\\\/07\\\/juez-amaru-tiene-el-expediente-para-procesar-a-anez-en-la-via-ordinaria\\\/#primaryimage\"},\"thumbnailUrl\":\"\",\"datePublished\":\"2023-03-07T10:05:25+00:00\",\"breadcrumb\":{\"@id\":\"https:\\\/\\\/www.eldiario.net\\\/portal\\\/2023\\\/03\\\/07\\\/juez-amaru-tiene-el-expediente-para-procesar-a-anez-en-la-via-ordinaria\\\/#breadcrumb\"},\"inLanguage\":\"es\",\"potentialAction\":[{\"@type\":\"ReadAction\",\"target\":[\"https:\\\/\\\/www.eldiario.net\\\/portal\\\/2023\\\/03\\\/07\\\/juez-amaru-tiene-el-expediente-para-procesar-a-anez-en-la-via-ordinaria\\\/\"]}]},{\"@type\":\"ImageObject\",\"inLanguage\":\"es\",\"@id\":\"https:\\\/\\\/www.eldiario.net\\\/portal\\\/2023\\\/03\\\/07\\\/juez-amaru-tiene-el-expediente-para-procesar-a-anez-en-la-via-ordinaria\\\/#primaryimage\",\"url\":\"\",\"contentUrl\":\"\"},{\"@type\":\"BreadcrumbList\",\"@id\":\"https:\\\/\\\/www.eldiario.net\\\/portal\\\/2023\\\/03\\\/07\\\/juez-amaru-tiene-el-expediente-para-procesar-a-anez-en-la-via-ordinaria\\\/#breadcrumb\",\"itemListElement\":[{\"@type\":\"ListItem\",\"position\":1,\"name\":\"Portada\",\"item\":\"https:\\\/\\\/www.eldiario.net\\\/portal\\\/\"},{\"@type\":\"ListItem\",\"position\":2,\"name\":\"Juez Amaru tiene el expediente para procesar a A\u00f1ez en la v\u00eda ordinaria\"}]},{\"@type\":\"WebSite\",\"@id\":\"https:\\\/\\\/www.eldiario.net\\\/portal\\\/#website\",\"url\":\"https:\\\/\\\/www.eldiario.net\\\/portal\\\/\",\"name\":\"El Diario - Decano de la prensa nacional\",\"description\":\"El Diario - Decano de la prensa nacional\",\"publisher\":{\"@id\":\"https:\\\/\\\/www.eldiario.net\\\/portal\\\/#organization\"},\"potentialAction\":[{\"@type\":\"SearchAction\",\"target\":{\"@type\":\"EntryPoint\",\"urlTemplate\":\"https:\\\/\\\/www.eldiario.net\\\/portal\\\/?s={search_term_string}\"},\"query-input\":{\"@type\":\"PropertyValueSpecification\",\"valueRequired\":true,\"valueName\":\"search_term_string\"}}],\"inLanguage\":\"es\"},{\"@type\":\"Organization\",\"@id\":\"https:\\\/\\\/www.eldiario.net\\\/portal\\\/#organization\",\"name\":\"El Diario - Decano de la prensa nacional\",\"url\":\"https:\\\/\\\/www.eldiario.net\\\/portal\\\/\",\"logo\":{\"@type\":\"ImageObject\",\"inLanguage\":\"es\",\"@id\":\"https:\\\/\\\/www.eldiario.net\\\/portal\\\/#\\\/schema\\\/logo\\\/image\\\/\",\"url\":\"https:\\\/\\\/www.eldiario.net\\\/portal\\\/wp-content\\\/uploads\\\/2023\\\/07\\\/logo_ED.jpg\",\"contentUrl\":\"https:\\\/\\\/www.eldiario.net\\\/portal\\\/wp-content\\\/uploads\\\/2023\\\/07\\\/logo_ED.jpg\",\"width\":272,\"height\":52,\"caption\":\"El Diario - Decano de la prensa nacional\"},\"image\":{\"@id\":\"https:\\\/\\\/www.eldiario.net\\\/portal\\\/#\\\/schema\\\/logo\\\/image\\\/\"},\"sameAs\":[\"https:\\\/\\\/www.facebook.com\\\/eldiario.bolivia\\\/\",\"https:\\\/\\\/x.com\\\/eldiario_net\"]},{\"@type\":\"Person\",\"@id\":\"https:\\\/\\\/www.eldiario.net\\\/portal\\\/#\\\/schema\\\/person\\\/f46445640444750d7d753ccd04ae01b7\",\"name\":\"Jeanette\",\"image\":{\"@type\":\"ImageObject\",\"inLanguage\":\"es\",\"@id\":\"https:\\\/\\\/secure.gravatar.com\\\/avatar\\\/3ea2118a5f7dad2b7138b1187a6b7ee55f160b9968b66013c3a3ef39dd7e5798?s=96&d=mm&r=g\",\"url\":\"https:\\\/\\\/secure.gravatar.com\\\/avatar\\\/3ea2118a5f7dad2b7138b1187a6b7ee55f160b9968b66013c3a3ef39dd7e5798?s=96&d=mm&r=g\",\"contentUrl\":\"https:\\\/\\\/secure.gravatar.com\\\/avatar\\\/3ea2118a5f7dad2b7138b1187a6b7ee55f160b9968b66013c3a3ef39dd7e5798?s=96&d=mm&r=g\",\"caption\":\"Jeanette\"},\"sameAs\":[\"https:\\\/\\\/www.eldiario.net\\\/portal\"],\"url\":\"https:\\\/\\\/www.eldiario.net\\\/portal\\\/author\\\/jeanette\\\/\"}]}<\/script>\n<!-- \/ Yoast SEO plugin. -->","yoast_head_json":{"title":"Juez Amaru tiene el expediente para procesar a A\u00f1ez en la v\u00eda ordinaria - El Diario - Bolivia","robots":{"index":"index","follow":"follow","max-snippet":"max-snippet:-1","max-image-preview":"max-image-preview:large","max-video-preview":"max-video-preview:-1"},"canonical":"https:\/\/www.eldiario.net\/portal\/2023\/03\/07\/juez-amaru-tiene-el-expediente-para-procesar-a-anez-en-la-via-ordinaria\/","og_locale":"es_ES","og_type":"article","og_title":"Juez Amaru tiene el expediente para procesar a A\u00f1ez en la v\u00eda ordinaria - El Diario - Bolivia","og_description":"El Tribunal Supremo de Justicia (TSJ) remiti\u00f3 los antecedentes del caso Senkata al juez del Juzgado Primero de Instrucci\u00f3n Penal de El Alto, Marco Amaru, para que la expresidenta del Estado, Jeanine A\u00f1ez, sea procesada en la v\u00eda ordinaria, por decisiones que tom\u00f3 cuando estaba al mando del pa\u00eds. El abogado Luis Guill\u00e9n que patrocina [&hellip;]","og_url":"https:\/\/www.eldiario.net\/portal\/2023\/03\/07\/juez-amaru-tiene-el-expediente-para-procesar-a-anez-en-la-via-ordinaria\/","og_site_name":"El Diario - Bolivia","article_publisher":"https:\/\/www.facebook.com\/eldiario.bolivia\/","article_published_time":"2023-03-07T10:05:25+00:00","author":"Jeanette","twitter_card":"summary_large_image","twitter_creator":"@eldiario_net","twitter_site":"@eldiario_net","twitter_misc":{"Escrito por":"Jeanette","Tiempo de lectura":"2 minutos"},"schema":{"@context":"https:\/\/schema.org","@graph":[{"@type":"Article","@id":"https:\/\/www.eldiario.net\/portal\/2023\/03\/07\/juez-amaru-tiene-el-expediente-para-procesar-a-anez-en-la-via-ordinaria\/#article","isPartOf":{"@id":"https:\/\/www.eldiario.net\/portal\/2023\/03\/07\/juez-amaru-tiene-el-expediente-para-procesar-a-anez-en-la-via-ordinaria\/"},"author":{"name":"Jeanette","@id":"https:\/\/www.eldiario.net\/portal\/#\/schema\/person\/f46445640444750d7d753ccd04ae01b7"},"headline":"Juez Amaru tiene el expediente para procesar a A\u00f1ez en la v\u00eda ordinaria","datePublished":"2023-03-07T10:05:25+00:00","mainEntityOfPage":{"@id":"https:\/\/www.eldiario.net\/portal\/2023\/03\/07\/juez-amaru-tiene-el-expediente-para-procesar-a-anez-en-la-via-ordinaria\/"},"wordCount":401,"publisher":{"@id":"https:\/\/www.eldiario.net\/portal\/#organization"},"image":{"@id":"https:\/\/www.eldiario.net\/portal\/2023\/03\/07\/juez-amaru-tiene-el-expediente-para-procesar-a-anez-en-la-via-ordinaria\/#primaryimage"},"thumbnailUrl":"","articleSection":["Sociedad - Seguridad"],"inLanguage":"es"},{"@type":"WebPage","@id":"https:\/\/www.eldiario.net\/portal\/2023\/03\/07\/juez-amaru-tiene-el-expediente-para-procesar-a-anez-en-la-via-ordinaria\/","url":"https:\/\/www.eldiario.net\/portal\/2023\/03\/07\/juez-amaru-tiene-el-expediente-para-procesar-a-anez-en-la-via-ordinaria\/","name":"Juez Amaru tiene el expediente para procesar a A\u00f1ez en la v\u00eda ordinaria - El Diario - Bolivia","isPartOf":{"@id":"https:\/\/www.eldiario.net\/portal\/#website"},"primaryImageOfPage":{"@id":"https:\/\/www.eldiario.net\/portal\/2023\/03\/07\/juez-amaru-tiene-el-expediente-para-procesar-a-anez-en-la-via-ordinaria\/#primaryimage"},"image":{"@id":"https:\/\/www.eldiario.net\/portal\/2023\/03\/07\/juez-amaru-tiene-el-expediente-para-procesar-a-anez-en-la-via-ordinaria\/#primaryimage"},"thumbnailUrl":"","datePublished":"2023-03-07T10:05:25+00:00","breadcrumb":{"@id":"https:\/\/www.eldiario.net\/portal\/2023\/03\/07\/juez-amaru-tiene-el-expediente-para-procesar-a-anez-en-la-via-ordinaria\/#breadcrumb"},"inLanguage":"es","potentialAction":[{"@type":"ReadAction","target":["https:\/\/www.eldiario.net\/portal\/2023\/03\/07\/juez-amaru-tiene-el-expediente-para-procesar-a-anez-en-la-via-ordinaria\/"]}]},{"@type":"ImageObject","inLanguage":"es","@id":"https:\/\/www.eldiario.net\/portal\/2023\/03\/07\/juez-amaru-tiene-el-expediente-para-procesar-a-anez-en-la-via-ordinaria\/#primaryimage","url":"","contentUrl":""},{"@type":"BreadcrumbList","@id":"https:\/\/www.eldiario.net\/portal\/2023\/03\/07\/juez-amaru-tiene-el-expediente-para-procesar-a-anez-en-la-via-ordinaria\/#breadcrumb","itemListElement":[{"@type":"ListItem","position":1,"name":"Portada","item":"https:\/\/www.eldiario.net\/portal\/"},{"@type":"ListItem","position":2,"name":"Juez Amaru tiene el expediente para procesar a A\u00f1ez en la v\u00eda ordinaria"}]},{"@type":"WebSite","@id":"https:\/\/www.eldiario.net\/portal\/#website","url":"https:\/\/www.eldiario.net\/portal\/","name":"El Diario - Decano de la prensa nacional","description":"El Diario - Decano de la prensa nacional","publisher":{"@id":"https:\/\/www.eldiario.net\/portal\/#organization"},"potentialAction":[{"@type":"SearchAction","target":{"@type":"EntryPoint","urlTemplate":"https:\/\/www.eldiario.net\/portal\/?s={search_term_string}"},"query-input":{"@type":"PropertyValueSpecification","valueRequired":true,"valueName":"search_term_string"}}],"inLanguage":"es"},{"@type":"Organization","@id":"https:\/\/www.eldiario.net\/portal\/#organization","name":"El Diario - Decano de la prensa nacional","url":"https:\/\/www.eldiario.net\/portal\/","logo":{"@type":"ImageObject","inLanguage":"es","@id":"https:\/\/www.eldiario.net\/portal\/#\/schema\/logo\/image\/","url":"https:\/\/www.eldiario.net\/portal\/wp-content\/uploads\/2023\/07\/logo_ED.jpg","contentUrl":"https:\/\/www.eldiario.net\/portal\/wp-content\/uploads\/2023\/07\/logo_ED.jpg","width":272,"height":52,"caption":"El Diario - Decano de la prensa nacional"},"image":{"@id":"https:\/\/www.eldiario.net\/portal\/#\/schema\/logo\/image\/"},"sameAs":["https:\/\/www.facebook.com\/eldiario.bolivia\/","https:\/\/x.com\/eldiario_net"]},{"@type":"Person","@id":"https:\/\/www.eldiario.net\/portal\/#\/schema\/person\/f46445640444750d7d753ccd04ae01b7","name":"Jeanette","image":{"@type":"ImageObject","inLanguage":"es","@id":"https:\/\/secure.gravatar.com\/avatar\/3ea2118a5f7dad2b7138b1187a6b7ee55f160b9968b66013c3a3ef39dd7e5798?s=96&d=mm&r=g","url":"https:\/\/secure.gravatar.com\/avatar\/3ea2118a5f7dad2b7138b1187a6b7ee55f160b9968b66013c3a3ef39dd7e5798?s=96&d=mm&r=g","contentUrl":"https:\/\/secure.gravatar.com\/avatar\/3ea2118a5f7dad2b7138b1187a6b7ee55f160b9968b66013c3a3ef39dd7e5798?s=96&d=mm&r=g","caption":"Jeanette"},"sameAs":["https:\/\/www.eldiario.net\/portal"],"url":"https:\/\/www.eldiario.net\/portal\/author\/jeanette\/"}]}},"_links":{"self":[{"href":"https:\/\/www.eldiario.net\/portal\/wp-json\/wp\/v2\/posts\/141752","targetHints":{"allow":["GET"]}}],"collection":[{"href":"https:\/\/www.eldiario.net\/portal\/wp-json\/wp\/v2\/posts"}],"about":[{"href":"https:\/\/www.eldiario.net\/portal\/wp-json\/wp\/v2\/types\/post"}],"author":[{"embeddable":true,"href":"https:\/\/www.eldiario.net\/portal\/wp-json\/wp\/v2\/users\/1"}],"replies":[{"embeddable":true,"href":"https:\/\/www.eldiario.net\/portal\/wp-json\/wp\/v2\/comments?post=141752"}],"version-history":[{"count":0,"href":"https:\/\/www.eldiario.net\/portal\/wp-json\/wp\/v2\/posts\/141752\/revisions"}],"wp:attachment":[{"href":"https:\/\/www.eldiario.net\/portal\/wp-json\/wp\/v2\/media?parent=141752"}],"wp:term":[{"taxonomy":"category","embeddable":true,"href":"https:\/\/www.eldiario.net\/portal\/wp-json\/wp\/v2\/categories?post=141752"},{"taxonomy":"post_tag","embeddable":true,"href":"https:\/\/www.eldiario.net\/portal\/wp-json\/wp\/v2\/tags?post=141752"}],"curies":[{"name":"wp","href":"https:\/\/api.w.org\/{rel}","templated":true}]}}