{"id":141743,"date":"2023-03-07T06:02:07","date_gmt":"2023-03-07T10:02:07","guid":{"rendered":"https:\/\/www.eldiario.net\/portal\/?p=141743"},"modified":"2023-03-07T06:02:07","modified_gmt":"2023-03-07T10:02:07","slug":"cochabamba-queda-cercada-por-bloqueos-en-via-al-oriente-y-occidente","status":"publish","type":"post","link":"https:\/\/www.eldiario.net\/portal\/2023\/03\/07\/cochabamba-queda-cercada-por-bloqueos-en-via-al-oriente-y-occidente\/","title":{"rendered":"Cochabamba queda cercada por  bloqueos en v\u00eda al oriente y occidente"},"content":{"rendered":"<p>El departamento de Cochabamba se encuentra pr\u00e1cticamente cercado debido a bloqueos que se han instalado en las carreteras al oriente y el occidente del pa\u00eds.<\/p>\n<p>El primer bloqueo se instal\u00f3 hace aproximadamente cuatro d\u00edas en la ruta nueva entre Cochabamba y Santa Cruz, a la altura de Locotal, donde choferes colocaron piedras, tierra y sogas sobre la v\u00eda para impedir el paso de los veh\u00edculos.<\/p>\n<p>El conflicto se suscita entre transportistas libres y federados que realizan viajes hacia el sector del Tr\u00f3pico cochabambino, lo cual ha provocado que se formen largas filas de veh\u00edculos sobre esta importante ruta troncal.<\/p>\n<p>Camiones, buses, veh\u00edculos livianos y particulares, han quedado varados sin poder transitar a la espera de una posible soluci\u00f3n por parte de las autoridades correspondientes.<\/p>\n<p>Debido a esta medida de presi\u00f3n, desde la Terminal de Buses de han informado que los viajes al oriente del pa\u00eds se realizan \u00fanicamente por la carretera antigua, sin embargo, la ruta por ese sector es m\u00e1s larga, raz\u00f3n por la cual las empresas han incrementado el precio de los pasajes.<\/p>\n<p>El segundo bloqueo se instal\u00f3 el kil\u00f3metro 20 hacia el occidente del pa\u00eds, entre los municipios de Vinto y Sipe Sipe, donde pobladores han cerrado la v\u00eda con varios objetos que impiden la transitabilidad.<\/p>\n<p>Los comunarios denuncian que la Alcald\u00eda de Sipe Sipe pretende construir una planta de l\u00e1cteos en la zona donde se encuentra su sede, lo cual es rechazado por el sector.<\/p>\n<p>Las personas aseguran que la medida de presi\u00f3n es indefinida, por lo que esperan que la Gobernaci\u00f3n pueda intervenir y mediar el conflicto para poder llegar a un acuerdo. (Cochabamba, agencias)<\/p>\n","protected":false},"excerpt":{"rendered":"<p>El departamento de Cochabamba se encuentra pr\u00e1cticamente cercado debido a bloqueos que se han instalado en las carreteras al oriente y el occidente del pa\u00eds. El primer bloqueo se instal\u00f3 hace aproximadamente cuatro d\u00edas en la ruta nueva entre Cochabamba y Santa Cruz, a la altura de Locotal, donde choferes colocaron piedras, tierra y sogas [&hellip;]<\/p>\n","protected":false},"author":1,"featured_media":141744,"comment_status":"closed","ping_status":"closed","sticky":false,"template":"","format":"standard","meta":{"_acf_changed":false,"footnotes":""},"categories":[12],"tags":[],"class_list":["post-141743","post","type-post","status-publish","format-standard","has-post-thumbnail","category-nacional"],"acf":{"antetitulo":""},"yoast_head":"<!-- This site is optimized with the Yoast SEO plugin v28.3 - https:\/\/yoast.com\/product\/yoast-seo-wordpress\/ -->\n<title>Cochabamba queda cercada por bloqueos en v\u00eda al oriente y occidente - El Diario - Bolivia<\/title>\n<meta name=\"robots\" content=\"index, follow, max-snippet:-1, max-image-preview:large, max-video-preview:-1\" \/>\n<link rel=\"canonical\" href=\"https:\/\/www.eldiario.net\/portal\/2023\/03\/07\/cochabamba-queda-cercada-por-bloqueos-en-via-al-oriente-y-occidente\/\" \/>\n<meta property=\"og:locale\" content=\"es_ES\" \/>\n<meta property=\"og:type\" content=\"article\" \/>\n<meta property=\"og:title\" content=\"Cochabamba queda cercada por bloqueos en v\u00eda al oriente y occidente - El Diario - Bolivia\" \/>\n<meta property=\"og:description\" content=\"El departamento de Cochabamba se encuentra pr\u00e1cticamente cercado debido a bloqueos que se han instalado en las carreteras al oriente y el occidente del pa\u00eds. El primer bloqueo se instal\u00f3 hace aproximadamente cuatro d\u00edas en la ruta nueva entre Cochabamba y Santa Cruz, a la altura de Locotal, donde choferes colocaron piedras, tierra y sogas [&hellip;]\" \/>\n<meta property=\"og:url\" content=\"https:\/\/www.eldiario.net\/portal\/2023\/03\/07\/cochabamba-queda-cercada-por-bloqueos-en-via-al-oriente-y-occidente\/\" \/>\n<meta property=\"og:site_name\" content=\"El Diario - Bolivia\" \/>\n<meta property=\"article:publisher\" content=\"https:\/\/www.facebook.com\/eldiario.bolivia\/\" \/>\n<meta property=\"article:published_time\" content=\"2023-03-07T10:02:07+00:00\" \/>\n<meta property=\"og:image\" content=\"https:\/\/www.eldiario.net\/portal\/wp-content\/uploads\/2023\/03\/bloqueo-foto.jpg\" \/>\n\t<meta property=\"og:image:width\" content=\"1020\" \/>\n\t<meta property=\"og:image:height\" content=\"680\" \/>\n\t<meta property=\"og:image:type\" content=\"image\/jpeg\" \/>\n<meta name=\"author\" content=\"Jeanette\" \/>\n<meta name=\"twitter:card\" content=\"summary_large_image\" \/>\n<meta name=\"twitter:creator\" content=\"@eldiario_net\" \/>\n<meta name=\"twitter:site\" content=\"@eldiario_net\" \/>\n<meta name=\"twitter:label1\" content=\"Escrito por\" \/>\n\t<meta name=\"twitter:data1\" content=\"Jeanette\" \/>\n\t<meta name=\"twitter:label2\" content=\"Tiempo de lectura\" \/>\n\t<meta name=\"twitter:data2\" content=\"2 minutos\" \/>\n<script type=\"application\/ld+json\" class=\"yoast-schema-graph\">{\"@context\":\"https:\\\/\\\/schema.org\",\"@graph\":[{\"@type\":\"Article\",\"@id\":\"https:\\\/\\\/www.eldiario.net\\\/portal\\\/2023\\\/03\\\/07\\\/cochabamba-queda-cercada-por-bloqueos-en-via-al-oriente-y-occidente\\\/#article\",\"isPartOf\":{\"@id\":\"https:\\\/\\\/www.eldiario.net\\\/portal\\\/2023\\\/03\\\/07\\\/cochabamba-queda-cercada-por-bloqueos-en-via-al-oriente-y-occidente\\\/\"},\"author\":{\"name\":\"Jeanette\",\"@id\":\"https:\\\/\\\/www.eldiario.net\\\/portal\\\/#\\\/schema\\\/person\\\/f46445640444750d7d753ccd04ae01b7\"},\"headline\":\"Cochabamba queda cercada por bloqueos en v\u00eda al oriente y occidente\",\"datePublished\":\"2023-03-07T10:02:07+00:00\",\"mainEntityOfPage\":{\"@id\":\"https:\\\/\\\/www.eldiario.net\\\/portal\\\/2023\\\/03\\\/07\\\/cochabamba-queda-cercada-por-bloqueos-en-via-al-oriente-y-occidente\\\/\"},\"wordCount\":301,\"publisher\":{\"@id\":\"https:\\\/\\\/www.eldiario.net\\\/portal\\\/#organization\"},\"image\":{\"@id\":\"https:\\\/\\\/www.eldiario.net\\\/portal\\\/2023\\\/03\\\/07\\\/cochabamba-queda-cercada-por-bloqueos-en-via-al-oriente-y-occidente\\\/#primaryimage\"},\"thumbnailUrl\":\"https:\\\/\\\/www.eldiario.net\\\/portal\\\/wp-content\\\/uploads\\\/2023\\\/03\\\/bloqueo-foto.jpg\",\"articleSection\":[\"Nacional\"],\"inLanguage\":\"es\"},{\"@type\":\"WebPage\",\"@id\":\"https:\\\/\\\/www.eldiario.net\\\/portal\\\/2023\\\/03\\\/07\\\/cochabamba-queda-cercada-por-bloqueos-en-via-al-oriente-y-occidente\\\/\",\"url\":\"https:\\\/\\\/www.eldiario.net\\\/portal\\\/2023\\\/03\\\/07\\\/cochabamba-queda-cercada-por-bloqueos-en-via-al-oriente-y-occidente\\\/\",\"name\":\"Cochabamba queda cercada por bloqueos en v\u00eda al oriente y occidente - El Diario - Bolivia\",\"isPartOf\":{\"@id\":\"https:\\\/\\\/www.eldiario.net\\\/portal\\\/#website\"},\"primaryImageOfPage\":{\"@id\":\"https:\\\/\\\/www.eldiario.net\\\/portal\\\/2023\\\/03\\\/07\\\/cochabamba-queda-cercada-por-bloqueos-en-via-al-oriente-y-occidente\\\/#primaryimage\"},\"image\":{\"@id\":\"https:\\\/\\\/www.eldiario.net\\\/portal\\\/2023\\\/03\\\/07\\\/cochabamba-queda-cercada-por-bloqueos-en-via-al-oriente-y-occidente\\\/#primaryimage\"},\"thumbnailUrl\":\"https:\\\/\\\/www.eldiario.net\\\/portal\\\/wp-content\\\/uploads\\\/2023\\\/03\\\/bloqueo-foto.jpg\",\"datePublished\":\"2023-03-07T10:02:07+00:00\",\"breadcrumb\":{\"@id\":\"https:\\\/\\\/www.eldiario.net\\\/portal\\\/2023\\\/03\\\/07\\\/cochabamba-queda-cercada-por-bloqueos-en-via-al-oriente-y-occidente\\\/#breadcrumb\"},\"inLanguage\":\"es\",\"potentialAction\":[{\"@type\":\"ReadAction\",\"target\":[\"https:\\\/\\\/www.eldiario.net\\\/portal\\\/2023\\\/03\\\/07\\\/cochabamba-queda-cercada-por-bloqueos-en-via-al-oriente-y-occidente\\\/\"]}]},{\"@type\":\"ImageObject\",\"inLanguage\":\"es\",\"@id\":\"https:\\\/\\\/www.eldiario.net\\\/portal\\\/2023\\\/03\\\/07\\\/cochabamba-queda-cercada-por-bloqueos-en-via-al-oriente-y-occidente\\\/#primaryimage\",\"url\":\"https:\\\/\\\/www.eldiario.net\\\/portal\\\/wp-content\\\/uploads\\\/2023\\\/03\\\/bloqueo-foto.jpg\",\"contentUrl\":\"https:\\\/\\\/www.eldiario.net\\\/portal\\\/wp-content\\\/uploads\\\/2023\\\/03\\\/bloqueo-foto.jpg\",\"width\":1020,\"height\":680,\"caption\":\"Pobladores de Sipe Sipe instalan un bloqueo. Foto: Alejandra Verduguez\"},{\"@type\":\"BreadcrumbList\",\"@id\":\"https:\\\/\\\/www.eldiario.net\\\/portal\\\/2023\\\/03\\\/07\\\/cochabamba-queda-cercada-por-bloqueos-en-via-al-oriente-y-occidente\\\/#breadcrumb\",\"itemListElement\":[{\"@type\":\"ListItem\",\"position\":1,\"name\":\"Portada\",\"item\":\"https:\\\/\\\/www.eldiario.net\\\/portal\\\/\"},{\"@type\":\"ListItem\",\"position\":2,\"name\":\"Cochabamba queda cercada por bloqueos en v\u00eda al oriente y occidente\"}]},{\"@type\":\"WebSite\",\"@id\":\"https:\\\/\\\/www.eldiario.net\\\/portal\\\/#website\",\"url\":\"https:\\\/\\\/www.eldiario.net\\\/portal\\\/\",\"name\":\"El Diario - Decano de la prensa nacional\",\"description\":\"El Diario - Decano de la prensa nacional\",\"publisher\":{\"@id\":\"https:\\\/\\\/www.eldiario.net\\\/portal\\\/#organization\"},\"potentialAction\":[{\"@type\":\"SearchAction\",\"target\":{\"@type\":\"EntryPoint\",\"urlTemplate\":\"https:\\\/\\\/www.eldiario.net\\\/portal\\\/?s={search_term_string}\"},\"query-input\":{\"@type\":\"PropertyValueSpecification\",\"valueRequired\":true,\"valueName\":\"search_term_string\"}}],\"inLanguage\":\"es\"},{\"@type\":\"Organization\",\"@id\":\"https:\\\/\\\/www.eldiario.net\\\/portal\\\/#organization\",\"name\":\"El Diario - Decano de la prensa nacional\",\"url\":\"https:\\\/\\\/www.eldiario.net\\\/portal\\\/\",\"logo\":{\"@type\":\"ImageObject\",\"inLanguage\":\"es\",\"@id\":\"https:\\\/\\\/www.eldiario.net\\\/portal\\\/#\\\/schema\\\/logo\\\/image\\\/\",\"url\":\"https:\\\/\\\/www.eldiario.net\\\/portal\\\/wp-content\\\/uploads\\\/2023\\\/07\\\/logo_ED.jpg\",\"contentUrl\":\"https:\\\/\\\/www.eldiario.net\\\/portal\\\/wp-content\\\/uploads\\\/2023\\\/07\\\/logo_ED.jpg\",\"width\":272,\"height\":52,\"caption\":\"El Diario - Decano de la prensa nacional\"},\"image\":{\"@id\":\"https:\\\/\\\/www.eldiario.net\\\/portal\\\/#\\\/schema\\\/logo\\\/image\\\/\"},\"sameAs\":[\"https:\\\/\\\/www.facebook.com\\\/eldiario.bolivia\\\/\",\"https:\\\/\\\/x.com\\\/eldiario_net\"]},{\"@type\":\"Person\",\"@id\":\"https:\\\/\\\/www.eldiario.net\\\/portal\\\/#\\\/schema\\\/person\\\/f46445640444750d7d753ccd04ae01b7\",\"name\":\"Jeanette\",\"image\":{\"@type\":\"ImageObject\",\"inLanguage\":\"es\",\"@id\":\"https:\\\/\\\/secure.gravatar.com\\\/avatar\\\/3ea2118a5f7dad2b7138b1187a6b7ee55f160b9968b66013c3a3ef39dd7e5798?s=96&d=mm&r=g\",\"url\":\"https:\\\/\\\/secure.gravatar.com\\\/avatar\\\/3ea2118a5f7dad2b7138b1187a6b7ee55f160b9968b66013c3a3ef39dd7e5798?s=96&d=mm&r=g\",\"contentUrl\":\"https:\\\/\\\/secure.gravatar.com\\\/avatar\\\/3ea2118a5f7dad2b7138b1187a6b7ee55f160b9968b66013c3a3ef39dd7e5798?s=96&d=mm&r=g\",\"caption\":\"Jeanette\"},\"sameAs\":[\"https:\\\/\\\/www.eldiario.net\\\/portal\"],\"url\":\"https:\\\/\\\/www.eldiario.net\\\/portal\\\/author\\\/jeanette\\\/\"}]}<\/script>\n<!-- \/ Yoast SEO plugin. -->","yoast_head_json":{"title":"Cochabamba queda cercada por bloqueos en v\u00eda al oriente y occidente - El Diario - Bolivia","robots":{"index":"index","follow":"follow","max-snippet":"max-snippet:-1","max-image-preview":"max-image-preview:large","max-video-preview":"max-video-preview:-1"},"canonical":"https:\/\/www.eldiario.net\/portal\/2023\/03\/07\/cochabamba-queda-cercada-por-bloqueos-en-via-al-oriente-y-occidente\/","og_locale":"es_ES","og_type":"article","og_title":"Cochabamba queda cercada por bloqueos en v\u00eda al oriente y occidente - El Diario - Bolivia","og_description":"El departamento de Cochabamba se encuentra pr\u00e1cticamente cercado debido a bloqueos que se han instalado en las carreteras al oriente y el occidente del pa\u00eds. El primer bloqueo se instal\u00f3 hace aproximadamente cuatro d\u00edas en la ruta nueva entre Cochabamba y Santa Cruz, a la altura de Locotal, donde choferes colocaron piedras, tierra y sogas [&hellip;]","og_url":"https:\/\/www.eldiario.net\/portal\/2023\/03\/07\/cochabamba-queda-cercada-por-bloqueos-en-via-al-oriente-y-occidente\/","og_site_name":"El Diario - Bolivia","article_publisher":"https:\/\/www.facebook.com\/eldiario.bolivia\/","article_published_time":"2023-03-07T10:02:07+00:00","og_image":[{"width":1020,"height":680,"url":"https:\/\/www.eldiario.net\/portal\/wp-content\/uploads\/2023\/03\/bloqueo-foto.jpg","type":"image\/jpeg"}],"author":"Jeanette","twitter_card":"summary_large_image","twitter_creator":"@eldiario_net","twitter_site":"@eldiario_net","twitter_misc":{"Escrito por":"Jeanette","Tiempo de lectura":"2 minutos"},"schema":{"@context":"https:\/\/schema.org","@graph":[{"@type":"Article","@id":"https:\/\/www.eldiario.net\/portal\/2023\/03\/07\/cochabamba-queda-cercada-por-bloqueos-en-via-al-oriente-y-occidente\/#article","isPartOf":{"@id":"https:\/\/www.eldiario.net\/portal\/2023\/03\/07\/cochabamba-queda-cercada-por-bloqueos-en-via-al-oriente-y-occidente\/"},"author":{"name":"Jeanette","@id":"https:\/\/www.eldiario.net\/portal\/#\/schema\/person\/f46445640444750d7d753ccd04ae01b7"},"headline":"Cochabamba queda cercada por bloqueos en v\u00eda al oriente y occidente","datePublished":"2023-03-07T10:02:07+00:00","mainEntityOfPage":{"@id":"https:\/\/www.eldiario.net\/portal\/2023\/03\/07\/cochabamba-queda-cercada-por-bloqueos-en-via-al-oriente-y-occidente\/"},"wordCount":301,"publisher":{"@id":"https:\/\/www.eldiario.net\/portal\/#organization"},"image":{"@id":"https:\/\/www.eldiario.net\/portal\/2023\/03\/07\/cochabamba-queda-cercada-por-bloqueos-en-via-al-oriente-y-occidente\/#primaryimage"},"thumbnailUrl":"https:\/\/www.eldiario.net\/portal\/wp-content\/uploads\/2023\/03\/bloqueo-foto.jpg","articleSection":["Nacional"],"inLanguage":"es"},{"@type":"WebPage","@id":"https:\/\/www.eldiario.net\/portal\/2023\/03\/07\/cochabamba-queda-cercada-por-bloqueos-en-via-al-oriente-y-occidente\/","url":"https:\/\/www.eldiario.net\/portal\/2023\/03\/07\/cochabamba-queda-cercada-por-bloqueos-en-via-al-oriente-y-occidente\/","name":"Cochabamba queda cercada por bloqueos en v\u00eda al oriente y occidente - El Diario - Bolivia","isPartOf":{"@id":"https:\/\/www.eldiario.net\/portal\/#website"},"primaryImageOfPage":{"@id":"https:\/\/www.eldiario.net\/portal\/2023\/03\/07\/cochabamba-queda-cercada-por-bloqueos-en-via-al-oriente-y-occidente\/#primaryimage"},"image":{"@id":"https:\/\/www.eldiario.net\/portal\/2023\/03\/07\/cochabamba-queda-cercada-por-bloqueos-en-via-al-oriente-y-occidente\/#primaryimage"},"thumbnailUrl":"https:\/\/www.eldiario.net\/portal\/wp-content\/uploads\/2023\/03\/bloqueo-foto.jpg","datePublished":"2023-03-07T10:02:07+00:00","breadcrumb":{"@id":"https:\/\/www.eldiario.net\/portal\/2023\/03\/07\/cochabamba-queda-cercada-por-bloqueos-en-via-al-oriente-y-occidente\/#breadcrumb"},"inLanguage":"es","potentialAction":[{"@type":"ReadAction","target":["https:\/\/www.eldiario.net\/portal\/2023\/03\/07\/cochabamba-queda-cercada-por-bloqueos-en-via-al-oriente-y-occidente\/"]}]},{"@type":"ImageObject","inLanguage":"es","@id":"https:\/\/www.eldiario.net\/portal\/2023\/03\/07\/cochabamba-queda-cercada-por-bloqueos-en-via-al-oriente-y-occidente\/#primaryimage","url":"https:\/\/www.eldiario.net\/portal\/wp-content\/uploads\/2023\/03\/bloqueo-foto.jpg","contentUrl":"https:\/\/www.eldiario.net\/portal\/wp-content\/uploads\/2023\/03\/bloqueo-foto.jpg","width":1020,"height":680,"caption":"Pobladores de Sipe Sipe instalan un bloqueo. Foto: Alejandra Verduguez"},{"@type":"BreadcrumbList","@id":"https:\/\/www.eldiario.net\/portal\/2023\/03\/07\/cochabamba-queda-cercada-por-bloqueos-en-via-al-oriente-y-occidente\/#breadcrumb","itemListElement":[{"@type":"ListItem","position":1,"name":"Portada","item":"https:\/\/www.eldiario.net\/portal\/"},{"@type":"ListItem","position":2,"name":"Cochabamba queda cercada por bloqueos en v\u00eda al oriente y occidente"}]},{"@type":"WebSite","@id":"https:\/\/www.eldiario.net\/portal\/#website","url":"https:\/\/www.eldiario.net\/portal\/","name":"El Diario - Decano de la prensa nacional","description":"El Diario - Decano de la prensa nacional","publisher":{"@id":"https:\/\/www.eldiario.net\/portal\/#organization"},"potentialAction":[{"@type":"SearchAction","target":{"@type":"EntryPoint","urlTemplate":"https:\/\/www.eldiario.net\/portal\/?s={search_term_string}"},"query-input":{"@type":"PropertyValueSpecification","valueRequired":true,"valueName":"search_term_string"}}],"inLanguage":"es"},{"@type":"Organization","@id":"https:\/\/www.eldiario.net\/portal\/#organization","name":"El Diario - Decano de la prensa nacional","url":"https:\/\/www.eldiario.net\/portal\/","logo":{"@type":"ImageObject","inLanguage":"es","@id":"https:\/\/www.eldiario.net\/portal\/#\/schema\/logo\/image\/","url":"https:\/\/www.eldiario.net\/portal\/wp-content\/uploads\/2023\/07\/logo_ED.jpg","contentUrl":"https:\/\/www.eldiario.net\/portal\/wp-content\/uploads\/2023\/07\/logo_ED.jpg","width":272,"height":52,"caption":"El Diario - Decano de la prensa nacional"},"image":{"@id":"https:\/\/www.eldiario.net\/portal\/#\/schema\/logo\/image\/"},"sameAs":["https:\/\/www.facebook.com\/eldiario.bolivia\/","https:\/\/x.com\/eldiario_net"]},{"@type":"Person","@id":"https:\/\/www.eldiario.net\/portal\/#\/schema\/person\/f46445640444750d7d753ccd04ae01b7","name":"Jeanette","image":{"@type":"ImageObject","inLanguage":"es","@id":"https:\/\/secure.gravatar.com\/avatar\/3ea2118a5f7dad2b7138b1187a6b7ee55f160b9968b66013c3a3ef39dd7e5798?s=96&d=mm&r=g","url":"https:\/\/secure.gravatar.com\/avatar\/3ea2118a5f7dad2b7138b1187a6b7ee55f160b9968b66013c3a3ef39dd7e5798?s=96&d=mm&r=g","contentUrl":"https:\/\/secure.gravatar.com\/avatar\/3ea2118a5f7dad2b7138b1187a6b7ee55f160b9968b66013c3a3ef39dd7e5798?s=96&d=mm&r=g","caption":"Jeanette"},"sameAs":["https:\/\/www.eldiario.net\/portal"],"url":"https:\/\/www.eldiario.net\/portal\/author\/jeanette\/"}]}},"_links":{"self":[{"href":"https:\/\/www.eldiario.net\/portal\/wp-json\/wp\/v2\/posts\/141743","targetHints":{"allow":["GET"]}}],"collection":[{"href":"https:\/\/www.eldiario.net\/portal\/wp-json\/wp\/v2\/posts"}],"about":[{"href":"https:\/\/www.eldiario.net\/portal\/wp-json\/wp\/v2\/types\/post"}],"author":[{"embeddable":true,"href":"https:\/\/www.eldiario.net\/portal\/wp-json\/wp\/v2\/users\/1"}],"replies":[{"embeddable":true,"href":"https:\/\/www.eldiario.net\/portal\/wp-json\/wp\/v2\/comments?post=141743"}],"version-history":[{"count":0,"href":"https:\/\/www.eldiario.net\/portal\/wp-json\/wp\/v2\/posts\/141743\/revisions"}],"wp:featuredmedia":[{"embeddable":true,"href":"https:\/\/www.eldiario.net\/portal\/wp-json\/wp\/v2\/media\/141744"}],"wp:attachment":[{"href":"https:\/\/www.eldiario.net\/portal\/wp-json\/wp\/v2\/media?parent=141743"}],"wp:term":[{"taxonomy":"category","embeddable":true,"href":"https:\/\/www.eldiario.net\/portal\/wp-json\/wp\/v2\/categories?post=141743"},{"taxonomy":"post_tag","embeddable":true,"href":"https:\/\/www.eldiario.net\/portal\/wp-json\/wp\/v2\/tags?post=141743"}],"curies":[{"name":"wp","href":"https:\/\/api.w.org\/{rel}","templated":true}]}}