{"id":141740,"date":"2023-03-07T06:01:25","date_gmt":"2023-03-07T10:01:25","guid":{"rendered":"https:\/\/www.eldiario.net\/portal\/?p=141740"},"modified":"2023-03-07T06:01:25","modified_gmt":"2023-03-07T10:01:25","slug":"sedes-descarta-control-de-la-epidemia-de-dengue-pese-a-descenso-de-casos","status":"publish","type":"post","link":"https:\/\/www.eldiario.net\/portal\/2023\/03\/07\/sedes-descarta-control-de-la-epidemia-de-dengue-pese-a-descenso-de-casos\/","title":{"rendered":"Sedes descarta control de la epidemia  de dengue pese a descenso de casos"},"content":{"rendered":"<p>El Servicio Departamental de Salud (Sedes) inform\u00f3 que pese una ralentizaci\u00f3n en la curva epidemiol\u00f3gica del dengue, Santa Cruz est\u00e1 lejos de tener el control de la epidemia que azota al departamento desde hace semanas.<\/p>\n<p>\u201cEs la segunda semana del a\u00f1o que vemos un menor n\u00famero de casos en relaci\u00f3n a la anterior, es decir una desaceleraci\u00f3n de los casos de dengue, primero se da porque se est\u00e1 haciendo un trabajo arduo para la contenci\u00f3n de la enfermedad y tambi\u00e9n porque los centros de salud han empezado a realizar pruebas r\u00e1pidas de dengue, pero tambi\u00e9n el Ministerio de Salud no permite el reporte de estas pruebas y al no hacerlo no quedan en el n\u00famero de casos diarios, lo que demuestra esta reducci\u00f3n\u201d, indic\u00f3 el gerente de Epidemiolog\u00eda del Sedes, Carlos Hurtado.<\/p>\n<p>Lament\u00f3 que autoridades del Gobierno se\u00f1alen un supuesto control de la enfermedad cuando a\u00fan se tiene una letalidad elevada, una sobre saturaci\u00f3n de servicios de salud y el abandono de la poblaci\u00f3n en cumplir con su rol de corresponsabilidad en la eliminaci\u00f3n y destrucci\u00f3n de criaderos que representa un 80% para prevenir la enfermedad.<\/p>\n<p>Actualmente el \u00edndice de positividad es del 22% y para tener un \u00f3ptimo control, \u00e9ste debe ser menor al 5%, por lo que se prev\u00e9 se necesiten cuatro semanas m\u00e1s para alcanzar este par\u00e1metro.<\/p>\n<p>Santa Cruz capital concentra el 67% del total de casos del departamento, el 89% de los municipios tienen casos positivos y 25 de los 56 municipios est\u00e1n a\u00fan en situaci\u00f3n de epidemia. Los decesos a causa de este mal ya suman a 35, de los cuales 5 est\u00e1n en estudio por confirmar y la mayor incidencia de \u00f3bitos se encuentra en menores de 11 a\u00f1os. (Santa Cruz, agencias)<\/p>\n","protected":false},"excerpt":{"rendered":"<p>El Servicio Departamental de Salud (Sedes) inform\u00f3 que pese una ralentizaci\u00f3n en la curva epidemiol\u00f3gica del dengue, Santa Cruz est\u00e1 lejos de tener el control de la epidemia que azota al departamento desde hace semanas. \u201cEs la segunda semana del a\u00f1o que vemos un menor n\u00famero de casos en relaci\u00f3n a la anterior, es decir [&hellip;]<\/p>\n","protected":false},"author":1,"featured_media":141741,"comment_status":"closed","ping_status":"closed","sticky":false,"template":"","format":"standard","meta":{"_acf_changed":false,"footnotes":""},"categories":[12],"tags":[],"class_list":["post-141740","post","type-post","status-publish","format-standard","has-post-thumbnail","category-nacional"],"acf":{"antetitulo":""},"yoast_head":"<!-- This site is optimized with the Yoast SEO plugin v28.3 - https:\/\/yoast.com\/product\/yoast-seo-wordpress\/ -->\n<title>Sedes descarta control de la epidemia de dengue pese a descenso de casos - El Diario - Bolivia<\/title>\n<meta name=\"robots\" content=\"index, follow, max-snippet:-1, max-image-preview:large, max-video-preview:-1\" \/>\n<link rel=\"canonical\" href=\"https:\/\/www.eldiario.net\/portal\/2023\/03\/07\/sedes-descarta-control-de-la-epidemia-de-dengue-pese-a-descenso-de-casos\/\" \/>\n<meta property=\"og:locale\" content=\"es_ES\" \/>\n<meta property=\"og:type\" content=\"article\" \/>\n<meta property=\"og:title\" content=\"Sedes descarta control de la epidemia de dengue pese a descenso de casos - El Diario - Bolivia\" \/>\n<meta property=\"og:description\" content=\"El Servicio Departamental de Salud (Sedes) inform\u00f3 que pese una ralentizaci\u00f3n en la curva epidemiol\u00f3gica del dengue, Santa Cruz est\u00e1 lejos de tener el control de la epidemia que azota al departamento desde hace semanas. \u201cEs la segunda semana del a\u00f1o que vemos un menor n\u00famero de casos en relaci\u00f3n a la anterior, es decir [&hellip;]\" \/>\n<meta property=\"og:url\" content=\"https:\/\/www.eldiario.net\/portal\/2023\/03\/07\/sedes-descarta-control-de-la-epidemia-de-dengue-pese-a-descenso-de-casos\/\" \/>\n<meta property=\"og:site_name\" content=\"El Diario - Bolivia\" \/>\n<meta property=\"article:publisher\" content=\"https:\/\/www.facebook.com\/eldiario.bolivia\/\" \/>\n<meta property=\"article:published_time\" content=\"2023-03-07T10:01:25+00:00\" \/>\n<meta name=\"author\" content=\"Jeanette\" \/>\n<meta name=\"twitter:card\" content=\"summary_large_image\" \/>\n<meta name=\"twitter:creator\" content=\"@eldiario_net\" \/>\n<meta name=\"twitter:site\" content=\"@eldiario_net\" \/>\n<meta name=\"twitter:label1\" content=\"Escrito por\" \/>\n\t<meta name=\"twitter:data1\" content=\"Jeanette\" \/>\n\t<meta name=\"twitter:label2\" content=\"Tiempo de lectura\" \/>\n\t<meta name=\"twitter:data2\" content=\"2 minutos\" \/>\n<script type=\"application\/ld+json\" class=\"yoast-schema-graph\">{\"@context\":\"https:\\\/\\\/schema.org\",\"@graph\":[{\"@type\":\"Article\",\"@id\":\"https:\\\/\\\/www.eldiario.net\\\/portal\\\/2023\\\/03\\\/07\\\/sedes-descarta-control-de-la-epidemia-de-dengue-pese-a-descenso-de-casos\\\/#article\",\"isPartOf\":{\"@id\":\"https:\\\/\\\/www.eldiario.net\\\/portal\\\/2023\\\/03\\\/07\\\/sedes-descarta-control-de-la-epidemia-de-dengue-pese-a-descenso-de-casos\\\/\"},\"author\":{\"name\":\"Jeanette\",\"@id\":\"https:\\\/\\\/www.eldiario.net\\\/portal\\\/#\\\/schema\\\/person\\\/f46445640444750d7d753ccd04ae01b7\"},\"headline\":\"Sedes descarta control de la epidemia de dengue pese a descenso de casos\",\"datePublished\":\"2023-03-07T10:01:25+00:00\",\"mainEntityOfPage\":{\"@id\":\"https:\\\/\\\/www.eldiario.net\\\/portal\\\/2023\\\/03\\\/07\\\/sedes-descarta-control-de-la-epidemia-de-dengue-pese-a-descenso-de-casos\\\/\"},\"wordCount\":317,\"publisher\":{\"@id\":\"https:\\\/\\\/www.eldiario.net\\\/portal\\\/#organization\"},\"image\":{\"@id\":\"https:\\\/\\\/www.eldiario.net\\\/portal\\\/2023\\\/03\\\/07\\\/sedes-descarta-control-de-la-epidemia-de-dengue-pese-a-descenso-de-casos\\\/#primaryimage\"},\"thumbnailUrl\":\"\",\"articleSection\":[\"Nacional\"],\"inLanguage\":\"es\"},{\"@type\":\"WebPage\",\"@id\":\"https:\\\/\\\/www.eldiario.net\\\/portal\\\/2023\\\/03\\\/07\\\/sedes-descarta-control-de-la-epidemia-de-dengue-pese-a-descenso-de-casos\\\/\",\"url\":\"https:\\\/\\\/www.eldiario.net\\\/portal\\\/2023\\\/03\\\/07\\\/sedes-descarta-control-de-la-epidemia-de-dengue-pese-a-descenso-de-casos\\\/\",\"name\":\"Sedes descarta control de la epidemia de dengue pese a descenso de casos - El Diario - Bolivia\",\"isPartOf\":{\"@id\":\"https:\\\/\\\/www.eldiario.net\\\/portal\\\/#website\"},\"primaryImageOfPage\":{\"@id\":\"https:\\\/\\\/www.eldiario.net\\\/portal\\\/2023\\\/03\\\/07\\\/sedes-descarta-control-de-la-epidemia-de-dengue-pese-a-descenso-de-casos\\\/#primaryimage\"},\"image\":{\"@id\":\"https:\\\/\\\/www.eldiario.net\\\/portal\\\/2023\\\/03\\\/07\\\/sedes-descarta-control-de-la-epidemia-de-dengue-pese-a-descenso-de-casos\\\/#primaryimage\"},\"thumbnailUrl\":\"\",\"datePublished\":\"2023-03-07T10:01:25+00:00\",\"breadcrumb\":{\"@id\":\"https:\\\/\\\/www.eldiario.net\\\/portal\\\/2023\\\/03\\\/07\\\/sedes-descarta-control-de-la-epidemia-de-dengue-pese-a-descenso-de-casos\\\/#breadcrumb\"},\"inLanguage\":\"es\",\"potentialAction\":[{\"@type\":\"ReadAction\",\"target\":[\"https:\\\/\\\/www.eldiario.net\\\/portal\\\/2023\\\/03\\\/07\\\/sedes-descarta-control-de-la-epidemia-de-dengue-pese-a-descenso-de-casos\\\/\"]}]},{\"@type\":\"ImageObject\",\"inLanguage\":\"es\",\"@id\":\"https:\\\/\\\/www.eldiario.net\\\/portal\\\/2023\\\/03\\\/07\\\/sedes-descarta-control-de-la-epidemia-de-dengue-pese-a-descenso-de-casos\\\/#primaryimage\",\"url\":\"\",\"contentUrl\":\"\"},{\"@type\":\"BreadcrumbList\",\"@id\":\"https:\\\/\\\/www.eldiario.net\\\/portal\\\/2023\\\/03\\\/07\\\/sedes-descarta-control-de-la-epidemia-de-dengue-pese-a-descenso-de-casos\\\/#breadcrumb\",\"itemListElement\":[{\"@type\":\"ListItem\",\"position\":1,\"name\":\"Portada\",\"item\":\"https:\\\/\\\/www.eldiario.net\\\/portal\\\/\"},{\"@type\":\"ListItem\",\"position\":2,\"name\":\"Sedes descarta control de la epidemia de dengue pese a descenso de casos\"}]},{\"@type\":\"WebSite\",\"@id\":\"https:\\\/\\\/www.eldiario.net\\\/portal\\\/#website\",\"url\":\"https:\\\/\\\/www.eldiario.net\\\/portal\\\/\",\"name\":\"El Diario - Decano de la prensa nacional\",\"description\":\"El Diario - Decano de la prensa nacional\",\"publisher\":{\"@id\":\"https:\\\/\\\/www.eldiario.net\\\/portal\\\/#organization\"},\"potentialAction\":[{\"@type\":\"SearchAction\",\"target\":{\"@type\":\"EntryPoint\",\"urlTemplate\":\"https:\\\/\\\/www.eldiario.net\\\/portal\\\/?s={search_term_string}\"},\"query-input\":{\"@type\":\"PropertyValueSpecification\",\"valueRequired\":true,\"valueName\":\"search_term_string\"}}],\"inLanguage\":\"es\"},{\"@type\":\"Organization\",\"@id\":\"https:\\\/\\\/www.eldiario.net\\\/portal\\\/#organization\",\"name\":\"El Diario - Decano de la prensa nacional\",\"url\":\"https:\\\/\\\/www.eldiario.net\\\/portal\\\/\",\"logo\":{\"@type\":\"ImageObject\",\"inLanguage\":\"es\",\"@id\":\"https:\\\/\\\/www.eldiario.net\\\/portal\\\/#\\\/schema\\\/logo\\\/image\\\/\",\"url\":\"https:\\\/\\\/www.eldiario.net\\\/portal\\\/wp-content\\\/uploads\\\/2023\\\/07\\\/logo_ED.jpg\",\"contentUrl\":\"https:\\\/\\\/www.eldiario.net\\\/portal\\\/wp-content\\\/uploads\\\/2023\\\/07\\\/logo_ED.jpg\",\"width\":272,\"height\":52,\"caption\":\"El Diario - Decano de la prensa nacional\"},\"image\":{\"@id\":\"https:\\\/\\\/www.eldiario.net\\\/portal\\\/#\\\/schema\\\/logo\\\/image\\\/\"},\"sameAs\":[\"https:\\\/\\\/www.facebook.com\\\/eldiario.bolivia\\\/\",\"https:\\\/\\\/x.com\\\/eldiario_net\"]},{\"@type\":\"Person\",\"@id\":\"https:\\\/\\\/www.eldiario.net\\\/portal\\\/#\\\/schema\\\/person\\\/f46445640444750d7d753ccd04ae01b7\",\"name\":\"Jeanette\",\"image\":{\"@type\":\"ImageObject\",\"inLanguage\":\"es\",\"@id\":\"https:\\\/\\\/secure.gravatar.com\\\/avatar\\\/3ea2118a5f7dad2b7138b1187a6b7ee55f160b9968b66013c3a3ef39dd7e5798?s=96&d=mm&r=g\",\"url\":\"https:\\\/\\\/secure.gravatar.com\\\/avatar\\\/3ea2118a5f7dad2b7138b1187a6b7ee55f160b9968b66013c3a3ef39dd7e5798?s=96&d=mm&r=g\",\"contentUrl\":\"https:\\\/\\\/secure.gravatar.com\\\/avatar\\\/3ea2118a5f7dad2b7138b1187a6b7ee55f160b9968b66013c3a3ef39dd7e5798?s=96&d=mm&r=g\",\"caption\":\"Jeanette\"},\"sameAs\":[\"https:\\\/\\\/www.eldiario.net\\\/portal\"],\"url\":\"https:\\\/\\\/www.eldiario.net\\\/portal\\\/author\\\/jeanette\\\/\"}]}<\/script>\n<!-- \/ Yoast SEO plugin. -->","yoast_head_json":{"title":"Sedes descarta control de la epidemia de dengue pese a descenso de casos - El Diario - Bolivia","robots":{"index":"index","follow":"follow","max-snippet":"max-snippet:-1","max-image-preview":"max-image-preview:large","max-video-preview":"max-video-preview:-1"},"canonical":"https:\/\/www.eldiario.net\/portal\/2023\/03\/07\/sedes-descarta-control-de-la-epidemia-de-dengue-pese-a-descenso-de-casos\/","og_locale":"es_ES","og_type":"article","og_title":"Sedes descarta control de la epidemia de dengue pese a descenso de casos - El Diario - Bolivia","og_description":"El Servicio Departamental de Salud (Sedes) inform\u00f3 que pese una ralentizaci\u00f3n en la curva epidemiol\u00f3gica del dengue, Santa Cruz est\u00e1 lejos de tener el control de la epidemia que azota al departamento desde hace semanas. \u201cEs la segunda semana del a\u00f1o que vemos un menor n\u00famero de casos en relaci\u00f3n a la anterior, es decir [&hellip;]","og_url":"https:\/\/www.eldiario.net\/portal\/2023\/03\/07\/sedes-descarta-control-de-la-epidemia-de-dengue-pese-a-descenso-de-casos\/","og_site_name":"El Diario - Bolivia","article_publisher":"https:\/\/www.facebook.com\/eldiario.bolivia\/","article_published_time":"2023-03-07T10:01:25+00:00","author":"Jeanette","twitter_card":"summary_large_image","twitter_creator":"@eldiario_net","twitter_site":"@eldiario_net","twitter_misc":{"Escrito por":"Jeanette","Tiempo de lectura":"2 minutos"},"schema":{"@context":"https:\/\/schema.org","@graph":[{"@type":"Article","@id":"https:\/\/www.eldiario.net\/portal\/2023\/03\/07\/sedes-descarta-control-de-la-epidemia-de-dengue-pese-a-descenso-de-casos\/#article","isPartOf":{"@id":"https:\/\/www.eldiario.net\/portal\/2023\/03\/07\/sedes-descarta-control-de-la-epidemia-de-dengue-pese-a-descenso-de-casos\/"},"author":{"name":"Jeanette","@id":"https:\/\/www.eldiario.net\/portal\/#\/schema\/person\/f46445640444750d7d753ccd04ae01b7"},"headline":"Sedes descarta control de la epidemia de dengue pese a descenso de casos","datePublished":"2023-03-07T10:01:25+00:00","mainEntityOfPage":{"@id":"https:\/\/www.eldiario.net\/portal\/2023\/03\/07\/sedes-descarta-control-de-la-epidemia-de-dengue-pese-a-descenso-de-casos\/"},"wordCount":317,"publisher":{"@id":"https:\/\/www.eldiario.net\/portal\/#organization"},"image":{"@id":"https:\/\/www.eldiario.net\/portal\/2023\/03\/07\/sedes-descarta-control-de-la-epidemia-de-dengue-pese-a-descenso-de-casos\/#primaryimage"},"thumbnailUrl":"","articleSection":["Nacional"],"inLanguage":"es"},{"@type":"WebPage","@id":"https:\/\/www.eldiario.net\/portal\/2023\/03\/07\/sedes-descarta-control-de-la-epidemia-de-dengue-pese-a-descenso-de-casos\/","url":"https:\/\/www.eldiario.net\/portal\/2023\/03\/07\/sedes-descarta-control-de-la-epidemia-de-dengue-pese-a-descenso-de-casos\/","name":"Sedes descarta control de la epidemia de dengue pese a descenso de casos - El Diario - Bolivia","isPartOf":{"@id":"https:\/\/www.eldiario.net\/portal\/#website"},"primaryImageOfPage":{"@id":"https:\/\/www.eldiario.net\/portal\/2023\/03\/07\/sedes-descarta-control-de-la-epidemia-de-dengue-pese-a-descenso-de-casos\/#primaryimage"},"image":{"@id":"https:\/\/www.eldiario.net\/portal\/2023\/03\/07\/sedes-descarta-control-de-la-epidemia-de-dengue-pese-a-descenso-de-casos\/#primaryimage"},"thumbnailUrl":"","datePublished":"2023-03-07T10:01:25+00:00","breadcrumb":{"@id":"https:\/\/www.eldiario.net\/portal\/2023\/03\/07\/sedes-descarta-control-de-la-epidemia-de-dengue-pese-a-descenso-de-casos\/#breadcrumb"},"inLanguage":"es","potentialAction":[{"@type":"ReadAction","target":["https:\/\/www.eldiario.net\/portal\/2023\/03\/07\/sedes-descarta-control-de-la-epidemia-de-dengue-pese-a-descenso-de-casos\/"]}]},{"@type":"ImageObject","inLanguage":"es","@id":"https:\/\/www.eldiario.net\/portal\/2023\/03\/07\/sedes-descarta-control-de-la-epidemia-de-dengue-pese-a-descenso-de-casos\/#primaryimage","url":"","contentUrl":""},{"@type":"BreadcrumbList","@id":"https:\/\/www.eldiario.net\/portal\/2023\/03\/07\/sedes-descarta-control-de-la-epidemia-de-dengue-pese-a-descenso-de-casos\/#breadcrumb","itemListElement":[{"@type":"ListItem","position":1,"name":"Portada","item":"https:\/\/www.eldiario.net\/portal\/"},{"@type":"ListItem","position":2,"name":"Sedes descarta control de la epidemia de dengue pese a descenso de casos"}]},{"@type":"WebSite","@id":"https:\/\/www.eldiario.net\/portal\/#website","url":"https:\/\/www.eldiario.net\/portal\/","name":"El Diario - Decano de la prensa nacional","description":"El Diario - Decano de la prensa nacional","publisher":{"@id":"https:\/\/www.eldiario.net\/portal\/#organization"},"potentialAction":[{"@type":"SearchAction","target":{"@type":"EntryPoint","urlTemplate":"https:\/\/www.eldiario.net\/portal\/?s={search_term_string}"},"query-input":{"@type":"PropertyValueSpecification","valueRequired":true,"valueName":"search_term_string"}}],"inLanguage":"es"},{"@type":"Organization","@id":"https:\/\/www.eldiario.net\/portal\/#organization","name":"El Diario - Decano de la prensa nacional","url":"https:\/\/www.eldiario.net\/portal\/","logo":{"@type":"ImageObject","inLanguage":"es","@id":"https:\/\/www.eldiario.net\/portal\/#\/schema\/logo\/image\/","url":"https:\/\/www.eldiario.net\/portal\/wp-content\/uploads\/2023\/07\/logo_ED.jpg","contentUrl":"https:\/\/www.eldiario.net\/portal\/wp-content\/uploads\/2023\/07\/logo_ED.jpg","width":272,"height":52,"caption":"El Diario - Decano de la prensa nacional"},"image":{"@id":"https:\/\/www.eldiario.net\/portal\/#\/schema\/logo\/image\/"},"sameAs":["https:\/\/www.facebook.com\/eldiario.bolivia\/","https:\/\/x.com\/eldiario_net"]},{"@type":"Person","@id":"https:\/\/www.eldiario.net\/portal\/#\/schema\/person\/f46445640444750d7d753ccd04ae01b7","name":"Jeanette","image":{"@type":"ImageObject","inLanguage":"es","@id":"https:\/\/secure.gravatar.com\/avatar\/3ea2118a5f7dad2b7138b1187a6b7ee55f160b9968b66013c3a3ef39dd7e5798?s=96&d=mm&r=g","url":"https:\/\/secure.gravatar.com\/avatar\/3ea2118a5f7dad2b7138b1187a6b7ee55f160b9968b66013c3a3ef39dd7e5798?s=96&d=mm&r=g","contentUrl":"https:\/\/secure.gravatar.com\/avatar\/3ea2118a5f7dad2b7138b1187a6b7ee55f160b9968b66013c3a3ef39dd7e5798?s=96&d=mm&r=g","caption":"Jeanette"},"sameAs":["https:\/\/www.eldiario.net\/portal"],"url":"https:\/\/www.eldiario.net\/portal\/author\/jeanette\/"}]}},"_links":{"self":[{"href":"https:\/\/www.eldiario.net\/portal\/wp-json\/wp\/v2\/posts\/141740","targetHints":{"allow":["GET"]}}],"collection":[{"href":"https:\/\/www.eldiario.net\/portal\/wp-json\/wp\/v2\/posts"}],"about":[{"href":"https:\/\/www.eldiario.net\/portal\/wp-json\/wp\/v2\/types\/post"}],"author":[{"embeddable":true,"href":"https:\/\/www.eldiario.net\/portal\/wp-json\/wp\/v2\/users\/1"}],"replies":[{"embeddable":true,"href":"https:\/\/www.eldiario.net\/portal\/wp-json\/wp\/v2\/comments?post=141740"}],"version-history":[{"count":0,"href":"https:\/\/www.eldiario.net\/portal\/wp-json\/wp\/v2\/posts\/141740\/revisions"}],"wp:attachment":[{"href":"https:\/\/www.eldiario.net\/portal\/wp-json\/wp\/v2\/media?parent=141740"}],"wp:term":[{"taxonomy":"category","embeddable":true,"href":"https:\/\/www.eldiario.net\/portal\/wp-json\/wp\/v2\/categories?post=141740"},{"taxonomy":"post_tag","embeddable":true,"href":"https:\/\/www.eldiario.net\/portal\/wp-json\/wp\/v2\/tags?post=141740"}],"curies":[{"name":"wp","href":"https:\/\/api.w.org\/{rel}","templated":true}]}}