{"id":141652,"date":"2023-03-06T08:23:49","date_gmt":"2023-03-06T12:23:49","guid":{"rendered":"https:\/\/www.eldiario.net\/portal\/?p=141652"},"modified":"2023-03-06T08:23:49","modified_gmt":"2023-03-06T12:23:49","slug":"la-audiencia-contra-malla-curricular-sera-el-8-de-marzo","status":"publish","type":"post","link":"https:\/\/www.eldiario.net\/portal\/2023\/03\/06\/la-audiencia-contra-malla-curricular-sera-el-8-de-marzo\/","title":{"rendered":"La audiencia contra malla  curricular ser\u00e1 el 8 de marzo"},"content":{"rendered":"<p>La audiencia de la Acci\u00f3n Popular contra la malla curricular que se pretende aplicar en esta gesti\u00f3n, fue reprogramada para el mi\u00e9rcoles 8 de marzo de 2023, inform\u00f3 a EL DIARIO el abogado y excandidato a la Defensor\u00eda del Pueblo, Ramiro Carillo.<br \/>\n\u201cEl Ministerio de Educaci\u00f3n ha pedido, en dos oportunidades, suspensi\u00f3n de audiencia porque dec\u00edan que no conoc\u00edan el tenor del plan curricular, por eso reprogramaron la audiencia para el 8 de marzo\u201d, apunt\u00f3 Carillo.<br \/>\nAsimismo asever\u00f3 que a la Acci\u00f3n Popular se adhirieron 37 personas e instituciones, empero la sala penal solo admiti\u00f3 a tres.<br \/>\n\u201cLa sala s\u00f3lo ha permitido que se adhieran tres personas, no permitieron que m\u00e1s personas lo hagan. Hasta el \u00faltimo momento personas del interior del pa\u00eds han presentado memoriales, pero el juez ni siquiera les ha admitido el memorial y decirles que est\u00e9n en la audiencia, los ha rechazado ipso facto y eso no est\u00e1 bien, hemos reclamado pero no hemos tenido respuesta\u201d, lament\u00f3.<br \/>\nCarrillo manifest\u00f3 que con esta acci\u00f3n busca postergar la aplicaci\u00f3n de la malla curricular elaborada por t\u00e9cnicos del Ministerio de Educaci\u00f3n. Asegura que en los contenidos para ni\u00f1os de cuatro y cinco a\u00f1os se alienta a \u201celegir\u201d su sexo impulsando \u201cla expresi\u00f3n de ideas, emociones, sentimientos, placeres y dis-placeres, lo que va a motivar a descubrir su sexualidad perdiendo la inocencia de la ni\u00f1ez, lo peor es que al descubrir a tan corta edad su sexualidad est\u00e1n propensos a ser presas de ped\u00f3filos para satisfacer sus desviaciones sexuales\u201d.<br \/>\nExplic\u00f3 que a ni\u00f1os de cuatro a cinco a\u00f1os se les indicar\u00e1 que no solamente existen dos tipos de sexo, var\u00f3n y mujer \u201cque es lo natural\u201d, sino que hay un tercer sexo o m\u00e1s, y que a esa corta edad se los impulsar\u00e1 a crear un lenguaje inclusivo con \u201crespeto a las dem\u00e1s sexualidades\u201d tanto as\u00ed que las canciones infantiles que se corean en los ciclos iniciales deben contener la aceptaci\u00f3n de otras sexualidades y practicarlas en p\u00fablico.<br \/>\nEl jurista record\u00f3 que la tuici\u00f3n de la formaci\u00f3n de los ni\u00f1os corresponde a los padres y madres y no al \u201cEstado \u00fanicamente a trav\u00e9s de pol\u00edticas que responden a ideolog\u00edas importadas e impuestas\u201d, sobre todo de pa\u00edses de tendencia progresista, que financian este tipo de mallas curriculares en Sudam\u00e9rica.<\/p>\n<p>\u201cGOLPE\u201d<br \/>\nPara Carrillo, otra observaci\u00f3n a los nuevos contenidos y textos elaborados por el r\u00e9gimen del Movimiento al Socialismo (MAS) es la imposici\u00f3n que se hace sobre su versi\u00f3n de los hechos de octubre y noviembre de 2019, que el Ministerio de Educaci\u00f3n califica como \u201cgolpe de Estado\u201d.<br \/>\n\u201cRechazamos esa forma de adoctrinamiento pol\u00edtico para hacer ver al exmandatario Evo Morales como una v\u00edctima de los acontecimientos en los libros de Ciencias Sociales para sexto de secundaria\u201d, dijo.<\/p>\n","protected":false},"excerpt":{"rendered":"<p>La audiencia de la Acci\u00f3n Popular contra la malla curricular que se pretende aplicar en esta gesti\u00f3n, fue reprogramada para el mi\u00e9rcoles 8 de marzo de 2023, inform\u00f3 a EL DIARIO el abogado y excandidato a la Defensor\u00eda del Pueblo, Ramiro Carillo. \u201cEl Ministerio de Educaci\u00f3n ha pedido, en dos oportunidades, suspensi\u00f3n de audiencia porque [&hellip;]<\/p>\n","protected":false},"author":1,"featured_media":0,"comment_status":"closed","ping_status":"closed","sticky":false,"template":"","format":"standard","meta":{"_acf_changed":false,"footnotes":""},"categories":[39],"tags":[],"class_list":["post-141652","post","type-post","status-publish","format-standard","category-sociedad"],"acf":{"antetitulo":""},"yoast_head":"<!-- This site is optimized with the Yoast SEO plugin v28.4 - https:\/\/yoast.com\/product\/yoast-seo-wordpress\/ -->\n<title>La audiencia contra malla curricular ser\u00e1 el 8 de marzo - El Diario - Bolivia<\/title>\n<meta name=\"robots\" content=\"index, follow, max-snippet:-1, max-image-preview:large, max-video-preview:-1\" \/>\n<link rel=\"canonical\" href=\"https:\/\/www.eldiario.net\/portal\/2023\/03\/06\/la-audiencia-contra-malla-curricular-sera-el-8-de-marzo\/\" \/>\n<meta property=\"og:locale\" content=\"es_ES\" \/>\n<meta property=\"og:type\" content=\"article\" \/>\n<meta property=\"og:title\" content=\"La audiencia contra malla curricular ser\u00e1 el 8 de marzo - El Diario - Bolivia\" \/>\n<meta property=\"og:description\" content=\"La audiencia de la Acci\u00f3n Popular contra la malla curricular que se pretende aplicar en esta gesti\u00f3n, fue reprogramada para el mi\u00e9rcoles 8 de marzo de 2023, inform\u00f3 a EL DIARIO el abogado y excandidato a la Defensor\u00eda del Pueblo, Ramiro Carillo. \u201cEl Ministerio de Educaci\u00f3n ha pedido, en dos oportunidades, suspensi\u00f3n de audiencia porque [&hellip;]\" \/>\n<meta property=\"og:url\" content=\"https:\/\/www.eldiario.net\/portal\/2023\/03\/06\/la-audiencia-contra-malla-curricular-sera-el-8-de-marzo\/\" \/>\n<meta property=\"og:site_name\" content=\"El Diario - Bolivia\" \/>\n<meta property=\"article:publisher\" content=\"https:\/\/www.facebook.com\/eldiario.bolivia\/\" \/>\n<meta property=\"article:published_time\" content=\"2023-03-06T12:23:49+00:00\" \/>\n<meta name=\"author\" content=\"Jeanette\" \/>\n<meta name=\"twitter:card\" content=\"summary_large_image\" \/>\n<meta name=\"twitter:creator\" content=\"@eldiario_net\" \/>\n<meta name=\"twitter:site\" content=\"@eldiario_net\" \/>\n<meta name=\"twitter:label1\" content=\"Escrito por\" \/>\n\t<meta name=\"twitter:data1\" content=\"Jeanette\" \/>\n\t<meta name=\"twitter:label2\" content=\"Tiempo de lectura\" \/>\n\t<meta name=\"twitter:data2\" content=\"3 minutos\" \/>\n<script type=\"application\/ld+json\" class=\"yoast-schema-graph\">{\"@context\":\"https:\\\/\\\/schema.org\",\"@graph\":[{\"@type\":\"Article\",\"@id\":\"https:\\\/\\\/www.eldiario.net\\\/portal\\\/2023\\\/03\\\/06\\\/la-audiencia-contra-malla-curricular-sera-el-8-de-marzo\\\/#article\",\"isPartOf\":{\"@id\":\"https:\\\/\\\/www.eldiario.net\\\/portal\\\/2023\\\/03\\\/06\\\/la-audiencia-contra-malla-curricular-sera-el-8-de-marzo\\\/\"},\"author\":{\"name\":\"Jeanette\",\"@id\":\"https:\\\/\\\/www.eldiario.net\\\/portal\\\/#\\\/schema\\\/person\\\/f46445640444750d7d753ccd04ae01b7\"},\"headline\":\"La audiencia contra malla curricular ser\u00e1 el 8 de marzo\",\"datePublished\":\"2023-03-06T12:23:49+00:00\",\"mainEntityOfPage\":{\"@id\":\"https:\\\/\\\/www.eldiario.net\\\/portal\\\/2023\\\/03\\\/06\\\/la-audiencia-contra-malla-curricular-sera-el-8-de-marzo\\\/\"},\"wordCount\":505,\"publisher\":{\"@id\":\"https:\\\/\\\/www.eldiario.net\\\/portal\\\/#organization\"},\"articleSection\":[\"Sociedad - Seguridad\"],\"inLanguage\":\"es\"},{\"@type\":\"WebPage\",\"@id\":\"https:\\\/\\\/www.eldiario.net\\\/portal\\\/2023\\\/03\\\/06\\\/la-audiencia-contra-malla-curricular-sera-el-8-de-marzo\\\/\",\"url\":\"https:\\\/\\\/www.eldiario.net\\\/portal\\\/2023\\\/03\\\/06\\\/la-audiencia-contra-malla-curricular-sera-el-8-de-marzo\\\/\",\"name\":\"La audiencia contra malla curricular ser\u00e1 el 8 de marzo - El Diario - Bolivia\",\"isPartOf\":{\"@id\":\"https:\\\/\\\/www.eldiario.net\\\/portal\\\/#website\"},\"datePublished\":\"2023-03-06T12:23:49+00:00\",\"breadcrumb\":{\"@id\":\"https:\\\/\\\/www.eldiario.net\\\/portal\\\/2023\\\/03\\\/06\\\/la-audiencia-contra-malla-curricular-sera-el-8-de-marzo\\\/#breadcrumb\"},\"inLanguage\":\"es\",\"potentialAction\":[{\"@type\":\"ReadAction\",\"target\":[\"https:\\\/\\\/www.eldiario.net\\\/portal\\\/2023\\\/03\\\/06\\\/la-audiencia-contra-malla-curricular-sera-el-8-de-marzo\\\/\"]}]},{\"@type\":\"BreadcrumbList\",\"@id\":\"https:\\\/\\\/www.eldiario.net\\\/portal\\\/2023\\\/03\\\/06\\\/la-audiencia-contra-malla-curricular-sera-el-8-de-marzo\\\/#breadcrumb\",\"itemListElement\":[{\"@type\":\"ListItem\",\"position\":1,\"name\":\"Portada\",\"item\":\"https:\\\/\\\/www.eldiario.net\\\/portal\\\/\"},{\"@type\":\"ListItem\",\"position\":2,\"name\":\"La audiencia contra malla curricular ser\u00e1 el 8 de marzo\"}]},{\"@type\":\"WebSite\",\"@id\":\"https:\\\/\\\/www.eldiario.net\\\/portal\\\/#website\",\"url\":\"https:\\\/\\\/www.eldiario.net\\\/portal\\\/\",\"name\":\"El Diario - Decano de la prensa nacional\",\"description\":\"El Diario - Decano de la prensa nacional\",\"publisher\":{\"@id\":\"https:\\\/\\\/www.eldiario.net\\\/portal\\\/#organization\"},\"potentialAction\":[{\"@type\":\"SearchAction\",\"target\":{\"@type\":\"EntryPoint\",\"urlTemplate\":\"https:\\\/\\\/www.eldiario.net\\\/portal\\\/?s={search_term_string}\"},\"query-input\":{\"@type\":\"PropertyValueSpecification\",\"valueRequired\":true,\"valueName\":\"search_term_string\"}}],\"inLanguage\":\"es\"},{\"@type\":\"Organization\",\"@id\":\"https:\\\/\\\/www.eldiario.net\\\/portal\\\/#organization\",\"name\":\"El Diario - Decano de la prensa nacional\",\"url\":\"https:\\\/\\\/www.eldiario.net\\\/portal\\\/\",\"logo\":{\"@type\":\"ImageObject\",\"inLanguage\":\"es\",\"@id\":\"https:\\\/\\\/www.eldiario.net\\\/portal\\\/#\\\/schema\\\/logo\\\/image\\\/\",\"url\":\"https:\\\/\\\/www.eldiario.net\\\/portal\\\/wp-content\\\/uploads\\\/2023\\\/07\\\/logo_ED.jpg\",\"contentUrl\":\"https:\\\/\\\/www.eldiario.net\\\/portal\\\/wp-content\\\/uploads\\\/2023\\\/07\\\/logo_ED.jpg\",\"width\":272,\"height\":52,\"caption\":\"El Diario - Decano de la prensa nacional\"},\"image\":{\"@id\":\"https:\\\/\\\/www.eldiario.net\\\/portal\\\/#\\\/schema\\\/logo\\\/image\\\/\"},\"sameAs\":[\"https:\\\/\\\/www.facebook.com\\\/eldiario.bolivia\\\/\",\"https:\\\/\\\/x.com\\\/eldiario_net\"]},{\"@type\":\"Person\",\"@id\":\"https:\\\/\\\/www.eldiario.net\\\/portal\\\/#\\\/schema\\\/person\\\/f46445640444750d7d753ccd04ae01b7\",\"name\":\"Jeanette\",\"image\":{\"@type\":\"ImageObject\",\"inLanguage\":\"es\",\"@id\":\"https:\\\/\\\/secure.gravatar.com\\\/avatar\\\/3ea2118a5f7dad2b7138b1187a6b7ee55f160b9968b66013c3a3ef39dd7e5798?s=96&d=mm&r=g\",\"url\":\"https:\\\/\\\/secure.gravatar.com\\\/avatar\\\/3ea2118a5f7dad2b7138b1187a6b7ee55f160b9968b66013c3a3ef39dd7e5798?s=96&d=mm&r=g\",\"contentUrl\":\"https:\\\/\\\/secure.gravatar.com\\\/avatar\\\/3ea2118a5f7dad2b7138b1187a6b7ee55f160b9968b66013c3a3ef39dd7e5798?s=96&d=mm&r=g\",\"caption\":\"Jeanette\"},\"sameAs\":[\"https:\\\/\\\/www.eldiario.net\\\/portal\"],\"url\":\"https:\\\/\\\/www.eldiario.net\\\/portal\\\/author\\\/jeanette\\\/\"}]}<\/script>\n<!-- \/ Yoast SEO plugin. -->","yoast_head_json":{"title":"La audiencia contra malla curricular ser\u00e1 el 8 de marzo - El Diario - Bolivia","robots":{"index":"index","follow":"follow","max-snippet":"max-snippet:-1","max-image-preview":"max-image-preview:large","max-video-preview":"max-video-preview:-1"},"canonical":"https:\/\/www.eldiario.net\/portal\/2023\/03\/06\/la-audiencia-contra-malla-curricular-sera-el-8-de-marzo\/","og_locale":"es_ES","og_type":"article","og_title":"La audiencia contra malla curricular ser\u00e1 el 8 de marzo - El Diario - Bolivia","og_description":"La audiencia de la Acci\u00f3n Popular contra la malla curricular que se pretende aplicar en esta gesti\u00f3n, fue reprogramada para el mi\u00e9rcoles 8 de marzo de 2023, inform\u00f3 a EL DIARIO el abogado y excandidato a la Defensor\u00eda del Pueblo, Ramiro Carillo. \u201cEl Ministerio de Educaci\u00f3n ha pedido, en dos oportunidades, suspensi\u00f3n de audiencia porque [&hellip;]","og_url":"https:\/\/www.eldiario.net\/portal\/2023\/03\/06\/la-audiencia-contra-malla-curricular-sera-el-8-de-marzo\/","og_site_name":"El Diario - Bolivia","article_publisher":"https:\/\/www.facebook.com\/eldiario.bolivia\/","article_published_time":"2023-03-06T12:23:49+00:00","author":"Jeanette","twitter_card":"summary_large_image","twitter_creator":"@eldiario_net","twitter_site":"@eldiario_net","twitter_misc":{"Escrito por":"Jeanette","Tiempo de lectura":"3 minutos"},"schema":{"@context":"https:\/\/schema.org","@graph":[{"@type":"Article","@id":"https:\/\/www.eldiario.net\/portal\/2023\/03\/06\/la-audiencia-contra-malla-curricular-sera-el-8-de-marzo\/#article","isPartOf":{"@id":"https:\/\/www.eldiario.net\/portal\/2023\/03\/06\/la-audiencia-contra-malla-curricular-sera-el-8-de-marzo\/"},"author":{"name":"Jeanette","@id":"https:\/\/www.eldiario.net\/portal\/#\/schema\/person\/f46445640444750d7d753ccd04ae01b7"},"headline":"La audiencia contra malla curricular ser\u00e1 el 8 de marzo","datePublished":"2023-03-06T12:23:49+00:00","mainEntityOfPage":{"@id":"https:\/\/www.eldiario.net\/portal\/2023\/03\/06\/la-audiencia-contra-malla-curricular-sera-el-8-de-marzo\/"},"wordCount":505,"publisher":{"@id":"https:\/\/www.eldiario.net\/portal\/#organization"},"articleSection":["Sociedad - Seguridad"],"inLanguage":"es"},{"@type":"WebPage","@id":"https:\/\/www.eldiario.net\/portal\/2023\/03\/06\/la-audiencia-contra-malla-curricular-sera-el-8-de-marzo\/","url":"https:\/\/www.eldiario.net\/portal\/2023\/03\/06\/la-audiencia-contra-malla-curricular-sera-el-8-de-marzo\/","name":"La audiencia contra malla curricular ser\u00e1 el 8 de marzo - El Diario - Bolivia","isPartOf":{"@id":"https:\/\/www.eldiario.net\/portal\/#website"},"datePublished":"2023-03-06T12:23:49+00:00","breadcrumb":{"@id":"https:\/\/www.eldiario.net\/portal\/2023\/03\/06\/la-audiencia-contra-malla-curricular-sera-el-8-de-marzo\/#breadcrumb"},"inLanguage":"es","potentialAction":[{"@type":"ReadAction","target":["https:\/\/www.eldiario.net\/portal\/2023\/03\/06\/la-audiencia-contra-malla-curricular-sera-el-8-de-marzo\/"]}]},{"@type":"BreadcrumbList","@id":"https:\/\/www.eldiario.net\/portal\/2023\/03\/06\/la-audiencia-contra-malla-curricular-sera-el-8-de-marzo\/#breadcrumb","itemListElement":[{"@type":"ListItem","position":1,"name":"Portada","item":"https:\/\/www.eldiario.net\/portal\/"},{"@type":"ListItem","position":2,"name":"La audiencia contra malla curricular ser\u00e1 el 8 de marzo"}]},{"@type":"WebSite","@id":"https:\/\/www.eldiario.net\/portal\/#website","url":"https:\/\/www.eldiario.net\/portal\/","name":"El Diario - Decano de la prensa nacional","description":"El Diario - Decano de la prensa nacional","publisher":{"@id":"https:\/\/www.eldiario.net\/portal\/#organization"},"potentialAction":[{"@type":"SearchAction","target":{"@type":"EntryPoint","urlTemplate":"https:\/\/www.eldiario.net\/portal\/?s={search_term_string}"},"query-input":{"@type":"PropertyValueSpecification","valueRequired":true,"valueName":"search_term_string"}}],"inLanguage":"es"},{"@type":"Organization","@id":"https:\/\/www.eldiario.net\/portal\/#organization","name":"El Diario - Decano de la prensa nacional","url":"https:\/\/www.eldiario.net\/portal\/","logo":{"@type":"ImageObject","inLanguage":"es","@id":"https:\/\/www.eldiario.net\/portal\/#\/schema\/logo\/image\/","url":"https:\/\/www.eldiario.net\/portal\/wp-content\/uploads\/2023\/07\/logo_ED.jpg","contentUrl":"https:\/\/www.eldiario.net\/portal\/wp-content\/uploads\/2023\/07\/logo_ED.jpg","width":272,"height":52,"caption":"El Diario - Decano de la prensa nacional"},"image":{"@id":"https:\/\/www.eldiario.net\/portal\/#\/schema\/logo\/image\/"},"sameAs":["https:\/\/www.facebook.com\/eldiario.bolivia\/","https:\/\/x.com\/eldiario_net"]},{"@type":"Person","@id":"https:\/\/www.eldiario.net\/portal\/#\/schema\/person\/f46445640444750d7d753ccd04ae01b7","name":"Jeanette","image":{"@type":"ImageObject","inLanguage":"es","@id":"https:\/\/secure.gravatar.com\/avatar\/3ea2118a5f7dad2b7138b1187a6b7ee55f160b9968b66013c3a3ef39dd7e5798?s=96&d=mm&r=g","url":"https:\/\/secure.gravatar.com\/avatar\/3ea2118a5f7dad2b7138b1187a6b7ee55f160b9968b66013c3a3ef39dd7e5798?s=96&d=mm&r=g","contentUrl":"https:\/\/secure.gravatar.com\/avatar\/3ea2118a5f7dad2b7138b1187a6b7ee55f160b9968b66013c3a3ef39dd7e5798?s=96&d=mm&r=g","caption":"Jeanette"},"sameAs":["https:\/\/www.eldiario.net\/portal"],"url":"https:\/\/www.eldiario.net\/portal\/author\/jeanette\/"}]}},"_links":{"self":[{"href":"https:\/\/www.eldiario.net\/portal\/wp-json\/wp\/v2\/posts\/141652","targetHints":{"allow":["GET"]}}],"collection":[{"href":"https:\/\/www.eldiario.net\/portal\/wp-json\/wp\/v2\/posts"}],"about":[{"href":"https:\/\/www.eldiario.net\/portal\/wp-json\/wp\/v2\/types\/post"}],"author":[{"embeddable":true,"href":"https:\/\/www.eldiario.net\/portal\/wp-json\/wp\/v2\/users\/1"}],"replies":[{"embeddable":true,"href":"https:\/\/www.eldiario.net\/portal\/wp-json\/wp\/v2\/comments?post=141652"}],"version-history":[{"count":0,"href":"https:\/\/www.eldiario.net\/portal\/wp-json\/wp\/v2\/posts\/141652\/revisions"}],"wp:attachment":[{"href":"https:\/\/www.eldiario.net\/portal\/wp-json\/wp\/v2\/media?parent=141652"}],"wp:term":[{"taxonomy":"category","embeddable":true,"href":"https:\/\/www.eldiario.net\/portal\/wp-json\/wp\/v2\/categories?post=141652"},{"taxonomy":"post_tag","embeddable":true,"href":"https:\/\/www.eldiario.net\/portal\/wp-json\/wp\/v2\/tags?post=141652"}],"curies":[{"name":"wp","href":"https:\/\/api.w.org\/{rel}","templated":true}]}}