{"id":141649,"date":"2023-03-06T08:22:57","date_gmt":"2023-03-06T12:22:57","guid":{"rendered":"https:\/\/www.eldiario.net\/portal\/?p=141649"},"modified":"2023-03-06T08:22:57","modified_gmt":"2023-03-06T12:22:57","slug":"el-alto-conmemora-38-anos-de-historia-y-lucha","status":"publish","type":"post","link":"https:\/\/www.eldiario.net\/portal\/2023\/03\/06\/el-alto-conmemora-38-anos-de-historia-y-lucha\/","title":{"rendered":"El Alto conmemora 38  a\u00f1os de historia y lucha"},"content":{"rendered":"<p>Con una ofrenda floral en la plaza de la Cruz, iza de banderas, el Tedeum y la sesi\u00f3n de honor del Concejo Municipal, hoy el municipio de El Alto celebra su 38 aniversario. En la actualidad, la urbe se ha convertido en uno de los principales motores de la historia boliviana gracias a su gente, caracterizada por ser trabajadora y luchadora. La ciudad de El Alto, fue creada mediante la Ley 728, el 6 de marzo de 1985, pero fue elevada a rango de ciudad el 26 de septiembre de 1988.<br \/>\nAntes de esa promulgaci\u00f3n El Alto era parte de la jurisdicci\u00f3n de La Paz, pero decenas de a\u00f1os anteriores, esas tierras eran propiedades de hacendados como Julio T\u00e9llez, Jorge Rodr\u00edguez, Adri\u00e1n Castillo, Ra\u00fal Jord\u00e1n, Francisco Loza, y la familia Zalles.<br \/>\nCon el pasar del tiempo tuvieron que parcelar sus terrenos, porque debido a varios hechos como la construcci\u00f3n del Ferrocarril La Paz-Guaqui y La Paz-Arica, se conformaron los primeros barrios que aumentaron con la edificaci\u00f3n del Aeropuerto Internacional de El Alto, la creaci\u00f3n de la Escuela de Aviaci\u00f3n y de empresas p\u00fablicas y privadas, con ello, la cantidad de habitantes tambi\u00e9n fue en incremento.<br \/>\nOtra causa para el acrecentamiento de la poblaci\u00f3n fue la relocalizaci\u00f3n que agiliz\u00f3 la migraci\u00f3n campo-ciudad. Situaciones que marcaron un sincretismo de ideolog\u00eda aguerrida que tambi\u00e9n creci\u00f3 y se enraiz\u00f3 entre sus habitantes, quienes no dudaron en actuar para defender al pa\u00eds.<br \/>\nPor ejemplo, en 2003, los alte\u00f1os y alte\u00f1as se levantaron por la defensa del gas y petr\u00f3leo y se desarroll\u00f3 lo que hoy se conoce como la Guerra del Gas. Fue una lucha contra el r\u00e9gimen del entonces presidente del pa\u00eds, Gonzalo S\u00e1nchez de Lozada, y cuyo saldo fue cerca de 70 muertos y m\u00e1s de un centenar de heridos, pero lograron la renuncia del mandatario.<br \/>\nEn El Alto, se promulg\u00f3 la nueva Constituci\u00f3n Pol\u00edtica del Estado (2009) y actualmente es la sede de la Procuradur\u00eda General del Estado, ah\u00ed est\u00e1 la Estaci\u00f3n Terrena que administra el Sat\u00e9lite de Telecomunicaciones \u201cTupac Katari\u201d.<br \/>\nAunque para muchos no hay qu\u00e9 festejar, la historia muestra que El Alto s\u00ed se merece celebrar, porque seguro hay muchos otros hechos m\u00e1s en los que participaron y que forman parte importante de la historia de Bolivia.<br \/>\nDesde el 1 de este mes, por el festejo al 38 aniversario alte\u00f1o, se desarrollaron diferentes actos, entre ellas; la inauguraci\u00f3n de obras como el paso a desnivel de Senkata, entrega de viviendas, el desfile c\u00edvico militar, la serenata cristiana, una jornada deportiva y la tradicional serenata a la ciudad.<br \/>\nPara hoy, entre las actividades programadas est\u00e1n la entrega de ofrenda floral en la plaza de la Cruz, iza de banderas, ceremonia interreligiosa, el Tedeum en el templo Santuario de la Cruz. Y, a las 11:00, se llevar\u00e1 a cabo la sesi\u00f3n de honor del Concejo Municipal, en el auditorio del Jach\u2019a Uta con la participaci\u00f3n de autoridades nacionales y departamentales, entre otras. Los actos protocolares terminar\u00e1n con un almuerzo en el consistorial alte\u00f1o.<br \/>\nINVITADOS<br \/>\nEntre las autoridades que acompa\u00f1ar\u00e1n a la alcaldesa de El Alto, Eva Copa, est\u00e1n el presidente del Estado Luis Arce Catacora, el vicepresidente David Choquehuanca y el alcalde pace\u00f1o, Iv\u00e1n Arias, quien tambi\u00e9n confirm\u00f3 su presencia junto a una comitiva de la comuna pace\u00f1a.<br \/>\n\u201cUna comitiva importante del Gobierno Aut\u00f3nomo Municipal de La Paz participar\u00e1 en el 38 aniversario de la ciudad de El Alto, la ciudad hermana, la ciudad gemela; estaremos dando nuestro saludo\u201d, asegur\u00f3 el burgomaestre.<br \/>\nAnticip\u00f3 que el Concejo Municipal de La Paz y el Ejecutivo Municipal estar\u00e1n desde las 7:00 horas para saludar al municipio hermano. \u201cEstaremos presentes tanto el Concejo Municipal, como el Ejecutivo Municipal, desde las siete de la ma\u00f1ana con ofrendas florales\u201d, asegur\u00f3 la autoridad edil.<\/p>\n","protected":false},"excerpt":{"rendered":"<p>Con una ofrenda floral en la plaza de la Cruz, iza de banderas, el Tedeum y la sesi\u00f3n de honor del Concejo Municipal, hoy el municipio de El Alto celebra su 38 aniversario. En la actualidad, la urbe se ha convertido en uno de los principales motores de la historia boliviana gracias a su gente, [&hellip;]<\/p>\n","protected":false},"author":1,"featured_media":141650,"comment_status":"closed","ping_status":"closed","sticky":false,"template":"","format":"standard","meta":{"_acf_changed":false,"footnotes":""},"categories":[12],"tags":[],"class_list":["post-141649","post","type-post","status-publish","format-standard","has-post-thumbnail","category-nacional"],"acf":{"antetitulo":""},"yoast_head":"<!-- This site is optimized with the Yoast SEO plugin v28.4 - https:\/\/yoast.com\/product\/yoast-seo-wordpress\/ -->\n<title>El Alto conmemora 38 a\u00f1os de historia y lucha - El Diario - Bolivia<\/title>\n<meta name=\"robots\" content=\"index, follow, max-snippet:-1, max-image-preview:large, max-video-preview:-1\" \/>\n<link rel=\"canonical\" href=\"https:\/\/www.eldiario.net\/portal\/2023\/03\/06\/el-alto-conmemora-38-anos-de-historia-y-lucha\/\" \/>\n<meta property=\"og:locale\" content=\"es_ES\" \/>\n<meta property=\"og:type\" content=\"article\" \/>\n<meta property=\"og:title\" content=\"El Alto conmemora 38 a\u00f1os de historia y lucha - El Diario - Bolivia\" \/>\n<meta property=\"og:description\" content=\"Con una ofrenda floral en la plaza de la Cruz, iza de banderas, el Tedeum y la sesi\u00f3n de honor del Concejo Municipal, hoy el municipio de El Alto celebra su 38 aniversario. En la actualidad, la urbe se ha convertido en uno de los principales motores de la historia boliviana gracias a su gente, [&hellip;]\" \/>\n<meta property=\"og:url\" content=\"https:\/\/www.eldiario.net\/portal\/2023\/03\/06\/el-alto-conmemora-38-anos-de-historia-y-lucha\/\" \/>\n<meta property=\"og:site_name\" content=\"El Diario - Bolivia\" \/>\n<meta property=\"article:publisher\" content=\"https:\/\/www.facebook.com\/eldiario.bolivia\/\" \/>\n<meta property=\"article:published_time\" content=\"2023-03-06T12:22:57+00:00\" \/>\n<meta property=\"og:image\" content=\"https:\/\/www.eldiario.net\/portal\/wp-content\/uploads\/2023\/03\/F1-El-Alto-scaled-1.jpg\" \/>\n\t<meta property=\"og:image:width\" content=\"2560\" \/>\n\t<meta property=\"og:image:height\" content=\"1708\" \/>\n\t<meta property=\"og:image:type\" content=\"image\/jpeg\" \/>\n<meta name=\"author\" content=\"Jeanette\" \/>\n<meta name=\"twitter:card\" content=\"summary_large_image\" \/>\n<meta name=\"twitter:creator\" content=\"@eldiario_net\" \/>\n<meta name=\"twitter:site\" content=\"@eldiario_net\" \/>\n<meta name=\"twitter:label1\" content=\"Escrito por\" \/>\n\t<meta name=\"twitter:data1\" content=\"Jeanette\" \/>\n\t<meta name=\"twitter:label2\" content=\"Tiempo de lectura\" \/>\n\t<meta name=\"twitter:data2\" content=\"3 minutos\" \/>\n<script type=\"application\/ld+json\" class=\"yoast-schema-graph\">{\"@context\":\"https:\\\/\\\/schema.org\",\"@graph\":[{\"@type\":\"Article\",\"@id\":\"https:\\\/\\\/www.eldiario.net\\\/portal\\\/2023\\\/03\\\/06\\\/el-alto-conmemora-38-anos-de-historia-y-lucha\\\/#article\",\"isPartOf\":{\"@id\":\"https:\\\/\\\/www.eldiario.net\\\/portal\\\/2023\\\/03\\\/06\\\/el-alto-conmemora-38-anos-de-historia-y-lucha\\\/\"},\"author\":{\"name\":\"Jeanette\",\"@id\":\"https:\\\/\\\/www.eldiario.net\\\/portal\\\/#\\\/schema\\\/person\\\/f46445640444750d7d753ccd04ae01b7\"},\"headline\":\"El Alto conmemora 38 a\u00f1os de historia y lucha\",\"datePublished\":\"2023-03-06T12:22:57+00:00\",\"mainEntityOfPage\":{\"@id\":\"https:\\\/\\\/www.eldiario.net\\\/portal\\\/2023\\\/03\\\/06\\\/el-alto-conmemora-38-anos-de-historia-y-lucha\\\/\"},\"wordCount\":673,\"publisher\":{\"@id\":\"https:\\\/\\\/www.eldiario.net\\\/portal\\\/#organization\"},\"image\":{\"@id\":\"https:\\\/\\\/www.eldiario.net\\\/portal\\\/2023\\\/03\\\/06\\\/el-alto-conmemora-38-anos-de-historia-y-lucha\\\/#primaryimage\"},\"thumbnailUrl\":\"https:\\\/\\\/www.eldiario.net\\\/portal\\\/wp-content\\\/uploads\\\/2023\\\/03\\\/F1-El-Alto-scaled-1.jpg\",\"articleSection\":[\"Nacional\"],\"inLanguage\":\"es\"},{\"@type\":\"WebPage\",\"@id\":\"https:\\\/\\\/www.eldiario.net\\\/portal\\\/2023\\\/03\\\/06\\\/el-alto-conmemora-38-anos-de-historia-y-lucha\\\/\",\"url\":\"https:\\\/\\\/www.eldiario.net\\\/portal\\\/2023\\\/03\\\/06\\\/el-alto-conmemora-38-anos-de-historia-y-lucha\\\/\",\"name\":\"El Alto conmemora 38 a\u00f1os de historia y lucha - El Diario - Bolivia\",\"isPartOf\":{\"@id\":\"https:\\\/\\\/www.eldiario.net\\\/portal\\\/#website\"},\"primaryImageOfPage\":{\"@id\":\"https:\\\/\\\/www.eldiario.net\\\/portal\\\/2023\\\/03\\\/06\\\/el-alto-conmemora-38-anos-de-historia-y-lucha\\\/#primaryimage\"},\"image\":{\"@id\":\"https:\\\/\\\/www.eldiario.net\\\/portal\\\/2023\\\/03\\\/06\\\/el-alto-conmemora-38-anos-de-historia-y-lucha\\\/#primaryimage\"},\"thumbnailUrl\":\"https:\\\/\\\/www.eldiario.net\\\/portal\\\/wp-content\\\/uploads\\\/2023\\\/03\\\/F1-El-Alto-scaled-1.jpg\",\"datePublished\":\"2023-03-06T12:22:57+00:00\",\"breadcrumb\":{\"@id\":\"https:\\\/\\\/www.eldiario.net\\\/portal\\\/2023\\\/03\\\/06\\\/el-alto-conmemora-38-anos-de-historia-y-lucha\\\/#breadcrumb\"},\"inLanguage\":\"es\",\"potentialAction\":[{\"@type\":\"ReadAction\",\"target\":[\"https:\\\/\\\/www.eldiario.net\\\/portal\\\/2023\\\/03\\\/06\\\/el-alto-conmemora-38-anos-de-historia-y-lucha\\\/\"]}]},{\"@type\":\"ImageObject\",\"inLanguage\":\"es\",\"@id\":\"https:\\\/\\\/www.eldiario.net\\\/portal\\\/2023\\\/03\\\/06\\\/el-alto-conmemora-38-anos-de-historia-y-lucha\\\/#primaryimage\",\"url\":\"https:\\\/\\\/www.eldiario.net\\\/portal\\\/wp-content\\\/uploads\\\/2023\\\/03\\\/F1-El-Alto-scaled-1.jpg\",\"contentUrl\":\"https:\\\/\\\/www.eldiario.net\\\/portal\\\/wp-content\\\/uploads\\\/2023\\\/03\\\/F1-El-Alto-scaled-1.jpg\",\"width\":2560,\"height\":1708,\"caption\":\"La ciudad m\u00e1s joven de Bolivia muestra avance y desarrollo.\"},{\"@type\":\"BreadcrumbList\",\"@id\":\"https:\\\/\\\/www.eldiario.net\\\/portal\\\/2023\\\/03\\\/06\\\/el-alto-conmemora-38-anos-de-historia-y-lucha\\\/#breadcrumb\",\"itemListElement\":[{\"@type\":\"ListItem\",\"position\":1,\"name\":\"Portada\",\"item\":\"https:\\\/\\\/www.eldiario.net\\\/portal\\\/\"},{\"@type\":\"ListItem\",\"position\":2,\"name\":\"El Alto conmemora 38 a\u00f1os de historia y lucha\"}]},{\"@type\":\"WebSite\",\"@id\":\"https:\\\/\\\/www.eldiario.net\\\/portal\\\/#website\",\"url\":\"https:\\\/\\\/www.eldiario.net\\\/portal\\\/\",\"name\":\"El Diario - Decano de la prensa nacional\",\"description\":\"El Diario - Decano de la prensa nacional\",\"publisher\":{\"@id\":\"https:\\\/\\\/www.eldiario.net\\\/portal\\\/#organization\"},\"potentialAction\":[{\"@type\":\"SearchAction\",\"target\":{\"@type\":\"EntryPoint\",\"urlTemplate\":\"https:\\\/\\\/www.eldiario.net\\\/portal\\\/?s={search_term_string}\"},\"query-input\":{\"@type\":\"PropertyValueSpecification\",\"valueRequired\":true,\"valueName\":\"search_term_string\"}}],\"inLanguage\":\"es\"},{\"@type\":\"Organization\",\"@id\":\"https:\\\/\\\/www.eldiario.net\\\/portal\\\/#organization\",\"name\":\"El Diario - Decano de la prensa nacional\",\"url\":\"https:\\\/\\\/www.eldiario.net\\\/portal\\\/\",\"logo\":{\"@type\":\"ImageObject\",\"inLanguage\":\"es\",\"@id\":\"https:\\\/\\\/www.eldiario.net\\\/portal\\\/#\\\/schema\\\/logo\\\/image\\\/\",\"url\":\"https:\\\/\\\/www.eldiario.net\\\/portal\\\/wp-content\\\/uploads\\\/2023\\\/07\\\/logo_ED.jpg\",\"contentUrl\":\"https:\\\/\\\/www.eldiario.net\\\/portal\\\/wp-content\\\/uploads\\\/2023\\\/07\\\/logo_ED.jpg\",\"width\":272,\"height\":52,\"caption\":\"El Diario - Decano de la prensa nacional\"},\"image\":{\"@id\":\"https:\\\/\\\/www.eldiario.net\\\/portal\\\/#\\\/schema\\\/logo\\\/image\\\/\"},\"sameAs\":[\"https:\\\/\\\/www.facebook.com\\\/eldiario.bolivia\\\/\",\"https:\\\/\\\/x.com\\\/eldiario_net\"]},{\"@type\":\"Person\",\"@id\":\"https:\\\/\\\/www.eldiario.net\\\/portal\\\/#\\\/schema\\\/person\\\/f46445640444750d7d753ccd04ae01b7\",\"name\":\"Jeanette\",\"image\":{\"@type\":\"ImageObject\",\"inLanguage\":\"es\",\"@id\":\"https:\\\/\\\/secure.gravatar.com\\\/avatar\\\/3ea2118a5f7dad2b7138b1187a6b7ee55f160b9968b66013c3a3ef39dd7e5798?s=96&d=mm&r=g\",\"url\":\"https:\\\/\\\/secure.gravatar.com\\\/avatar\\\/3ea2118a5f7dad2b7138b1187a6b7ee55f160b9968b66013c3a3ef39dd7e5798?s=96&d=mm&r=g\",\"contentUrl\":\"https:\\\/\\\/secure.gravatar.com\\\/avatar\\\/3ea2118a5f7dad2b7138b1187a6b7ee55f160b9968b66013c3a3ef39dd7e5798?s=96&d=mm&r=g\",\"caption\":\"Jeanette\"},\"sameAs\":[\"https:\\\/\\\/www.eldiario.net\\\/portal\"],\"url\":\"https:\\\/\\\/www.eldiario.net\\\/portal\\\/author\\\/jeanette\\\/\"}]}<\/script>\n<!-- \/ Yoast SEO plugin. -->","yoast_head_json":{"title":"El Alto conmemora 38 a\u00f1os de historia y lucha - El Diario - Bolivia","robots":{"index":"index","follow":"follow","max-snippet":"max-snippet:-1","max-image-preview":"max-image-preview:large","max-video-preview":"max-video-preview:-1"},"canonical":"https:\/\/www.eldiario.net\/portal\/2023\/03\/06\/el-alto-conmemora-38-anos-de-historia-y-lucha\/","og_locale":"es_ES","og_type":"article","og_title":"El Alto conmemora 38 a\u00f1os de historia y lucha - El Diario - Bolivia","og_description":"Con una ofrenda floral en la plaza de la Cruz, iza de banderas, el Tedeum y la sesi\u00f3n de honor del Concejo Municipal, hoy el municipio de El Alto celebra su 38 aniversario. En la actualidad, la urbe se ha convertido en uno de los principales motores de la historia boliviana gracias a su gente, [&hellip;]","og_url":"https:\/\/www.eldiario.net\/portal\/2023\/03\/06\/el-alto-conmemora-38-anos-de-historia-y-lucha\/","og_site_name":"El Diario - Bolivia","article_publisher":"https:\/\/www.facebook.com\/eldiario.bolivia\/","article_published_time":"2023-03-06T12:22:57+00:00","og_image":[{"width":2560,"height":1708,"url":"https:\/\/www.eldiario.net\/portal\/wp-content\/uploads\/2023\/03\/F1-El-Alto-scaled-1.jpg","type":"image\/jpeg"}],"author":"Jeanette","twitter_card":"summary_large_image","twitter_creator":"@eldiario_net","twitter_site":"@eldiario_net","twitter_misc":{"Escrito por":"Jeanette","Tiempo de lectura":"3 minutos"},"schema":{"@context":"https:\/\/schema.org","@graph":[{"@type":"Article","@id":"https:\/\/www.eldiario.net\/portal\/2023\/03\/06\/el-alto-conmemora-38-anos-de-historia-y-lucha\/#article","isPartOf":{"@id":"https:\/\/www.eldiario.net\/portal\/2023\/03\/06\/el-alto-conmemora-38-anos-de-historia-y-lucha\/"},"author":{"name":"Jeanette","@id":"https:\/\/www.eldiario.net\/portal\/#\/schema\/person\/f46445640444750d7d753ccd04ae01b7"},"headline":"El Alto conmemora 38 a\u00f1os de historia y lucha","datePublished":"2023-03-06T12:22:57+00:00","mainEntityOfPage":{"@id":"https:\/\/www.eldiario.net\/portal\/2023\/03\/06\/el-alto-conmemora-38-anos-de-historia-y-lucha\/"},"wordCount":673,"publisher":{"@id":"https:\/\/www.eldiario.net\/portal\/#organization"},"image":{"@id":"https:\/\/www.eldiario.net\/portal\/2023\/03\/06\/el-alto-conmemora-38-anos-de-historia-y-lucha\/#primaryimage"},"thumbnailUrl":"https:\/\/www.eldiario.net\/portal\/wp-content\/uploads\/2023\/03\/F1-El-Alto-scaled-1.jpg","articleSection":["Nacional"],"inLanguage":"es"},{"@type":"WebPage","@id":"https:\/\/www.eldiario.net\/portal\/2023\/03\/06\/el-alto-conmemora-38-anos-de-historia-y-lucha\/","url":"https:\/\/www.eldiario.net\/portal\/2023\/03\/06\/el-alto-conmemora-38-anos-de-historia-y-lucha\/","name":"El Alto conmemora 38 a\u00f1os de historia y lucha - El Diario - Bolivia","isPartOf":{"@id":"https:\/\/www.eldiario.net\/portal\/#website"},"primaryImageOfPage":{"@id":"https:\/\/www.eldiario.net\/portal\/2023\/03\/06\/el-alto-conmemora-38-anos-de-historia-y-lucha\/#primaryimage"},"image":{"@id":"https:\/\/www.eldiario.net\/portal\/2023\/03\/06\/el-alto-conmemora-38-anos-de-historia-y-lucha\/#primaryimage"},"thumbnailUrl":"https:\/\/www.eldiario.net\/portal\/wp-content\/uploads\/2023\/03\/F1-El-Alto-scaled-1.jpg","datePublished":"2023-03-06T12:22:57+00:00","breadcrumb":{"@id":"https:\/\/www.eldiario.net\/portal\/2023\/03\/06\/el-alto-conmemora-38-anos-de-historia-y-lucha\/#breadcrumb"},"inLanguage":"es","potentialAction":[{"@type":"ReadAction","target":["https:\/\/www.eldiario.net\/portal\/2023\/03\/06\/el-alto-conmemora-38-anos-de-historia-y-lucha\/"]}]},{"@type":"ImageObject","inLanguage":"es","@id":"https:\/\/www.eldiario.net\/portal\/2023\/03\/06\/el-alto-conmemora-38-anos-de-historia-y-lucha\/#primaryimage","url":"https:\/\/www.eldiario.net\/portal\/wp-content\/uploads\/2023\/03\/F1-El-Alto-scaled-1.jpg","contentUrl":"https:\/\/www.eldiario.net\/portal\/wp-content\/uploads\/2023\/03\/F1-El-Alto-scaled-1.jpg","width":2560,"height":1708,"caption":"La ciudad m\u00e1s joven de Bolivia muestra avance y desarrollo."},{"@type":"BreadcrumbList","@id":"https:\/\/www.eldiario.net\/portal\/2023\/03\/06\/el-alto-conmemora-38-anos-de-historia-y-lucha\/#breadcrumb","itemListElement":[{"@type":"ListItem","position":1,"name":"Portada","item":"https:\/\/www.eldiario.net\/portal\/"},{"@type":"ListItem","position":2,"name":"El Alto conmemora 38 a\u00f1os de historia y lucha"}]},{"@type":"WebSite","@id":"https:\/\/www.eldiario.net\/portal\/#website","url":"https:\/\/www.eldiario.net\/portal\/","name":"El Diario - Decano de la prensa nacional","description":"El Diario - Decano de la prensa nacional","publisher":{"@id":"https:\/\/www.eldiario.net\/portal\/#organization"},"potentialAction":[{"@type":"SearchAction","target":{"@type":"EntryPoint","urlTemplate":"https:\/\/www.eldiario.net\/portal\/?s={search_term_string}"},"query-input":{"@type":"PropertyValueSpecification","valueRequired":true,"valueName":"search_term_string"}}],"inLanguage":"es"},{"@type":"Organization","@id":"https:\/\/www.eldiario.net\/portal\/#organization","name":"El Diario - Decano de la prensa nacional","url":"https:\/\/www.eldiario.net\/portal\/","logo":{"@type":"ImageObject","inLanguage":"es","@id":"https:\/\/www.eldiario.net\/portal\/#\/schema\/logo\/image\/","url":"https:\/\/www.eldiario.net\/portal\/wp-content\/uploads\/2023\/07\/logo_ED.jpg","contentUrl":"https:\/\/www.eldiario.net\/portal\/wp-content\/uploads\/2023\/07\/logo_ED.jpg","width":272,"height":52,"caption":"El Diario - Decano de la prensa nacional"},"image":{"@id":"https:\/\/www.eldiario.net\/portal\/#\/schema\/logo\/image\/"},"sameAs":["https:\/\/www.facebook.com\/eldiario.bolivia\/","https:\/\/x.com\/eldiario_net"]},{"@type":"Person","@id":"https:\/\/www.eldiario.net\/portal\/#\/schema\/person\/f46445640444750d7d753ccd04ae01b7","name":"Jeanette","image":{"@type":"ImageObject","inLanguage":"es","@id":"https:\/\/secure.gravatar.com\/avatar\/3ea2118a5f7dad2b7138b1187a6b7ee55f160b9968b66013c3a3ef39dd7e5798?s=96&d=mm&r=g","url":"https:\/\/secure.gravatar.com\/avatar\/3ea2118a5f7dad2b7138b1187a6b7ee55f160b9968b66013c3a3ef39dd7e5798?s=96&d=mm&r=g","contentUrl":"https:\/\/secure.gravatar.com\/avatar\/3ea2118a5f7dad2b7138b1187a6b7ee55f160b9968b66013c3a3ef39dd7e5798?s=96&d=mm&r=g","caption":"Jeanette"},"sameAs":["https:\/\/www.eldiario.net\/portal"],"url":"https:\/\/www.eldiario.net\/portal\/author\/jeanette\/"}]}},"_links":{"self":[{"href":"https:\/\/www.eldiario.net\/portal\/wp-json\/wp\/v2\/posts\/141649","targetHints":{"allow":["GET"]}}],"collection":[{"href":"https:\/\/www.eldiario.net\/portal\/wp-json\/wp\/v2\/posts"}],"about":[{"href":"https:\/\/www.eldiario.net\/portal\/wp-json\/wp\/v2\/types\/post"}],"author":[{"embeddable":true,"href":"https:\/\/www.eldiario.net\/portal\/wp-json\/wp\/v2\/users\/1"}],"replies":[{"embeddable":true,"href":"https:\/\/www.eldiario.net\/portal\/wp-json\/wp\/v2\/comments?post=141649"}],"version-history":[{"count":0,"href":"https:\/\/www.eldiario.net\/portal\/wp-json\/wp\/v2\/posts\/141649\/revisions"}],"wp:featuredmedia":[{"embeddable":true,"href":"https:\/\/www.eldiario.net\/portal\/wp-json\/wp\/v2\/media\/141650"}],"wp:attachment":[{"href":"https:\/\/www.eldiario.net\/portal\/wp-json\/wp\/v2\/media?parent=141649"}],"wp:term":[{"taxonomy":"category","embeddable":true,"href":"https:\/\/www.eldiario.net\/portal\/wp-json\/wp\/v2\/categories?post=141649"},{"taxonomy":"post_tag","embeddable":true,"href":"https:\/\/www.eldiario.net\/portal\/wp-json\/wp\/v2\/tags?post=141649"}],"curies":[{"name":"wp","href":"https:\/\/api.w.org\/{rel}","templated":true}]}}