{"id":141643,"date":"2023-03-06T08:21:24","date_gmt":"2023-03-06T12:21:24","guid":{"rendered":"https:\/\/www.eldiario.net\/portal\/?p=141643"},"modified":"2023-03-06T08:21:24","modified_gmt":"2023-03-06T12:21:24","slug":"carnaval-paceno-termina-con-entrada-de-corcova","status":"publish","type":"post","link":"https:\/\/www.eldiario.net\/portal\/2023\/03\/06\/carnaval-paceno-termina-con-entrada-de-corcova\/","title":{"rendered":"Carnaval pace\u00f1o termina  con entrada de Corcova"},"content":{"rendered":"<p>Como hace casi veinte a\u00f1os, con la participaci\u00f3n de m\u00e1s de una veintena de congregaciones agrupadas en fraternidades, grupos de gremiales, estudiantes, sindicatos, juntas de vecinos, asociaciones deportivas, y otros gremios, cerraron las actividades de carnavales con la entrada de Corcova, festejo que se llev\u00f3 a cabo en la zona de Villa Victoria de La Paz.<br \/>\n\u201cEs despu\u00e9s del Domingo de Tentaci\u00f3n, es como la borra del trago, el \u2018conchu puchito\u2019, que en aymara significa lo \u00faltimo que qued\u00f3 de la bebida\u201d, explic\u00f3 El\u00edas Illanes Pat\u00f3n, considerado como uno de los promotores para que esta actividad persista en el tiempo.<br \/>\nEn efecto, ayer, en horas de la tarde se cerr\u00f3 la avenida principal de este sector pace\u00f1o, la avenida Rep\u00fablica, por la que descendieron bailarines como cholitas y otros disfrazados de chutas, pepinos y de distintos personajes hasta llegar a la calle Murguia, de esa zona.<br \/>\nCentenares de espectadores y de bailarines participaron de la Corcova 2023, que dur\u00f3 hasta altas horas de la noche. Luego de su paso, varias de las agrupaciones se concentraron en sus salones de fiesta.<br \/>\n\u201cParticipo cada a\u00f1o, desde que era chico. Aqu\u00ed est\u00e1n bailando los vecinos, los estudiantes de los colegios que tenemos cerca, los choferes de los sindicatos que hay por este sector, los de las tiendas, los comerciantes, todo el que quiere participa\u201d, relat\u00f3 uno de los bailarines.<br \/>\n\u201cEsa siempre fue la idea, que participen los que viven por aqu\u00ed, la gente que trabaja y aporta a nuestra zona, pero tambi\u00e9n recibimos con brazos abiertos a otras personas que quieran acompa\u00f1arnos y alegrarse\u201d, indic\u00f3 Illanes.<br \/>\nDesde ni\u00f1o, este vecino de Villa Victoria, estuvo ligado a las actividades folcl\u00f3ricas y culturales ya que su abuelo y su padre estaban compenetrados en esos \u00e1mbitos. \u201cEran bordadores y folcloristas, hac\u00edan trajes bordados para diabladas y morenos por eso llevo en la sangre esa afici\u00f3n por el folclore\u201d, asegur\u00f3.<br \/>\nIllanes luego de apoyar a la concretizaci\u00f3n del Domingo de Tentaci\u00f3n como una entrada organizada y con legalidad, se dispuso a concretar uno de sus anhelos. \u201cEn 2003 asum\u00ed como directivo de la Junta de Vecinos de la zona Villa Victoria, como siempre ten\u00eda la idea de crear una entrada hice la Corcova, que se fund\u00f3 en diciembre de 2003, pero al a\u00f1o siguiente, el 2004, se realiz\u00f3 la primera Corcova\u201d, relat\u00f3.<br \/>\nEn la actualidad, se designan a personas para organizar la entrada y \u00e9stas tienen el apoyo de la Junta de vecinos.<\/p>\n","protected":false},"excerpt":{"rendered":"<p>Como hace casi veinte a\u00f1os, con la participaci\u00f3n de m\u00e1s de una veintena de congregaciones agrupadas en fraternidades, grupos de gremiales, estudiantes, sindicatos, juntas de vecinos, asociaciones deportivas, y otros gremios, cerraron las actividades de carnavales con la entrada de Corcova, festejo que se llev\u00f3 a cabo en la zona de Villa Victoria de La [&hellip;]<\/p>\n","protected":false},"author":1,"featured_media":141644,"comment_status":"closed","ping_status":"closed","sticky":false,"template":"","format":"standard","meta":{"_acf_changed":false,"footnotes":""},"categories":[12],"tags":[],"class_list":["post-141643","post","type-post","status-publish","format-standard","has-post-thumbnail","category-nacional"],"acf":{"antetitulo":""},"yoast_head":"<!-- This site is optimized with the Yoast SEO plugin v28.4 - https:\/\/yoast.com\/product\/yoast-seo-wordpress\/ -->\n<title>Carnaval pace\u00f1o termina con entrada de Corcova - El Diario - Bolivia<\/title>\n<meta name=\"robots\" content=\"index, follow, max-snippet:-1, max-image-preview:large, max-video-preview:-1\" \/>\n<link rel=\"canonical\" href=\"https:\/\/www.eldiario.net\/portal\/2023\/03\/06\/carnaval-paceno-termina-con-entrada-de-corcova\/\" \/>\n<meta property=\"og:locale\" content=\"es_ES\" \/>\n<meta property=\"og:type\" content=\"article\" \/>\n<meta property=\"og:title\" content=\"Carnaval pace\u00f1o termina con entrada de Corcova - El Diario - Bolivia\" \/>\n<meta property=\"og:description\" content=\"Como hace casi veinte a\u00f1os, con la participaci\u00f3n de m\u00e1s de una veintena de congregaciones agrupadas en fraternidades, grupos de gremiales, estudiantes, sindicatos, juntas de vecinos, asociaciones deportivas, y otros gremios, cerraron las actividades de carnavales con la entrada de Corcova, festejo que se llev\u00f3 a cabo en la zona de Villa Victoria de La [&hellip;]\" \/>\n<meta property=\"og:url\" content=\"https:\/\/www.eldiario.net\/portal\/2023\/03\/06\/carnaval-paceno-termina-con-entrada-de-corcova\/\" \/>\n<meta property=\"og:site_name\" content=\"El Diario - Bolivia\" \/>\n<meta property=\"article:publisher\" content=\"https:\/\/www.facebook.com\/eldiario.bolivia\/\" \/>\n<meta property=\"article:published_time\" content=\"2023-03-06T12:21:24+00:00\" \/>\n<meta property=\"og:image\" content=\"https:\/\/www.eldiario.net\/portal\/wp-content\/uploads\/2023\/03\/F3-corcova-e1678105269216.jpg\" \/>\n\t<meta property=\"og:image:width\" content=\"720\" \/>\n\t<meta property=\"og:image:height\" content=\"696\" \/>\n\t<meta property=\"og:image:type\" content=\"image\/jpeg\" \/>\n<meta name=\"author\" content=\"Jeanette\" \/>\n<meta name=\"twitter:card\" content=\"summary_large_image\" \/>\n<meta name=\"twitter:creator\" content=\"@eldiario_net\" \/>\n<meta name=\"twitter:site\" content=\"@eldiario_net\" \/>\n<meta name=\"twitter:label1\" content=\"Escrito por\" \/>\n\t<meta name=\"twitter:data1\" content=\"Jeanette\" \/>\n\t<meta name=\"twitter:label2\" content=\"Tiempo de lectura\" \/>\n\t<meta name=\"twitter:data2\" content=\"2 minutos\" \/>\n<script type=\"application\/ld+json\" class=\"yoast-schema-graph\">{\"@context\":\"https:\\\/\\\/schema.org\",\"@graph\":[{\"@type\":\"Article\",\"@id\":\"https:\\\/\\\/www.eldiario.net\\\/portal\\\/2023\\\/03\\\/06\\\/carnaval-paceno-termina-con-entrada-de-corcova\\\/#article\",\"isPartOf\":{\"@id\":\"https:\\\/\\\/www.eldiario.net\\\/portal\\\/2023\\\/03\\\/06\\\/carnaval-paceno-termina-con-entrada-de-corcova\\\/\"},\"author\":{\"name\":\"Jeanette\",\"@id\":\"https:\\\/\\\/www.eldiario.net\\\/portal\\\/#\\\/schema\\\/person\\\/f46445640444750d7d753ccd04ae01b7\"},\"headline\":\"Carnaval pace\u00f1o termina con entrada de Corcova\",\"datePublished\":\"2023-03-06T12:21:24+00:00\",\"mainEntityOfPage\":{\"@id\":\"https:\\\/\\\/www.eldiario.net\\\/portal\\\/2023\\\/03\\\/06\\\/carnaval-paceno-termina-con-entrada-de-corcova\\\/\"},\"wordCount\":431,\"publisher\":{\"@id\":\"https:\\\/\\\/www.eldiario.net\\\/portal\\\/#organization\"},\"image\":{\"@id\":\"https:\\\/\\\/www.eldiario.net\\\/portal\\\/2023\\\/03\\\/06\\\/carnaval-paceno-termina-con-entrada-de-corcova\\\/#primaryimage\"},\"thumbnailUrl\":\"https:\\\/\\\/www.eldiario.net\\\/portal\\\/wp-content\\\/uploads\\\/2023\\\/03\\\/F3-corcova-e1678105269216.jpg\",\"articleSection\":[\"Nacional\"],\"inLanguage\":\"es\"},{\"@type\":\"WebPage\",\"@id\":\"https:\\\/\\\/www.eldiario.net\\\/portal\\\/2023\\\/03\\\/06\\\/carnaval-paceno-termina-con-entrada-de-corcova\\\/\",\"url\":\"https:\\\/\\\/www.eldiario.net\\\/portal\\\/2023\\\/03\\\/06\\\/carnaval-paceno-termina-con-entrada-de-corcova\\\/\",\"name\":\"Carnaval pace\u00f1o termina con entrada de Corcova - El Diario - Bolivia\",\"isPartOf\":{\"@id\":\"https:\\\/\\\/www.eldiario.net\\\/portal\\\/#website\"},\"primaryImageOfPage\":{\"@id\":\"https:\\\/\\\/www.eldiario.net\\\/portal\\\/2023\\\/03\\\/06\\\/carnaval-paceno-termina-con-entrada-de-corcova\\\/#primaryimage\"},\"image\":{\"@id\":\"https:\\\/\\\/www.eldiario.net\\\/portal\\\/2023\\\/03\\\/06\\\/carnaval-paceno-termina-con-entrada-de-corcova\\\/#primaryimage\"},\"thumbnailUrl\":\"https:\\\/\\\/www.eldiario.net\\\/portal\\\/wp-content\\\/uploads\\\/2023\\\/03\\\/F3-corcova-e1678105269216.jpg\",\"datePublished\":\"2023-03-06T12:21:24+00:00\",\"breadcrumb\":{\"@id\":\"https:\\\/\\\/www.eldiario.net\\\/portal\\\/2023\\\/03\\\/06\\\/carnaval-paceno-termina-con-entrada-de-corcova\\\/#breadcrumb\"},\"inLanguage\":\"es\",\"potentialAction\":[{\"@type\":\"ReadAction\",\"target\":[\"https:\\\/\\\/www.eldiario.net\\\/portal\\\/2023\\\/03\\\/06\\\/carnaval-paceno-termina-con-entrada-de-corcova\\\/\"]}]},{\"@type\":\"ImageObject\",\"inLanguage\":\"es\",\"@id\":\"https:\\\/\\\/www.eldiario.net\\\/portal\\\/2023\\\/03\\\/06\\\/carnaval-paceno-termina-con-entrada-de-corcova\\\/#primaryimage\",\"url\":\"https:\\\/\\\/www.eldiario.net\\\/portal\\\/wp-content\\\/uploads\\\/2023\\\/03\\\/F3-corcova-e1678105269216.jpg\",\"contentUrl\":\"https:\\\/\\\/www.eldiario.net\\\/portal\\\/wp-content\\\/uploads\\\/2023\\\/03\\\/F3-corcova-e1678105269216.jpg\",\"width\":720,\"height\":696,\"caption\":\"Varios pepinos, chutas y sus cholitas participaron de la entrada pace\u00f1a.\"},{\"@type\":\"BreadcrumbList\",\"@id\":\"https:\\\/\\\/www.eldiario.net\\\/portal\\\/2023\\\/03\\\/06\\\/carnaval-paceno-termina-con-entrada-de-corcova\\\/#breadcrumb\",\"itemListElement\":[{\"@type\":\"ListItem\",\"position\":1,\"name\":\"Portada\",\"item\":\"https:\\\/\\\/www.eldiario.net\\\/portal\\\/\"},{\"@type\":\"ListItem\",\"position\":2,\"name\":\"Carnaval pace\u00f1o termina con entrada de Corcova\"}]},{\"@type\":\"WebSite\",\"@id\":\"https:\\\/\\\/www.eldiario.net\\\/portal\\\/#website\",\"url\":\"https:\\\/\\\/www.eldiario.net\\\/portal\\\/\",\"name\":\"El Diario - Decano de la prensa nacional\",\"description\":\"El Diario - Decano de la prensa nacional\",\"publisher\":{\"@id\":\"https:\\\/\\\/www.eldiario.net\\\/portal\\\/#organization\"},\"potentialAction\":[{\"@type\":\"SearchAction\",\"target\":{\"@type\":\"EntryPoint\",\"urlTemplate\":\"https:\\\/\\\/www.eldiario.net\\\/portal\\\/?s={search_term_string}\"},\"query-input\":{\"@type\":\"PropertyValueSpecification\",\"valueRequired\":true,\"valueName\":\"search_term_string\"}}],\"inLanguage\":\"es\"},{\"@type\":\"Organization\",\"@id\":\"https:\\\/\\\/www.eldiario.net\\\/portal\\\/#organization\",\"name\":\"El Diario - Decano de la prensa nacional\",\"url\":\"https:\\\/\\\/www.eldiario.net\\\/portal\\\/\",\"logo\":{\"@type\":\"ImageObject\",\"inLanguage\":\"es\",\"@id\":\"https:\\\/\\\/www.eldiario.net\\\/portal\\\/#\\\/schema\\\/logo\\\/image\\\/\",\"url\":\"https:\\\/\\\/www.eldiario.net\\\/portal\\\/wp-content\\\/uploads\\\/2023\\\/07\\\/logo_ED.jpg\",\"contentUrl\":\"https:\\\/\\\/www.eldiario.net\\\/portal\\\/wp-content\\\/uploads\\\/2023\\\/07\\\/logo_ED.jpg\",\"width\":272,\"height\":52,\"caption\":\"El Diario - Decano de la prensa nacional\"},\"image\":{\"@id\":\"https:\\\/\\\/www.eldiario.net\\\/portal\\\/#\\\/schema\\\/logo\\\/image\\\/\"},\"sameAs\":[\"https:\\\/\\\/www.facebook.com\\\/eldiario.bolivia\\\/\",\"https:\\\/\\\/x.com\\\/eldiario_net\"]},{\"@type\":\"Person\",\"@id\":\"https:\\\/\\\/www.eldiario.net\\\/portal\\\/#\\\/schema\\\/person\\\/f46445640444750d7d753ccd04ae01b7\",\"name\":\"Jeanette\",\"image\":{\"@type\":\"ImageObject\",\"inLanguage\":\"es\",\"@id\":\"https:\\\/\\\/secure.gravatar.com\\\/avatar\\\/3ea2118a5f7dad2b7138b1187a6b7ee55f160b9968b66013c3a3ef39dd7e5798?s=96&d=mm&r=g\",\"url\":\"https:\\\/\\\/secure.gravatar.com\\\/avatar\\\/3ea2118a5f7dad2b7138b1187a6b7ee55f160b9968b66013c3a3ef39dd7e5798?s=96&d=mm&r=g\",\"contentUrl\":\"https:\\\/\\\/secure.gravatar.com\\\/avatar\\\/3ea2118a5f7dad2b7138b1187a6b7ee55f160b9968b66013c3a3ef39dd7e5798?s=96&d=mm&r=g\",\"caption\":\"Jeanette\"},\"sameAs\":[\"https:\\\/\\\/www.eldiario.net\\\/portal\"],\"url\":\"https:\\\/\\\/www.eldiario.net\\\/portal\\\/author\\\/jeanette\\\/\"}]}<\/script>\n<!-- \/ Yoast SEO plugin. -->","yoast_head_json":{"title":"Carnaval pace\u00f1o termina con entrada de Corcova - El Diario - Bolivia","robots":{"index":"index","follow":"follow","max-snippet":"max-snippet:-1","max-image-preview":"max-image-preview:large","max-video-preview":"max-video-preview:-1"},"canonical":"https:\/\/www.eldiario.net\/portal\/2023\/03\/06\/carnaval-paceno-termina-con-entrada-de-corcova\/","og_locale":"es_ES","og_type":"article","og_title":"Carnaval pace\u00f1o termina con entrada de Corcova - El Diario - Bolivia","og_description":"Como hace casi veinte a\u00f1os, con la participaci\u00f3n de m\u00e1s de una veintena de congregaciones agrupadas en fraternidades, grupos de gremiales, estudiantes, sindicatos, juntas de vecinos, asociaciones deportivas, y otros gremios, cerraron las actividades de carnavales con la entrada de Corcova, festejo que se llev\u00f3 a cabo en la zona de Villa Victoria de La [&hellip;]","og_url":"https:\/\/www.eldiario.net\/portal\/2023\/03\/06\/carnaval-paceno-termina-con-entrada-de-corcova\/","og_site_name":"El Diario - Bolivia","article_publisher":"https:\/\/www.facebook.com\/eldiario.bolivia\/","article_published_time":"2023-03-06T12:21:24+00:00","og_image":[{"width":720,"height":696,"url":"https:\/\/www.eldiario.net\/portal\/wp-content\/uploads\/2023\/03\/F3-corcova-e1678105269216.jpg","type":"image\/jpeg"}],"author":"Jeanette","twitter_card":"summary_large_image","twitter_creator":"@eldiario_net","twitter_site":"@eldiario_net","twitter_misc":{"Escrito por":"Jeanette","Tiempo de lectura":"2 minutos"},"schema":{"@context":"https:\/\/schema.org","@graph":[{"@type":"Article","@id":"https:\/\/www.eldiario.net\/portal\/2023\/03\/06\/carnaval-paceno-termina-con-entrada-de-corcova\/#article","isPartOf":{"@id":"https:\/\/www.eldiario.net\/portal\/2023\/03\/06\/carnaval-paceno-termina-con-entrada-de-corcova\/"},"author":{"name":"Jeanette","@id":"https:\/\/www.eldiario.net\/portal\/#\/schema\/person\/f46445640444750d7d753ccd04ae01b7"},"headline":"Carnaval pace\u00f1o termina con entrada de Corcova","datePublished":"2023-03-06T12:21:24+00:00","mainEntityOfPage":{"@id":"https:\/\/www.eldiario.net\/portal\/2023\/03\/06\/carnaval-paceno-termina-con-entrada-de-corcova\/"},"wordCount":431,"publisher":{"@id":"https:\/\/www.eldiario.net\/portal\/#organization"},"image":{"@id":"https:\/\/www.eldiario.net\/portal\/2023\/03\/06\/carnaval-paceno-termina-con-entrada-de-corcova\/#primaryimage"},"thumbnailUrl":"https:\/\/www.eldiario.net\/portal\/wp-content\/uploads\/2023\/03\/F3-corcova-e1678105269216.jpg","articleSection":["Nacional"],"inLanguage":"es"},{"@type":"WebPage","@id":"https:\/\/www.eldiario.net\/portal\/2023\/03\/06\/carnaval-paceno-termina-con-entrada-de-corcova\/","url":"https:\/\/www.eldiario.net\/portal\/2023\/03\/06\/carnaval-paceno-termina-con-entrada-de-corcova\/","name":"Carnaval pace\u00f1o termina con entrada de Corcova - El Diario - Bolivia","isPartOf":{"@id":"https:\/\/www.eldiario.net\/portal\/#website"},"primaryImageOfPage":{"@id":"https:\/\/www.eldiario.net\/portal\/2023\/03\/06\/carnaval-paceno-termina-con-entrada-de-corcova\/#primaryimage"},"image":{"@id":"https:\/\/www.eldiario.net\/portal\/2023\/03\/06\/carnaval-paceno-termina-con-entrada-de-corcova\/#primaryimage"},"thumbnailUrl":"https:\/\/www.eldiario.net\/portal\/wp-content\/uploads\/2023\/03\/F3-corcova-e1678105269216.jpg","datePublished":"2023-03-06T12:21:24+00:00","breadcrumb":{"@id":"https:\/\/www.eldiario.net\/portal\/2023\/03\/06\/carnaval-paceno-termina-con-entrada-de-corcova\/#breadcrumb"},"inLanguage":"es","potentialAction":[{"@type":"ReadAction","target":["https:\/\/www.eldiario.net\/portal\/2023\/03\/06\/carnaval-paceno-termina-con-entrada-de-corcova\/"]}]},{"@type":"ImageObject","inLanguage":"es","@id":"https:\/\/www.eldiario.net\/portal\/2023\/03\/06\/carnaval-paceno-termina-con-entrada-de-corcova\/#primaryimage","url":"https:\/\/www.eldiario.net\/portal\/wp-content\/uploads\/2023\/03\/F3-corcova-e1678105269216.jpg","contentUrl":"https:\/\/www.eldiario.net\/portal\/wp-content\/uploads\/2023\/03\/F3-corcova-e1678105269216.jpg","width":720,"height":696,"caption":"Varios pepinos, chutas y sus cholitas participaron de la entrada pace\u00f1a."},{"@type":"BreadcrumbList","@id":"https:\/\/www.eldiario.net\/portal\/2023\/03\/06\/carnaval-paceno-termina-con-entrada-de-corcova\/#breadcrumb","itemListElement":[{"@type":"ListItem","position":1,"name":"Portada","item":"https:\/\/www.eldiario.net\/portal\/"},{"@type":"ListItem","position":2,"name":"Carnaval pace\u00f1o termina con entrada de Corcova"}]},{"@type":"WebSite","@id":"https:\/\/www.eldiario.net\/portal\/#website","url":"https:\/\/www.eldiario.net\/portal\/","name":"El Diario - Decano de la prensa nacional","description":"El Diario - Decano de la prensa nacional","publisher":{"@id":"https:\/\/www.eldiario.net\/portal\/#organization"},"potentialAction":[{"@type":"SearchAction","target":{"@type":"EntryPoint","urlTemplate":"https:\/\/www.eldiario.net\/portal\/?s={search_term_string}"},"query-input":{"@type":"PropertyValueSpecification","valueRequired":true,"valueName":"search_term_string"}}],"inLanguage":"es"},{"@type":"Organization","@id":"https:\/\/www.eldiario.net\/portal\/#organization","name":"El Diario - Decano de la prensa nacional","url":"https:\/\/www.eldiario.net\/portal\/","logo":{"@type":"ImageObject","inLanguage":"es","@id":"https:\/\/www.eldiario.net\/portal\/#\/schema\/logo\/image\/","url":"https:\/\/www.eldiario.net\/portal\/wp-content\/uploads\/2023\/07\/logo_ED.jpg","contentUrl":"https:\/\/www.eldiario.net\/portal\/wp-content\/uploads\/2023\/07\/logo_ED.jpg","width":272,"height":52,"caption":"El Diario - Decano de la prensa nacional"},"image":{"@id":"https:\/\/www.eldiario.net\/portal\/#\/schema\/logo\/image\/"},"sameAs":["https:\/\/www.facebook.com\/eldiario.bolivia\/","https:\/\/x.com\/eldiario_net"]},{"@type":"Person","@id":"https:\/\/www.eldiario.net\/portal\/#\/schema\/person\/f46445640444750d7d753ccd04ae01b7","name":"Jeanette","image":{"@type":"ImageObject","inLanguage":"es","@id":"https:\/\/secure.gravatar.com\/avatar\/3ea2118a5f7dad2b7138b1187a6b7ee55f160b9968b66013c3a3ef39dd7e5798?s=96&d=mm&r=g","url":"https:\/\/secure.gravatar.com\/avatar\/3ea2118a5f7dad2b7138b1187a6b7ee55f160b9968b66013c3a3ef39dd7e5798?s=96&d=mm&r=g","contentUrl":"https:\/\/secure.gravatar.com\/avatar\/3ea2118a5f7dad2b7138b1187a6b7ee55f160b9968b66013c3a3ef39dd7e5798?s=96&d=mm&r=g","caption":"Jeanette"},"sameAs":["https:\/\/www.eldiario.net\/portal"],"url":"https:\/\/www.eldiario.net\/portal\/author\/jeanette\/"}]}},"_links":{"self":[{"href":"https:\/\/www.eldiario.net\/portal\/wp-json\/wp\/v2\/posts\/141643","targetHints":{"allow":["GET"]}}],"collection":[{"href":"https:\/\/www.eldiario.net\/portal\/wp-json\/wp\/v2\/posts"}],"about":[{"href":"https:\/\/www.eldiario.net\/portal\/wp-json\/wp\/v2\/types\/post"}],"author":[{"embeddable":true,"href":"https:\/\/www.eldiario.net\/portal\/wp-json\/wp\/v2\/users\/1"}],"replies":[{"embeddable":true,"href":"https:\/\/www.eldiario.net\/portal\/wp-json\/wp\/v2\/comments?post=141643"}],"version-history":[{"count":0,"href":"https:\/\/www.eldiario.net\/portal\/wp-json\/wp\/v2\/posts\/141643\/revisions"}],"wp:featuredmedia":[{"embeddable":true,"href":"https:\/\/www.eldiario.net\/portal\/wp-json\/wp\/v2\/media\/141644"}],"wp:attachment":[{"href":"https:\/\/www.eldiario.net\/portal\/wp-json\/wp\/v2\/media?parent=141643"}],"wp:term":[{"taxonomy":"category","embeddable":true,"href":"https:\/\/www.eldiario.net\/portal\/wp-json\/wp\/v2\/categories?post=141643"},{"taxonomy":"post_tag","embeddable":true,"href":"https:\/\/www.eldiario.net\/portal\/wp-json\/wp\/v2\/tags?post=141643"}],"curies":[{"name":"wp","href":"https:\/\/api.w.org\/{rel}","templated":true}]}}