{"id":141638,"date":"2023-03-06T08:18:53","date_gmt":"2023-03-06T12:18:53","guid":{"rendered":"https:\/\/www.eldiario.net\/portal\/?p=141638"},"modified":"2023-03-06T08:18:53","modified_gmt":"2023-03-06T12:18:53","slug":"movilizacion-de-maestros-partira-desde-el-alto","status":"publish","type":"post","link":"https:\/\/www.eldiario.net\/portal\/2023\/03\/06\/movilizacion-de-maestros-partira-desde-el-alto\/","title":{"rendered":"Movilizaci\u00f3n de maestros  partir\u00e1 desde El Alto"},"content":{"rendered":"<p>El Magisterio Urbano del pa\u00eds, ante la no atenci\u00f3n del Gobierno a sus demandas, ratific\u00f3 que hoy inician movilizaciones, con una concentraci\u00f3n de las 31 delegaciones que llegaron desde diferentes regiones del territorio nacional, en el multifuncional Heriberto Guti\u00e9rrez de El Alto, donde se concentrar\u00e1n a partir de las 8:00.<br \/>\nEn tanto que el ministro de educaci\u00f3n, \u00c9dgar Pary, calific\u00f3 de \u201cinnecesaria marcha del magisterio este lunes 6 cuando estamos en un cuarto intermedio\u201d.<br \/>\n\u201cRatificamos nuestro profundo rechazo a esa actitud totalmente mentirosa del ministro de Educaci\u00f3n, en sentido de que se habr\u00eda atendido algunas de nuestras demandas. Desde 2006 el magisterio urbano boliviano no ha recibido ning\u00fan tratamiento especial, no ha recibido ning\u00fan tipo de beneficio con el Gob del MAS (Movimiento Al Socialismo) al contrario lo que hemos vivido es una sistem\u00e1tica perforaci\u00f3n de nuestros derechos y destrucci\u00f3n de nuestro reglamento escalafonario\u201d, se\u00f1al\u00f3 el dirigente de los maestros urbanos de La Paz, Jos\u00e9 Luis \u00c1lvarez.<br \/>\nSostuvo que no fueron escuchados y, por el contrario, solo fueron a escuchar lo que la autoridad les dijo. Adem\u00e1s, que no obtuvieron respuesta favorable a sus pedidos, por lo que ratifican que se movilizan hoy desde tempranas horas y en horarios alternos.<br \/>\n\u201cEl di\u00e1logo para el ministro de Educaci\u00f3n es que los maestros nos sentemos, le escuchemos todo lo que \u00e9l habla y digamos estamos de acuerdo, no ha habido ninguna respuesta positiva a ninguno de nuestros planteamientos, por esa situaci\u00f3n ratificamos las movilizaciones del d\u00eda de ma\u00f1ana (por hoy) y el magisterio pace\u00f1o se va concentrar junto con el magisterio nacional, a partir de las 8:00, en el multifuncional de la Ceja, para luego mantenernos movilizados toda la semana en horarios alternos\u201d, asegur\u00f3.<br \/>\nAdem\u00e1s, dijo que esta semana no se suspender\u00e1n las labores escolares, pero de no ser atendidos, no descartan la medida. Tambi\u00e9n pidi\u00f3 que los padres de familia y la Central Obrera Boliviana (COB) se sumen a las movilizaciones.<\/p>\n","protected":false},"excerpt":{"rendered":"<p>El Magisterio Urbano del pa\u00eds, ante la no atenci\u00f3n del Gobierno a sus demandas, ratific\u00f3 que hoy inician movilizaciones, con una concentraci\u00f3n de las 31 delegaciones que llegaron desde diferentes regiones del territorio nacional, en el multifuncional Heriberto Guti\u00e9rrez de El Alto, donde se concentrar\u00e1n a partir de las 8:00. En tanto que el ministro [&hellip;]<\/p>\n","protected":false},"author":1,"featured_media":0,"comment_status":"closed","ping_status":"closed","sticky":false,"template":"","format":"standard","meta":{"_acf_changed":false,"footnotes":""},"categories":[12],"tags":[],"class_list":["post-141638","post","type-post","status-publish","format-standard","category-nacional"],"acf":{"antetitulo":""},"yoast_head":"<!-- This site is optimized with the Yoast SEO plugin v28.4 - https:\/\/yoast.com\/product\/yoast-seo-wordpress\/ -->\n<title>Movilizaci\u00f3n de maestros partir\u00e1 desde El Alto - El Diario - Bolivia<\/title>\n<meta name=\"robots\" content=\"index, follow, max-snippet:-1, max-image-preview:large, max-video-preview:-1\" \/>\n<link rel=\"canonical\" href=\"https:\/\/www.eldiario.net\/portal\/2023\/03\/06\/movilizacion-de-maestros-partira-desde-el-alto\/\" \/>\n<meta property=\"og:locale\" content=\"es_ES\" \/>\n<meta property=\"og:type\" content=\"article\" \/>\n<meta property=\"og:title\" content=\"Movilizaci\u00f3n de maestros partir\u00e1 desde El Alto - El Diario - Bolivia\" \/>\n<meta property=\"og:description\" content=\"El Magisterio Urbano del pa\u00eds, ante la no atenci\u00f3n del Gobierno a sus demandas, ratific\u00f3 que hoy inician movilizaciones, con una concentraci\u00f3n de las 31 delegaciones que llegaron desde diferentes regiones del territorio nacional, en el multifuncional Heriberto Guti\u00e9rrez de El Alto, donde se concentrar\u00e1n a partir de las 8:00. En tanto que el ministro [&hellip;]\" \/>\n<meta property=\"og:url\" content=\"https:\/\/www.eldiario.net\/portal\/2023\/03\/06\/movilizacion-de-maestros-partira-desde-el-alto\/\" \/>\n<meta property=\"og:site_name\" content=\"El Diario - Bolivia\" \/>\n<meta property=\"article:publisher\" content=\"https:\/\/www.facebook.com\/eldiario.bolivia\/\" \/>\n<meta property=\"article:published_time\" content=\"2023-03-06T12:18:53+00:00\" \/>\n<meta name=\"author\" content=\"Jeanette\" \/>\n<meta name=\"twitter:card\" content=\"summary_large_image\" \/>\n<meta name=\"twitter:creator\" content=\"@eldiario_net\" \/>\n<meta name=\"twitter:site\" content=\"@eldiario_net\" \/>\n<meta name=\"twitter:label1\" content=\"Escrito por\" \/>\n\t<meta name=\"twitter:data1\" content=\"Jeanette\" \/>\n<script type=\"application\/ld+json\" class=\"yoast-schema-graph\">{\"@context\":\"https:\\\/\\\/schema.org\",\"@graph\":[{\"@type\":\"Article\",\"@id\":\"https:\\\/\\\/www.eldiario.net\\\/portal\\\/2023\\\/03\\\/06\\\/movilizacion-de-maestros-partira-desde-el-alto\\\/#article\",\"isPartOf\":{\"@id\":\"https:\\\/\\\/www.eldiario.net\\\/portal\\\/2023\\\/03\\\/06\\\/movilizacion-de-maestros-partira-desde-el-alto\\\/\"},\"author\":{\"name\":\"Jeanette\",\"@id\":\"https:\\\/\\\/www.eldiario.net\\\/portal\\\/#\\\/schema\\\/person\\\/f46445640444750d7d753ccd04ae01b7\"},\"headline\":\"Movilizaci\u00f3n de maestros partir\u00e1 desde El Alto\",\"datePublished\":\"2023-03-06T12:18:53+00:00\",\"mainEntityOfPage\":{\"@id\":\"https:\\\/\\\/www.eldiario.net\\\/portal\\\/2023\\\/03\\\/06\\\/movilizacion-de-maestros-partira-desde-el-alto\\\/\"},\"wordCount\":347,\"publisher\":{\"@id\":\"https:\\\/\\\/www.eldiario.net\\\/portal\\\/#organization\"},\"articleSection\":[\"Nacional\"],\"inLanguage\":\"es\"},{\"@type\":\"WebPage\",\"@id\":\"https:\\\/\\\/www.eldiario.net\\\/portal\\\/2023\\\/03\\\/06\\\/movilizacion-de-maestros-partira-desde-el-alto\\\/\",\"url\":\"https:\\\/\\\/www.eldiario.net\\\/portal\\\/2023\\\/03\\\/06\\\/movilizacion-de-maestros-partira-desde-el-alto\\\/\",\"name\":\"Movilizaci\u00f3n de maestros partir\u00e1 desde El Alto - El Diario - Bolivia\",\"isPartOf\":{\"@id\":\"https:\\\/\\\/www.eldiario.net\\\/portal\\\/#website\"},\"datePublished\":\"2023-03-06T12:18:53+00:00\",\"breadcrumb\":{\"@id\":\"https:\\\/\\\/www.eldiario.net\\\/portal\\\/2023\\\/03\\\/06\\\/movilizacion-de-maestros-partira-desde-el-alto\\\/#breadcrumb\"},\"inLanguage\":\"es\",\"potentialAction\":[{\"@type\":\"ReadAction\",\"target\":[\"https:\\\/\\\/www.eldiario.net\\\/portal\\\/2023\\\/03\\\/06\\\/movilizacion-de-maestros-partira-desde-el-alto\\\/\"]}]},{\"@type\":\"BreadcrumbList\",\"@id\":\"https:\\\/\\\/www.eldiario.net\\\/portal\\\/2023\\\/03\\\/06\\\/movilizacion-de-maestros-partira-desde-el-alto\\\/#breadcrumb\",\"itemListElement\":[{\"@type\":\"ListItem\",\"position\":1,\"name\":\"Portada\",\"item\":\"https:\\\/\\\/www.eldiario.net\\\/portal\\\/\"},{\"@type\":\"ListItem\",\"position\":2,\"name\":\"Movilizaci\u00f3n de maestros partir\u00e1 desde El Alto\"}]},{\"@type\":\"WebSite\",\"@id\":\"https:\\\/\\\/www.eldiario.net\\\/portal\\\/#website\",\"url\":\"https:\\\/\\\/www.eldiario.net\\\/portal\\\/\",\"name\":\"El Diario - Decano de la prensa nacional\",\"description\":\"El Diario - Decano de la prensa nacional\",\"publisher\":{\"@id\":\"https:\\\/\\\/www.eldiario.net\\\/portal\\\/#organization\"},\"potentialAction\":[{\"@type\":\"SearchAction\",\"target\":{\"@type\":\"EntryPoint\",\"urlTemplate\":\"https:\\\/\\\/www.eldiario.net\\\/portal\\\/?s={search_term_string}\"},\"query-input\":{\"@type\":\"PropertyValueSpecification\",\"valueRequired\":true,\"valueName\":\"search_term_string\"}}],\"inLanguage\":\"es\"},{\"@type\":\"Organization\",\"@id\":\"https:\\\/\\\/www.eldiario.net\\\/portal\\\/#organization\",\"name\":\"El Diario - Decano de la prensa nacional\",\"url\":\"https:\\\/\\\/www.eldiario.net\\\/portal\\\/\",\"logo\":{\"@type\":\"ImageObject\",\"inLanguage\":\"es\",\"@id\":\"https:\\\/\\\/www.eldiario.net\\\/portal\\\/#\\\/schema\\\/logo\\\/image\\\/\",\"url\":\"https:\\\/\\\/www.eldiario.net\\\/portal\\\/wp-content\\\/uploads\\\/2023\\\/07\\\/logo_ED.jpg\",\"contentUrl\":\"https:\\\/\\\/www.eldiario.net\\\/portal\\\/wp-content\\\/uploads\\\/2023\\\/07\\\/logo_ED.jpg\",\"width\":272,\"height\":52,\"caption\":\"El Diario - Decano de la prensa nacional\"},\"image\":{\"@id\":\"https:\\\/\\\/www.eldiario.net\\\/portal\\\/#\\\/schema\\\/logo\\\/image\\\/\"},\"sameAs\":[\"https:\\\/\\\/www.facebook.com\\\/eldiario.bolivia\\\/\",\"https:\\\/\\\/x.com\\\/eldiario_net\"]},{\"@type\":\"Person\",\"@id\":\"https:\\\/\\\/www.eldiario.net\\\/portal\\\/#\\\/schema\\\/person\\\/f46445640444750d7d753ccd04ae01b7\",\"name\":\"Jeanette\",\"image\":{\"@type\":\"ImageObject\",\"inLanguage\":\"es\",\"@id\":\"https:\\\/\\\/secure.gravatar.com\\\/avatar\\\/3ea2118a5f7dad2b7138b1187a6b7ee55f160b9968b66013c3a3ef39dd7e5798?s=96&d=mm&r=g\",\"url\":\"https:\\\/\\\/secure.gravatar.com\\\/avatar\\\/3ea2118a5f7dad2b7138b1187a6b7ee55f160b9968b66013c3a3ef39dd7e5798?s=96&d=mm&r=g\",\"contentUrl\":\"https:\\\/\\\/secure.gravatar.com\\\/avatar\\\/3ea2118a5f7dad2b7138b1187a6b7ee55f160b9968b66013c3a3ef39dd7e5798?s=96&d=mm&r=g\",\"caption\":\"Jeanette\"},\"sameAs\":[\"https:\\\/\\\/www.eldiario.net\\\/portal\"],\"url\":\"https:\\\/\\\/www.eldiario.net\\\/portal\\\/author\\\/jeanette\\\/\"}]}<\/script>\n<!-- \/ Yoast SEO plugin. -->","yoast_head_json":{"title":"Movilizaci\u00f3n de maestros partir\u00e1 desde El Alto - El Diario - Bolivia","robots":{"index":"index","follow":"follow","max-snippet":"max-snippet:-1","max-image-preview":"max-image-preview:large","max-video-preview":"max-video-preview:-1"},"canonical":"https:\/\/www.eldiario.net\/portal\/2023\/03\/06\/movilizacion-de-maestros-partira-desde-el-alto\/","og_locale":"es_ES","og_type":"article","og_title":"Movilizaci\u00f3n de maestros partir\u00e1 desde El Alto - El Diario - Bolivia","og_description":"El Magisterio Urbano del pa\u00eds, ante la no atenci\u00f3n del Gobierno a sus demandas, ratific\u00f3 que hoy inician movilizaciones, con una concentraci\u00f3n de las 31 delegaciones que llegaron desde diferentes regiones del territorio nacional, en el multifuncional Heriberto Guti\u00e9rrez de El Alto, donde se concentrar\u00e1n a partir de las 8:00. En tanto que el ministro [&hellip;]","og_url":"https:\/\/www.eldiario.net\/portal\/2023\/03\/06\/movilizacion-de-maestros-partira-desde-el-alto\/","og_site_name":"El Diario - Bolivia","article_publisher":"https:\/\/www.facebook.com\/eldiario.bolivia\/","article_published_time":"2023-03-06T12:18:53+00:00","author":"Jeanette","twitter_card":"summary_large_image","twitter_creator":"@eldiario_net","twitter_site":"@eldiario_net","twitter_misc":{"Escrito por":"Jeanette"},"schema":{"@context":"https:\/\/schema.org","@graph":[{"@type":"Article","@id":"https:\/\/www.eldiario.net\/portal\/2023\/03\/06\/movilizacion-de-maestros-partira-desde-el-alto\/#article","isPartOf":{"@id":"https:\/\/www.eldiario.net\/portal\/2023\/03\/06\/movilizacion-de-maestros-partira-desde-el-alto\/"},"author":{"name":"Jeanette","@id":"https:\/\/www.eldiario.net\/portal\/#\/schema\/person\/f46445640444750d7d753ccd04ae01b7"},"headline":"Movilizaci\u00f3n de maestros partir\u00e1 desde El Alto","datePublished":"2023-03-06T12:18:53+00:00","mainEntityOfPage":{"@id":"https:\/\/www.eldiario.net\/portal\/2023\/03\/06\/movilizacion-de-maestros-partira-desde-el-alto\/"},"wordCount":347,"publisher":{"@id":"https:\/\/www.eldiario.net\/portal\/#organization"},"articleSection":["Nacional"],"inLanguage":"es"},{"@type":"WebPage","@id":"https:\/\/www.eldiario.net\/portal\/2023\/03\/06\/movilizacion-de-maestros-partira-desde-el-alto\/","url":"https:\/\/www.eldiario.net\/portal\/2023\/03\/06\/movilizacion-de-maestros-partira-desde-el-alto\/","name":"Movilizaci\u00f3n de maestros partir\u00e1 desde El Alto - El Diario - Bolivia","isPartOf":{"@id":"https:\/\/www.eldiario.net\/portal\/#website"},"datePublished":"2023-03-06T12:18:53+00:00","breadcrumb":{"@id":"https:\/\/www.eldiario.net\/portal\/2023\/03\/06\/movilizacion-de-maestros-partira-desde-el-alto\/#breadcrumb"},"inLanguage":"es","potentialAction":[{"@type":"ReadAction","target":["https:\/\/www.eldiario.net\/portal\/2023\/03\/06\/movilizacion-de-maestros-partira-desde-el-alto\/"]}]},{"@type":"BreadcrumbList","@id":"https:\/\/www.eldiario.net\/portal\/2023\/03\/06\/movilizacion-de-maestros-partira-desde-el-alto\/#breadcrumb","itemListElement":[{"@type":"ListItem","position":1,"name":"Portada","item":"https:\/\/www.eldiario.net\/portal\/"},{"@type":"ListItem","position":2,"name":"Movilizaci\u00f3n de maestros partir\u00e1 desde El Alto"}]},{"@type":"WebSite","@id":"https:\/\/www.eldiario.net\/portal\/#website","url":"https:\/\/www.eldiario.net\/portal\/","name":"El Diario - Decano de la prensa nacional","description":"El Diario - Decano de la prensa nacional","publisher":{"@id":"https:\/\/www.eldiario.net\/portal\/#organization"},"potentialAction":[{"@type":"SearchAction","target":{"@type":"EntryPoint","urlTemplate":"https:\/\/www.eldiario.net\/portal\/?s={search_term_string}"},"query-input":{"@type":"PropertyValueSpecification","valueRequired":true,"valueName":"search_term_string"}}],"inLanguage":"es"},{"@type":"Organization","@id":"https:\/\/www.eldiario.net\/portal\/#organization","name":"El Diario - Decano de la prensa nacional","url":"https:\/\/www.eldiario.net\/portal\/","logo":{"@type":"ImageObject","inLanguage":"es","@id":"https:\/\/www.eldiario.net\/portal\/#\/schema\/logo\/image\/","url":"https:\/\/www.eldiario.net\/portal\/wp-content\/uploads\/2023\/07\/logo_ED.jpg","contentUrl":"https:\/\/www.eldiario.net\/portal\/wp-content\/uploads\/2023\/07\/logo_ED.jpg","width":272,"height":52,"caption":"El Diario - Decano de la prensa nacional"},"image":{"@id":"https:\/\/www.eldiario.net\/portal\/#\/schema\/logo\/image\/"},"sameAs":["https:\/\/www.facebook.com\/eldiario.bolivia\/","https:\/\/x.com\/eldiario_net"]},{"@type":"Person","@id":"https:\/\/www.eldiario.net\/portal\/#\/schema\/person\/f46445640444750d7d753ccd04ae01b7","name":"Jeanette","image":{"@type":"ImageObject","inLanguage":"es","@id":"https:\/\/secure.gravatar.com\/avatar\/3ea2118a5f7dad2b7138b1187a6b7ee55f160b9968b66013c3a3ef39dd7e5798?s=96&d=mm&r=g","url":"https:\/\/secure.gravatar.com\/avatar\/3ea2118a5f7dad2b7138b1187a6b7ee55f160b9968b66013c3a3ef39dd7e5798?s=96&d=mm&r=g","contentUrl":"https:\/\/secure.gravatar.com\/avatar\/3ea2118a5f7dad2b7138b1187a6b7ee55f160b9968b66013c3a3ef39dd7e5798?s=96&d=mm&r=g","caption":"Jeanette"},"sameAs":["https:\/\/www.eldiario.net\/portal"],"url":"https:\/\/www.eldiario.net\/portal\/author\/jeanette\/"}]}},"_links":{"self":[{"href":"https:\/\/www.eldiario.net\/portal\/wp-json\/wp\/v2\/posts\/141638","targetHints":{"allow":["GET"]}}],"collection":[{"href":"https:\/\/www.eldiario.net\/portal\/wp-json\/wp\/v2\/posts"}],"about":[{"href":"https:\/\/www.eldiario.net\/portal\/wp-json\/wp\/v2\/types\/post"}],"author":[{"embeddable":true,"href":"https:\/\/www.eldiario.net\/portal\/wp-json\/wp\/v2\/users\/1"}],"replies":[{"embeddable":true,"href":"https:\/\/www.eldiario.net\/portal\/wp-json\/wp\/v2\/comments?post=141638"}],"version-history":[{"count":0,"href":"https:\/\/www.eldiario.net\/portal\/wp-json\/wp\/v2\/posts\/141638\/revisions"}],"wp:attachment":[{"href":"https:\/\/www.eldiario.net\/portal\/wp-json\/wp\/v2\/media?parent=141638"}],"wp:term":[{"taxonomy":"category","embeddable":true,"href":"https:\/\/www.eldiario.net\/portal\/wp-json\/wp\/v2\/categories?post=141638"},{"taxonomy":"post_tag","embeddable":true,"href":"https:\/\/www.eldiario.net\/portal\/wp-json\/wp\/v2\/tags?post=141638"}],"curies":[{"name":"wp","href":"https:\/\/api.w.org\/{rel}","templated":true}]}}