{"id":141631,"date":"2023-03-06T08:15:16","date_gmt":"2023-03-06T12:15:16","guid":{"rendered":"https:\/\/www.eldiario.net\/portal\/?p=141631"},"modified":"2023-03-06T08:15:16","modified_gmt":"2023-03-06T12:15:16","slug":"expulsada-de-su-tierra-despojada-de-todos-sus-derechos-y-sin-nadie-que-la-defienda","status":"publish","type":"post","link":"https:\/\/www.eldiario.net\/portal\/2023\/03\/06\/expulsada-de-su-tierra-despojada-de-todos-sus-derechos-y-sin-nadie-que-la-defienda\/","title":{"rendered":"Expulsada de su tierra, despojada de todos sus derechos y sin nadie que la defienda"},"content":{"rendered":"<p>Huy\u00f3 junto a su familia tras sufrir golpizas; su esposa interrumpi\u00f3 su embarazo y es atendida en un hospital p\u00fablico de La Paz para salvarle la vida. Mart\u00edn Choque, el exsecretario de Culturas de la Alcald\u00eda de Unc\u00eda, una poblaci\u00f3n distante a 325 kil\u00f3metros de la Sede de Gobierno de Bolivia, es un ind\u00edgena quechua v\u00edctima de persecuci\u00f3n pol\u00edtica tras rechazar la presencia del expresidente, Evo Morales, durante un acto festivo.<br \/>\nEl jueves 23 de febrero, Choque retir\u00f3 una silla que pretend\u00eda ocupar Morales y la lanz\u00f3 para evitar que el l\u00edder pol\u00edtico usara el escenario para promocionar su imagen en una anticipada campa\u00f1a proselitista. A la conclusi\u00f3n del Festival de la Qonqhota, los dirigentes de los ayllus leales al expresidente \u201cchicotearon\u201d a la esposa y a los hijos de Choque en represalia por el desaire al jefe del Movimiento al Socialismo (MAS).<br \/>\nA 11 d\u00edas de ese incidente, Choque est\u00e1 en la clandestinidad, sin defensores, en un gobierno que se proclama representante de los ind\u00edgenas y reivindica las culturas y tradiciones de pueblos originarios.<br \/>\nAntes de refugiarse en el silencio, denunci\u00f3 persecuci\u00f3n pol\u00edtica y la vulneraci\u00f3n de sus derechos fundamentales como la libertad de pensamiento.<br \/>\nLa Defensor\u00eda del Pueblo reconoci\u00f3 que los agresores del exsecretario de Culturas de la Alcald\u00eda de Unc\u00eda, la capital de la provincia Rafael Bustillos del departamento de Potos\u00ed, violaron varios derechos como el derecho a la vida. Pero al margen de esa declaraci\u00f3n, no existe otra acci\u00f3n de defensa de esta entidad estatal.<br \/>\nLa v\u00edctima present\u00f3 una denuncia en contra de sus agresores, pero el alcalde de Unc\u00eda, Zen\u00f3n Yucra, anunci\u00f3 que convencer\u00e1 a la exautoridad quechua para que desista del proceso y as\u00ed \u201cdevolver\u201d la \u201ctranquilidad\u201d a esa zona. Choque se declar\u00f3 en la clandestinidad, para proteger su vida y la de su familia.<br \/>\nAutoridades y analistas consultados por EL DIARIO, calificaron el extremo como \u201cabsolutamente ilegal\u201d, por la distorsi\u00f3n del concepto de \u201cjusticia comunitaria\u201d que, es empleado como justificativo de la violencia que, en este caso, vulner\u00f3 elementales derechos humanos.<br \/>\nPara el analista Iv\u00e1n Rada, lo ocurrido en Unc\u00eda confirma la intolerancia y violencia del \u201cmasismo\u201d que no s\u00f3lo ha adoctrinado sino corrompido a las bases ind\u00edgenas.<br \/>\n\u201cLos propios estatutos de esa comunidad quechua rechazan hacer proselitismo, y lo \u00fanico que hizo el se\u00f1or Choque fue hacer respetar aquello. La violencia delictiva ejercida en su contra y su familia, con la p\u00e9rdida de un embarazo adem\u00e1s, deber\u00eda activar investigaciones a los promotores y autores intelectuales de este caso\u201d, dijo.<\/p>\n<p>ATENTADO<br \/>\nEl diputado de oposici\u00f3n, Gonzalo Rodr\u00edguez, calific\u00f3 el hecho de un atentado a un conjunto de derechos humanos tanto en la persona de Choque como de su familia, porque nadie puede ser expulsado de su tierra.<br \/>\n\u201c(De acuerdo) al concepto b\u00e1sico que se maneja en los derechos humanos, nadie puede ser injustamente v\u00edctima de sanciones y peor cuando vulneran su integridad f\u00edsica. Su esposa e hijo, han sido v\u00edctimas de torturas, que est\u00e1n prohibidas en la Constituci\u00f3n y en los tratados sobre derechos humanos y m\u00e1s a\u00fan en el caso de la esposa cuando llega a perder un beb\u00e9 que estaba en gestaci\u00f3n. Todo ese conjunto de derechos humanos han sido vulnerados y ameritan una acci\u00f3n clara de parte del Estado\u201d, dijo.<br \/>\nRecord\u00f3 que la Defensor\u00eda del Pueblo manifest\u00f3 que existe vulneraci\u00f3n a derechos humanos, por lo que el \u00d3rgano Ejecutivo deber\u00eda tomar parte, as\u00ed como las personas y la fuerza pol\u00edtica directamente involucradas.<br \/>\nExplic\u00f3 que todos los partidos pol\u00edticos a tiempo de solicitar la personer\u00eda jur\u00eddica ante el Tribunal Supremo Electoral (TSE), no s\u00f3lo adjuntaron documentos constitutivos y reglamentarios como el estatuto, sino un compromiso con el respeto a derechos humanos, cuyo contenido los obliga a conductas claras.<br \/>\n\u201cEs lamentable que el jefe de un partido que resulta el punto focal a partir del cual se ha generado la agresi\u00f3n a los derechos humanos no se pronuncie y d\u00e9 por bien hecho que sus seguidores hayan recurrido a una forma disimulada, a trav\u00e9s de la justicia comunitaria, a avasallar los derechos humanos y la Constituci\u00f3n Pol\u00edtica del Estado (CPE)\u201d, remarc\u00f3.<br \/>\nEn ese marco advirti\u00f3 que es inadmisible e intolerable que no se actu\u00e9 al respecto, ya que hay una complicidad estatal y del partido de gobierno, con la transgresi\u00f3n a los derechos humanos.<\/p>\n<p>INADMISIBLE<br \/>\nLa senadora de oposici\u00f3n, Centa Rek, considera que lo ocurrido con Choque representa la confrontaci\u00f3n, hasta el l\u00edmite de violencia inadmisible dentro del Movimiento al Socialismo (MAS).<br \/>\n\u201cLa confrontaci\u00f3n entre partidos no es inusual, pero son las pr\u00e1cticas las que hacen la diferencia; el hecho de la violencia que se gener\u00f3 contra este funcionario del municipio de Unc\u00eda deber\u00eda ser investigado por el Ministerio P\u00fablico, pero hay una omisi\u00f3n, tratando de ocultar toda la sucesi\u00f3n de hechos que se han dado\u201d, dijo.<br \/>\nAdvirti\u00f3 que confunden la justicia comunitaria con acciones de tortura y violencia extrema, dentro de los c\u00e1nones que generan una situaci\u00f3n de peligro de vida.<br \/>\n\u201cOtra vez se utiliza a la justicia comunitaria para ejercer una violencia pol\u00edtica inusual y persecuci\u00f3n pol\u00edtica al extremo que ellos han tenido que abandonar no s\u00f3lo sus funciones sino su pueblo. Ahora el mismo pueblo est\u00e1 entrando en confrontaciones que pueden derivar en otras situaciones de una escalada de violencia donde se sumen correligionarios, y lamentablemente el Ministerio P\u00fablico no act\u00faa\u201d, coment\u00f3.<br \/>\nEn ese marco asegur\u00f3 que se evidencia la ausencia de Estado, de garant\u00edas y tortura encubierta, ya sea dentro de un r\u00e9gimen penitenciario o como una pr\u00e1ctica que se confunde como si fuera parte de la justicia ind\u00edgena o comunitaria.<br \/>\n\u201cEl autoritarismo de Evo Morales o Luis Arce es el mismo, est\u00e1 generando situaciones de peligro y de destrucci\u00f3n de la sociedad. No existe justicia, todo se allana con violencia, todo esto va a llevar al deterioro de la convivencia\u201d, remarc\u00f3.<br \/>\nEn ese marco anunci\u00f3 que solicitar\u00e1n una medida tutelar ante organismos internacionales, para generar una reacci\u00f3n por acumulaci\u00f3n de estas situaciones para que el Gobierno de Bolivia sea observado y no puedan hacer lo que \u201cles d\u00e9 la gana\u201d.<br \/>\n\u201cTenemos al exdirigente de Comcipo (Comit\u00e9 C\u00edvico Potosinista) -Juan Carlos Manuel Huallpa- que ha muerto en la clandestinidad, \u00e9ste no puede volver a ser un caso similar, porque las personas en la clandestinidad no tienen recursos, las familias quedan totalmente desprotegidas, tienen problemas de salud, llegan al l\u00edmite de la posibilidad de que por todas las circunstancias en que se encuentran, est\u00e1n condenadas a morir como parias y eso no es correcto\u201d, apunt\u00f3.<\/p>\n<p>\u201cEL DEFENSOR DEL<br \/>\nPUEBLO DEBE ACTUAR\u201d<br \/>\nPara Manuel Morales, miembro del Consejo Nacional de Defensa de la Democracia (Conade), el defensor del pueblo, Pedro Callisaya, debe asumir e iniciar una denuncia penal por todos los extremos ya que \u00e9l tuvo un acercamiento con la familia Choque.<br \/>\nAclar\u00f3 que para evitar extremos de violencia se puso \u201cfrenos\u201d a la justicia Ind\u00edgena Originaria con la Ley de Deslindes y la Ley 348 que se\u00f1ala que en casos de violencia no hay conciliaci\u00f3n ni justicia ind\u00edgena, sino que tiene que supeditarse a la justicia ordinaria.<br \/>\n\u201cSe denomina justicia ind\u00edgena cuando les da la gana, pero no tienen fuero para hacer eso, deben ser tambi\u00e9n procesados\u201d, dijo.<br \/>\nPara Morales, el hecho de que Choque se haya declarado en la clandestinidad, evidencia que en Bolivia hay presos pol\u00edticos y persecuci\u00f3n pol\u00edtica.<br \/>\n\u201cEsto (declararse en la clandestinidad) es un caso m\u00e1s de gente que se tiene que esconder para preservar su vida. Estar en la clandestinidad es una vida de sufrimiento familiar, perder la posibilidad de acceder a un trabajo, salud, es condenarse a vivir en la pobreza y no tener contacto con sus familiares\u201d, dijo.<br \/>\nPor otro lado, manifest\u00f3 que el Tribunal Supremo Electoral deber\u00eda tomar nota al respecto porque la legislaci\u00f3n prev\u00e9 plazos y los bolivianos no estamos en campa\u00f1a electoral.<br \/>\n\u201cEllos (TSE) deber\u00edan hacer, aunque sea una llamada de atenci\u00f3n, porque el MAS no puede estar haciendo campa\u00f1a pol\u00edtica, para eso hay plazos, cronogramas, etc.\u201d, apunt\u00f3.<\/p>\n<p>GOBIERNO<br \/>\nEl ministro de Justicia, Iv\u00e1n Lima, inform\u00f3 que personal del Servicio Plurinacional de Asistencia a la V\u00edctima (Sepdavi) ya se contact\u00f3 con el exfuncionario para respaldarlo tanto en el \u00e1mbito familiar como legal, puesto que Choque activ\u00f3 una demanda penal contra sus agresores.<br \/>\n\u201cYa se han tenido reuniones con \u00e9l y se le va a dar el patrocinio legal si \u00e9l lo decide. Todav\u00eda no nos ha confirmado si va a aceptar este patrocinio del Ministerio de Justicia, pero si lo hiciera as\u00ed vamos a llevar adelante la defensa del se\u00f1or Choque\u201d, remarc\u00f3 Lima, seg\u00fan publicaci\u00f3n El Deber.<\/p>\n<p>&nbsp;<\/p>\n\n<p>&nbsp;<\/p>\n<p>&nbsp;<\/p>\n","protected":false},"excerpt":{"rendered":"<p>Huy\u00f3 junto a su familia tras sufrir golpizas; su esposa interrumpi\u00f3 su embarazo y es atendida en un hospital p\u00fablico de La Paz para salvarle la vida. Mart\u00edn Choque, el exsecretario de Culturas de la Alcald\u00eda de Unc\u00eda, una poblaci\u00f3n distante a 325 kil\u00f3metros de la Sede de Gobierno de Bolivia, es un ind\u00edgena quechua [&hellip;]<\/p>\n","protected":false},"author":1,"featured_media":141633,"comment_status":"closed","ping_status":"closed","sticky":false,"template":"","format":"standard","meta":{"_acf_changed":false,"footnotes":""},"categories":[14],"tags":[],"class_list":["post-141631","post","type-post","status-publish","format-standard","has-post-thumbnail","category-politica"],"acf":{"antetitulo":""},"yoast_head":"<!-- This site is optimized with the Yoast SEO plugin v28.4 - https:\/\/yoast.com\/product\/yoast-seo-wordpress\/ -->\n<title>Expulsada de su tierra, despojada de todos sus derechos y sin nadie que la defienda - El Diario - Bolivia<\/title>\n<meta name=\"robots\" content=\"index, follow, max-snippet:-1, max-image-preview:large, max-video-preview:-1\" \/>\n<link rel=\"canonical\" href=\"https:\/\/www.eldiario.net\/portal\/2023\/03\/06\/expulsada-de-su-tierra-despojada-de-todos-sus-derechos-y-sin-nadie-que-la-defienda\/\" \/>\n<meta property=\"og:locale\" content=\"es_ES\" \/>\n<meta property=\"og:type\" content=\"article\" \/>\n<meta property=\"og:title\" content=\"Expulsada de su tierra, despojada de todos sus derechos y sin nadie que la defienda - El Diario - Bolivia\" \/>\n<meta property=\"og:description\" content=\"Huy\u00f3 junto a su familia tras sufrir golpizas; su esposa interrumpi\u00f3 su embarazo y es atendida en un hospital p\u00fablico de La Paz para salvarle la vida. Mart\u00edn Choque, el exsecretario de Culturas de la Alcald\u00eda de Unc\u00eda, una poblaci\u00f3n distante a 325 kil\u00f3metros de la Sede de Gobierno de Bolivia, es un ind\u00edgena quechua [&hellip;]\" \/>\n<meta property=\"og:url\" content=\"https:\/\/www.eldiario.net\/portal\/2023\/03\/06\/expulsada-de-su-tierra-despojada-de-todos-sus-derechos-y-sin-nadie-que-la-defienda\/\" \/>\n<meta property=\"og:site_name\" content=\"El Diario - Bolivia\" \/>\n<meta property=\"article:publisher\" content=\"https:\/\/www.facebook.com\/eldiario.bolivia\/\" \/>\n<meta property=\"article:published_time\" content=\"2023-03-06T12:15:16+00:00\" \/>\n<meta name=\"author\" content=\"Jeanette\" \/>\n<meta name=\"twitter:card\" content=\"summary_large_image\" \/>\n<meta name=\"twitter:creator\" content=\"@eldiario_net\" \/>\n<meta name=\"twitter:site\" content=\"@eldiario_net\" \/>\n<meta name=\"twitter:label1\" content=\"Escrito por\" \/>\n\t<meta name=\"twitter:data1\" content=\"Jeanette\" \/>\n\t<meta name=\"twitter:label2\" content=\"Tiempo de lectura\" \/>\n\t<meta name=\"twitter:data2\" content=\"7 minutos\" \/>\n<script type=\"application\/ld+json\" class=\"yoast-schema-graph\">{\"@context\":\"https:\\\/\\\/schema.org\",\"@graph\":[{\"@type\":\"Article\",\"@id\":\"https:\\\/\\\/www.eldiario.net\\\/portal\\\/2023\\\/03\\\/06\\\/expulsada-de-su-tierra-despojada-de-todos-sus-derechos-y-sin-nadie-que-la-defienda\\\/#article\",\"isPartOf\":{\"@id\":\"https:\\\/\\\/www.eldiario.net\\\/portal\\\/2023\\\/03\\\/06\\\/expulsada-de-su-tierra-despojada-de-todos-sus-derechos-y-sin-nadie-que-la-defienda\\\/\"},\"author\":{\"name\":\"Jeanette\",\"@id\":\"https:\\\/\\\/www.eldiario.net\\\/portal\\\/#\\\/schema\\\/person\\\/f46445640444750d7d753ccd04ae01b7\"},\"headline\":\"Expulsada de su tierra, despojada de todos sus derechos y sin nadie que la defienda\",\"datePublished\":\"2023-03-06T12:15:16+00:00\",\"mainEntityOfPage\":{\"@id\":\"https:\\\/\\\/www.eldiario.net\\\/portal\\\/2023\\\/03\\\/06\\\/expulsada-de-su-tierra-despojada-de-todos-sus-derechos-y-sin-nadie-que-la-defienda\\\/\"},\"wordCount\":1550,\"publisher\":{\"@id\":\"https:\\\/\\\/www.eldiario.net\\\/portal\\\/#organization\"},\"image\":{\"@id\":\"https:\\\/\\\/www.eldiario.net\\\/portal\\\/2023\\\/03\\\/06\\\/expulsada-de-su-tierra-despojada-de-todos-sus-derechos-y-sin-nadie-que-la-defienda\\\/#primaryimage\"},\"thumbnailUrl\":\"\",\"articleSection\":[\"Pol\u00edtica\"],\"inLanguage\":\"es\"},{\"@type\":\"WebPage\",\"@id\":\"https:\\\/\\\/www.eldiario.net\\\/portal\\\/2023\\\/03\\\/06\\\/expulsada-de-su-tierra-despojada-de-todos-sus-derechos-y-sin-nadie-que-la-defienda\\\/\",\"url\":\"https:\\\/\\\/www.eldiario.net\\\/portal\\\/2023\\\/03\\\/06\\\/expulsada-de-su-tierra-despojada-de-todos-sus-derechos-y-sin-nadie-que-la-defienda\\\/\",\"name\":\"Expulsada de su tierra, despojada de todos sus derechos y sin nadie que la defienda - El Diario - Bolivia\",\"isPartOf\":{\"@id\":\"https:\\\/\\\/www.eldiario.net\\\/portal\\\/#website\"},\"primaryImageOfPage\":{\"@id\":\"https:\\\/\\\/www.eldiario.net\\\/portal\\\/2023\\\/03\\\/06\\\/expulsada-de-su-tierra-despojada-de-todos-sus-derechos-y-sin-nadie-que-la-defienda\\\/#primaryimage\"},\"image\":{\"@id\":\"https:\\\/\\\/www.eldiario.net\\\/portal\\\/2023\\\/03\\\/06\\\/expulsada-de-su-tierra-despojada-de-todos-sus-derechos-y-sin-nadie-que-la-defienda\\\/#primaryimage\"},\"thumbnailUrl\":\"\",\"datePublished\":\"2023-03-06T12:15:16+00:00\",\"breadcrumb\":{\"@id\":\"https:\\\/\\\/www.eldiario.net\\\/portal\\\/2023\\\/03\\\/06\\\/expulsada-de-su-tierra-despojada-de-todos-sus-derechos-y-sin-nadie-que-la-defienda\\\/#breadcrumb\"},\"inLanguage\":\"es\",\"potentialAction\":[{\"@type\":\"ReadAction\",\"target\":[\"https:\\\/\\\/www.eldiario.net\\\/portal\\\/2023\\\/03\\\/06\\\/expulsada-de-su-tierra-despojada-de-todos-sus-derechos-y-sin-nadie-que-la-defienda\\\/\"]}]},{\"@type\":\"ImageObject\",\"inLanguage\":\"es\",\"@id\":\"https:\\\/\\\/www.eldiario.net\\\/portal\\\/2023\\\/03\\\/06\\\/expulsada-de-su-tierra-despojada-de-todos-sus-derechos-y-sin-nadie-que-la-defienda\\\/#primaryimage\",\"url\":\"\",\"contentUrl\":\"\"},{\"@type\":\"BreadcrumbList\",\"@id\":\"https:\\\/\\\/www.eldiario.net\\\/portal\\\/2023\\\/03\\\/06\\\/expulsada-de-su-tierra-despojada-de-todos-sus-derechos-y-sin-nadie-que-la-defienda\\\/#breadcrumb\",\"itemListElement\":[{\"@type\":\"ListItem\",\"position\":1,\"name\":\"Portada\",\"item\":\"https:\\\/\\\/www.eldiario.net\\\/portal\\\/\"},{\"@type\":\"ListItem\",\"position\":2,\"name\":\"Expulsada de su tierra, despojada de todos sus derechos y sin nadie que la defienda\"}]},{\"@type\":\"WebSite\",\"@id\":\"https:\\\/\\\/www.eldiario.net\\\/portal\\\/#website\",\"url\":\"https:\\\/\\\/www.eldiario.net\\\/portal\\\/\",\"name\":\"El Diario - Decano de la prensa nacional\",\"description\":\"El Diario - Decano de la prensa nacional\",\"publisher\":{\"@id\":\"https:\\\/\\\/www.eldiario.net\\\/portal\\\/#organization\"},\"potentialAction\":[{\"@type\":\"SearchAction\",\"target\":{\"@type\":\"EntryPoint\",\"urlTemplate\":\"https:\\\/\\\/www.eldiario.net\\\/portal\\\/?s={search_term_string}\"},\"query-input\":{\"@type\":\"PropertyValueSpecification\",\"valueRequired\":true,\"valueName\":\"search_term_string\"}}],\"inLanguage\":\"es\"},{\"@type\":\"Organization\",\"@id\":\"https:\\\/\\\/www.eldiario.net\\\/portal\\\/#organization\",\"name\":\"El Diario - Decano de la prensa nacional\",\"url\":\"https:\\\/\\\/www.eldiario.net\\\/portal\\\/\",\"logo\":{\"@type\":\"ImageObject\",\"inLanguage\":\"es\",\"@id\":\"https:\\\/\\\/www.eldiario.net\\\/portal\\\/#\\\/schema\\\/logo\\\/image\\\/\",\"url\":\"https:\\\/\\\/www.eldiario.net\\\/portal\\\/wp-content\\\/uploads\\\/2023\\\/07\\\/logo_ED.jpg\",\"contentUrl\":\"https:\\\/\\\/www.eldiario.net\\\/portal\\\/wp-content\\\/uploads\\\/2023\\\/07\\\/logo_ED.jpg\",\"width\":272,\"height\":52,\"caption\":\"El Diario - Decano de la prensa nacional\"},\"image\":{\"@id\":\"https:\\\/\\\/www.eldiario.net\\\/portal\\\/#\\\/schema\\\/logo\\\/image\\\/\"},\"sameAs\":[\"https:\\\/\\\/www.facebook.com\\\/eldiario.bolivia\\\/\",\"https:\\\/\\\/x.com\\\/eldiario_net\"]},{\"@type\":\"Person\",\"@id\":\"https:\\\/\\\/www.eldiario.net\\\/portal\\\/#\\\/schema\\\/person\\\/f46445640444750d7d753ccd04ae01b7\",\"name\":\"Jeanette\",\"image\":{\"@type\":\"ImageObject\",\"inLanguage\":\"es\",\"@id\":\"https:\\\/\\\/secure.gravatar.com\\\/avatar\\\/3ea2118a5f7dad2b7138b1187a6b7ee55f160b9968b66013c3a3ef39dd7e5798?s=96&d=mm&r=g\",\"url\":\"https:\\\/\\\/secure.gravatar.com\\\/avatar\\\/3ea2118a5f7dad2b7138b1187a6b7ee55f160b9968b66013c3a3ef39dd7e5798?s=96&d=mm&r=g\",\"contentUrl\":\"https:\\\/\\\/secure.gravatar.com\\\/avatar\\\/3ea2118a5f7dad2b7138b1187a6b7ee55f160b9968b66013c3a3ef39dd7e5798?s=96&d=mm&r=g\",\"caption\":\"Jeanette\"},\"sameAs\":[\"https:\\\/\\\/www.eldiario.net\\\/portal\"],\"url\":\"https:\\\/\\\/www.eldiario.net\\\/portal\\\/author\\\/jeanette\\\/\"}]}<\/script>\n<!-- \/ Yoast SEO plugin. -->","yoast_head_json":{"title":"Expulsada de su tierra, despojada de todos sus derechos y sin nadie que la defienda - El Diario - Bolivia","robots":{"index":"index","follow":"follow","max-snippet":"max-snippet:-1","max-image-preview":"max-image-preview:large","max-video-preview":"max-video-preview:-1"},"canonical":"https:\/\/www.eldiario.net\/portal\/2023\/03\/06\/expulsada-de-su-tierra-despojada-de-todos-sus-derechos-y-sin-nadie-que-la-defienda\/","og_locale":"es_ES","og_type":"article","og_title":"Expulsada de su tierra, despojada de todos sus derechos y sin nadie que la defienda - El Diario - Bolivia","og_description":"Huy\u00f3 junto a su familia tras sufrir golpizas; su esposa interrumpi\u00f3 su embarazo y es atendida en un hospital p\u00fablico de La Paz para salvarle la vida. Mart\u00edn Choque, el exsecretario de Culturas de la Alcald\u00eda de Unc\u00eda, una poblaci\u00f3n distante a 325 kil\u00f3metros de la Sede de Gobierno de Bolivia, es un ind\u00edgena quechua [&hellip;]","og_url":"https:\/\/www.eldiario.net\/portal\/2023\/03\/06\/expulsada-de-su-tierra-despojada-de-todos-sus-derechos-y-sin-nadie-que-la-defienda\/","og_site_name":"El Diario - Bolivia","article_publisher":"https:\/\/www.facebook.com\/eldiario.bolivia\/","article_published_time":"2023-03-06T12:15:16+00:00","author":"Jeanette","twitter_card":"summary_large_image","twitter_creator":"@eldiario_net","twitter_site":"@eldiario_net","twitter_misc":{"Escrito por":"Jeanette","Tiempo de lectura":"7 minutos"},"schema":{"@context":"https:\/\/schema.org","@graph":[{"@type":"Article","@id":"https:\/\/www.eldiario.net\/portal\/2023\/03\/06\/expulsada-de-su-tierra-despojada-de-todos-sus-derechos-y-sin-nadie-que-la-defienda\/#article","isPartOf":{"@id":"https:\/\/www.eldiario.net\/portal\/2023\/03\/06\/expulsada-de-su-tierra-despojada-de-todos-sus-derechos-y-sin-nadie-que-la-defienda\/"},"author":{"name":"Jeanette","@id":"https:\/\/www.eldiario.net\/portal\/#\/schema\/person\/f46445640444750d7d753ccd04ae01b7"},"headline":"Expulsada de su tierra, despojada de todos sus derechos y sin nadie que la defienda","datePublished":"2023-03-06T12:15:16+00:00","mainEntityOfPage":{"@id":"https:\/\/www.eldiario.net\/portal\/2023\/03\/06\/expulsada-de-su-tierra-despojada-de-todos-sus-derechos-y-sin-nadie-que-la-defienda\/"},"wordCount":1550,"publisher":{"@id":"https:\/\/www.eldiario.net\/portal\/#organization"},"image":{"@id":"https:\/\/www.eldiario.net\/portal\/2023\/03\/06\/expulsada-de-su-tierra-despojada-de-todos-sus-derechos-y-sin-nadie-que-la-defienda\/#primaryimage"},"thumbnailUrl":"","articleSection":["Pol\u00edtica"],"inLanguage":"es"},{"@type":"WebPage","@id":"https:\/\/www.eldiario.net\/portal\/2023\/03\/06\/expulsada-de-su-tierra-despojada-de-todos-sus-derechos-y-sin-nadie-que-la-defienda\/","url":"https:\/\/www.eldiario.net\/portal\/2023\/03\/06\/expulsada-de-su-tierra-despojada-de-todos-sus-derechos-y-sin-nadie-que-la-defienda\/","name":"Expulsada de su tierra, despojada de todos sus derechos y sin nadie que la defienda - El Diario - Bolivia","isPartOf":{"@id":"https:\/\/www.eldiario.net\/portal\/#website"},"primaryImageOfPage":{"@id":"https:\/\/www.eldiario.net\/portal\/2023\/03\/06\/expulsada-de-su-tierra-despojada-de-todos-sus-derechos-y-sin-nadie-que-la-defienda\/#primaryimage"},"image":{"@id":"https:\/\/www.eldiario.net\/portal\/2023\/03\/06\/expulsada-de-su-tierra-despojada-de-todos-sus-derechos-y-sin-nadie-que-la-defienda\/#primaryimage"},"thumbnailUrl":"","datePublished":"2023-03-06T12:15:16+00:00","breadcrumb":{"@id":"https:\/\/www.eldiario.net\/portal\/2023\/03\/06\/expulsada-de-su-tierra-despojada-de-todos-sus-derechos-y-sin-nadie-que-la-defienda\/#breadcrumb"},"inLanguage":"es","potentialAction":[{"@type":"ReadAction","target":["https:\/\/www.eldiario.net\/portal\/2023\/03\/06\/expulsada-de-su-tierra-despojada-de-todos-sus-derechos-y-sin-nadie-que-la-defienda\/"]}]},{"@type":"ImageObject","inLanguage":"es","@id":"https:\/\/www.eldiario.net\/portal\/2023\/03\/06\/expulsada-de-su-tierra-despojada-de-todos-sus-derechos-y-sin-nadie-que-la-defienda\/#primaryimage","url":"","contentUrl":""},{"@type":"BreadcrumbList","@id":"https:\/\/www.eldiario.net\/portal\/2023\/03\/06\/expulsada-de-su-tierra-despojada-de-todos-sus-derechos-y-sin-nadie-que-la-defienda\/#breadcrumb","itemListElement":[{"@type":"ListItem","position":1,"name":"Portada","item":"https:\/\/www.eldiario.net\/portal\/"},{"@type":"ListItem","position":2,"name":"Expulsada de su tierra, despojada de todos sus derechos y sin nadie que la defienda"}]},{"@type":"WebSite","@id":"https:\/\/www.eldiario.net\/portal\/#website","url":"https:\/\/www.eldiario.net\/portal\/","name":"El Diario - Decano de la prensa nacional","description":"El Diario - Decano de la prensa nacional","publisher":{"@id":"https:\/\/www.eldiario.net\/portal\/#organization"},"potentialAction":[{"@type":"SearchAction","target":{"@type":"EntryPoint","urlTemplate":"https:\/\/www.eldiario.net\/portal\/?s={search_term_string}"},"query-input":{"@type":"PropertyValueSpecification","valueRequired":true,"valueName":"search_term_string"}}],"inLanguage":"es"},{"@type":"Organization","@id":"https:\/\/www.eldiario.net\/portal\/#organization","name":"El Diario - Decano de la prensa nacional","url":"https:\/\/www.eldiario.net\/portal\/","logo":{"@type":"ImageObject","inLanguage":"es","@id":"https:\/\/www.eldiario.net\/portal\/#\/schema\/logo\/image\/","url":"https:\/\/www.eldiario.net\/portal\/wp-content\/uploads\/2023\/07\/logo_ED.jpg","contentUrl":"https:\/\/www.eldiario.net\/portal\/wp-content\/uploads\/2023\/07\/logo_ED.jpg","width":272,"height":52,"caption":"El Diario - Decano de la prensa nacional"},"image":{"@id":"https:\/\/www.eldiario.net\/portal\/#\/schema\/logo\/image\/"},"sameAs":["https:\/\/www.facebook.com\/eldiario.bolivia\/","https:\/\/x.com\/eldiario_net"]},{"@type":"Person","@id":"https:\/\/www.eldiario.net\/portal\/#\/schema\/person\/f46445640444750d7d753ccd04ae01b7","name":"Jeanette","image":{"@type":"ImageObject","inLanguage":"es","@id":"https:\/\/secure.gravatar.com\/avatar\/3ea2118a5f7dad2b7138b1187a6b7ee55f160b9968b66013c3a3ef39dd7e5798?s=96&d=mm&r=g","url":"https:\/\/secure.gravatar.com\/avatar\/3ea2118a5f7dad2b7138b1187a6b7ee55f160b9968b66013c3a3ef39dd7e5798?s=96&d=mm&r=g","contentUrl":"https:\/\/secure.gravatar.com\/avatar\/3ea2118a5f7dad2b7138b1187a6b7ee55f160b9968b66013c3a3ef39dd7e5798?s=96&d=mm&r=g","caption":"Jeanette"},"sameAs":["https:\/\/www.eldiario.net\/portal"],"url":"https:\/\/www.eldiario.net\/portal\/author\/jeanette\/"}]}},"_links":{"self":[{"href":"https:\/\/www.eldiario.net\/portal\/wp-json\/wp\/v2\/posts\/141631","targetHints":{"allow":["GET"]}}],"collection":[{"href":"https:\/\/www.eldiario.net\/portal\/wp-json\/wp\/v2\/posts"}],"about":[{"href":"https:\/\/www.eldiario.net\/portal\/wp-json\/wp\/v2\/types\/post"}],"author":[{"embeddable":true,"href":"https:\/\/www.eldiario.net\/portal\/wp-json\/wp\/v2\/users\/1"}],"replies":[{"embeddable":true,"href":"https:\/\/www.eldiario.net\/portal\/wp-json\/wp\/v2\/comments?post=141631"}],"version-history":[{"count":0,"href":"https:\/\/www.eldiario.net\/portal\/wp-json\/wp\/v2\/posts\/141631\/revisions"}],"wp:attachment":[{"href":"https:\/\/www.eldiario.net\/portal\/wp-json\/wp\/v2\/media?parent=141631"}],"wp:term":[{"taxonomy":"category","embeddable":true,"href":"https:\/\/www.eldiario.net\/portal\/wp-json\/wp\/v2\/categories?post=141631"},{"taxonomy":"post_tag","embeddable":true,"href":"https:\/\/www.eldiario.net\/portal\/wp-json\/wp\/v2\/tags?post=141631"}],"curies":[{"name":"wp","href":"https:\/\/api.w.org\/{rel}","templated":true}]}}