{"id":141628,"date":"2023-03-06T08:13:07","date_gmt":"2023-03-06T12:13:07","guid":{"rendered":"https:\/\/www.eldiario.net\/portal\/?p=141628"},"modified":"2023-03-06T08:13:07","modified_gmt":"2023-03-06T12:13:07","slug":"presentan-proyecto-de-minuta-de-comunicacion","status":"publish","type":"post","link":"https:\/\/www.eldiario.net\/portal\/2023\/03\/06\/presentan-proyecto-de-minuta-de-comunicacion\/","title":{"rendered":"Presentan proyecto  de minuta de  comunicaci\u00f3n"},"content":{"rendered":"<p>El 1 de marzo de 2023, la diputada de oposici\u00f3n, Toribia Lero, present\u00f3 el proyecto de minuta de comunicaci\u00f3n dirigida a Daniel Chocotea Torrej\u00f3n y otras autoridades originarias del Ayllu Puraca Layme del municipio de Unc\u00eda, del departamento de Potos\u00ed, quienes el 25 de febrero de 2023, resolvieron la expulsi\u00f3n de Mart\u00edn Choque Condori, por retirar la silla a Evo Morales.<br \/>\n\u201cEl s\u00e1bado 25 de febrero de 2023, autoridades originarias del ayllu Pucara Layme, del municipio de Uncia, se re\u00fane de emergencia para tratar lo sucedido el 23 de febrero (retir\u00f3 la silla a Evo Morales en un acto cultural que pretend\u00eda convertirse en proselitista), mediante el voto resolutivo el ayllu se pronuncia contra el se\u00f1or Martin Choque Condori: 1. La expulsi\u00f3n definitivo del ayllu Puraca Layme. 2. Destituci\u00f3n de su Cargo dentro del Gobierno Aut\u00f3nomo Municipal de Unc\u00eda (Director de Cultura), en 24 horas. 3. Vetado de todo cargo. 4. Tiene que desmentir a todos los medios de comunicaci\u00f3n local, regional, nacional hasta Internacional\u201d, se\u00f1ala la parte de antecedentes del proyecto al que EL DIARIO tuvo acceso.<br \/>\nEl documento hace referencia a que si bien la justicia ind\u00edgena originaria campesina goza de igualdad jer\u00e1rquica conforme establece el art\u00edculo 179 de la Constituci\u00f3n Pol\u00edtica del Estado (CPE), tambi\u00e9n \u00e9sta jurisdicci\u00f3n tiene l\u00edmites, tanto en la carta magna como en los tratados internacionales ratificados por el Estado Boliviano.<br \/>\nEn ese marco, el proyecto de minuta de comunicaci\u00f3n recomienda a Daniel Chocotea Torrejon y otras autoridades originarias dejar sin efecto el voto resolutivo 001\/2023 de fecha 25 de febrero de 2023, siendo que esta vulnera el derecho al debido proceso consagrado en la CPE.<br \/>\nTambi\u00e9n recomienda emitir nueva resoluci\u00f3n respetando los derechos y garant\u00edas Constitucionales, y los Tratados Internacionales ratificados por el Estado Boliviano.<br \/>\nAsimismo, en una conferencia de prensa, Lero, record\u00f3 que desde 2009, Bolivia se constituy\u00f3 en un Estado Plurinacional, a partir de ah\u00ed reconoce los derechos de los pueblo ind\u00edgenas.<br \/>\nEn 2016, el gobierno de entonces inst\u00f3 a la Organizaci\u00f3n de Estados Americanos a aprobar los derechos de los pueblos ind\u00edgenas a nivel de Latinoam\u00e9rica.<br \/>\nEl 2017, el gobierno insta la aprobaci\u00f3n de un plan de acci\u00f3n para que todos los pa\u00edses de Latinoam\u00e9rica implementen los derechos de los pueblos ind\u00edgenas.<br \/>\n\u201cEl gobierno que desde hace 17 a\u00f1os atr\u00e1s se proclama ser un gobierno ind\u00edgena y adem\u00e1s que campea a nivel internacional se\u00f1alando ser defensor de los pueblos ind\u00edgenas, sin embargo vemos casos como los de Mart\u00edn Choque, C\u00e9sar Apaza, defensores del Tipnis y otros, donde sus derechos est\u00e1n siendo gravemente vulnerados, no hace nada\u201d, advirti\u00f3.<\/p>\n<p>&nbsp;<\/p>\n","protected":false},"excerpt":{"rendered":"<p>El 1 de marzo de 2023, la diputada de oposici\u00f3n, Toribia Lero, present\u00f3 el proyecto de minuta de comunicaci\u00f3n dirigida a Daniel Chocotea Torrej\u00f3n y otras autoridades originarias del Ayllu Puraca Layme del municipio de Unc\u00eda, del departamento de Potos\u00ed, quienes el 25 de febrero de 2023, resolvieron la expulsi\u00f3n de Mart\u00edn Choque Condori, por [&hellip;]<\/p>\n","protected":false},"author":1,"featured_media":141629,"comment_status":"closed","ping_status":"closed","sticky":false,"template":"","format":"standard","meta":{"_acf_changed":false,"footnotes":""},"categories":[14],"tags":[],"class_list":["post-141628","post","type-post","status-publish","format-standard","has-post-thumbnail","category-politica"],"acf":{"antetitulo":""},"yoast_head":"<!-- This site is optimized with the Yoast SEO plugin v28.4 - https:\/\/yoast.com\/product\/yoast-seo-wordpress\/ -->\n<title>Presentan proyecto de minuta de comunicaci\u00f3n - El Diario - Bolivia<\/title>\n<meta name=\"robots\" content=\"index, follow, max-snippet:-1, max-image-preview:large, max-video-preview:-1\" \/>\n<link rel=\"canonical\" href=\"https:\/\/www.eldiario.net\/portal\/2023\/03\/06\/presentan-proyecto-de-minuta-de-comunicacion\/\" \/>\n<meta property=\"og:locale\" content=\"es_ES\" \/>\n<meta property=\"og:type\" content=\"article\" \/>\n<meta property=\"og:title\" content=\"Presentan proyecto de minuta de comunicaci\u00f3n - El Diario - Bolivia\" \/>\n<meta property=\"og:description\" content=\"El 1 de marzo de 2023, la diputada de oposici\u00f3n, Toribia Lero, present\u00f3 el proyecto de minuta de comunicaci\u00f3n dirigida a Daniel Chocotea Torrej\u00f3n y otras autoridades originarias del Ayllu Puraca Layme del municipio de Unc\u00eda, del departamento de Potos\u00ed, quienes el 25 de febrero de 2023, resolvieron la expulsi\u00f3n de Mart\u00edn Choque Condori, por [&hellip;]\" \/>\n<meta property=\"og:url\" content=\"https:\/\/www.eldiario.net\/portal\/2023\/03\/06\/presentan-proyecto-de-minuta-de-comunicacion\/\" \/>\n<meta property=\"og:site_name\" content=\"El Diario - Bolivia\" \/>\n<meta property=\"article:publisher\" content=\"https:\/\/www.facebook.com\/eldiario.bolivia\/\" \/>\n<meta property=\"article:published_time\" content=\"2023-03-06T12:13:07+00:00\" \/>\n<meta name=\"author\" content=\"Jeanette\" \/>\n<meta name=\"twitter:card\" content=\"summary_large_image\" \/>\n<meta name=\"twitter:creator\" content=\"@eldiario_net\" \/>\n<meta name=\"twitter:site\" content=\"@eldiario_net\" \/>\n<meta name=\"twitter:label1\" content=\"Escrito por\" \/>\n\t<meta name=\"twitter:data1\" content=\"Jeanette\" \/>\n\t<meta name=\"twitter:label2\" content=\"Tiempo de lectura\" \/>\n\t<meta name=\"twitter:data2\" content=\"2 minutos\" \/>\n<script type=\"application\/ld+json\" class=\"yoast-schema-graph\">{\"@context\":\"https:\\\/\\\/schema.org\",\"@graph\":[{\"@type\":\"Article\",\"@id\":\"https:\\\/\\\/www.eldiario.net\\\/portal\\\/2023\\\/03\\\/06\\\/presentan-proyecto-de-minuta-de-comunicacion\\\/#article\",\"isPartOf\":{\"@id\":\"https:\\\/\\\/www.eldiario.net\\\/portal\\\/2023\\\/03\\\/06\\\/presentan-proyecto-de-minuta-de-comunicacion\\\/\"},\"author\":{\"name\":\"Jeanette\",\"@id\":\"https:\\\/\\\/www.eldiario.net\\\/portal\\\/#\\\/schema\\\/person\\\/f46445640444750d7d753ccd04ae01b7\"},\"headline\":\"Presentan proyecto de minuta de comunicaci\u00f3n\",\"datePublished\":\"2023-03-06T12:13:07+00:00\",\"mainEntityOfPage\":{\"@id\":\"https:\\\/\\\/www.eldiario.net\\\/portal\\\/2023\\\/03\\\/06\\\/presentan-proyecto-de-minuta-de-comunicacion\\\/\"},\"wordCount\":461,\"publisher\":{\"@id\":\"https:\\\/\\\/www.eldiario.net\\\/portal\\\/#organization\"},\"image\":{\"@id\":\"https:\\\/\\\/www.eldiario.net\\\/portal\\\/2023\\\/03\\\/06\\\/presentan-proyecto-de-minuta-de-comunicacion\\\/#primaryimage\"},\"thumbnailUrl\":\"\",\"articleSection\":[\"Pol\u00edtica\"],\"inLanguage\":\"es\"},{\"@type\":\"WebPage\",\"@id\":\"https:\\\/\\\/www.eldiario.net\\\/portal\\\/2023\\\/03\\\/06\\\/presentan-proyecto-de-minuta-de-comunicacion\\\/\",\"url\":\"https:\\\/\\\/www.eldiario.net\\\/portal\\\/2023\\\/03\\\/06\\\/presentan-proyecto-de-minuta-de-comunicacion\\\/\",\"name\":\"Presentan proyecto de minuta de comunicaci\u00f3n - El Diario - Bolivia\",\"isPartOf\":{\"@id\":\"https:\\\/\\\/www.eldiario.net\\\/portal\\\/#website\"},\"primaryImageOfPage\":{\"@id\":\"https:\\\/\\\/www.eldiario.net\\\/portal\\\/2023\\\/03\\\/06\\\/presentan-proyecto-de-minuta-de-comunicacion\\\/#primaryimage\"},\"image\":{\"@id\":\"https:\\\/\\\/www.eldiario.net\\\/portal\\\/2023\\\/03\\\/06\\\/presentan-proyecto-de-minuta-de-comunicacion\\\/#primaryimage\"},\"thumbnailUrl\":\"\",\"datePublished\":\"2023-03-06T12:13:07+00:00\",\"breadcrumb\":{\"@id\":\"https:\\\/\\\/www.eldiario.net\\\/portal\\\/2023\\\/03\\\/06\\\/presentan-proyecto-de-minuta-de-comunicacion\\\/#breadcrumb\"},\"inLanguage\":\"es\",\"potentialAction\":[{\"@type\":\"ReadAction\",\"target\":[\"https:\\\/\\\/www.eldiario.net\\\/portal\\\/2023\\\/03\\\/06\\\/presentan-proyecto-de-minuta-de-comunicacion\\\/\"]}]},{\"@type\":\"ImageObject\",\"inLanguage\":\"es\",\"@id\":\"https:\\\/\\\/www.eldiario.net\\\/portal\\\/2023\\\/03\\\/06\\\/presentan-proyecto-de-minuta-de-comunicacion\\\/#primaryimage\",\"url\":\"\",\"contentUrl\":\"\"},{\"@type\":\"BreadcrumbList\",\"@id\":\"https:\\\/\\\/www.eldiario.net\\\/portal\\\/2023\\\/03\\\/06\\\/presentan-proyecto-de-minuta-de-comunicacion\\\/#breadcrumb\",\"itemListElement\":[{\"@type\":\"ListItem\",\"position\":1,\"name\":\"Portada\",\"item\":\"https:\\\/\\\/www.eldiario.net\\\/portal\\\/\"},{\"@type\":\"ListItem\",\"position\":2,\"name\":\"Presentan proyecto de minuta de comunicaci\u00f3n\"}]},{\"@type\":\"WebSite\",\"@id\":\"https:\\\/\\\/www.eldiario.net\\\/portal\\\/#website\",\"url\":\"https:\\\/\\\/www.eldiario.net\\\/portal\\\/\",\"name\":\"El Diario - Decano de la prensa nacional\",\"description\":\"El Diario - Decano de la prensa nacional\",\"publisher\":{\"@id\":\"https:\\\/\\\/www.eldiario.net\\\/portal\\\/#organization\"},\"potentialAction\":[{\"@type\":\"SearchAction\",\"target\":{\"@type\":\"EntryPoint\",\"urlTemplate\":\"https:\\\/\\\/www.eldiario.net\\\/portal\\\/?s={search_term_string}\"},\"query-input\":{\"@type\":\"PropertyValueSpecification\",\"valueRequired\":true,\"valueName\":\"search_term_string\"}}],\"inLanguage\":\"es\"},{\"@type\":\"Organization\",\"@id\":\"https:\\\/\\\/www.eldiario.net\\\/portal\\\/#organization\",\"name\":\"El Diario - Decano de la prensa nacional\",\"url\":\"https:\\\/\\\/www.eldiario.net\\\/portal\\\/\",\"logo\":{\"@type\":\"ImageObject\",\"inLanguage\":\"es\",\"@id\":\"https:\\\/\\\/www.eldiario.net\\\/portal\\\/#\\\/schema\\\/logo\\\/image\\\/\",\"url\":\"https:\\\/\\\/www.eldiario.net\\\/portal\\\/wp-content\\\/uploads\\\/2023\\\/07\\\/logo_ED.jpg\",\"contentUrl\":\"https:\\\/\\\/www.eldiario.net\\\/portal\\\/wp-content\\\/uploads\\\/2023\\\/07\\\/logo_ED.jpg\",\"width\":272,\"height\":52,\"caption\":\"El Diario - Decano de la prensa nacional\"},\"image\":{\"@id\":\"https:\\\/\\\/www.eldiario.net\\\/portal\\\/#\\\/schema\\\/logo\\\/image\\\/\"},\"sameAs\":[\"https:\\\/\\\/www.facebook.com\\\/eldiario.bolivia\\\/\",\"https:\\\/\\\/x.com\\\/eldiario_net\"]},{\"@type\":\"Person\",\"@id\":\"https:\\\/\\\/www.eldiario.net\\\/portal\\\/#\\\/schema\\\/person\\\/f46445640444750d7d753ccd04ae01b7\",\"name\":\"Jeanette\",\"image\":{\"@type\":\"ImageObject\",\"inLanguage\":\"es\",\"@id\":\"https:\\\/\\\/secure.gravatar.com\\\/avatar\\\/3ea2118a5f7dad2b7138b1187a6b7ee55f160b9968b66013c3a3ef39dd7e5798?s=96&d=mm&r=g\",\"url\":\"https:\\\/\\\/secure.gravatar.com\\\/avatar\\\/3ea2118a5f7dad2b7138b1187a6b7ee55f160b9968b66013c3a3ef39dd7e5798?s=96&d=mm&r=g\",\"contentUrl\":\"https:\\\/\\\/secure.gravatar.com\\\/avatar\\\/3ea2118a5f7dad2b7138b1187a6b7ee55f160b9968b66013c3a3ef39dd7e5798?s=96&d=mm&r=g\",\"caption\":\"Jeanette\"},\"sameAs\":[\"https:\\\/\\\/www.eldiario.net\\\/portal\"],\"url\":\"https:\\\/\\\/www.eldiario.net\\\/portal\\\/author\\\/jeanette\\\/\"}]}<\/script>\n<!-- \/ Yoast SEO plugin. -->","yoast_head_json":{"title":"Presentan proyecto de minuta de comunicaci\u00f3n - El Diario - Bolivia","robots":{"index":"index","follow":"follow","max-snippet":"max-snippet:-1","max-image-preview":"max-image-preview:large","max-video-preview":"max-video-preview:-1"},"canonical":"https:\/\/www.eldiario.net\/portal\/2023\/03\/06\/presentan-proyecto-de-minuta-de-comunicacion\/","og_locale":"es_ES","og_type":"article","og_title":"Presentan proyecto de minuta de comunicaci\u00f3n - El Diario - Bolivia","og_description":"El 1 de marzo de 2023, la diputada de oposici\u00f3n, Toribia Lero, present\u00f3 el proyecto de minuta de comunicaci\u00f3n dirigida a Daniel Chocotea Torrej\u00f3n y otras autoridades originarias del Ayllu Puraca Layme del municipio de Unc\u00eda, del departamento de Potos\u00ed, quienes el 25 de febrero de 2023, resolvieron la expulsi\u00f3n de Mart\u00edn Choque Condori, por [&hellip;]","og_url":"https:\/\/www.eldiario.net\/portal\/2023\/03\/06\/presentan-proyecto-de-minuta-de-comunicacion\/","og_site_name":"El Diario - Bolivia","article_publisher":"https:\/\/www.facebook.com\/eldiario.bolivia\/","article_published_time":"2023-03-06T12:13:07+00:00","author":"Jeanette","twitter_card":"summary_large_image","twitter_creator":"@eldiario_net","twitter_site":"@eldiario_net","twitter_misc":{"Escrito por":"Jeanette","Tiempo de lectura":"2 minutos"},"schema":{"@context":"https:\/\/schema.org","@graph":[{"@type":"Article","@id":"https:\/\/www.eldiario.net\/portal\/2023\/03\/06\/presentan-proyecto-de-minuta-de-comunicacion\/#article","isPartOf":{"@id":"https:\/\/www.eldiario.net\/portal\/2023\/03\/06\/presentan-proyecto-de-minuta-de-comunicacion\/"},"author":{"name":"Jeanette","@id":"https:\/\/www.eldiario.net\/portal\/#\/schema\/person\/f46445640444750d7d753ccd04ae01b7"},"headline":"Presentan proyecto de minuta de comunicaci\u00f3n","datePublished":"2023-03-06T12:13:07+00:00","mainEntityOfPage":{"@id":"https:\/\/www.eldiario.net\/portal\/2023\/03\/06\/presentan-proyecto-de-minuta-de-comunicacion\/"},"wordCount":461,"publisher":{"@id":"https:\/\/www.eldiario.net\/portal\/#organization"},"image":{"@id":"https:\/\/www.eldiario.net\/portal\/2023\/03\/06\/presentan-proyecto-de-minuta-de-comunicacion\/#primaryimage"},"thumbnailUrl":"","articleSection":["Pol\u00edtica"],"inLanguage":"es"},{"@type":"WebPage","@id":"https:\/\/www.eldiario.net\/portal\/2023\/03\/06\/presentan-proyecto-de-minuta-de-comunicacion\/","url":"https:\/\/www.eldiario.net\/portal\/2023\/03\/06\/presentan-proyecto-de-minuta-de-comunicacion\/","name":"Presentan proyecto de minuta de comunicaci\u00f3n - El Diario - Bolivia","isPartOf":{"@id":"https:\/\/www.eldiario.net\/portal\/#website"},"primaryImageOfPage":{"@id":"https:\/\/www.eldiario.net\/portal\/2023\/03\/06\/presentan-proyecto-de-minuta-de-comunicacion\/#primaryimage"},"image":{"@id":"https:\/\/www.eldiario.net\/portal\/2023\/03\/06\/presentan-proyecto-de-minuta-de-comunicacion\/#primaryimage"},"thumbnailUrl":"","datePublished":"2023-03-06T12:13:07+00:00","breadcrumb":{"@id":"https:\/\/www.eldiario.net\/portal\/2023\/03\/06\/presentan-proyecto-de-minuta-de-comunicacion\/#breadcrumb"},"inLanguage":"es","potentialAction":[{"@type":"ReadAction","target":["https:\/\/www.eldiario.net\/portal\/2023\/03\/06\/presentan-proyecto-de-minuta-de-comunicacion\/"]}]},{"@type":"ImageObject","inLanguage":"es","@id":"https:\/\/www.eldiario.net\/portal\/2023\/03\/06\/presentan-proyecto-de-minuta-de-comunicacion\/#primaryimage","url":"","contentUrl":""},{"@type":"BreadcrumbList","@id":"https:\/\/www.eldiario.net\/portal\/2023\/03\/06\/presentan-proyecto-de-minuta-de-comunicacion\/#breadcrumb","itemListElement":[{"@type":"ListItem","position":1,"name":"Portada","item":"https:\/\/www.eldiario.net\/portal\/"},{"@type":"ListItem","position":2,"name":"Presentan proyecto de minuta de comunicaci\u00f3n"}]},{"@type":"WebSite","@id":"https:\/\/www.eldiario.net\/portal\/#website","url":"https:\/\/www.eldiario.net\/portal\/","name":"El Diario - Decano de la prensa nacional","description":"El Diario - Decano de la prensa nacional","publisher":{"@id":"https:\/\/www.eldiario.net\/portal\/#organization"},"potentialAction":[{"@type":"SearchAction","target":{"@type":"EntryPoint","urlTemplate":"https:\/\/www.eldiario.net\/portal\/?s={search_term_string}"},"query-input":{"@type":"PropertyValueSpecification","valueRequired":true,"valueName":"search_term_string"}}],"inLanguage":"es"},{"@type":"Organization","@id":"https:\/\/www.eldiario.net\/portal\/#organization","name":"El Diario - Decano de la prensa nacional","url":"https:\/\/www.eldiario.net\/portal\/","logo":{"@type":"ImageObject","inLanguage":"es","@id":"https:\/\/www.eldiario.net\/portal\/#\/schema\/logo\/image\/","url":"https:\/\/www.eldiario.net\/portal\/wp-content\/uploads\/2023\/07\/logo_ED.jpg","contentUrl":"https:\/\/www.eldiario.net\/portal\/wp-content\/uploads\/2023\/07\/logo_ED.jpg","width":272,"height":52,"caption":"El Diario - Decano de la prensa nacional"},"image":{"@id":"https:\/\/www.eldiario.net\/portal\/#\/schema\/logo\/image\/"},"sameAs":["https:\/\/www.facebook.com\/eldiario.bolivia\/","https:\/\/x.com\/eldiario_net"]},{"@type":"Person","@id":"https:\/\/www.eldiario.net\/portal\/#\/schema\/person\/f46445640444750d7d753ccd04ae01b7","name":"Jeanette","image":{"@type":"ImageObject","inLanguage":"es","@id":"https:\/\/secure.gravatar.com\/avatar\/3ea2118a5f7dad2b7138b1187a6b7ee55f160b9968b66013c3a3ef39dd7e5798?s=96&d=mm&r=g","url":"https:\/\/secure.gravatar.com\/avatar\/3ea2118a5f7dad2b7138b1187a6b7ee55f160b9968b66013c3a3ef39dd7e5798?s=96&d=mm&r=g","contentUrl":"https:\/\/secure.gravatar.com\/avatar\/3ea2118a5f7dad2b7138b1187a6b7ee55f160b9968b66013c3a3ef39dd7e5798?s=96&d=mm&r=g","caption":"Jeanette"},"sameAs":["https:\/\/www.eldiario.net\/portal"],"url":"https:\/\/www.eldiario.net\/portal\/author\/jeanette\/"}]}},"_links":{"self":[{"href":"https:\/\/www.eldiario.net\/portal\/wp-json\/wp\/v2\/posts\/141628","targetHints":{"allow":["GET"]}}],"collection":[{"href":"https:\/\/www.eldiario.net\/portal\/wp-json\/wp\/v2\/posts"}],"about":[{"href":"https:\/\/www.eldiario.net\/portal\/wp-json\/wp\/v2\/types\/post"}],"author":[{"embeddable":true,"href":"https:\/\/www.eldiario.net\/portal\/wp-json\/wp\/v2\/users\/1"}],"replies":[{"embeddable":true,"href":"https:\/\/www.eldiario.net\/portal\/wp-json\/wp\/v2\/comments?post=141628"}],"version-history":[{"count":0,"href":"https:\/\/www.eldiario.net\/portal\/wp-json\/wp\/v2\/posts\/141628\/revisions"}],"wp:attachment":[{"href":"https:\/\/www.eldiario.net\/portal\/wp-json\/wp\/v2\/media?parent=141628"}],"wp:term":[{"taxonomy":"category","embeddable":true,"href":"https:\/\/www.eldiario.net\/portal\/wp-json\/wp\/v2\/categories?post=141628"},{"taxonomy":"post_tag","embeddable":true,"href":"https:\/\/www.eldiario.net\/portal\/wp-json\/wp\/v2\/tags?post=141628"}],"curies":[{"name":"wp","href":"https:\/\/api.w.org\/{rel}","templated":true}]}}