{"id":141625,"date":"2023-03-06T08:12:07","date_gmt":"2023-03-06T12:12:07","guid":{"rendered":"https:\/\/www.eldiario.net\/portal\/?p=141625"},"modified":"2023-03-06T08:12:07","modified_gmt":"2023-03-06T12:12:07","slug":"iglesia-pide-construir-un-pais-respetuoso-de-libre-expresion","status":"publish","type":"post","link":"https:\/\/www.eldiario.net\/portal\/2023\/03\/06\/iglesia-pide-construir-un-pais-respetuoso-de-libre-expresion\/","title":{"rendered":"Iglesia pide construir un pa\u00eds  respetuoso de libre expresi\u00f3n"},"content":{"rendered":"<p>En su homil\u00eda de ayer, el monse\u00f1or Aurelio Pesoa pidi\u00f3 construir un pa\u00eds sin persecuciones, donde se respete el derecho a la libre expresi\u00f3n, un pa\u00eds seguro y que est\u00e9 libre del narcotr\u00e1fico.<br \/>\n\u201c\u00bfEs posible que los m\u00e1s pobres puedan decir alguna vez en nuestro pa\u00eds: \u2018qu\u00e9 bien estamos aqu\u00ed?\u2019. Es posible. Entre todos podemos hacer realidad preocup\u00e1ndonos, con efectiva compasi\u00f3n, y con gestos reales de compartir. Ante la enfermedad del dengue hemorr\u00e1gico, que est\u00e1 afectando principalmente a los ni\u00f1os y otras enfermedades. \u00bfEs posible que los enfermos, sean cuidados y atendidos como merecen por su dignidad humana y reciban todos los progresos que hoy la medicina puede ofrecer? Depende de nosotros y de pol\u00edticas efectivas que los prioricen, para bien de todos sin exclusi\u00f3n\u201d, asegur\u00f3 el religioso.<br \/>\nTambi\u00e9n dijo que es posible que la justicia boliviana en alg\u00fan momento llegue a la gente con confianza, sin extorsiones, sin corrupci\u00f3n, donde los ciudadanos se sientan protegidos por el Estado.<br \/>\n\u201cEntre todos construyamos un pa\u00eds que sea m\u00e1s cielo en esta tierra bendecida por Dios. Un pa\u00eds en el que todos estemos bien y deseemos quedarnos y no emigrar a otros lugares. Un pa\u00eds en el que todos los bolivianos nos sintamos seguros, sin persecuciones y en la que se respete el derecho a pensar y expresar pensamientos diferentes. Un pa\u00eds libre del narcotr\u00e1fico que nos estigmatiza y de la droga que nos degrada. Todos construyamos un pa\u00eds en el que nos encontremos como hermanos, sin discriminaciones ni exclusiones. Es decir, que todos seamos part\u00edcipes en la construcci\u00f3n de pa\u00eds en el que todos nos encontremos como hermanos, sin discriminaciones, ni exclusiones\u201d, invoc\u00f3 Pesoa.<\/p>\n","protected":false},"excerpt":{"rendered":"<p>En su homil\u00eda de ayer, el monse\u00f1or Aurelio Pesoa pidi\u00f3 construir un pa\u00eds sin persecuciones, donde se respete el derecho a la libre expresi\u00f3n, un pa\u00eds seguro y que est\u00e9 libre del narcotr\u00e1fico. \u201c\u00bfEs posible que los m\u00e1s pobres puedan decir alguna vez en nuestro pa\u00eds: \u2018qu\u00e9 bien estamos aqu\u00ed?\u2019. Es posible. Entre todos podemos [&hellip;]<\/p>\n","protected":false},"author":1,"featured_media":141626,"comment_status":"closed","ping_status":"closed","sticky":false,"template":"","format":"standard","meta":{"_acf_changed":false,"footnotes":""},"categories":[14],"tags":[],"class_list":["post-141625","post","type-post","status-publish","format-standard","has-post-thumbnail","category-politica"],"acf":{"antetitulo":""},"yoast_head":"<!-- This site is optimized with the Yoast SEO plugin v28.4 - https:\/\/yoast.com\/product\/yoast-seo-wordpress\/ -->\n<title>Iglesia pide construir un pa\u00eds respetuoso de libre expresi\u00f3n - El Diario - Bolivia<\/title>\n<meta name=\"robots\" content=\"index, follow, max-snippet:-1, max-image-preview:large, max-video-preview:-1\" \/>\n<link rel=\"canonical\" href=\"https:\/\/www.eldiario.net\/portal\/2023\/03\/06\/iglesia-pide-construir-un-pais-respetuoso-de-libre-expresion\/\" \/>\n<meta property=\"og:locale\" content=\"es_ES\" \/>\n<meta property=\"og:type\" content=\"article\" \/>\n<meta property=\"og:title\" content=\"Iglesia pide construir un pa\u00eds respetuoso de libre expresi\u00f3n - El Diario - Bolivia\" \/>\n<meta property=\"og:description\" content=\"En su homil\u00eda de ayer, el monse\u00f1or Aurelio Pesoa pidi\u00f3 construir un pa\u00eds sin persecuciones, donde se respete el derecho a la libre expresi\u00f3n, un pa\u00eds seguro y que est\u00e9 libre del narcotr\u00e1fico. \u201c\u00bfEs posible que los m\u00e1s pobres puedan decir alguna vez en nuestro pa\u00eds: \u2018qu\u00e9 bien estamos aqu\u00ed?\u2019. Es posible. Entre todos podemos [&hellip;]\" \/>\n<meta property=\"og:url\" content=\"https:\/\/www.eldiario.net\/portal\/2023\/03\/06\/iglesia-pide-construir-un-pais-respetuoso-de-libre-expresion\/\" \/>\n<meta property=\"og:site_name\" content=\"El Diario - Bolivia\" \/>\n<meta property=\"article:publisher\" content=\"https:\/\/www.facebook.com\/eldiario.bolivia\/\" \/>\n<meta property=\"article:published_time\" content=\"2023-03-06T12:12:07+00:00\" \/>\n<meta name=\"author\" content=\"Jeanette\" \/>\n<meta name=\"twitter:card\" content=\"summary_large_image\" \/>\n<meta name=\"twitter:creator\" content=\"@eldiario_net\" \/>\n<meta name=\"twitter:site\" content=\"@eldiario_net\" \/>\n<meta name=\"twitter:label1\" content=\"Escrito por\" \/>\n\t<meta name=\"twitter:data1\" content=\"Jeanette\" \/>\n\t<meta name=\"twitter:label2\" content=\"Tiempo de lectura\" \/>\n\t<meta name=\"twitter:data2\" content=\"2 minutos\" \/>\n<script type=\"application\/ld+json\" class=\"yoast-schema-graph\">{\"@context\":\"https:\\\/\\\/schema.org\",\"@graph\":[{\"@type\":\"Article\",\"@id\":\"https:\\\/\\\/www.eldiario.net\\\/portal\\\/2023\\\/03\\\/06\\\/iglesia-pide-construir-un-pais-respetuoso-de-libre-expresion\\\/#article\",\"isPartOf\":{\"@id\":\"https:\\\/\\\/www.eldiario.net\\\/portal\\\/2023\\\/03\\\/06\\\/iglesia-pide-construir-un-pais-respetuoso-de-libre-expresion\\\/\"},\"author\":{\"name\":\"Jeanette\",\"@id\":\"https:\\\/\\\/www.eldiario.net\\\/portal\\\/#\\\/schema\\\/person\\\/2c57cf2b7a7ae032e449e4c9b1019eac\"},\"headline\":\"Iglesia pide construir un pa\u00eds respetuoso de libre expresi\u00f3n\",\"datePublished\":\"2023-03-06T12:12:07+00:00\",\"mainEntityOfPage\":{\"@id\":\"https:\\\/\\\/www.eldiario.net\\\/portal\\\/2023\\\/03\\\/06\\\/iglesia-pide-construir-un-pais-respetuoso-de-libre-expresion\\\/\"},\"wordCount\":311,\"publisher\":{\"@id\":\"https:\\\/\\\/www.eldiario.net\\\/portal\\\/#organization\"},\"image\":{\"@id\":\"https:\\\/\\\/www.eldiario.net\\\/portal\\\/2023\\\/03\\\/06\\\/iglesia-pide-construir-un-pais-respetuoso-de-libre-expresion\\\/#primaryimage\"},\"thumbnailUrl\":\"\",\"articleSection\":[\"Pol\u00edtica\"],\"inLanguage\":\"es\"},{\"@type\":\"WebPage\",\"@id\":\"https:\\\/\\\/www.eldiario.net\\\/portal\\\/2023\\\/03\\\/06\\\/iglesia-pide-construir-un-pais-respetuoso-de-libre-expresion\\\/\",\"url\":\"https:\\\/\\\/www.eldiario.net\\\/portal\\\/2023\\\/03\\\/06\\\/iglesia-pide-construir-un-pais-respetuoso-de-libre-expresion\\\/\",\"name\":\"Iglesia pide construir un pa\u00eds respetuoso de libre expresi\u00f3n - El Diario - Bolivia\",\"isPartOf\":{\"@id\":\"https:\\\/\\\/www.eldiario.net\\\/portal\\\/#website\"},\"primaryImageOfPage\":{\"@id\":\"https:\\\/\\\/www.eldiario.net\\\/portal\\\/2023\\\/03\\\/06\\\/iglesia-pide-construir-un-pais-respetuoso-de-libre-expresion\\\/#primaryimage\"},\"image\":{\"@id\":\"https:\\\/\\\/www.eldiario.net\\\/portal\\\/2023\\\/03\\\/06\\\/iglesia-pide-construir-un-pais-respetuoso-de-libre-expresion\\\/#primaryimage\"},\"thumbnailUrl\":\"\",\"datePublished\":\"2023-03-06T12:12:07+00:00\",\"breadcrumb\":{\"@id\":\"https:\\\/\\\/www.eldiario.net\\\/portal\\\/2023\\\/03\\\/06\\\/iglesia-pide-construir-un-pais-respetuoso-de-libre-expresion\\\/#breadcrumb\"},\"inLanguage\":\"es\",\"potentialAction\":[{\"@type\":\"ReadAction\",\"target\":[\"https:\\\/\\\/www.eldiario.net\\\/portal\\\/2023\\\/03\\\/06\\\/iglesia-pide-construir-un-pais-respetuoso-de-libre-expresion\\\/\"]}]},{\"@type\":\"ImageObject\",\"inLanguage\":\"es\",\"@id\":\"https:\\\/\\\/www.eldiario.net\\\/portal\\\/2023\\\/03\\\/06\\\/iglesia-pide-construir-un-pais-respetuoso-de-libre-expresion\\\/#primaryimage\",\"url\":\"\",\"contentUrl\":\"\"},{\"@type\":\"BreadcrumbList\",\"@id\":\"https:\\\/\\\/www.eldiario.net\\\/portal\\\/2023\\\/03\\\/06\\\/iglesia-pide-construir-un-pais-respetuoso-de-libre-expresion\\\/#breadcrumb\",\"itemListElement\":[{\"@type\":\"ListItem\",\"position\":1,\"name\":\"Portada\",\"item\":\"https:\\\/\\\/www.eldiario.net\\\/portal\\\/\"},{\"@type\":\"ListItem\",\"position\":2,\"name\":\"Iglesia pide construir un pa\u00eds respetuoso de libre expresi\u00f3n\"}]},{\"@type\":\"WebSite\",\"@id\":\"https:\\\/\\\/www.eldiario.net\\\/portal\\\/#website\",\"url\":\"https:\\\/\\\/www.eldiario.net\\\/portal\\\/\",\"name\":\"El Diario - Decano de la prensa nacional\",\"description\":\"El Diario - Decano de la prensa nacional\",\"publisher\":{\"@id\":\"https:\\\/\\\/www.eldiario.net\\\/portal\\\/#organization\"},\"potentialAction\":[{\"@type\":\"SearchAction\",\"target\":{\"@type\":\"EntryPoint\",\"urlTemplate\":\"https:\\\/\\\/www.eldiario.net\\\/portal\\\/?s={search_term_string}\"},\"query-input\":{\"@type\":\"PropertyValueSpecification\",\"valueRequired\":true,\"valueName\":\"search_term_string\"}}],\"inLanguage\":\"es\"},{\"@type\":\"Organization\",\"@id\":\"https:\\\/\\\/www.eldiario.net\\\/portal\\\/#organization\",\"name\":\"El Diario - Decano de la prensa nacional\",\"url\":\"https:\\\/\\\/www.eldiario.net\\\/portal\\\/\",\"logo\":{\"@type\":\"ImageObject\",\"inLanguage\":\"es\",\"@id\":\"https:\\\/\\\/www.eldiario.net\\\/portal\\\/#\\\/schema\\\/logo\\\/image\\\/\",\"url\":\"https:\\\/\\\/www.eldiario.net\\\/portal\\\/wp-content\\\/uploads\\\/2023\\\/07\\\/logo_ED.jpg\",\"contentUrl\":\"https:\\\/\\\/www.eldiario.net\\\/portal\\\/wp-content\\\/uploads\\\/2023\\\/07\\\/logo_ED.jpg\",\"width\":272,\"height\":52,\"caption\":\"El Diario - Decano de la prensa nacional\"},\"image\":{\"@id\":\"https:\\\/\\\/www.eldiario.net\\\/portal\\\/#\\\/schema\\\/logo\\\/image\\\/\"},\"sameAs\":[\"https:\\\/\\\/www.facebook.com\\\/eldiario.bolivia\\\/\",\"https:\\\/\\\/x.com\\\/eldiario_net\"]},{\"@type\":\"Person\",\"@id\":\"https:\\\/\\\/www.eldiario.net\\\/portal\\\/#\\\/schema\\\/person\\\/2c57cf2b7a7ae032e449e4c9b1019eac\",\"name\":\"Jeanette\",\"image\":{\"@type\":\"ImageObject\",\"inLanguage\":\"es\",\"@id\":\"https:\\\/\\\/secure.gravatar.com\\\/avatar\\\/3ea2118a5f7dad2b7138b1187a6b7ee55f160b9968b66013c3a3ef39dd7e5798?s=96&d=mm&r=g\",\"url\":\"https:\\\/\\\/secure.gravatar.com\\\/avatar\\\/3ea2118a5f7dad2b7138b1187a6b7ee55f160b9968b66013c3a3ef39dd7e5798?s=96&d=mm&r=g\",\"contentUrl\":\"https:\\\/\\\/secure.gravatar.com\\\/avatar\\\/3ea2118a5f7dad2b7138b1187a6b7ee55f160b9968b66013c3a3ef39dd7e5798?s=96&d=mm&r=g\",\"caption\":\"Jeanette\"},\"sameAs\":[\"https:\\\/\\\/www.eldiario.net\\\/portal\"],\"url\":\"https:\\\/\\\/www.eldiario.net\\\/portal\\\/author\\\/jeanette\\\/\"}]}<\/script>\n<!-- \/ Yoast SEO plugin. -->","yoast_head_json":{"title":"Iglesia pide construir un pa\u00eds respetuoso de libre expresi\u00f3n - El Diario - Bolivia","robots":{"index":"index","follow":"follow","max-snippet":"max-snippet:-1","max-image-preview":"max-image-preview:large","max-video-preview":"max-video-preview:-1"},"canonical":"https:\/\/www.eldiario.net\/portal\/2023\/03\/06\/iglesia-pide-construir-un-pais-respetuoso-de-libre-expresion\/","og_locale":"es_ES","og_type":"article","og_title":"Iglesia pide construir un pa\u00eds respetuoso de libre expresi\u00f3n - El Diario - Bolivia","og_description":"En su homil\u00eda de ayer, el monse\u00f1or Aurelio Pesoa pidi\u00f3 construir un pa\u00eds sin persecuciones, donde se respete el derecho a la libre expresi\u00f3n, un pa\u00eds seguro y que est\u00e9 libre del narcotr\u00e1fico. \u201c\u00bfEs posible que los m\u00e1s pobres puedan decir alguna vez en nuestro pa\u00eds: \u2018qu\u00e9 bien estamos aqu\u00ed?\u2019. Es posible. Entre todos podemos [&hellip;]","og_url":"https:\/\/www.eldiario.net\/portal\/2023\/03\/06\/iglesia-pide-construir-un-pais-respetuoso-de-libre-expresion\/","og_site_name":"El Diario - Bolivia","article_publisher":"https:\/\/www.facebook.com\/eldiario.bolivia\/","article_published_time":"2023-03-06T12:12:07+00:00","author":"Jeanette","twitter_card":"summary_large_image","twitter_creator":"@eldiario_net","twitter_site":"@eldiario_net","twitter_misc":{"Escrito por":"Jeanette","Tiempo de lectura":"2 minutos"},"schema":{"@context":"https:\/\/schema.org","@graph":[{"@type":"Article","@id":"https:\/\/www.eldiario.net\/portal\/2023\/03\/06\/iglesia-pide-construir-un-pais-respetuoso-de-libre-expresion\/#article","isPartOf":{"@id":"https:\/\/www.eldiario.net\/portal\/2023\/03\/06\/iglesia-pide-construir-un-pais-respetuoso-de-libre-expresion\/"},"author":{"name":"Jeanette","@id":"https:\/\/www.eldiario.net\/portal\/#\/schema\/person\/2c57cf2b7a7ae032e449e4c9b1019eac"},"headline":"Iglesia pide construir un pa\u00eds respetuoso de libre expresi\u00f3n","datePublished":"2023-03-06T12:12:07+00:00","mainEntityOfPage":{"@id":"https:\/\/www.eldiario.net\/portal\/2023\/03\/06\/iglesia-pide-construir-un-pais-respetuoso-de-libre-expresion\/"},"wordCount":311,"publisher":{"@id":"https:\/\/www.eldiario.net\/portal\/#organization"},"image":{"@id":"https:\/\/www.eldiario.net\/portal\/2023\/03\/06\/iglesia-pide-construir-un-pais-respetuoso-de-libre-expresion\/#primaryimage"},"thumbnailUrl":"","articleSection":["Pol\u00edtica"],"inLanguage":"es"},{"@type":"WebPage","@id":"https:\/\/www.eldiario.net\/portal\/2023\/03\/06\/iglesia-pide-construir-un-pais-respetuoso-de-libre-expresion\/","url":"https:\/\/www.eldiario.net\/portal\/2023\/03\/06\/iglesia-pide-construir-un-pais-respetuoso-de-libre-expresion\/","name":"Iglesia pide construir un pa\u00eds respetuoso de libre expresi\u00f3n - El Diario - Bolivia","isPartOf":{"@id":"https:\/\/www.eldiario.net\/portal\/#website"},"primaryImageOfPage":{"@id":"https:\/\/www.eldiario.net\/portal\/2023\/03\/06\/iglesia-pide-construir-un-pais-respetuoso-de-libre-expresion\/#primaryimage"},"image":{"@id":"https:\/\/www.eldiario.net\/portal\/2023\/03\/06\/iglesia-pide-construir-un-pais-respetuoso-de-libre-expresion\/#primaryimage"},"thumbnailUrl":"","datePublished":"2023-03-06T12:12:07+00:00","breadcrumb":{"@id":"https:\/\/www.eldiario.net\/portal\/2023\/03\/06\/iglesia-pide-construir-un-pais-respetuoso-de-libre-expresion\/#breadcrumb"},"inLanguage":"es","potentialAction":[{"@type":"ReadAction","target":["https:\/\/www.eldiario.net\/portal\/2023\/03\/06\/iglesia-pide-construir-un-pais-respetuoso-de-libre-expresion\/"]}]},{"@type":"ImageObject","inLanguage":"es","@id":"https:\/\/www.eldiario.net\/portal\/2023\/03\/06\/iglesia-pide-construir-un-pais-respetuoso-de-libre-expresion\/#primaryimage","url":"","contentUrl":""},{"@type":"BreadcrumbList","@id":"https:\/\/www.eldiario.net\/portal\/2023\/03\/06\/iglesia-pide-construir-un-pais-respetuoso-de-libre-expresion\/#breadcrumb","itemListElement":[{"@type":"ListItem","position":1,"name":"Portada","item":"https:\/\/www.eldiario.net\/portal\/"},{"@type":"ListItem","position":2,"name":"Iglesia pide construir un pa\u00eds respetuoso de libre expresi\u00f3n"}]},{"@type":"WebSite","@id":"https:\/\/www.eldiario.net\/portal\/#website","url":"https:\/\/www.eldiario.net\/portal\/","name":"El Diario - Decano de la prensa nacional","description":"El Diario - Decano de la prensa nacional","publisher":{"@id":"https:\/\/www.eldiario.net\/portal\/#organization"},"potentialAction":[{"@type":"SearchAction","target":{"@type":"EntryPoint","urlTemplate":"https:\/\/www.eldiario.net\/portal\/?s={search_term_string}"},"query-input":{"@type":"PropertyValueSpecification","valueRequired":true,"valueName":"search_term_string"}}],"inLanguage":"es"},{"@type":"Organization","@id":"https:\/\/www.eldiario.net\/portal\/#organization","name":"El Diario - Decano de la prensa nacional","url":"https:\/\/www.eldiario.net\/portal\/","logo":{"@type":"ImageObject","inLanguage":"es","@id":"https:\/\/www.eldiario.net\/portal\/#\/schema\/logo\/image\/","url":"https:\/\/www.eldiario.net\/portal\/wp-content\/uploads\/2023\/07\/logo_ED.jpg","contentUrl":"https:\/\/www.eldiario.net\/portal\/wp-content\/uploads\/2023\/07\/logo_ED.jpg","width":272,"height":52,"caption":"El Diario - Decano de la prensa nacional"},"image":{"@id":"https:\/\/www.eldiario.net\/portal\/#\/schema\/logo\/image\/"},"sameAs":["https:\/\/www.facebook.com\/eldiario.bolivia\/","https:\/\/x.com\/eldiario_net"]},{"@type":"Person","@id":"https:\/\/www.eldiario.net\/portal\/#\/schema\/person\/2c57cf2b7a7ae032e449e4c9b1019eac","name":"Jeanette","image":{"@type":"ImageObject","inLanguage":"es","@id":"https:\/\/secure.gravatar.com\/avatar\/3ea2118a5f7dad2b7138b1187a6b7ee55f160b9968b66013c3a3ef39dd7e5798?s=96&d=mm&r=g","url":"https:\/\/secure.gravatar.com\/avatar\/3ea2118a5f7dad2b7138b1187a6b7ee55f160b9968b66013c3a3ef39dd7e5798?s=96&d=mm&r=g","contentUrl":"https:\/\/secure.gravatar.com\/avatar\/3ea2118a5f7dad2b7138b1187a6b7ee55f160b9968b66013c3a3ef39dd7e5798?s=96&d=mm&r=g","caption":"Jeanette"},"sameAs":["https:\/\/www.eldiario.net\/portal"],"url":"https:\/\/www.eldiario.net\/portal\/author\/jeanette\/"}]}},"_links":{"self":[{"href":"https:\/\/www.eldiario.net\/portal\/wp-json\/wp\/v2\/posts\/141625","targetHints":{"allow":["GET"]}}],"collection":[{"href":"https:\/\/www.eldiario.net\/portal\/wp-json\/wp\/v2\/posts"}],"about":[{"href":"https:\/\/www.eldiario.net\/portal\/wp-json\/wp\/v2\/types\/post"}],"author":[{"embeddable":true,"href":"https:\/\/www.eldiario.net\/portal\/wp-json\/wp\/v2\/users\/1"}],"replies":[{"embeddable":true,"href":"https:\/\/www.eldiario.net\/portal\/wp-json\/wp\/v2\/comments?post=141625"}],"version-history":[{"count":0,"href":"https:\/\/www.eldiario.net\/portal\/wp-json\/wp\/v2\/posts\/141625\/revisions"}],"wp:attachment":[{"href":"https:\/\/www.eldiario.net\/portal\/wp-json\/wp\/v2\/media?parent=141625"}],"wp:term":[{"taxonomy":"category","embeddable":true,"href":"https:\/\/www.eldiario.net\/portal\/wp-json\/wp\/v2\/categories?post=141625"},{"taxonomy":"post_tag","embeddable":true,"href":"https:\/\/www.eldiario.net\/portal\/wp-json\/wp\/v2\/tags?post=141625"}],"curies":[{"name":"wp","href":"https:\/\/api.w.org\/{rel}","templated":true}]}}