{"id":141619,"date":"2023-03-06T06:56:39","date_gmt":"2023-03-06T10:56:39","guid":{"rendered":"https:\/\/www.eldiario.net\/portal\/?p=141619"},"modified":"2023-03-06T06:56:39","modified_gmt":"2023-03-06T10:56:39","slug":"el-gobierno-ve-improbable-la-reforma-judicial-para-este-ano","status":"publish","type":"post","link":"https:\/\/www.eldiario.net\/portal\/2023\/03\/06\/el-gobierno-ve-improbable-la-reforma-judicial-para-este-ano\/","title":{"rendered":"El Gobierno ve improbable la  Reforma Judicial para este a\u00f1o"},"content":{"rendered":"<p>El ministro de Justicia, Iv\u00e1n Lima, se\u00f1al\u00f3 que no es un \u201ccapricho o imposici\u00f3n\u201d del Gobierno el no realizar la Reforma Judicial en esta gesti\u00f3n, al se\u00f1alar que no existen las condiciones en materia de tiempo para ejecutarla.<br \/>\n\u201cLa propuesta que nos se\u00f1ala y que entendemos nosotros, es parte de la democracia que est\u00e1 prevista en la Constituci\u00f3n y en la cual nosotros no estamos tomando partido, no tiene la relaci\u00f3n de tiempos para poder llevarse y aplicarse a la elecci\u00f3n que se va a dar en el pa\u00eds en esta gesti\u00f3n\u201d, se\u00f1al\u00f3 la autoridad a una red televisiva nacional.<br \/>\nLima explic\u00f3 que, este pr\u00f3ximo 15 de julio, los legisladores de la Asamblea Legislativa Plurinacional (ALP), terminan su trabajo para presentar la lista de los candidatos al Tribunal Supremo Electoral (TSE) y que en el mes de octubre deber\u00e1 realizarse las elecciones judiciales en el pa\u00eds.<br \/>\n\u201cLos miembros de las jefaturas de bancada del Movimiento al Socialismo, han presentado al vicepresidente (David Choquehuenca) el reglamento para la elecci\u00f3n de Magistrados y Consejeros. Si analizamos el documento, tienen plazos que van en relaci\u00f3n a la Constituci\u00f3n y la ley. Tenemos fechas que se pueden marcar legalmente\u201d, explic\u00f3 la autoridad.<br \/>\nEl 31 de diciembre de 2023 termina el mandato de los 26 magistrados del \u00d3rgano Judicial; sin embargo, para Lima, el cronograma que propone el grupo de abogados independientes que salieron a las calles a recabar firmas de la poblaci\u00f3n para llevar adelante esta iniciativa- no es compatible con las fechas definidas para las elecciones judiciales en el pa\u00eds.<br \/>\n\u201cCualquier iniciativa de reforma parcial no es compatible con los tiempos que nos exigen la Constituci\u00f3n que llegan al 31 de diciembre donde cumplen el mandato las 36 autoridades de Sucre\u201d, dijo Lima.<br \/>\nPor su parte, parlamentarios de la oposici\u00f3n catalogaron como una \u201cexcusa\u201d las declaraciones de Lima y ven una falta de \u201cvoluntad pol\u00edtica\u201d por parte del Gobierno para no ejecutar la reforma judicial esta gesti\u00f3n.<br \/>\n\u201cEsta es una demostraci\u00f3n que el Movimiento al Socialismo (MAS), el Gobierno y el Ministro de Justicia, no quieren una reforma total de la justicia porque claramente est\u00e1n contentos con los actuales jueces y fiscales que protegen los actos de corrupci\u00f3n del actual Gobierno\u201d, sostuvo el diputado de Comunidad Ciudadana (CC), Alberto Astorga.<br \/>\nEntretanto, el diputado del Movimiento al Socialismo (MAS), Ramiro Venegas, considera que deber\u00eda existir un cambio en las autoridades judiciales ya que las actuales no tienen la \u201cobjetividad\u201d en los casos asumidos.<br \/>\n\u201cTodos sabemos que la justicia en Bolivia anda de cabeza, no es una justicia transparente, no es una justicia objetiva y todos tenemos derecho a sugerir y exigir una verdadera justicia\u201d, asegur\u00f3.<\/p>\n","protected":false},"excerpt":{"rendered":"<p>El ministro de Justicia, Iv\u00e1n Lima, se\u00f1al\u00f3 que no es un \u201ccapricho o imposici\u00f3n\u201d del Gobierno el no realizar la Reforma Judicial en esta gesti\u00f3n, al se\u00f1alar que no existen las condiciones en materia de tiempo para ejecutarla. \u201cLa propuesta que nos se\u00f1ala y que entendemos nosotros, es parte de la democracia que est\u00e1 prevista [&hellip;]<\/p>\n","protected":false},"author":1,"featured_media":141620,"comment_status":"closed","ping_status":"closed","sticky":false,"template":"","format":"standard","meta":{"_acf_changed":false,"footnotes":""},"categories":[17],"tags":[],"class_list":["post-141619","post","type-post","status-publish","format-standard","has-post-thumbnail","category-principal"],"acf":{"antetitulo":""},"yoast_head":"<!-- This site is optimized with the Yoast SEO plugin v28.4 - https:\/\/yoast.com\/product\/yoast-seo-wordpress\/ -->\n<title>El Gobierno ve improbable la Reforma Judicial para este a\u00f1o - El Diario - Bolivia<\/title>\n<meta name=\"robots\" content=\"index, follow, max-snippet:-1, max-image-preview:large, max-video-preview:-1\" \/>\n<link rel=\"canonical\" href=\"https:\/\/www.eldiario.net\/portal\/2023\/03\/06\/el-gobierno-ve-improbable-la-reforma-judicial-para-este-ano\/\" \/>\n<meta property=\"og:locale\" content=\"es_ES\" \/>\n<meta property=\"og:type\" content=\"article\" \/>\n<meta property=\"og:title\" content=\"El Gobierno ve improbable la Reforma Judicial para este a\u00f1o - El Diario - Bolivia\" \/>\n<meta property=\"og:description\" content=\"El ministro de Justicia, Iv\u00e1n Lima, se\u00f1al\u00f3 que no es un \u201ccapricho o imposici\u00f3n\u201d del Gobierno el no realizar la Reforma Judicial en esta gesti\u00f3n, al se\u00f1alar que no existen las condiciones en materia de tiempo para ejecutarla. \u201cLa propuesta que nos se\u00f1ala y que entendemos nosotros, es parte de la democracia que est\u00e1 prevista [&hellip;]\" \/>\n<meta property=\"og:url\" content=\"https:\/\/www.eldiario.net\/portal\/2023\/03\/06\/el-gobierno-ve-improbable-la-reforma-judicial-para-este-ano\/\" \/>\n<meta property=\"og:site_name\" content=\"El Diario - Bolivia\" \/>\n<meta property=\"article:publisher\" content=\"https:\/\/www.facebook.com\/eldiario.bolivia\/\" \/>\n<meta property=\"article:published_time\" content=\"2023-03-06T10:56:39+00:00\" \/>\n<meta name=\"author\" content=\"Jeanette\" \/>\n<meta name=\"twitter:card\" content=\"summary_large_image\" \/>\n<meta name=\"twitter:creator\" content=\"@eldiario_net\" \/>\n<meta name=\"twitter:site\" content=\"@eldiario_net\" \/>\n<meta name=\"twitter:label1\" content=\"Escrito por\" \/>\n\t<meta name=\"twitter:data1\" content=\"Jeanette\" \/>\n\t<meta name=\"twitter:label2\" content=\"Tiempo de lectura\" \/>\n\t<meta name=\"twitter:data2\" content=\"3 minutos\" \/>\n<script type=\"application\/ld+json\" class=\"yoast-schema-graph\">{\"@context\":\"https:\\\/\\\/schema.org\",\"@graph\":[{\"@type\":\"Article\",\"@id\":\"https:\\\/\\\/www.eldiario.net\\\/portal\\\/2023\\\/03\\\/06\\\/el-gobierno-ve-improbable-la-reforma-judicial-para-este-ano\\\/#article\",\"isPartOf\":{\"@id\":\"https:\\\/\\\/www.eldiario.net\\\/portal\\\/2023\\\/03\\\/06\\\/el-gobierno-ve-improbable-la-reforma-judicial-para-este-ano\\\/\"},\"author\":{\"name\":\"Jeanette\",\"@id\":\"https:\\\/\\\/www.eldiario.net\\\/portal\\\/#\\\/schema\\\/person\\\/f46445640444750d7d753ccd04ae01b7\"},\"headline\":\"El Gobierno ve improbable la Reforma Judicial para este a\u00f1o\",\"datePublished\":\"2023-03-06T10:56:39+00:00\",\"mainEntityOfPage\":{\"@id\":\"https:\\\/\\\/www.eldiario.net\\\/portal\\\/2023\\\/03\\\/06\\\/el-gobierno-ve-improbable-la-reforma-judicial-para-este-ano\\\/\"},\"wordCount\":473,\"publisher\":{\"@id\":\"https:\\\/\\\/www.eldiario.net\\\/portal\\\/#organization\"},\"image\":{\"@id\":\"https:\\\/\\\/www.eldiario.net\\\/portal\\\/2023\\\/03\\\/06\\\/el-gobierno-ve-improbable-la-reforma-judicial-para-este-ano\\\/#primaryimage\"},\"thumbnailUrl\":\"\",\"articleSection\":[\"Principal\"],\"inLanguage\":\"es\"},{\"@type\":\"WebPage\",\"@id\":\"https:\\\/\\\/www.eldiario.net\\\/portal\\\/2023\\\/03\\\/06\\\/el-gobierno-ve-improbable-la-reforma-judicial-para-este-ano\\\/\",\"url\":\"https:\\\/\\\/www.eldiario.net\\\/portal\\\/2023\\\/03\\\/06\\\/el-gobierno-ve-improbable-la-reforma-judicial-para-este-ano\\\/\",\"name\":\"El Gobierno ve improbable la Reforma Judicial para este a\u00f1o - El Diario - Bolivia\",\"isPartOf\":{\"@id\":\"https:\\\/\\\/www.eldiario.net\\\/portal\\\/#website\"},\"primaryImageOfPage\":{\"@id\":\"https:\\\/\\\/www.eldiario.net\\\/portal\\\/2023\\\/03\\\/06\\\/el-gobierno-ve-improbable-la-reforma-judicial-para-este-ano\\\/#primaryimage\"},\"image\":{\"@id\":\"https:\\\/\\\/www.eldiario.net\\\/portal\\\/2023\\\/03\\\/06\\\/el-gobierno-ve-improbable-la-reforma-judicial-para-este-ano\\\/#primaryimage\"},\"thumbnailUrl\":\"\",\"datePublished\":\"2023-03-06T10:56:39+00:00\",\"breadcrumb\":{\"@id\":\"https:\\\/\\\/www.eldiario.net\\\/portal\\\/2023\\\/03\\\/06\\\/el-gobierno-ve-improbable-la-reforma-judicial-para-este-ano\\\/#breadcrumb\"},\"inLanguage\":\"es\",\"potentialAction\":[{\"@type\":\"ReadAction\",\"target\":[\"https:\\\/\\\/www.eldiario.net\\\/portal\\\/2023\\\/03\\\/06\\\/el-gobierno-ve-improbable-la-reforma-judicial-para-este-ano\\\/\"]}]},{\"@type\":\"ImageObject\",\"inLanguage\":\"es\",\"@id\":\"https:\\\/\\\/www.eldiario.net\\\/portal\\\/2023\\\/03\\\/06\\\/el-gobierno-ve-improbable-la-reforma-judicial-para-este-ano\\\/#primaryimage\",\"url\":\"\",\"contentUrl\":\"\"},{\"@type\":\"BreadcrumbList\",\"@id\":\"https:\\\/\\\/www.eldiario.net\\\/portal\\\/2023\\\/03\\\/06\\\/el-gobierno-ve-improbable-la-reforma-judicial-para-este-ano\\\/#breadcrumb\",\"itemListElement\":[{\"@type\":\"ListItem\",\"position\":1,\"name\":\"Portada\",\"item\":\"https:\\\/\\\/www.eldiario.net\\\/portal\\\/\"},{\"@type\":\"ListItem\",\"position\":2,\"name\":\"El Gobierno ve improbable la Reforma Judicial para este a\u00f1o\"}]},{\"@type\":\"WebSite\",\"@id\":\"https:\\\/\\\/www.eldiario.net\\\/portal\\\/#website\",\"url\":\"https:\\\/\\\/www.eldiario.net\\\/portal\\\/\",\"name\":\"El Diario - Decano de la prensa nacional\",\"description\":\"El Diario - Decano de la prensa nacional\",\"publisher\":{\"@id\":\"https:\\\/\\\/www.eldiario.net\\\/portal\\\/#organization\"},\"potentialAction\":[{\"@type\":\"SearchAction\",\"target\":{\"@type\":\"EntryPoint\",\"urlTemplate\":\"https:\\\/\\\/www.eldiario.net\\\/portal\\\/?s={search_term_string}\"},\"query-input\":{\"@type\":\"PropertyValueSpecification\",\"valueRequired\":true,\"valueName\":\"search_term_string\"}}],\"inLanguage\":\"es\"},{\"@type\":\"Organization\",\"@id\":\"https:\\\/\\\/www.eldiario.net\\\/portal\\\/#organization\",\"name\":\"El Diario - Decano de la prensa nacional\",\"url\":\"https:\\\/\\\/www.eldiario.net\\\/portal\\\/\",\"logo\":{\"@type\":\"ImageObject\",\"inLanguage\":\"es\",\"@id\":\"https:\\\/\\\/www.eldiario.net\\\/portal\\\/#\\\/schema\\\/logo\\\/image\\\/\",\"url\":\"https:\\\/\\\/www.eldiario.net\\\/portal\\\/wp-content\\\/uploads\\\/2023\\\/07\\\/logo_ED.jpg\",\"contentUrl\":\"https:\\\/\\\/www.eldiario.net\\\/portal\\\/wp-content\\\/uploads\\\/2023\\\/07\\\/logo_ED.jpg\",\"width\":272,\"height\":52,\"caption\":\"El Diario - Decano de la prensa nacional\"},\"image\":{\"@id\":\"https:\\\/\\\/www.eldiario.net\\\/portal\\\/#\\\/schema\\\/logo\\\/image\\\/\"},\"sameAs\":[\"https:\\\/\\\/www.facebook.com\\\/eldiario.bolivia\\\/\",\"https:\\\/\\\/x.com\\\/eldiario_net\"]},{\"@type\":\"Person\",\"@id\":\"https:\\\/\\\/www.eldiario.net\\\/portal\\\/#\\\/schema\\\/person\\\/f46445640444750d7d753ccd04ae01b7\",\"name\":\"Jeanette\",\"image\":{\"@type\":\"ImageObject\",\"inLanguage\":\"es\",\"@id\":\"https:\\\/\\\/secure.gravatar.com\\\/avatar\\\/3ea2118a5f7dad2b7138b1187a6b7ee55f160b9968b66013c3a3ef39dd7e5798?s=96&d=mm&r=g\",\"url\":\"https:\\\/\\\/secure.gravatar.com\\\/avatar\\\/3ea2118a5f7dad2b7138b1187a6b7ee55f160b9968b66013c3a3ef39dd7e5798?s=96&d=mm&r=g\",\"contentUrl\":\"https:\\\/\\\/secure.gravatar.com\\\/avatar\\\/3ea2118a5f7dad2b7138b1187a6b7ee55f160b9968b66013c3a3ef39dd7e5798?s=96&d=mm&r=g\",\"caption\":\"Jeanette\"},\"sameAs\":[\"https:\\\/\\\/www.eldiario.net\\\/portal\"],\"url\":\"https:\\\/\\\/www.eldiario.net\\\/portal\\\/author\\\/jeanette\\\/\"}]}<\/script>\n<!-- \/ Yoast SEO plugin. -->","yoast_head_json":{"title":"El Gobierno ve improbable la Reforma Judicial para este a\u00f1o - El Diario - Bolivia","robots":{"index":"index","follow":"follow","max-snippet":"max-snippet:-1","max-image-preview":"max-image-preview:large","max-video-preview":"max-video-preview:-1"},"canonical":"https:\/\/www.eldiario.net\/portal\/2023\/03\/06\/el-gobierno-ve-improbable-la-reforma-judicial-para-este-ano\/","og_locale":"es_ES","og_type":"article","og_title":"El Gobierno ve improbable la Reforma Judicial para este a\u00f1o - El Diario - Bolivia","og_description":"El ministro de Justicia, Iv\u00e1n Lima, se\u00f1al\u00f3 que no es un \u201ccapricho o imposici\u00f3n\u201d del Gobierno el no realizar la Reforma Judicial en esta gesti\u00f3n, al se\u00f1alar que no existen las condiciones en materia de tiempo para ejecutarla. \u201cLa propuesta que nos se\u00f1ala y que entendemos nosotros, es parte de la democracia que est\u00e1 prevista [&hellip;]","og_url":"https:\/\/www.eldiario.net\/portal\/2023\/03\/06\/el-gobierno-ve-improbable-la-reforma-judicial-para-este-ano\/","og_site_name":"El Diario - Bolivia","article_publisher":"https:\/\/www.facebook.com\/eldiario.bolivia\/","article_published_time":"2023-03-06T10:56:39+00:00","author":"Jeanette","twitter_card":"summary_large_image","twitter_creator":"@eldiario_net","twitter_site":"@eldiario_net","twitter_misc":{"Escrito por":"Jeanette","Tiempo de lectura":"3 minutos"},"schema":{"@context":"https:\/\/schema.org","@graph":[{"@type":"Article","@id":"https:\/\/www.eldiario.net\/portal\/2023\/03\/06\/el-gobierno-ve-improbable-la-reforma-judicial-para-este-ano\/#article","isPartOf":{"@id":"https:\/\/www.eldiario.net\/portal\/2023\/03\/06\/el-gobierno-ve-improbable-la-reforma-judicial-para-este-ano\/"},"author":{"name":"Jeanette","@id":"https:\/\/www.eldiario.net\/portal\/#\/schema\/person\/f46445640444750d7d753ccd04ae01b7"},"headline":"El Gobierno ve improbable la Reforma Judicial para este a\u00f1o","datePublished":"2023-03-06T10:56:39+00:00","mainEntityOfPage":{"@id":"https:\/\/www.eldiario.net\/portal\/2023\/03\/06\/el-gobierno-ve-improbable-la-reforma-judicial-para-este-ano\/"},"wordCount":473,"publisher":{"@id":"https:\/\/www.eldiario.net\/portal\/#organization"},"image":{"@id":"https:\/\/www.eldiario.net\/portal\/2023\/03\/06\/el-gobierno-ve-improbable-la-reforma-judicial-para-este-ano\/#primaryimage"},"thumbnailUrl":"","articleSection":["Principal"],"inLanguage":"es"},{"@type":"WebPage","@id":"https:\/\/www.eldiario.net\/portal\/2023\/03\/06\/el-gobierno-ve-improbable-la-reforma-judicial-para-este-ano\/","url":"https:\/\/www.eldiario.net\/portal\/2023\/03\/06\/el-gobierno-ve-improbable-la-reforma-judicial-para-este-ano\/","name":"El Gobierno ve improbable la Reforma Judicial para este a\u00f1o - El Diario - Bolivia","isPartOf":{"@id":"https:\/\/www.eldiario.net\/portal\/#website"},"primaryImageOfPage":{"@id":"https:\/\/www.eldiario.net\/portal\/2023\/03\/06\/el-gobierno-ve-improbable-la-reforma-judicial-para-este-ano\/#primaryimage"},"image":{"@id":"https:\/\/www.eldiario.net\/portal\/2023\/03\/06\/el-gobierno-ve-improbable-la-reforma-judicial-para-este-ano\/#primaryimage"},"thumbnailUrl":"","datePublished":"2023-03-06T10:56:39+00:00","breadcrumb":{"@id":"https:\/\/www.eldiario.net\/portal\/2023\/03\/06\/el-gobierno-ve-improbable-la-reforma-judicial-para-este-ano\/#breadcrumb"},"inLanguage":"es","potentialAction":[{"@type":"ReadAction","target":["https:\/\/www.eldiario.net\/portal\/2023\/03\/06\/el-gobierno-ve-improbable-la-reforma-judicial-para-este-ano\/"]}]},{"@type":"ImageObject","inLanguage":"es","@id":"https:\/\/www.eldiario.net\/portal\/2023\/03\/06\/el-gobierno-ve-improbable-la-reforma-judicial-para-este-ano\/#primaryimage","url":"","contentUrl":""},{"@type":"BreadcrumbList","@id":"https:\/\/www.eldiario.net\/portal\/2023\/03\/06\/el-gobierno-ve-improbable-la-reforma-judicial-para-este-ano\/#breadcrumb","itemListElement":[{"@type":"ListItem","position":1,"name":"Portada","item":"https:\/\/www.eldiario.net\/portal\/"},{"@type":"ListItem","position":2,"name":"El Gobierno ve improbable la Reforma Judicial para este a\u00f1o"}]},{"@type":"WebSite","@id":"https:\/\/www.eldiario.net\/portal\/#website","url":"https:\/\/www.eldiario.net\/portal\/","name":"El Diario - Decano de la prensa nacional","description":"El Diario - Decano de la prensa nacional","publisher":{"@id":"https:\/\/www.eldiario.net\/portal\/#organization"},"potentialAction":[{"@type":"SearchAction","target":{"@type":"EntryPoint","urlTemplate":"https:\/\/www.eldiario.net\/portal\/?s={search_term_string}"},"query-input":{"@type":"PropertyValueSpecification","valueRequired":true,"valueName":"search_term_string"}}],"inLanguage":"es"},{"@type":"Organization","@id":"https:\/\/www.eldiario.net\/portal\/#organization","name":"El Diario - Decano de la prensa nacional","url":"https:\/\/www.eldiario.net\/portal\/","logo":{"@type":"ImageObject","inLanguage":"es","@id":"https:\/\/www.eldiario.net\/portal\/#\/schema\/logo\/image\/","url":"https:\/\/www.eldiario.net\/portal\/wp-content\/uploads\/2023\/07\/logo_ED.jpg","contentUrl":"https:\/\/www.eldiario.net\/portal\/wp-content\/uploads\/2023\/07\/logo_ED.jpg","width":272,"height":52,"caption":"El Diario - Decano de la prensa nacional"},"image":{"@id":"https:\/\/www.eldiario.net\/portal\/#\/schema\/logo\/image\/"},"sameAs":["https:\/\/www.facebook.com\/eldiario.bolivia\/","https:\/\/x.com\/eldiario_net"]},{"@type":"Person","@id":"https:\/\/www.eldiario.net\/portal\/#\/schema\/person\/f46445640444750d7d753ccd04ae01b7","name":"Jeanette","image":{"@type":"ImageObject","inLanguage":"es","@id":"https:\/\/secure.gravatar.com\/avatar\/3ea2118a5f7dad2b7138b1187a6b7ee55f160b9968b66013c3a3ef39dd7e5798?s=96&d=mm&r=g","url":"https:\/\/secure.gravatar.com\/avatar\/3ea2118a5f7dad2b7138b1187a6b7ee55f160b9968b66013c3a3ef39dd7e5798?s=96&d=mm&r=g","contentUrl":"https:\/\/secure.gravatar.com\/avatar\/3ea2118a5f7dad2b7138b1187a6b7ee55f160b9968b66013c3a3ef39dd7e5798?s=96&d=mm&r=g","caption":"Jeanette"},"sameAs":["https:\/\/www.eldiario.net\/portal"],"url":"https:\/\/www.eldiario.net\/portal\/author\/jeanette\/"}]}},"_links":{"self":[{"href":"https:\/\/www.eldiario.net\/portal\/wp-json\/wp\/v2\/posts\/141619","targetHints":{"allow":["GET"]}}],"collection":[{"href":"https:\/\/www.eldiario.net\/portal\/wp-json\/wp\/v2\/posts"}],"about":[{"href":"https:\/\/www.eldiario.net\/portal\/wp-json\/wp\/v2\/types\/post"}],"author":[{"embeddable":true,"href":"https:\/\/www.eldiario.net\/portal\/wp-json\/wp\/v2\/users\/1"}],"replies":[{"embeddable":true,"href":"https:\/\/www.eldiario.net\/portal\/wp-json\/wp\/v2\/comments?post=141619"}],"version-history":[{"count":0,"href":"https:\/\/www.eldiario.net\/portal\/wp-json\/wp\/v2\/posts\/141619\/revisions"}],"wp:attachment":[{"href":"https:\/\/www.eldiario.net\/portal\/wp-json\/wp\/v2\/media?parent=141619"}],"wp:term":[{"taxonomy":"category","embeddable":true,"href":"https:\/\/www.eldiario.net\/portal\/wp-json\/wp\/v2\/categories?post=141619"},{"taxonomy":"post_tag","embeddable":true,"href":"https:\/\/www.eldiario.net\/portal\/wp-json\/wp\/v2\/tags?post=141619"}],"curies":[{"name":"wp","href":"https:\/\/api.w.org\/{rel}","templated":true}]}}