{"id":141608,"date":"2023-03-06T06:53:22","date_gmt":"2023-03-06T10:53:22","guid":{"rendered":"https:\/\/www.eldiario.net\/portal\/?p=141608"},"modified":"2023-03-06T06:53:22","modified_gmt":"2023-03-06T10:53:22","slug":"prohiben-transporte-de-todo-tipo-de-aves-dentro-del-pais","status":"publish","type":"post","link":"https:\/\/www.eldiario.net\/portal\/2023\/03\/06\/prohiben-transporte-de-todo-tipo-de-aves-dentro-del-pais\/","title":{"rendered":"Proh\u00edben transporte de todo  tipo de aves dentro del pa\u00eds"},"content":{"rendered":"<p>El director general del Servicio Nacional de Sanidad Agropecuaria e Inocuidad Alimentaria (Senasag), Javier Suarez, inform\u00f3 que se emiti\u00f3 una disposici\u00f3n nacional que proh\u00edbe y sanciona cualquier tipo de traslado y transporte de aves vivas dentro de todo el territorio; esta medida pretende evitar la expansi\u00f3n de la gripe aviar.<br \/>\n\u201cHemos establecido, mediante normativa sanitaria que tiene sanci\u00f3n, que est\u00e1 prohibido el transporte de aves, ya sea en flota, en buses o cualquier transporte desde cualquier parte de los departamentos\u201d, resalt\u00f3 Su\u00e1rez.<br \/>\nDesde el mes pasado, el Gobierno viene ejecutando medidas para evitar la proliferaci\u00f3n de la influenza aviar que tiene su foco de infecci\u00f3n en Cochabamba. Sin embargo, la semana pasada se report\u00f3 que la enfermedad lleg\u00f3 a contagiar a aves en Potos\u00ed. Al igual que en las granjas cochabambinas, se procedi\u00f3 a sacrificar a los animales.<br \/>\nEl director del Senasag reiter\u00f3 que est\u00e1 prohibido el transporte de aves v\u00eda a\u00e9rea o terrestre sin que exista una autorizaci\u00f3n de las autoridades. Enfatiz\u00f3 que las personas que transporten aves ser\u00e1n sancionadas.<br \/>\nAsimismo resalt\u00f3 que \u201cCualquier movimiento de aves comerciales que se realicen con destino a matadero o de aves de un d\u00eda con destino a granja, tienen que ser autorizados a trav\u00e9s de una gu\u00eda de movimiento animal emitida por el Sensag y, a su vez, el transporte tiene que tener el registro sanitario correspondiente\u201d, dijo el funcionario. (ANF).<\/p>\n","protected":false},"excerpt":{"rendered":"<p>El director general del Servicio Nacional de Sanidad Agropecuaria e Inocuidad Alimentaria (Senasag), Javier Suarez, inform\u00f3 que se emiti\u00f3 una disposici\u00f3n nacional que proh\u00edbe y sanciona cualquier tipo de traslado y transporte de aves vivas dentro de todo el territorio; esta medida pretende evitar la expansi\u00f3n de la gripe aviar. \u201cHemos establecido, mediante normativa sanitaria [&hellip;]<\/p>\n","protected":false},"author":1,"featured_media":141609,"comment_status":"closed","ping_status":"closed","sticky":false,"template":"","format":"standard","meta":{"_acf_changed":false,"footnotes":""},"categories":[15],"tags":[],"class_list":["post-141608","post","type-post","status-publish","format-standard","has-post-thumbnail","category-portada"],"acf":{"antetitulo":""},"yoast_head":"<!-- This site is optimized with the Yoast SEO plugin v28.4 - https:\/\/yoast.com\/product\/yoast-seo-wordpress\/ -->\n<title>Proh\u00edben transporte de todo tipo de aves dentro del pa\u00eds - El Diario - Bolivia<\/title>\n<meta name=\"robots\" content=\"index, follow, max-snippet:-1, max-image-preview:large, max-video-preview:-1\" \/>\n<link rel=\"canonical\" href=\"https:\/\/www.eldiario.net\/portal\/2023\/03\/06\/prohiben-transporte-de-todo-tipo-de-aves-dentro-del-pais\/\" \/>\n<meta property=\"og:locale\" content=\"es_ES\" \/>\n<meta property=\"og:type\" content=\"article\" \/>\n<meta property=\"og:title\" content=\"Proh\u00edben transporte de todo tipo de aves dentro del pa\u00eds - El Diario - Bolivia\" \/>\n<meta property=\"og:description\" content=\"El director general del Servicio Nacional de Sanidad Agropecuaria e Inocuidad Alimentaria (Senasag), Javier Suarez, inform\u00f3 que se emiti\u00f3 una disposici\u00f3n nacional que proh\u00edbe y sanciona cualquier tipo de traslado y transporte de aves vivas dentro de todo el territorio; esta medida pretende evitar la expansi\u00f3n de la gripe aviar. \u201cHemos establecido, mediante normativa sanitaria [&hellip;]\" \/>\n<meta property=\"og:url\" content=\"https:\/\/www.eldiario.net\/portal\/2023\/03\/06\/prohiben-transporte-de-todo-tipo-de-aves-dentro-del-pais\/\" \/>\n<meta property=\"og:site_name\" content=\"El Diario - Bolivia\" \/>\n<meta property=\"article:publisher\" content=\"https:\/\/www.facebook.com\/eldiario.bolivia\/\" \/>\n<meta property=\"article:published_time\" content=\"2023-03-06T10:53:22+00:00\" \/>\n<meta name=\"author\" content=\"Jeanette\" \/>\n<meta name=\"twitter:card\" content=\"summary_large_image\" \/>\n<meta name=\"twitter:creator\" content=\"@eldiario_net\" \/>\n<meta name=\"twitter:site\" content=\"@eldiario_net\" \/>\n<meta name=\"twitter:label1\" content=\"Escrito por\" \/>\n\t<meta name=\"twitter:data1\" content=\"Jeanette\" \/>\n\t<meta name=\"twitter:label2\" content=\"Tiempo de lectura\" \/>\n\t<meta name=\"twitter:data2\" content=\"2 minutos\" \/>\n<script type=\"application\/ld+json\" class=\"yoast-schema-graph\">{\"@context\":\"https:\\\/\\\/schema.org\",\"@graph\":[{\"@type\":\"Article\",\"@id\":\"https:\\\/\\\/www.eldiario.net\\\/portal\\\/2023\\\/03\\\/06\\\/prohiben-transporte-de-todo-tipo-de-aves-dentro-del-pais\\\/#article\",\"isPartOf\":{\"@id\":\"https:\\\/\\\/www.eldiario.net\\\/portal\\\/2023\\\/03\\\/06\\\/prohiben-transporte-de-todo-tipo-de-aves-dentro-del-pais\\\/\"},\"author\":{\"name\":\"Jeanette\",\"@id\":\"https:\\\/\\\/www.eldiario.net\\\/portal\\\/#\\\/schema\\\/person\\\/f46445640444750d7d753ccd04ae01b7\"},\"headline\":\"Proh\u00edben transporte de todo tipo de aves dentro del pa\u00eds\",\"datePublished\":\"2023-03-06T10:53:22+00:00\",\"mainEntityOfPage\":{\"@id\":\"https:\\\/\\\/www.eldiario.net\\\/portal\\\/2023\\\/03\\\/06\\\/prohiben-transporte-de-todo-tipo-de-aves-dentro-del-pais\\\/\"},\"wordCount\":255,\"publisher\":{\"@id\":\"https:\\\/\\\/www.eldiario.net\\\/portal\\\/#organization\"},\"image\":{\"@id\":\"https:\\\/\\\/www.eldiario.net\\\/portal\\\/2023\\\/03\\\/06\\\/prohiben-transporte-de-todo-tipo-de-aves-dentro-del-pais\\\/#primaryimage\"},\"thumbnailUrl\":\"\",\"articleSection\":[\"Portada\"],\"inLanguage\":\"es\"},{\"@type\":\"WebPage\",\"@id\":\"https:\\\/\\\/www.eldiario.net\\\/portal\\\/2023\\\/03\\\/06\\\/prohiben-transporte-de-todo-tipo-de-aves-dentro-del-pais\\\/\",\"url\":\"https:\\\/\\\/www.eldiario.net\\\/portal\\\/2023\\\/03\\\/06\\\/prohiben-transporte-de-todo-tipo-de-aves-dentro-del-pais\\\/\",\"name\":\"Proh\u00edben transporte de todo tipo de aves dentro del pa\u00eds - El Diario - Bolivia\",\"isPartOf\":{\"@id\":\"https:\\\/\\\/www.eldiario.net\\\/portal\\\/#website\"},\"primaryImageOfPage\":{\"@id\":\"https:\\\/\\\/www.eldiario.net\\\/portal\\\/2023\\\/03\\\/06\\\/prohiben-transporte-de-todo-tipo-de-aves-dentro-del-pais\\\/#primaryimage\"},\"image\":{\"@id\":\"https:\\\/\\\/www.eldiario.net\\\/portal\\\/2023\\\/03\\\/06\\\/prohiben-transporte-de-todo-tipo-de-aves-dentro-del-pais\\\/#primaryimage\"},\"thumbnailUrl\":\"\",\"datePublished\":\"2023-03-06T10:53:22+00:00\",\"breadcrumb\":{\"@id\":\"https:\\\/\\\/www.eldiario.net\\\/portal\\\/2023\\\/03\\\/06\\\/prohiben-transporte-de-todo-tipo-de-aves-dentro-del-pais\\\/#breadcrumb\"},\"inLanguage\":\"es\",\"potentialAction\":[{\"@type\":\"ReadAction\",\"target\":[\"https:\\\/\\\/www.eldiario.net\\\/portal\\\/2023\\\/03\\\/06\\\/prohiben-transporte-de-todo-tipo-de-aves-dentro-del-pais\\\/\"]}]},{\"@type\":\"ImageObject\",\"inLanguage\":\"es\",\"@id\":\"https:\\\/\\\/www.eldiario.net\\\/portal\\\/2023\\\/03\\\/06\\\/prohiben-transporte-de-todo-tipo-de-aves-dentro-del-pais\\\/#primaryimage\",\"url\":\"\",\"contentUrl\":\"\"},{\"@type\":\"BreadcrumbList\",\"@id\":\"https:\\\/\\\/www.eldiario.net\\\/portal\\\/2023\\\/03\\\/06\\\/prohiben-transporte-de-todo-tipo-de-aves-dentro-del-pais\\\/#breadcrumb\",\"itemListElement\":[{\"@type\":\"ListItem\",\"position\":1,\"name\":\"Portada\",\"item\":\"https:\\\/\\\/www.eldiario.net\\\/portal\\\/\"},{\"@type\":\"ListItem\",\"position\":2,\"name\":\"Proh\u00edben transporte de todo tipo de aves dentro del pa\u00eds\"}]},{\"@type\":\"WebSite\",\"@id\":\"https:\\\/\\\/www.eldiario.net\\\/portal\\\/#website\",\"url\":\"https:\\\/\\\/www.eldiario.net\\\/portal\\\/\",\"name\":\"El Diario - Decano de la prensa nacional\",\"description\":\"El Diario - Decano de la prensa nacional\",\"publisher\":{\"@id\":\"https:\\\/\\\/www.eldiario.net\\\/portal\\\/#organization\"},\"potentialAction\":[{\"@type\":\"SearchAction\",\"target\":{\"@type\":\"EntryPoint\",\"urlTemplate\":\"https:\\\/\\\/www.eldiario.net\\\/portal\\\/?s={search_term_string}\"},\"query-input\":{\"@type\":\"PropertyValueSpecification\",\"valueRequired\":true,\"valueName\":\"search_term_string\"}}],\"inLanguage\":\"es\"},{\"@type\":\"Organization\",\"@id\":\"https:\\\/\\\/www.eldiario.net\\\/portal\\\/#organization\",\"name\":\"El Diario - Decano de la prensa nacional\",\"url\":\"https:\\\/\\\/www.eldiario.net\\\/portal\\\/\",\"logo\":{\"@type\":\"ImageObject\",\"inLanguage\":\"es\",\"@id\":\"https:\\\/\\\/www.eldiario.net\\\/portal\\\/#\\\/schema\\\/logo\\\/image\\\/\",\"url\":\"https:\\\/\\\/www.eldiario.net\\\/portal\\\/wp-content\\\/uploads\\\/2023\\\/07\\\/logo_ED.jpg\",\"contentUrl\":\"https:\\\/\\\/www.eldiario.net\\\/portal\\\/wp-content\\\/uploads\\\/2023\\\/07\\\/logo_ED.jpg\",\"width\":272,\"height\":52,\"caption\":\"El Diario - Decano de la prensa nacional\"},\"image\":{\"@id\":\"https:\\\/\\\/www.eldiario.net\\\/portal\\\/#\\\/schema\\\/logo\\\/image\\\/\"},\"sameAs\":[\"https:\\\/\\\/www.facebook.com\\\/eldiario.bolivia\\\/\",\"https:\\\/\\\/x.com\\\/eldiario_net\"]},{\"@type\":\"Person\",\"@id\":\"https:\\\/\\\/www.eldiario.net\\\/portal\\\/#\\\/schema\\\/person\\\/f46445640444750d7d753ccd04ae01b7\",\"name\":\"Jeanette\",\"image\":{\"@type\":\"ImageObject\",\"inLanguage\":\"es\",\"@id\":\"https:\\\/\\\/secure.gravatar.com\\\/avatar\\\/3ea2118a5f7dad2b7138b1187a6b7ee55f160b9968b66013c3a3ef39dd7e5798?s=96&d=mm&r=g\",\"url\":\"https:\\\/\\\/secure.gravatar.com\\\/avatar\\\/3ea2118a5f7dad2b7138b1187a6b7ee55f160b9968b66013c3a3ef39dd7e5798?s=96&d=mm&r=g\",\"contentUrl\":\"https:\\\/\\\/secure.gravatar.com\\\/avatar\\\/3ea2118a5f7dad2b7138b1187a6b7ee55f160b9968b66013c3a3ef39dd7e5798?s=96&d=mm&r=g\",\"caption\":\"Jeanette\"},\"sameAs\":[\"https:\\\/\\\/www.eldiario.net\\\/portal\"],\"url\":\"https:\\\/\\\/www.eldiario.net\\\/portal\\\/author\\\/jeanette\\\/\"}]}<\/script>\n<!-- \/ Yoast SEO plugin. -->","yoast_head_json":{"title":"Proh\u00edben transporte de todo tipo de aves dentro del pa\u00eds - El Diario - Bolivia","robots":{"index":"index","follow":"follow","max-snippet":"max-snippet:-1","max-image-preview":"max-image-preview:large","max-video-preview":"max-video-preview:-1"},"canonical":"https:\/\/www.eldiario.net\/portal\/2023\/03\/06\/prohiben-transporte-de-todo-tipo-de-aves-dentro-del-pais\/","og_locale":"es_ES","og_type":"article","og_title":"Proh\u00edben transporte de todo tipo de aves dentro del pa\u00eds - El Diario - Bolivia","og_description":"El director general del Servicio Nacional de Sanidad Agropecuaria e Inocuidad Alimentaria (Senasag), Javier Suarez, inform\u00f3 que se emiti\u00f3 una disposici\u00f3n nacional que proh\u00edbe y sanciona cualquier tipo de traslado y transporte de aves vivas dentro de todo el territorio; esta medida pretende evitar la expansi\u00f3n de la gripe aviar. \u201cHemos establecido, mediante normativa sanitaria [&hellip;]","og_url":"https:\/\/www.eldiario.net\/portal\/2023\/03\/06\/prohiben-transporte-de-todo-tipo-de-aves-dentro-del-pais\/","og_site_name":"El Diario - Bolivia","article_publisher":"https:\/\/www.facebook.com\/eldiario.bolivia\/","article_published_time":"2023-03-06T10:53:22+00:00","author":"Jeanette","twitter_card":"summary_large_image","twitter_creator":"@eldiario_net","twitter_site":"@eldiario_net","twitter_misc":{"Escrito por":"Jeanette","Tiempo de lectura":"2 minutos"},"schema":{"@context":"https:\/\/schema.org","@graph":[{"@type":"Article","@id":"https:\/\/www.eldiario.net\/portal\/2023\/03\/06\/prohiben-transporte-de-todo-tipo-de-aves-dentro-del-pais\/#article","isPartOf":{"@id":"https:\/\/www.eldiario.net\/portal\/2023\/03\/06\/prohiben-transporte-de-todo-tipo-de-aves-dentro-del-pais\/"},"author":{"name":"Jeanette","@id":"https:\/\/www.eldiario.net\/portal\/#\/schema\/person\/f46445640444750d7d753ccd04ae01b7"},"headline":"Proh\u00edben transporte de todo tipo de aves dentro del pa\u00eds","datePublished":"2023-03-06T10:53:22+00:00","mainEntityOfPage":{"@id":"https:\/\/www.eldiario.net\/portal\/2023\/03\/06\/prohiben-transporte-de-todo-tipo-de-aves-dentro-del-pais\/"},"wordCount":255,"publisher":{"@id":"https:\/\/www.eldiario.net\/portal\/#organization"},"image":{"@id":"https:\/\/www.eldiario.net\/portal\/2023\/03\/06\/prohiben-transporte-de-todo-tipo-de-aves-dentro-del-pais\/#primaryimage"},"thumbnailUrl":"","articleSection":["Portada"],"inLanguage":"es"},{"@type":"WebPage","@id":"https:\/\/www.eldiario.net\/portal\/2023\/03\/06\/prohiben-transporte-de-todo-tipo-de-aves-dentro-del-pais\/","url":"https:\/\/www.eldiario.net\/portal\/2023\/03\/06\/prohiben-transporte-de-todo-tipo-de-aves-dentro-del-pais\/","name":"Proh\u00edben transporte de todo tipo de aves dentro del pa\u00eds - El Diario - Bolivia","isPartOf":{"@id":"https:\/\/www.eldiario.net\/portal\/#website"},"primaryImageOfPage":{"@id":"https:\/\/www.eldiario.net\/portal\/2023\/03\/06\/prohiben-transporte-de-todo-tipo-de-aves-dentro-del-pais\/#primaryimage"},"image":{"@id":"https:\/\/www.eldiario.net\/portal\/2023\/03\/06\/prohiben-transporte-de-todo-tipo-de-aves-dentro-del-pais\/#primaryimage"},"thumbnailUrl":"","datePublished":"2023-03-06T10:53:22+00:00","breadcrumb":{"@id":"https:\/\/www.eldiario.net\/portal\/2023\/03\/06\/prohiben-transporte-de-todo-tipo-de-aves-dentro-del-pais\/#breadcrumb"},"inLanguage":"es","potentialAction":[{"@type":"ReadAction","target":["https:\/\/www.eldiario.net\/portal\/2023\/03\/06\/prohiben-transporte-de-todo-tipo-de-aves-dentro-del-pais\/"]}]},{"@type":"ImageObject","inLanguage":"es","@id":"https:\/\/www.eldiario.net\/portal\/2023\/03\/06\/prohiben-transporte-de-todo-tipo-de-aves-dentro-del-pais\/#primaryimage","url":"","contentUrl":""},{"@type":"BreadcrumbList","@id":"https:\/\/www.eldiario.net\/portal\/2023\/03\/06\/prohiben-transporte-de-todo-tipo-de-aves-dentro-del-pais\/#breadcrumb","itemListElement":[{"@type":"ListItem","position":1,"name":"Portada","item":"https:\/\/www.eldiario.net\/portal\/"},{"@type":"ListItem","position":2,"name":"Proh\u00edben transporte de todo tipo de aves dentro del pa\u00eds"}]},{"@type":"WebSite","@id":"https:\/\/www.eldiario.net\/portal\/#website","url":"https:\/\/www.eldiario.net\/portal\/","name":"El Diario - Decano de la prensa nacional","description":"El Diario - Decano de la prensa nacional","publisher":{"@id":"https:\/\/www.eldiario.net\/portal\/#organization"},"potentialAction":[{"@type":"SearchAction","target":{"@type":"EntryPoint","urlTemplate":"https:\/\/www.eldiario.net\/portal\/?s={search_term_string}"},"query-input":{"@type":"PropertyValueSpecification","valueRequired":true,"valueName":"search_term_string"}}],"inLanguage":"es"},{"@type":"Organization","@id":"https:\/\/www.eldiario.net\/portal\/#organization","name":"El Diario - Decano de la prensa nacional","url":"https:\/\/www.eldiario.net\/portal\/","logo":{"@type":"ImageObject","inLanguage":"es","@id":"https:\/\/www.eldiario.net\/portal\/#\/schema\/logo\/image\/","url":"https:\/\/www.eldiario.net\/portal\/wp-content\/uploads\/2023\/07\/logo_ED.jpg","contentUrl":"https:\/\/www.eldiario.net\/portal\/wp-content\/uploads\/2023\/07\/logo_ED.jpg","width":272,"height":52,"caption":"El Diario - Decano de la prensa nacional"},"image":{"@id":"https:\/\/www.eldiario.net\/portal\/#\/schema\/logo\/image\/"},"sameAs":["https:\/\/www.facebook.com\/eldiario.bolivia\/","https:\/\/x.com\/eldiario_net"]},{"@type":"Person","@id":"https:\/\/www.eldiario.net\/portal\/#\/schema\/person\/f46445640444750d7d753ccd04ae01b7","name":"Jeanette","image":{"@type":"ImageObject","inLanguage":"es","@id":"https:\/\/secure.gravatar.com\/avatar\/3ea2118a5f7dad2b7138b1187a6b7ee55f160b9968b66013c3a3ef39dd7e5798?s=96&d=mm&r=g","url":"https:\/\/secure.gravatar.com\/avatar\/3ea2118a5f7dad2b7138b1187a6b7ee55f160b9968b66013c3a3ef39dd7e5798?s=96&d=mm&r=g","contentUrl":"https:\/\/secure.gravatar.com\/avatar\/3ea2118a5f7dad2b7138b1187a6b7ee55f160b9968b66013c3a3ef39dd7e5798?s=96&d=mm&r=g","caption":"Jeanette"},"sameAs":["https:\/\/www.eldiario.net\/portal"],"url":"https:\/\/www.eldiario.net\/portal\/author\/jeanette\/"}]}},"_links":{"self":[{"href":"https:\/\/www.eldiario.net\/portal\/wp-json\/wp\/v2\/posts\/141608","targetHints":{"allow":["GET"]}}],"collection":[{"href":"https:\/\/www.eldiario.net\/portal\/wp-json\/wp\/v2\/posts"}],"about":[{"href":"https:\/\/www.eldiario.net\/portal\/wp-json\/wp\/v2\/types\/post"}],"author":[{"embeddable":true,"href":"https:\/\/www.eldiario.net\/portal\/wp-json\/wp\/v2\/users\/1"}],"replies":[{"embeddable":true,"href":"https:\/\/www.eldiario.net\/portal\/wp-json\/wp\/v2\/comments?post=141608"}],"version-history":[{"count":0,"href":"https:\/\/www.eldiario.net\/portal\/wp-json\/wp\/v2\/posts\/141608\/revisions"}],"wp:attachment":[{"href":"https:\/\/www.eldiario.net\/portal\/wp-json\/wp\/v2\/media?parent=141608"}],"wp:term":[{"taxonomy":"category","embeddable":true,"href":"https:\/\/www.eldiario.net\/portal\/wp-json\/wp\/v2\/categories?post=141608"},{"taxonomy":"post_tag","embeddable":true,"href":"https:\/\/www.eldiario.net\/portal\/wp-json\/wp\/v2\/tags?post=141608"}],"curies":[{"name":"wp","href":"https:\/\/api.w.org\/{rel}","templated":true}]}}