{"id":141596,"date":"2023-03-06T06:49:44","date_gmt":"2023-03-06T10:49:44","guid":{"rendered":"https:\/\/www.eldiario.net\/portal\/?p=141596"},"modified":"2023-03-06T06:49:44","modified_gmt":"2023-03-06T10:49:44","slug":"suicidio-la-verdadera-pandemia-del-siglo-xxi","status":"publish","type":"post","link":"https:\/\/www.eldiario.net\/portal\/2023\/03\/06\/suicidio-la-verdadera-pandemia-del-siglo-xxi\/","title":{"rendered":"Suicidio, la verdadera pandemia del Siglo XXI"},"content":{"rendered":"<p>Seg\u00fan la OMS, 10,2 millones de personas en todo el mundo realizan alg\u00fan tipo de conducta suicida, y cada 40 segundos alguien cumple este prop\u00f3sito. Estas cifras estremecedoras tienen que llevarnos a la reflexi\u00f3n sobre el rumbo que est\u00e1 tomando nuestra sociedad: cada vez m\u00e1s individualista y solitaria.<br \/>\nExisten varias definiciones sobre el suicidio, siendo la m\u00e1s universal la de la OMS, desglos\u00e1ndola de la siguiente manera: Acto suicida es un hecho por el cual un sujeto se causa a s\u00ed mismo una lesi\u00f3n, independientemente de su intenci\u00f3n y del conocimiento de sus motivos. Suicidio: muerte que resulta de un acto suicida. Intento de suicidio: acto suicida cuyo resultado no fue la muerte.<br \/>\nMuy aparte de todas las definiciones que existen sobre el tema, mi prop\u00f3sito en este peque\u00f1o escrito es el de mirar un poco m\u00e1s la parte humana de esta problem\u00e1tica, ya que los estudios sociol\u00f3gicos, m\u00e9dicos, etc., lastimosamente, solo tratan de explicar esta problem\u00e1tica desde un punto de vista cient\u00edfico, apart\u00e1ndose de los sentimientos y aflicciones que pueden llegar a tener las personas con conducta suicida.<br \/>\nLa soledad es una de las principales causas que llevan al acto suicida, o al suicidio mismo, siendo la etapa de la adolescencia y juventud la m\u00e1s propensa a sentir los efectos de la soledad. Vivimos en una sociedad donde se minimiza los logros obtenidos por los j\u00f3venes; una buena calificaci\u00f3n en el reporte escolar o salir del colegio son vistos como meros tramites sin importancia por parte del grupo social m\u00e1s cercano, minimizando sus esfuerzos y agrandando sus obligaciones en pos de una vida exitosa.<\/p>\n<p>Steve Hanks (acuarelista y poeta reconocido a nivel mundial), menciona que, \u201cla felicidad es encontrada a lo largo del camino, no al final de \u00e9l\u201d; no obstante, para muchas personas, resulta muy dif\u00edcil encontrar la tan esquiva felicidad, o por lo menos mirarla desde el punto de vista de Hanks, pues el coraz\u00f3n humano, al ser tan complejo e incomprensible, muchas veces no llega a llenar el hueco abrumador que deja la soledad. Es f\u00e1cil condenar y renegar de las personas que, o se han suicidado, o lo han intentado, pero la angustia y tristeza que encierran estas debe ser respetada; no solo eso, adem\u00e1s se debe tratar de entenderla. Muchos j\u00f3venes desarrollan una angustia profunda, que no siempre puede ser explicada. Algunos te\u00f3logos o religiosos, de seguro, tratar\u00e1n de explicar esta problem\u00e1tica con la falta de Dios; los psiquiatras lo atribuir\u00e1n a sintomatolog\u00edas maniaco depresivas, y a otras afecciones\u2026 y as\u00ed, cada rama de las ciencias buscar\u00e1 una respuesta adecuada a su campo de experticia. Lo cierto es que, en varios casos, el suicidio o la conducta suicida, no tiene respuesta, o por lo menos no la hemos encontrado; solo sucede, y, en numerosas ocasiones, no se sabe el porqu\u00e9.<br \/>\nLa angustia y la soledad no se las debe ver como algo malo, sino m\u00e1s bien como una oportunidad, un cimiento para la construcci\u00f3n del di\u00e1logo, del amor, de la felicidad. A pesar de esto se debe admitir que muchas veces uno se siente frustrado al ver a j\u00f3venes en la plenitud de su vida, sin ganas de vivir y optando por quitarse la vida. Si es que se diera este caso, nuestra posici\u00f3n nunca debe ser la de juzgar ni reprochar, solo la de amar, puesto que considero firmemente que el amor es el ant\u00eddoto por excelencia contra la soledad, y por ende para el suicidio.<br \/>\nSi te sientes solo, desesperado, angustiado y sin fuerzas para seguir, no te desanimes; habla con alguien, busca en lo m\u00e1s hondo de ti y encontraras que la soledad es solo el inicio para sacar a flote todas tus potencialidades.<\/p>\n<p>El autor es Te\u00f3logo y Bloguero.<\/p>\n","protected":false},"excerpt":{"rendered":"<p>Seg\u00fan la OMS, 10,2 millones de personas en todo el mundo realizan alg\u00fan tipo de conducta suicida, y cada 40 segundos alguien cumple este prop\u00f3sito. Estas cifras estremecedoras tienen que llevarnos a la reflexi\u00f3n sobre el rumbo que est\u00e1 tomando nuestra sociedad: cada vez m\u00e1s individualista y solitaria. Existen varias definiciones sobre el suicidio, siendo [&hellip;]<\/p>\n","protected":false},"author":1,"featured_media":13530,"comment_status":"closed","ping_status":"closed","sticky":false,"template":"","format":"standard","meta":{"_acf_changed":false,"footnotes":""},"categories":[9],"tags":[],"class_list":["post-141596","post","type-post","status-publish","format-standard","has-post-thumbnail","category-opinion"],"acf":{"antetitulo":""},"yoast_head":"<!-- This site is optimized with the Yoast SEO plugin v28.4 - https:\/\/yoast.com\/product\/yoast-seo-wordpress\/ -->\n<title>Suicidio, la verdadera pandemia del Siglo XXI - El Diario - Bolivia<\/title>\n<meta name=\"robots\" content=\"index, follow, max-snippet:-1, max-image-preview:large, max-video-preview:-1\" \/>\n<link rel=\"canonical\" href=\"https:\/\/www.eldiario.net\/portal\/2023\/03\/06\/suicidio-la-verdadera-pandemia-del-siglo-xxi\/\" \/>\n<meta property=\"og:locale\" content=\"es_ES\" \/>\n<meta property=\"og:type\" content=\"article\" \/>\n<meta property=\"og:title\" content=\"Suicidio, la verdadera pandemia del Siglo XXI - El Diario - Bolivia\" \/>\n<meta property=\"og:description\" content=\"Seg\u00fan la OMS, 10,2 millones de personas en todo el mundo realizan alg\u00fan tipo de conducta suicida, y cada 40 segundos alguien cumple este prop\u00f3sito. Estas cifras estremecedoras tienen que llevarnos a la reflexi\u00f3n sobre el rumbo que est\u00e1 tomando nuestra sociedad: cada vez m\u00e1s individualista y solitaria. Existen varias definiciones sobre el suicidio, siendo [&hellip;]\" \/>\n<meta property=\"og:url\" content=\"https:\/\/www.eldiario.net\/portal\/2023\/03\/06\/suicidio-la-verdadera-pandemia-del-siglo-xxi\/\" \/>\n<meta property=\"og:site_name\" content=\"El Diario - Bolivia\" \/>\n<meta property=\"article:publisher\" content=\"https:\/\/www.facebook.com\/eldiario.bolivia\/\" \/>\n<meta property=\"article:published_time\" content=\"2023-03-06T10:49:44+00:00\" \/>\n<meta name=\"author\" content=\"Jeanette\" \/>\n<meta name=\"twitter:card\" content=\"summary_large_image\" \/>\n<meta name=\"twitter:creator\" content=\"@eldiario_net\" \/>\n<meta name=\"twitter:site\" content=\"@eldiario_net\" \/>\n<meta name=\"twitter:label1\" content=\"Escrito por\" \/>\n\t<meta name=\"twitter:data1\" content=\"Jeanette\" \/>\n\t<meta name=\"twitter:label2\" content=\"Tiempo de lectura\" \/>\n\t<meta name=\"twitter:data2\" content=\"3 minutos\" \/>\n<script type=\"application\/ld+json\" class=\"yoast-schema-graph\">{\"@context\":\"https:\\\/\\\/schema.org\",\"@graph\":[{\"@type\":\"Article\",\"@id\":\"https:\\\/\\\/www.eldiario.net\\\/portal\\\/2023\\\/03\\\/06\\\/suicidio-la-verdadera-pandemia-del-siglo-xxi\\\/#article\",\"isPartOf\":{\"@id\":\"https:\\\/\\\/www.eldiario.net\\\/portal\\\/2023\\\/03\\\/06\\\/suicidio-la-verdadera-pandemia-del-siglo-xxi\\\/\"},\"author\":{\"name\":\"Jeanette\",\"@id\":\"https:\\\/\\\/www.eldiario.net\\\/portal\\\/#\\\/schema\\\/person\\\/f46445640444750d7d753ccd04ae01b7\"},\"headline\":\"Suicidio, la verdadera pandemia del Siglo XXI\",\"datePublished\":\"2023-03-06T10:49:44+00:00\",\"mainEntityOfPage\":{\"@id\":\"https:\\\/\\\/www.eldiario.net\\\/portal\\\/2023\\\/03\\\/06\\\/suicidio-la-verdadera-pandemia-del-siglo-xxi\\\/\"},\"wordCount\":664,\"publisher\":{\"@id\":\"https:\\\/\\\/www.eldiario.net\\\/portal\\\/#organization\"},\"image\":{\"@id\":\"https:\\\/\\\/www.eldiario.net\\\/portal\\\/2023\\\/03\\\/06\\\/suicidio-la-verdadera-pandemia-del-siglo-xxi\\\/#primaryimage\"},\"thumbnailUrl\":\"\",\"articleSection\":[\"Opini\u00f3n\"],\"inLanguage\":\"es\"},{\"@type\":\"WebPage\",\"@id\":\"https:\\\/\\\/www.eldiario.net\\\/portal\\\/2023\\\/03\\\/06\\\/suicidio-la-verdadera-pandemia-del-siglo-xxi\\\/\",\"url\":\"https:\\\/\\\/www.eldiario.net\\\/portal\\\/2023\\\/03\\\/06\\\/suicidio-la-verdadera-pandemia-del-siglo-xxi\\\/\",\"name\":\"Suicidio, la verdadera pandemia del Siglo XXI - El Diario - Bolivia\",\"isPartOf\":{\"@id\":\"https:\\\/\\\/www.eldiario.net\\\/portal\\\/#website\"},\"primaryImageOfPage\":{\"@id\":\"https:\\\/\\\/www.eldiario.net\\\/portal\\\/2023\\\/03\\\/06\\\/suicidio-la-verdadera-pandemia-del-siglo-xxi\\\/#primaryimage\"},\"image\":{\"@id\":\"https:\\\/\\\/www.eldiario.net\\\/portal\\\/2023\\\/03\\\/06\\\/suicidio-la-verdadera-pandemia-del-siglo-xxi\\\/#primaryimage\"},\"thumbnailUrl\":\"\",\"datePublished\":\"2023-03-06T10:49:44+00:00\",\"breadcrumb\":{\"@id\":\"https:\\\/\\\/www.eldiario.net\\\/portal\\\/2023\\\/03\\\/06\\\/suicidio-la-verdadera-pandemia-del-siglo-xxi\\\/#breadcrumb\"},\"inLanguage\":\"es\",\"potentialAction\":[{\"@type\":\"ReadAction\",\"target\":[\"https:\\\/\\\/www.eldiario.net\\\/portal\\\/2023\\\/03\\\/06\\\/suicidio-la-verdadera-pandemia-del-siglo-xxi\\\/\"]}]},{\"@type\":\"ImageObject\",\"inLanguage\":\"es\",\"@id\":\"https:\\\/\\\/www.eldiario.net\\\/portal\\\/2023\\\/03\\\/06\\\/suicidio-la-verdadera-pandemia-del-siglo-xxi\\\/#primaryimage\",\"url\":\"\",\"contentUrl\":\"\"},{\"@type\":\"BreadcrumbList\",\"@id\":\"https:\\\/\\\/www.eldiario.net\\\/portal\\\/2023\\\/03\\\/06\\\/suicidio-la-verdadera-pandemia-del-siglo-xxi\\\/#breadcrumb\",\"itemListElement\":[{\"@type\":\"ListItem\",\"position\":1,\"name\":\"Portada\",\"item\":\"https:\\\/\\\/www.eldiario.net\\\/portal\\\/\"},{\"@type\":\"ListItem\",\"position\":2,\"name\":\"Suicidio, la verdadera pandemia del Siglo XXI\"}]},{\"@type\":\"WebSite\",\"@id\":\"https:\\\/\\\/www.eldiario.net\\\/portal\\\/#website\",\"url\":\"https:\\\/\\\/www.eldiario.net\\\/portal\\\/\",\"name\":\"El Diario - Decano de la prensa nacional\",\"description\":\"El Diario - Decano de la prensa nacional\",\"publisher\":{\"@id\":\"https:\\\/\\\/www.eldiario.net\\\/portal\\\/#organization\"},\"potentialAction\":[{\"@type\":\"SearchAction\",\"target\":{\"@type\":\"EntryPoint\",\"urlTemplate\":\"https:\\\/\\\/www.eldiario.net\\\/portal\\\/?s={search_term_string}\"},\"query-input\":{\"@type\":\"PropertyValueSpecification\",\"valueRequired\":true,\"valueName\":\"search_term_string\"}}],\"inLanguage\":\"es\"},{\"@type\":\"Organization\",\"@id\":\"https:\\\/\\\/www.eldiario.net\\\/portal\\\/#organization\",\"name\":\"El Diario - Decano de la prensa nacional\",\"url\":\"https:\\\/\\\/www.eldiario.net\\\/portal\\\/\",\"logo\":{\"@type\":\"ImageObject\",\"inLanguage\":\"es\",\"@id\":\"https:\\\/\\\/www.eldiario.net\\\/portal\\\/#\\\/schema\\\/logo\\\/image\\\/\",\"url\":\"https:\\\/\\\/www.eldiario.net\\\/portal\\\/wp-content\\\/uploads\\\/2023\\\/07\\\/logo_ED.jpg\",\"contentUrl\":\"https:\\\/\\\/www.eldiario.net\\\/portal\\\/wp-content\\\/uploads\\\/2023\\\/07\\\/logo_ED.jpg\",\"width\":272,\"height\":52,\"caption\":\"El Diario - Decano de la prensa nacional\"},\"image\":{\"@id\":\"https:\\\/\\\/www.eldiario.net\\\/portal\\\/#\\\/schema\\\/logo\\\/image\\\/\"},\"sameAs\":[\"https:\\\/\\\/www.facebook.com\\\/eldiario.bolivia\\\/\",\"https:\\\/\\\/x.com\\\/eldiario_net\"]},{\"@type\":\"Person\",\"@id\":\"https:\\\/\\\/www.eldiario.net\\\/portal\\\/#\\\/schema\\\/person\\\/f46445640444750d7d753ccd04ae01b7\",\"name\":\"Jeanette\",\"image\":{\"@type\":\"ImageObject\",\"inLanguage\":\"es\",\"@id\":\"https:\\\/\\\/secure.gravatar.com\\\/avatar\\\/3ea2118a5f7dad2b7138b1187a6b7ee55f160b9968b66013c3a3ef39dd7e5798?s=96&d=mm&r=g\",\"url\":\"https:\\\/\\\/secure.gravatar.com\\\/avatar\\\/3ea2118a5f7dad2b7138b1187a6b7ee55f160b9968b66013c3a3ef39dd7e5798?s=96&d=mm&r=g\",\"contentUrl\":\"https:\\\/\\\/secure.gravatar.com\\\/avatar\\\/3ea2118a5f7dad2b7138b1187a6b7ee55f160b9968b66013c3a3ef39dd7e5798?s=96&d=mm&r=g\",\"caption\":\"Jeanette\"},\"sameAs\":[\"https:\\\/\\\/www.eldiario.net\\\/portal\"],\"url\":\"https:\\\/\\\/www.eldiario.net\\\/portal\\\/author\\\/jeanette\\\/\"}]}<\/script>\n<!-- \/ Yoast SEO plugin. -->","yoast_head_json":{"title":"Suicidio, la verdadera pandemia del Siglo XXI - El Diario - Bolivia","robots":{"index":"index","follow":"follow","max-snippet":"max-snippet:-1","max-image-preview":"max-image-preview:large","max-video-preview":"max-video-preview:-1"},"canonical":"https:\/\/www.eldiario.net\/portal\/2023\/03\/06\/suicidio-la-verdadera-pandemia-del-siglo-xxi\/","og_locale":"es_ES","og_type":"article","og_title":"Suicidio, la verdadera pandemia del Siglo XXI - El Diario - Bolivia","og_description":"Seg\u00fan la OMS, 10,2 millones de personas en todo el mundo realizan alg\u00fan tipo de conducta suicida, y cada 40 segundos alguien cumple este prop\u00f3sito. Estas cifras estremecedoras tienen que llevarnos a la reflexi\u00f3n sobre el rumbo que est\u00e1 tomando nuestra sociedad: cada vez m\u00e1s individualista y solitaria. Existen varias definiciones sobre el suicidio, siendo [&hellip;]","og_url":"https:\/\/www.eldiario.net\/portal\/2023\/03\/06\/suicidio-la-verdadera-pandemia-del-siglo-xxi\/","og_site_name":"El Diario - Bolivia","article_publisher":"https:\/\/www.facebook.com\/eldiario.bolivia\/","article_published_time":"2023-03-06T10:49:44+00:00","author":"Jeanette","twitter_card":"summary_large_image","twitter_creator":"@eldiario_net","twitter_site":"@eldiario_net","twitter_misc":{"Escrito por":"Jeanette","Tiempo de lectura":"3 minutos"},"schema":{"@context":"https:\/\/schema.org","@graph":[{"@type":"Article","@id":"https:\/\/www.eldiario.net\/portal\/2023\/03\/06\/suicidio-la-verdadera-pandemia-del-siglo-xxi\/#article","isPartOf":{"@id":"https:\/\/www.eldiario.net\/portal\/2023\/03\/06\/suicidio-la-verdadera-pandemia-del-siglo-xxi\/"},"author":{"name":"Jeanette","@id":"https:\/\/www.eldiario.net\/portal\/#\/schema\/person\/f46445640444750d7d753ccd04ae01b7"},"headline":"Suicidio, la verdadera pandemia del Siglo XXI","datePublished":"2023-03-06T10:49:44+00:00","mainEntityOfPage":{"@id":"https:\/\/www.eldiario.net\/portal\/2023\/03\/06\/suicidio-la-verdadera-pandemia-del-siglo-xxi\/"},"wordCount":664,"publisher":{"@id":"https:\/\/www.eldiario.net\/portal\/#organization"},"image":{"@id":"https:\/\/www.eldiario.net\/portal\/2023\/03\/06\/suicidio-la-verdadera-pandemia-del-siglo-xxi\/#primaryimage"},"thumbnailUrl":"","articleSection":["Opini\u00f3n"],"inLanguage":"es"},{"@type":"WebPage","@id":"https:\/\/www.eldiario.net\/portal\/2023\/03\/06\/suicidio-la-verdadera-pandemia-del-siglo-xxi\/","url":"https:\/\/www.eldiario.net\/portal\/2023\/03\/06\/suicidio-la-verdadera-pandemia-del-siglo-xxi\/","name":"Suicidio, la verdadera pandemia del Siglo XXI - El Diario - Bolivia","isPartOf":{"@id":"https:\/\/www.eldiario.net\/portal\/#website"},"primaryImageOfPage":{"@id":"https:\/\/www.eldiario.net\/portal\/2023\/03\/06\/suicidio-la-verdadera-pandemia-del-siglo-xxi\/#primaryimage"},"image":{"@id":"https:\/\/www.eldiario.net\/portal\/2023\/03\/06\/suicidio-la-verdadera-pandemia-del-siglo-xxi\/#primaryimage"},"thumbnailUrl":"","datePublished":"2023-03-06T10:49:44+00:00","breadcrumb":{"@id":"https:\/\/www.eldiario.net\/portal\/2023\/03\/06\/suicidio-la-verdadera-pandemia-del-siglo-xxi\/#breadcrumb"},"inLanguage":"es","potentialAction":[{"@type":"ReadAction","target":["https:\/\/www.eldiario.net\/portal\/2023\/03\/06\/suicidio-la-verdadera-pandemia-del-siglo-xxi\/"]}]},{"@type":"ImageObject","inLanguage":"es","@id":"https:\/\/www.eldiario.net\/portal\/2023\/03\/06\/suicidio-la-verdadera-pandemia-del-siglo-xxi\/#primaryimage","url":"","contentUrl":""},{"@type":"BreadcrumbList","@id":"https:\/\/www.eldiario.net\/portal\/2023\/03\/06\/suicidio-la-verdadera-pandemia-del-siglo-xxi\/#breadcrumb","itemListElement":[{"@type":"ListItem","position":1,"name":"Portada","item":"https:\/\/www.eldiario.net\/portal\/"},{"@type":"ListItem","position":2,"name":"Suicidio, la verdadera pandemia del Siglo XXI"}]},{"@type":"WebSite","@id":"https:\/\/www.eldiario.net\/portal\/#website","url":"https:\/\/www.eldiario.net\/portal\/","name":"El Diario - Decano de la prensa nacional","description":"El Diario - Decano de la prensa nacional","publisher":{"@id":"https:\/\/www.eldiario.net\/portal\/#organization"},"potentialAction":[{"@type":"SearchAction","target":{"@type":"EntryPoint","urlTemplate":"https:\/\/www.eldiario.net\/portal\/?s={search_term_string}"},"query-input":{"@type":"PropertyValueSpecification","valueRequired":true,"valueName":"search_term_string"}}],"inLanguage":"es"},{"@type":"Organization","@id":"https:\/\/www.eldiario.net\/portal\/#organization","name":"El Diario - Decano de la prensa nacional","url":"https:\/\/www.eldiario.net\/portal\/","logo":{"@type":"ImageObject","inLanguage":"es","@id":"https:\/\/www.eldiario.net\/portal\/#\/schema\/logo\/image\/","url":"https:\/\/www.eldiario.net\/portal\/wp-content\/uploads\/2023\/07\/logo_ED.jpg","contentUrl":"https:\/\/www.eldiario.net\/portal\/wp-content\/uploads\/2023\/07\/logo_ED.jpg","width":272,"height":52,"caption":"El Diario - Decano de la prensa nacional"},"image":{"@id":"https:\/\/www.eldiario.net\/portal\/#\/schema\/logo\/image\/"},"sameAs":["https:\/\/www.facebook.com\/eldiario.bolivia\/","https:\/\/x.com\/eldiario_net"]},{"@type":"Person","@id":"https:\/\/www.eldiario.net\/portal\/#\/schema\/person\/f46445640444750d7d753ccd04ae01b7","name":"Jeanette","image":{"@type":"ImageObject","inLanguage":"es","@id":"https:\/\/secure.gravatar.com\/avatar\/3ea2118a5f7dad2b7138b1187a6b7ee55f160b9968b66013c3a3ef39dd7e5798?s=96&d=mm&r=g","url":"https:\/\/secure.gravatar.com\/avatar\/3ea2118a5f7dad2b7138b1187a6b7ee55f160b9968b66013c3a3ef39dd7e5798?s=96&d=mm&r=g","contentUrl":"https:\/\/secure.gravatar.com\/avatar\/3ea2118a5f7dad2b7138b1187a6b7ee55f160b9968b66013c3a3ef39dd7e5798?s=96&d=mm&r=g","caption":"Jeanette"},"sameAs":["https:\/\/www.eldiario.net\/portal"],"url":"https:\/\/www.eldiario.net\/portal\/author\/jeanette\/"}]}},"_links":{"self":[{"href":"https:\/\/www.eldiario.net\/portal\/wp-json\/wp\/v2\/posts\/141596","targetHints":{"allow":["GET"]}}],"collection":[{"href":"https:\/\/www.eldiario.net\/portal\/wp-json\/wp\/v2\/posts"}],"about":[{"href":"https:\/\/www.eldiario.net\/portal\/wp-json\/wp\/v2\/types\/post"}],"author":[{"embeddable":true,"href":"https:\/\/www.eldiario.net\/portal\/wp-json\/wp\/v2\/users\/1"}],"replies":[{"embeddable":true,"href":"https:\/\/www.eldiario.net\/portal\/wp-json\/wp\/v2\/comments?post=141596"}],"version-history":[{"count":0,"href":"https:\/\/www.eldiario.net\/portal\/wp-json\/wp\/v2\/posts\/141596\/revisions"}],"wp:attachment":[{"href":"https:\/\/www.eldiario.net\/portal\/wp-json\/wp\/v2\/media?parent=141596"}],"wp:term":[{"taxonomy":"category","embeddable":true,"href":"https:\/\/www.eldiario.net\/portal\/wp-json\/wp\/v2\/categories?post=141596"},{"taxonomy":"post_tag","embeddable":true,"href":"https:\/\/www.eldiario.net\/portal\/wp-json\/wp\/v2\/tags?post=141596"}],"curies":[{"name":"wp","href":"https:\/\/api.w.org\/{rel}","templated":true}]}}