{"id":141594,"date":"2023-03-06T06:49:09","date_gmt":"2023-03-06T10:49:09","guid":{"rendered":"https:\/\/www.eldiario.net\/portal\/?p=141594"},"modified":"2023-03-06T06:49:09","modified_gmt":"2023-03-06T10:49:09","slug":"la-transdisciplinariedad-educativa","status":"publish","type":"post","link":"https:\/\/www.eldiario.net\/portal\/2023\/03\/06\/la-transdisciplinariedad-educativa\/","title":{"rendered":"La transdisciplinariedad educativa"},"content":{"rendered":"<p>Seg\u00fan Juan Miguel Gonz\u00e1lez Velasco (2018), coordinador del libro: Transdisciplinariedad en la educaci\u00f3n: docencia, escuela y aula, en complicidad con Edgar Mor\u00edn (1994); hablan de un nuevo paradigma te\u00f3rica \u201ctransdisciplinaria\u201d, donde incorporan el pensamiento complejo en el quehacer educativo del Siglo XXI. Asimismo, adoptan una visi\u00f3n integradora de las ciencias o disciplinas cient\u00edficas para el funcionamiento y soluci\u00f3n de problemas educativos, psicol\u00f3gicos, sociol\u00f3gicos, medicinales, etc.<br \/>\nEl enfoque metodol\u00f3gico del nuevo paradigma, est\u00e1 rompiendo estructuras cient\u00edficas de visi\u00f3n unidisciplinares, de una sola disciplina o materia, con el que se pretendi\u00f3 siempre solucionar los problemas sociales, so pretexto de especializaci\u00f3n. La transdisciplinariedad, es un paradigma emergente que tiende a aportar a la interrelaci\u00f3n multidisciplinaria de los conocimientos cient\u00edficos para solucionar problemas de la educaci\u00f3n y otros campos del saber humano. Es decir, aportar al desarrollo de la ense\u00f1anza, de la did\u00e1ctica y dise\u00f1o curricular horizontal.<br \/>\nEste nuevo paradigma emergente como la transdisciplinariedad, toma en cuenta los siete saberes de la educaci\u00f3n de Mor\u00edn; practicados en muchos pa\u00edses latinoamericanos desde la d\u00e9cada de los a\u00f1os noventa. Ante la crisis de la humanidad, que cada vez las ciencias est\u00e1n rimando al rev\u00e9s, buscando quiz\u00e1s la desaparici\u00f3n total de los saberes y conocimientos ancestrales de los pueblos originarios, surgieron en la modernidad problemas planetarios referidos a la conservaci\u00f3n y uso productivo de la Madre Tierra, escasez del elemento agua, quema de bosques, calentamiento global, cuidado del medio ambiente, etc. Afectando indudablemente a toda la humanidad, que est\u00e1 en riesgo de destrucci\u00f3n y desaparici\u00f3n planetaria.<br \/>\nLa transdisciplinariedad con su m\u00e1ximo exponente: Basarab Nicolescu, se\u00f1ala la importancia de la transdisciplinariedad en el \u00e1mbito de la educaci\u00f3n. Y afirma, que combinando concepciones te\u00f3ricas interdisciplinarias, es posible coadyuvar a la formaci\u00f3n efectiva de los docentes, orientar el papel de la escuela, rol que juegan las aulas escolares en el aprendizaje acad\u00e9mico, en el reaprender saberes y conocimientos y desaprender prejuicios y mitos en espacios interdisciplinarios y creativos para asimilar saberes y conocimientos hol\u00edsticos e integrales en comunidad.<br \/>\nOtros autores afirman: \u201cEl papel que brinda la transdisciplinariedad en la \u00e9poca actual, es muy grande, muchas veces no como concepto expl\u00edcito, sino como comprensi\u00f3n y aplicaci\u00f3n de las ciencias a la realidad objetiva\u201d. Es por ello, necesario analizar la metamorfosis que est\u00e1 sufriendo la educaci\u00f3n en tiempos post pandemia: rezago escolar, abandono escolar, pobreza de aprendizajes, carencia de tecnolog\u00eda, desigualdades sociales, etc. La transdisciplinariedad, concebida tambi\u00e9n como paradigma cognitivo complejo constructivista, est\u00e1 en proceso de construcci\u00f3n y consolidaci\u00f3n te\u00f3rica.<br \/>\nLa transdisciplinariedad o integraci\u00f3n de las ciencias en el \u00e1mbito educativo, puede aportar a la soluci\u00f3n positiva de los problemas locales, nacionales y planetarios como: conservaci\u00f3n de la tierra, uso racional de los recursos naturales, cuidado de la flora y fauna existente, conservaci\u00f3n del elemento agua, chaqueo de los bosques, etc. Son indudablemente problemas globales que est\u00e1n afectan a toda la humanidad. Entonces, es urgente apelar al auxilio te\u00f3rico pr\u00e1ctico de las ciencias transdisciplinarias educativas, para reducir los riesgos de destrucci\u00f3n y desaparici\u00f3n planetaria.<\/p>\n<p>raulalberto1911@gmail.com<\/p>\n","protected":false},"excerpt":{"rendered":"<p>Seg\u00fan Juan Miguel Gonz\u00e1lez Velasco (2018), coordinador del libro: Transdisciplinariedad en la educaci\u00f3n: docencia, escuela y aula, en complicidad con Edgar Mor\u00edn (1994); hablan de un nuevo paradigma te\u00f3rica \u201ctransdisciplinaria\u201d, donde incorporan el pensamiento complejo en el quehacer educativo del Siglo XXI. Asimismo, adoptan una visi\u00f3n integradora de las ciencias o disciplinas cient\u00edficas para el [&hellip;]<\/p>\n","protected":false},"author":1,"featured_media":47214,"comment_status":"closed","ping_status":"closed","sticky":false,"template":"","format":"standard","meta":{"_acf_changed":false,"footnotes":""},"categories":[9],"tags":[],"class_list":["post-141594","post","type-post","status-publish","format-standard","has-post-thumbnail","category-opinion"],"acf":{"antetitulo":""},"yoast_head":"<!-- This site is optimized with the Yoast SEO plugin v28.4 - https:\/\/yoast.com\/product\/yoast-seo-wordpress\/ -->\n<title>La transdisciplinariedad educativa - El Diario - Bolivia<\/title>\n<meta name=\"robots\" content=\"index, follow, max-snippet:-1, max-image-preview:large, max-video-preview:-1\" \/>\n<link rel=\"canonical\" href=\"https:\/\/www.eldiario.net\/portal\/2023\/03\/06\/la-transdisciplinariedad-educativa\/\" \/>\n<meta property=\"og:locale\" content=\"es_ES\" \/>\n<meta property=\"og:type\" content=\"article\" \/>\n<meta property=\"og:title\" content=\"La transdisciplinariedad educativa - El Diario - Bolivia\" \/>\n<meta property=\"og:description\" content=\"Seg\u00fan Juan Miguel Gonz\u00e1lez Velasco (2018), coordinador del libro: Transdisciplinariedad en la educaci\u00f3n: docencia, escuela y aula, en complicidad con Edgar Mor\u00edn (1994); hablan de un nuevo paradigma te\u00f3rica \u201ctransdisciplinaria\u201d, donde incorporan el pensamiento complejo en el quehacer educativo del Siglo XXI. Asimismo, adoptan una visi\u00f3n integradora de las ciencias o disciplinas cient\u00edficas para el [&hellip;]\" \/>\n<meta property=\"og:url\" content=\"https:\/\/www.eldiario.net\/portal\/2023\/03\/06\/la-transdisciplinariedad-educativa\/\" \/>\n<meta property=\"og:site_name\" content=\"El Diario - Bolivia\" \/>\n<meta property=\"article:publisher\" content=\"https:\/\/www.facebook.com\/eldiario.bolivia\/\" \/>\n<meta property=\"article:published_time\" content=\"2023-03-06T10:49:09+00:00\" \/>\n<meta name=\"author\" content=\"Jeanette\" \/>\n<meta name=\"twitter:card\" content=\"summary_large_image\" \/>\n<meta name=\"twitter:creator\" content=\"@eldiario_net\" \/>\n<meta name=\"twitter:site\" content=\"@eldiario_net\" \/>\n<meta name=\"twitter:label1\" content=\"Escrito por\" \/>\n\t<meta name=\"twitter:data1\" content=\"Jeanette\" \/>\n<script type=\"application\/ld+json\" class=\"yoast-schema-graph\">{\"@context\":\"https:\\\/\\\/schema.org\",\"@graph\":[{\"@type\":\"Article\",\"@id\":\"https:\\\/\\\/www.eldiario.net\\\/portal\\\/2023\\\/03\\\/06\\\/la-transdisciplinariedad-educativa\\\/#article\",\"isPartOf\":{\"@id\":\"https:\\\/\\\/www.eldiario.net\\\/portal\\\/2023\\\/03\\\/06\\\/la-transdisciplinariedad-educativa\\\/\"},\"author\":{\"name\":\"Jeanette\",\"@id\":\"https:\\\/\\\/www.eldiario.net\\\/portal\\\/#\\\/schema\\\/person\\\/f46445640444750d7d753ccd04ae01b7\"},\"headline\":\"La transdisciplinariedad educativa\",\"datePublished\":\"2023-03-06T10:49:09+00:00\",\"mainEntityOfPage\":{\"@id\":\"https:\\\/\\\/www.eldiario.net\\\/portal\\\/2023\\\/03\\\/06\\\/la-transdisciplinariedad-educativa\\\/\"},\"wordCount\":553,\"publisher\":{\"@id\":\"https:\\\/\\\/www.eldiario.net\\\/portal\\\/#organization\"},\"image\":{\"@id\":\"https:\\\/\\\/www.eldiario.net\\\/portal\\\/2023\\\/03\\\/06\\\/la-transdisciplinariedad-educativa\\\/#primaryimage\"},\"thumbnailUrl\":\"\",\"articleSection\":[\"Opini\u00f3n\"],\"inLanguage\":\"es\"},{\"@type\":\"WebPage\",\"@id\":\"https:\\\/\\\/www.eldiario.net\\\/portal\\\/2023\\\/03\\\/06\\\/la-transdisciplinariedad-educativa\\\/\",\"url\":\"https:\\\/\\\/www.eldiario.net\\\/portal\\\/2023\\\/03\\\/06\\\/la-transdisciplinariedad-educativa\\\/\",\"name\":\"La transdisciplinariedad educativa - El Diario - Bolivia\",\"isPartOf\":{\"@id\":\"https:\\\/\\\/www.eldiario.net\\\/portal\\\/#website\"},\"primaryImageOfPage\":{\"@id\":\"https:\\\/\\\/www.eldiario.net\\\/portal\\\/2023\\\/03\\\/06\\\/la-transdisciplinariedad-educativa\\\/#primaryimage\"},\"image\":{\"@id\":\"https:\\\/\\\/www.eldiario.net\\\/portal\\\/2023\\\/03\\\/06\\\/la-transdisciplinariedad-educativa\\\/#primaryimage\"},\"thumbnailUrl\":\"\",\"datePublished\":\"2023-03-06T10:49:09+00:00\",\"breadcrumb\":{\"@id\":\"https:\\\/\\\/www.eldiario.net\\\/portal\\\/2023\\\/03\\\/06\\\/la-transdisciplinariedad-educativa\\\/#breadcrumb\"},\"inLanguage\":\"es\",\"potentialAction\":[{\"@type\":\"ReadAction\",\"target\":[\"https:\\\/\\\/www.eldiario.net\\\/portal\\\/2023\\\/03\\\/06\\\/la-transdisciplinariedad-educativa\\\/\"]}]},{\"@type\":\"ImageObject\",\"inLanguage\":\"es\",\"@id\":\"https:\\\/\\\/www.eldiario.net\\\/portal\\\/2023\\\/03\\\/06\\\/la-transdisciplinariedad-educativa\\\/#primaryimage\",\"url\":\"\",\"contentUrl\":\"\"},{\"@type\":\"BreadcrumbList\",\"@id\":\"https:\\\/\\\/www.eldiario.net\\\/portal\\\/2023\\\/03\\\/06\\\/la-transdisciplinariedad-educativa\\\/#breadcrumb\",\"itemListElement\":[{\"@type\":\"ListItem\",\"position\":1,\"name\":\"Portada\",\"item\":\"https:\\\/\\\/www.eldiario.net\\\/portal\\\/\"},{\"@type\":\"ListItem\",\"position\":2,\"name\":\"La transdisciplinariedad educativa\"}]},{\"@type\":\"WebSite\",\"@id\":\"https:\\\/\\\/www.eldiario.net\\\/portal\\\/#website\",\"url\":\"https:\\\/\\\/www.eldiario.net\\\/portal\\\/\",\"name\":\"El Diario - Decano de la prensa nacional\",\"description\":\"El Diario - Decano de la prensa nacional\",\"publisher\":{\"@id\":\"https:\\\/\\\/www.eldiario.net\\\/portal\\\/#organization\"},\"potentialAction\":[{\"@type\":\"SearchAction\",\"target\":{\"@type\":\"EntryPoint\",\"urlTemplate\":\"https:\\\/\\\/www.eldiario.net\\\/portal\\\/?s={search_term_string}\"},\"query-input\":{\"@type\":\"PropertyValueSpecification\",\"valueRequired\":true,\"valueName\":\"search_term_string\"}}],\"inLanguage\":\"es\"},{\"@type\":\"Organization\",\"@id\":\"https:\\\/\\\/www.eldiario.net\\\/portal\\\/#organization\",\"name\":\"El Diario - Decano de la prensa nacional\",\"url\":\"https:\\\/\\\/www.eldiario.net\\\/portal\\\/\",\"logo\":{\"@type\":\"ImageObject\",\"inLanguage\":\"es\",\"@id\":\"https:\\\/\\\/www.eldiario.net\\\/portal\\\/#\\\/schema\\\/logo\\\/image\\\/\",\"url\":\"https:\\\/\\\/www.eldiario.net\\\/portal\\\/wp-content\\\/uploads\\\/2023\\\/07\\\/logo_ED.jpg\",\"contentUrl\":\"https:\\\/\\\/www.eldiario.net\\\/portal\\\/wp-content\\\/uploads\\\/2023\\\/07\\\/logo_ED.jpg\",\"width\":272,\"height\":52,\"caption\":\"El Diario - Decano de la prensa nacional\"},\"image\":{\"@id\":\"https:\\\/\\\/www.eldiario.net\\\/portal\\\/#\\\/schema\\\/logo\\\/image\\\/\"},\"sameAs\":[\"https:\\\/\\\/www.facebook.com\\\/eldiario.bolivia\\\/\",\"https:\\\/\\\/x.com\\\/eldiario_net\"]},{\"@type\":\"Person\",\"@id\":\"https:\\\/\\\/www.eldiario.net\\\/portal\\\/#\\\/schema\\\/person\\\/f46445640444750d7d753ccd04ae01b7\",\"name\":\"Jeanette\",\"image\":{\"@type\":\"ImageObject\",\"inLanguage\":\"es\",\"@id\":\"https:\\\/\\\/secure.gravatar.com\\\/avatar\\\/3ea2118a5f7dad2b7138b1187a6b7ee55f160b9968b66013c3a3ef39dd7e5798?s=96&d=mm&r=g\",\"url\":\"https:\\\/\\\/secure.gravatar.com\\\/avatar\\\/3ea2118a5f7dad2b7138b1187a6b7ee55f160b9968b66013c3a3ef39dd7e5798?s=96&d=mm&r=g\",\"contentUrl\":\"https:\\\/\\\/secure.gravatar.com\\\/avatar\\\/3ea2118a5f7dad2b7138b1187a6b7ee55f160b9968b66013c3a3ef39dd7e5798?s=96&d=mm&r=g\",\"caption\":\"Jeanette\"},\"sameAs\":[\"https:\\\/\\\/www.eldiario.net\\\/portal\"],\"url\":\"https:\\\/\\\/www.eldiario.net\\\/portal\\\/author\\\/jeanette\\\/\"}]}<\/script>\n<!-- \/ Yoast SEO plugin. -->","yoast_head_json":{"title":"La transdisciplinariedad educativa - El Diario - Bolivia","robots":{"index":"index","follow":"follow","max-snippet":"max-snippet:-1","max-image-preview":"max-image-preview:large","max-video-preview":"max-video-preview:-1"},"canonical":"https:\/\/www.eldiario.net\/portal\/2023\/03\/06\/la-transdisciplinariedad-educativa\/","og_locale":"es_ES","og_type":"article","og_title":"La transdisciplinariedad educativa - El Diario - Bolivia","og_description":"Seg\u00fan Juan Miguel Gonz\u00e1lez Velasco (2018), coordinador del libro: Transdisciplinariedad en la educaci\u00f3n: docencia, escuela y aula, en complicidad con Edgar Mor\u00edn (1994); hablan de un nuevo paradigma te\u00f3rica \u201ctransdisciplinaria\u201d, donde incorporan el pensamiento complejo en el quehacer educativo del Siglo XXI. Asimismo, adoptan una visi\u00f3n integradora de las ciencias o disciplinas cient\u00edficas para el [&hellip;]","og_url":"https:\/\/www.eldiario.net\/portal\/2023\/03\/06\/la-transdisciplinariedad-educativa\/","og_site_name":"El Diario - Bolivia","article_publisher":"https:\/\/www.facebook.com\/eldiario.bolivia\/","article_published_time":"2023-03-06T10:49:09+00:00","author":"Jeanette","twitter_card":"summary_large_image","twitter_creator":"@eldiario_net","twitter_site":"@eldiario_net","twitter_misc":{"Escrito por":"Jeanette"},"schema":{"@context":"https:\/\/schema.org","@graph":[{"@type":"Article","@id":"https:\/\/www.eldiario.net\/portal\/2023\/03\/06\/la-transdisciplinariedad-educativa\/#article","isPartOf":{"@id":"https:\/\/www.eldiario.net\/portal\/2023\/03\/06\/la-transdisciplinariedad-educativa\/"},"author":{"name":"Jeanette","@id":"https:\/\/www.eldiario.net\/portal\/#\/schema\/person\/f46445640444750d7d753ccd04ae01b7"},"headline":"La transdisciplinariedad educativa","datePublished":"2023-03-06T10:49:09+00:00","mainEntityOfPage":{"@id":"https:\/\/www.eldiario.net\/portal\/2023\/03\/06\/la-transdisciplinariedad-educativa\/"},"wordCount":553,"publisher":{"@id":"https:\/\/www.eldiario.net\/portal\/#organization"},"image":{"@id":"https:\/\/www.eldiario.net\/portal\/2023\/03\/06\/la-transdisciplinariedad-educativa\/#primaryimage"},"thumbnailUrl":"","articleSection":["Opini\u00f3n"],"inLanguage":"es"},{"@type":"WebPage","@id":"https:\/\/www.eldiario.net\/portal\/2023\/03\/06\/la-transdisciplinariedad-educativa\/","url":"https:\/\/www.eldiario.net\/portal\/2023\/03\/06\/la-transdisciplinariedad-educativa\/","name":"La transdisciplinariedad educativa - El Diario - Bolivia","isPartOf":{"@id":"https:\/\/www.eldiario.net\/portal\/#website"},"primaryImageOfPage":{"@id":"https:\/\/www.eldiario.net\/portal\/2023\/03\/06\/la-transdisciplinariedad-educativa\/#primaryimage"},"image":{"@id":"https:\/\/www.eldiario.net\/portal\/2023\/03\/06\/la-transdisciplinariedad-educativa\/#primaryimage"},"thumbnailUrl":"","datePublished":"2023-03-06T10:49:09+00:00","breadcrumb":{"@id":"https:\/\/www.eldiario.net\/portal\/2023\/03\/06\/la-transdisciplinariedad-educativa\/#breadcrumb"},"inLanguage":"es","potentialAction":[{"@type":"ReadAction","target":["https:\/\/www.eldiario.net\/portal\/2023\/03\/06\/la-transdisciplinariedad-educativa\/"]}]},{"@type":"ImageObject","inLanguage":"es","@id":"https:\/\/www.eldiario.net\/portal\/2023\/03\/06\/la-transdisciplinariedad-educativa\/#primaryimage","url":"","contentUrl":""},{"@type":"BreadcrumbList","@id":"https:\/\/www.eldiario.net\/portal\/2023\/03\/06\/la-transdisciplinariedad-educativa\/#breadcrumb","itemListElement":[{"@type":"ListItem","position":1,"name":"Portada","item":"https:\/\/www.eldiario.net\/portal\/"},{"@type":"ListItem","position":2,"name":"La transdisciplinariedad educativa"}]},{"@type":"WebSite","@id":"https:\/\/www.eldiario.net\/portal\/#website","url":"https:\/\/www.eldiario.net\/portal\/","name":"El Diario - Decano de la prensa nacional","description":"El Diario - Decano de la prensa nacional","publisher":{"@id":"https:\/\/www.eldiario.net\/portal\/#organization"},"potentialAction":[{"@type":"SearchAction","target":{"@type":"EntryPoint","urlTemplate":"https:\/\/www.eldiario.net\/portal\/?s={search_term_string}"},"query-input":{"@type":"PropertyValueSpecification","valueRequired":true,"valueName":"search_term_string"}}],"inLanguage":"es"},{"@type":"Organization","@id":"https:\/\/www.eldiario.net\/portal\/#organization","name":"El Diario - Decano de la prensa nacional","url":"https:\/\/www.eldiario.net\/portal\/","logo":{"@type":"ImageObject","inLanguage":"es","@id":"https:\/\/www.eldiario.net\/portal\/#\/schema\/logo\/image\/","url":"https:\/\/www.eldiario.net\/portal\/wp-content\/uploads\/2023\/07\/logo_ED.jpg","contentUrl":"https:\/\/www.eldiario.net\/portal\/wp-content\/uploads\/2023\/07\/logo_ED.jpg","width":272,"height":52,"caption":"El Diario - Decano de la prensa nacional"},"image":{"@id":"https:\/\/www.eldiario.net\/portal\/#\/schema\/logo\/image\/"},"sameAs":["https:\/\/www.facebook.com\/eldiario.bolivia\/","https:\/\/x.com\/eldiario_net"]},{"@type":"Person","@id":"https:\/\/www.eldiario.net\/portal\/#\/schema\/person\/f46445640444750d7d753ccd04ae01b7","name":"Jeanette","image":{"@type":"ImageObject","inLanguage":"es","@id":"https:\/\/secure.gravatar.com\/avatar\/3ea2118a5f7dad2b7138b1187a6b7ee55f160b9968b66013c3a3ef39dd7e5798?s=96&d=mm&r=g","url":"https:\/\/secure.gravatar.com\/avatar\/3ea2118a5f7dad2b7138b1187a6b7ee55f160b9968b66013c3a3ef39dd7e5798?s=96&d=mm&r=g","contentUrl":"https:\/\/secure.gravatar.com\/avatar\/3ea2118a5f7dad2b7138b1187a6b7ee55f160b9968b66013c3a3ef39dd7e5798?s=96&d=mm&r=g","caption":"Jeanette"},"sameAs":["https:\/\/www.eldiario.net\/portal"],"url":"https:\/\/www.eldiario.net\/portal\/author\/jeanette\/"}]}},"_links":{"self":[{"href":"https:\/\/www.eldiario.net\/portal\/wp-json\/wp\/v2\/posts\/141594","targetHints":{"allow":["GET"]}}],"collection":[{"href":"https:\/\/www.eldiario.net\/portal\/wp-json\/wp\/v2\/posts"}],"about":[{"href":"https:\/\/www.eldiario.net\/portal\/wp-json\/wp\/v2\/types\/post"}],"author":[{"embeddable":true,"href":"https:\/\/www.eldiario.net\/portal\/wp-json\/wp\/v2\/users\/1"}],"replies":[{"embeddable":true,"href":"https:\/\/www.eldiario.net\/portal\/wp-json\/wp\/v2\/comments?post=141594"}],"version-history":[{"count":0,"href":"https:\/\/www.eldiario.net\/portal\/wp-json\/wp\/v2\/posts\/141594\/revisions"}],"wp:attachment":[{"href":"https:\/\/www.eldiario.net\/portal\/wp-json\/wp\/v2\/media?parent=141594"}],"wp:term":[{"taxonomy":"category","embeddable":true,"href":"https:\/\/www.eldiario.net\/portal\/wp-json\/wp\/v2\/categories?post=141594"},{"taxonomy":"post_tag","embeddable":true,"href":"https:\/\/www.eldiario.net\/portal\/wp-json\/wp\/v2\/tags?post=141594"}],"curies":[{"name":"wp","href":"https:\/\/api.w.org\/{rel}","templated":true}]}}