{"id":141592,"date":"2023-03-06T06:48:35","date_gmt":"2023-03-06T10:48:35","guid":{"rendered":"https:\/\/www.eldiario.net\/portal\/?p=141592"},"modified":"2023-03-06T06:48:35","modified_gmt":"2023-03-06T10:48:35","slug":"la-lectura-y-la-escritura-en-primero-de-primaria","status":"publish","type":"post","link":"https:\/\/www.eldiario.net\/portal\/2023\/03\/06\/la-lectura-y-la-escritura-en-primero-de-primaria\/","title":{"rendered":"La lectura y la escritura en primero de primaria"},"content":{"rendered":"<p>Constantemente docentes vienen investigando y trabajando con miras a ense\u00f1ar a leer y escribir a ni\u00f1os y ni\u00f1as de primero de primaria, para desarrollar aptitudes de lectura y escritura que les permitan tener un porvenir acad\u00e9mico. La escuela cumple un rol fundamental para este prop\u00f3sito, ya que les da los primeros cimientos hacia el futuro, para su formaci\u00f3n profesional y acad\u00e9mica, as\u00ed como en la vida diaria. Por este motivo, es importante priorizar la lectoescritura desde primeros a\u00f1os de escolaridad, en pos de desarrollar estas habilidades ling\u00fc\u00edsticas, tomando en cuenta los niveles de comprensi\u00f3n lectora y los \u00e1mbitos de la escritura creativa. Para la formaci\u00f3n de ni\u00f1os y ni\u00f1as que cambien la realidad conformista.<br \/>\nEl Ministerio de Educaci\u00f3n en las gestiones 2015, 2016 y 2017 organiz\u00f3 ferias para maestras y maestros que trabajan con primero de primaria. Dicho evento consist\u00eda principalmente en exponer la mejor experiencia en una feria educativa. Uno de los objetivos principales era demostrar las estrategias metodol\u00f3gicas referentes a impartir la lectura y escritura en menores que cursan el primer a\u00f1o del nivel primario. Estas estrategias, seg\u00fan relatos de los participantes, han sido provechosas porque evidencian el trabajo realizado en el aula. Una de las propuestas m\u00e1s interesantes hace referencia a la iniciaci\u00f3n de la lectoescritura mediante palabras completas y no fraccionadas, desde la vivencia cultural de las y los estudiantes en la iniciaci\u00f3n de la lectura como una diferente manera de emprender procesos de lectores y escritores.<br \/>\nEstas experiencias han servido mucho a estudiantes y profesores, pues en primero de primaria se debe estimular muy bien a los infantes en lectoescritura para un mejor nivel de comprensi\u00f3n lectora hacia una alfabetizaci\u00f3n funcional en la que los estudiantes comprenden lo que leen, como menciona Daniel Cassani en su texto Tras las L\u00edneas.<br \/>\nTras un an\u00e1lisis sobre la educaci\u00f3n en Finlandia, se evidencia que el profesor de primer grado del nivel primario debe presentar un nivel de formaci\u00f3n superior, por lo que su remuneraci\u00f3n es incrementada constantemente. Sin embargo, en Bolivia es distinto, los profesores no quieren regentar dicho curso porque consideran que es complicado ense\u00f1ar a leer y escribir en ese grado acad\u00e9mico y cuando lo hacen se sienten obligados. Esta realidad hace evidente la necesidad de fortalecer la lectoescritura en los estudiantes.<br \/>\nEn conclusi\u00f3n, el primer curso de primaria tiene mucha importancia en la formaci\u00f3n de los estudiantes en el \u00e1mbito acad\u00e9mico y social. A manera de propuesta, se sugiere un incentivo econ\u00f3mico u otro a los profesionales de la educaci\u00f3n que deseen trabajar en primero de primaria, es decir, a aquellos profesores que investiguen constantemente sobre la manera de implementar procesos pedag\u00f3gicos para la iniciaci\u00f3n de la lectura. Dicho de otro modo, se considerar\u00e1 el sueldo diferenciado, acorde a la formaci\u00f3n de cada maestro o maestra, para los que realicen estudios de posgrado como maestr\u00edas, doctorados y otros cursos relacionados con la educaci\u00f3n, que permitir\u00e1n emprender la delicada labor de llevar adelante procesos pedag\u00f3gicos de lectoescritura con ni\u00f1os y ni\u00f1as del primer a\u00f1o del nivel primario.<\/p>\n<p>El autor es profesor.<\/p>\n","protected":false},"excerpt":{"rendered":"<p>Constantemente docentes vienen investigando y trabajando con miras a ense\u00f1ar a leer y escribir a ni\u00f1os y ni\u00f1as de primero de primaria, para desarrollar aptitudes de lectura y escritura que les permitan tener un porvenir acad\u00e9mico. La escuela cumple un rol fundamental para este prop\u00f3sito, ya que les da los primeros cimientos hacia el futuro, [&hellip;]<\/p>\n","protected":false},"author":1,"featured_media":0,"comment_status":"closed","ping_status":"closed","sticky":false,"template":"","format":"standard","meta":{"_acf_changed":false,"footnotes":""},"categories":[9],"tags":[],"class_list":["post-141592","post","type-post","status-publish","format-standard","category-opinion"],"acf":{"antetitulo":""},"yoast_head":"<!-- This site is optimized with the Yoast SEO plugin v28.4 - https:\/\/yoast.com\/product\/yoast-seo-wordpress\/ -->\n<title>La lectura y la escritura en primero de primaria - El Diario - Bolivia<\/title>\n<meta name=\"robots\" content=\"index, follow, max-snippet:-1, max-image-preview:large, max-video-preview:-1\" \/>\n<link rel=\"canonical\" href=\"https:\/\/www.eldiario.net\/portal\/2023\/03\/06\/la-lectura-y-la-escritura-en-primero-de-primaria\/\" \/>\n<meta property=\"og:locale\" content=\"es_ES\" \/>\n<meta property=\"og:type\" content=\"article\" \/>\n<meta property=\"og:title\" content=\"La lectura y la escritura en primero de primaria - El Diario - Bolivia\" \/>\n<meta property=\"og:description\" content=\"Constantemente docentes vienen investigando y trabajando con miras a ense\u00f1ar a leer y escribir a ni\u00f1os y ni\u00f1as de primero de primaria, para desarrollar aptitudes de lectura y escritura que les permitan tener un porvenir acad\u00e9mico. La escuela cumple un rol fundamental para este prop\u00f3sito, ya que les da los primeros cimientos hacia el futuro, [&hellip;]\" \/>\n<meta property=\"og:url\" content=\"https:\/\/www.eldiario.net\/portal\/2023\/03\/06\/la-lectura-y-la-escritura-en-primero-de-primaria\/\" \/>\n<meta property=\"og:site_name\" content=\"El Diario - Bolivia\" \/>\n<meta property=\"article:publisher\" content=\"https:\/\/www.facebook.com\/eldiario.bolivia\/\" \/>\n<meta property=\"article:published_time\" content=\"2023-03-06T10:48:35+00:00\" \/>\n<meta name=\"author\" content=\"Jeanette\" \/>\n<meta name=\"twitter:card\" content=\"summary_large_image\" \/>\n<meta name=\"twitter:creator\" content=\"@eldiario_net\" \/>\n<meta name=\"twitter:site\" content=\"@eldiario_net\" \/>\n<meta name=\"twitter:label1\" content=\"Escrito por\" \/>\n\t<meta name=\"twitter:data1\" content=\"Jeanette\" \/>\n\t<meta name=\"twitter:label2\" content=\"Tiempo de lectura\" \/>\n\t<meta name=\"twitter:data2\" content=\"3 minutos\" \/>\n<script type=\"application\/ld+json\" class=\"yoast-schema-graph\">{\"@context\":\"https:\\\/\\\/schema.org\",\"@graph\":[{\"@type\":\"Article\",\"@id\":\"https:\\\/\\\/www.eldiario.net\\\/portal\\\/2023\\\/03\\\/06\\\/la-lectura-y-la-escritura-en-primero-de-primaria\\\/#article\",\"isPartOf\":{\"@id\":\"https:\\\/\\\/www.eldiario.net\\\/portal\\\/2023\\\/03\\\/06\\\/la-lectura-y-la-escritura-en-primero-de-primaria\\\/\"},\"author\":{\"name\":\"Jeanette\",\"@id\":\"https:\\\/\\\/www.eldiario.net\\\/portal\\\/#\\\/schema\\\/person\\\/f46445640444750d7d753ccd04ae01b7\"},\"headline\":\"La lectura y la escritura en primero de primaria\",\"datePublished\":\"2023-03-06T10:48:35+00:00\",\"mainEntityOfPage\":{\"@id\":\"https:\\\/\\\/www.eldiario.net\\\/portal\\\/2023\\\/03\\\/06\\\/la-lectura-y-la-escritura-en-primero-de-primaria\\\/\"},\"wordCount\":556,\"publisher\":{\"@id\":\"https:\\\/\\\/www.eldiario.net\\\/portal\\\/#organization\"},\"articleSection\":[\"Opini\u00f3n\"],\"inLanguage\":\"es\"},{\"@type\":\"WebPage\",\"@id\":\"https:\\\/\\\/www.eldiario.net\\\/portal\\\/2023\\\/03\\\/06\\\/la-lectura-y-la-escritura-en-primero-de-primaria\\\/\",\"url\":\"https:\\\/\\\/www.eldiario.net\\\/portal\\\/2023\\\/03\\\/06\\\/la-lectura-y-la-escritura-en-primero-de-primaria\\\/\",\"name\":\"La lectura y la escritura en primero de primaria - El Diario - Bolivia\",\"isPartOf\":{\"@id\":\"https:\\\/\\\/www.eldiario.net\\\/portal\\\/#website\"},\"datePublished\":\"2023-03-06T10:48:35+00:00\",\"breadcrumb\":{\"@id\":\"https:\\\/\\\/www.eldiario.net\\\/portal\\\/2023\\\/03\\\/06\\\/la-lectura-y-la-escritura-en-primero-de-primaria\\\/#breadcrumb\"},\"inLanguage\":\"es\",\"potentialAction\":[{\"@type\":\"ReadAction\",\"target\":[\"https:\\\/\\\/www.eldiario.net\\\/portal\\\/2023\\\/03\\\/06\\\/la-lectura-y-la-escritura-en-primero-de-primaria\\\/\"]}]},{\"@type\":\"BreadcrumbList\",\"@id\":\"https:\\\/\\\/www.eldiario.net\\\/portal\\\/2023\\\/03\\\/06\\\/la-lectura-y-la-escritura-en-primero-de-primaria\\\/#breadcrumb\",\"itemListElement\":[{\"@type\":\"ListItem\",\"position\":1,\"name\":\"Portada\",\"item\":\"https:\\\/\\\/www.eldiario.net\\\/portal\\\/\"},{\"@type\":\"ListItem\",\"position\":2,\"name\":\"La lectura y la escritura en primero de primaria\"}]},{\"@type\":\"WebSite\",\"@id\":\"https:\\\/\\\/www.eldiario.net\\\/portal\\\/#website\",\"url\":\"https:\\\/\\\/www.eldiario.net\\\/portal\\\/\",\"name\":\"El Diario - Decano de la prensa nacional\",\"description\":\"El Diario - Decano de la prensa nacional\",\"publisher\":{\"@id\":\"https:\\\/\\\/www.eldiario.net\\\/portal\\\/#organization\"},\"potentialAction\":[{\"@type\":\"SearchAction\",\"target\":{\"@type\":\"EntryPoint\",\"urlTemplate\":\"https:\\\/\\\/www.eldiario.net\\\/portal\\\/?s={search_term_string}\"},\"query-input\":{\"@type\":\"PropertyValueSpecification\",\"valueRequired\":true,\"valueName\":\"search_term_string\"}}],\"inLanguage\":\"es\"},{\"@type\":\"Organization\",\"@id\":\"https:\\\/\\\/www.eldiario.net\\\/portal\\\/#organization\",\"name\":\"El Diario - Decano de la prensa nacional\",\"url\":\"https:\\\/\\\/www.eldiario.net\\\/portal\\\/\",\"logo\":{\"@type\":\"ImageObject\",\"inLanguage\":\"es\",\"@id\":\"https:\\\/\\\/www.eldiario.net\\\/portal\\\/#\\\/schema\\\/logo\\\/image\\\/\",\"url\":\"https:\\\/\\\/www.eldiario.net\\\/portal\\\/wp-content\\\/uploads\\\/2023\\\/07\\\/logo_ED.jpg\",\"contentUrl\":\"https:\\\/\\\/www.eldiario.net\\\/portal\\\/wp-content\\\/uploads\\\/2023\\\/07\\\/logo_ED.jpg\",\"width\":272,\"height\":52,\"caption\":\"El Diario - Decano de la prensa nacional\"},\"image\":{\"@id\":\"https:\\\/\\\/www.eldiario.net\\\/portal\\\/#\\\/schema\\\/logo\\\/image\\\/\"},\"sameAs\":[\"https:\\\/\\\/www.facebook.com\\\/eldiario.bolivia\\\/\",\"https:\\\/\\\/x.com\\\/eldiario_net\"]},{\"@type\":\"Person\",\"@id\":\"https:\\\/\\\/www.eldiario.net\\\/portal\\\/#\\\/schema\\\/person\\\/f46445640444750d7d753ccd04ae01b7\",\"name\":\"Jeanette\",\"image\":{\"@type\":\"ImageObject\",\"inLanguage\":\"es\",\"@id\":\"https:\\\/\\\/secure.gravatar.com\\\/avatar\\\/3ea2118a5f7dad2b7138b1187a6b7ee55f160b9968b66013c3a3ef39dd7e5798?s=96&d=mm&r=g\",\"url\":\"https:\\\/\\\/secure.gravatar.com\\\/avatar\\\/3ea2118a5f7dad2b7138b1187a6b7ee55f160b9968b66013c3a3ef39dd7e5798?s=96&d=mm&r=g\",\"contentUrl\":\"https:\\\/\\\/secure.gravatar.com\\\/avatar\\\/3ea2118a5f7dad2b7138b1187a6b7ee55f160b9968b66013c3a3ef39dd7e5798?s=96&d=mm&r=g\",\"caption\":\"Jeanette\"},\"sameAs\":[\"https:\\\/\\\/www.eldiario.net\\\/portal\"],\"url\":\"https:\\\/\\\/www.eldiario.net\\\/portal\\\/author\\\/jeanette\\\/\"}]}<\/script>\n<!-- \/ Yoast SEO plugin. -->","yoast_head_json":{"title":"La lectura y la escritura en primero de primaria - El Diario - Bolivia","robots":{"index":"index","follow":"follow","max-snippet":"max-snippet:-1","max-image-preview":"max-image-preview:large","max-video-preview":"max-video-preview:-1"},"canonical":"https:\/\/www.eldiario.net\/portal\/2023\/03\/06\/la-lectura-y-la-escritura-en-primero-de-primaria\/","og_locale":"es_ES","og_type":"article","og_title":"La lectura y la escritura en primero de primaria - El Diario - Bolivia","og_description":"Constantemente docentes vienen investigando y trabajando con miras a ense\u00f1ar a leer y escribir a ni\u00f1os y ni\u00f1as de primero de primaria, para desarrollar aptitudes de lectura y escritura que les permitan tener un porvenir acad\u00e9mico. La escuela cumple un rol fundamental para este prop\u00f3sito, ya que les da los primeros cimientos hacia el futuro, [&hellip;]","og_url":"https:\/\/www.eldiario.net\/portal\/2023\/03\/06\/la-lectura-y-la-escritura-en-primero-de-primaria\/","og_site_name":"El Diario - Bolivia","article_publisher":"https:\/\/www.facebook.com\/eldiario.bolivia\/","article_published_time":"2023-03-06T10:48:35+00:00","author":"Jeanette","twitter_card":"summary_large_image","twitter_creator":"@eldiario_net","twitter_site":"@eldiario_net","twitter_misc":{"Escrito por":"Jeanette","Tiempo de lectura":"3 minutos"},"schema":{"@context":"https:\/\/schema.org","@graph":[{"@type":"Article","@id":"https:\/\/www.eldiario.net\/portal\/2023\/03\/06\/la-lectura-y-la-escritura-en-primero-de-primaria\/#article","isPartOf":{"@id":"https:\/\/www.eldiario.net\/portal\/2023\/03\/06\/la-lectura-y-la-escritura-en-primero-de-primaria\/"},"author":{"name":"Jeanette","@id":"https:\/\/www.eldiario.net\/portal\/#\/schema\/person\/f46445640444750d7d753ccd04ae01b7"},"headline":"La lectura y la escritura en primero de primaria","datePublished":"2023-03-06T10:48:35+00:00","mainEntityOfPage":{"@id":"https:\/\/www.eldiario.net\/portal\/2023\/03\/06\/la-lectura-y-la-escritura-en-primero-de-primaria\/"},"wordCount":556,"publisher":{"@id":"https:\/\/www.eldiario.net\/portal\/#organization"},"articleSection":["Opini\u00f3n"],"inLanguage":"es"},{"@type":"WebPage","@id":"https:\/\/www.eldiario.net\/portal\/2023\/03\/06\/la-lectura-y-la-escritura-en-primero-de-primaria\/","url":"https:\/\/www.eldiario.net\/portal\/2023\/03\/06\/la-lectura-y-la-escritura-en-primero-de-primaria\/","name":"La lectura y la escritura en primero de primaria - El Diario - Bolivia","isPartOf":{"@id":"https:\/\/www.eldiario.net\/portal\/#website"},"datePublished":"2023-03-06T10:48:35+00:00","breadcrumb":{"@id":"https:\/\/www.eldiario.net\/portal\/2023\/03\/06\/la-lectura-y-la-escritura-en-primero-de-primaria\/#breadcrumb"},"inLanguage":"es","potentialAction":[{"@type":"ReadAction","target":["https:\/\/www.eldiario.net\/portal\/2023\/03\/06\/la-lectura-y-la-escritura-en-primero-de-primaria\/"]}]},{"@type":"BreadcrumbList","@id":"https:\/\/www.eldiario.net\/portal\/2023\/03\/06\/la-lectura-y-la-escritura-en-primero-de-primaria\/#breadcrumb","itemListElement":[{"@type":"ListItem","position":1,"name":"Portada","item":"https:\/\/www.eldiario.net\/portal\/"},{"@type":"ListItem","position":2,"name":"La lectura y la escritura en primero de primaria"}]},{"@type":"WebSite","@id":"https:\/\/www.eldiario.net\/portal\/#website","url":"https:\/\/www.eldiario.net\/portal\/","name":"El Diario - Decano de la prensa nacional","description":"El Diario - Decano de la prensa nacional","publisher":{"@id":"https:\/\/www.eldiario.net\/portal\/#organization"},"potentialAction":[{"@type":"SearchAction","target":{"@type":"EntryPoint","urlTemplate":"https:\/\/www.eldiario.net\/portal\/?s={search_term_string}"},"query-input":{"@type":"PropertyValueSpecification","valueRequired":true,"valueName":"search_term_string"}}],"inLanguage":"es"},{"@type":"Organization","@id":"https:\/\/www.eldiario.net\/portal\/#organization","name":"El Diario - Decano de la prensa nacional","url":"https:\/\/www.eldiario.net\/portal\/","logo":{"@type":"ImageObject","inLanguage":"es","@id":"https:\/\/www.eldiario.net\/portal\/#\/schema\/logo\/image\/","url":"https:\/\/www.eldiario.net\/portal\/wp-content\/uploads\/2023\/07\/logo_ED.jpg","contentUrl":"https:\/\/www.eldiario.net\/portal\/wp-content\/uploads\/2023\/07\/logo_ED.jpg","width":272,"height":52,"caption":"El Diario - Decano de la prensa nacional"},"image":{"@id":"https:\/\/www.eldiario.net\/portal\/#\/schema\/logo\/image\/"},"sameAs":["https:\/\/www.facebook.com\/eldiario.bolivia\/","https:\/\/x.com\/eldiario_net"]},{"@type":"Person","@id":"https:\/\/www.eldiario.net\/portal\/#\/schema\/person\/f46445640444750d7d753ccd04ae01b7","name":"Jeanette","image":{"@type":"ImageObject","inLanguage":"es","@id":"https:\/\/secure.gravatar.com\/avatar\/3ea2118a5f7dad2b7138b1187a6b7ee55f160b9968b66013c3a3ef39dd7e5798?s=96&d=mm&r=g","url":"https:\/\/secure.gravatar.com\/avatar\/3ea2118a5f7dad2b7138b1187a6b7ee55f160b9968b66013c3a3ef39dd7e5798?s=96&d=mm&r=g","contentUrl":"https:\/\/secure.gravatar.com\/avatar\/3ea2118a5f7dad2b7138b1187a6b7ee55f160b9968b66013c3a3ef39dd7e5798?s=96&d=mm&r=g","caption":"Jeanette"},"sameAs":["https:\/\/www.eldiario.net\/portal"],"url":"https:\/\/www.eldiario.net\/portal\/author\/jeanette\/"}]}},"_links":{"self":[{"href":"https:\/\/www.eldiario.net\/portal\/wp-json\/wp\/v2\/posts\/141592","targetHints":{"allow":["GET"]}}],"collection":[{"href":"https:\/\/www.eldiario.net\/portal\/wp-json\/wp\/v2\/posts"}],"about":[{"href":"https:\/\/www.eldiario.net\/portal\/wp-json\/wp\/v2\/types\/post"}],"author":[{"embeddable":true,"href":"https:\/\/www.eldiario.net\/portal\/wp-json\/wp\/v2\/users\/1"}],"replies":[{"embeddable":true,"href":"https:\/\/www.eldiario.net\/portal\/wp-json\/wp\/v2\/comments?post=141592"}],"version-history":[{"count":0,"href":"https:\/\/www.eldiario.net\/portal\/wp-json\/wp\/v2\/posts\/141592\/revisions"}],"wp:attachment":[{"href":"https:\/\/www.eldiario.net\/portal\/wp-json\/wp\/v2\/media?parent=141592"}],"wp:term":[{"taxonomy":"category","embeddable":true,"href":"https:\/\/www.eldiario.net\/portal\/wp-json\/wp\/v2\/categories?post=141592"},{"taxonomy":"post_tag","embeddable":true,"href":"https:\/\/www.eldiario.net\/portal\/wp-json\/wp\/v2\/tags?post=141592"}],"curies":[{"name":"wp","href":"https:\/\/api.w.org\/{rel}","templated":true}]}}