{"id":141590,"date":"2023-03-06T06:48:06","date_gmt":"2023-03-06T10:48:06","guid":{"rendered":"https:\/\/www.eldiario.net\/portal\/?p=141590"},"modified":"2023-03-06T06:48:06","modified_gmt":"2023-03-06T10:48:06","slug":"a-proposito-del-6-de-marzo","status":"publish","type":"post","link":"https:\/\/www.eldiario.net\/portal\/2023\/03\/06\/a-proposito-del-6-de-marzo\/","title":{"rendered":"A prop\u00f3sito del 6 de marzo"},"content":{"rendered":"<p>Un 6 de marzo de 1985 se conforma la Cuarta Secci\u00f3n Municipal de la Provincia Murillo del Departamento de La Paz con su capital El Alto, tres a\u00f1os m\u00e1s tarde esta capital obtiene el rango de \u201cciudad\u201d, constituy\u00e9ndose El Alto en la ciudad m\u00e1s joven de Bolivia. A pesar de esta categorizaci\u00f3n urbana, esta urbe ocupa los primeros puestos en t\u00e9rminos de precarias condiciones socioecon\u00f3micas, que se reflejan en situaciones de pobreza, desempleo, desocupaci\u00f3n, informalidad, discriminaci\u00f3n, marginalidad, violencia y postergaci\u00f3n. El resultado de esta situaci\u00f3n es, por un lado, un claro deterioro en la calidad de vida urbana, que se expresa en la proliferaci\u00f3n masiva de ciertos grupos poblacionales \u201cdesplazados\u201d que cotidianamente van ocupando diferentes espacios p\u00fablicos, como cuentapropistas, informales, vendedores ambulantes, desocupados, pordioseros, antisociales y menores callejeros y, por otro lado, un incremento de la violencia, la inseguridad ciudadana y la violaci\u00f3n de los derechos humanos.<br \/>\nEn el terreno de las estad\u00edsticas vinculadas sobre todo a la violencia e inseguridad, El Alto presenta una de las tasas m\u00e1s altas de criminalidad y de violencia intrafamiliar. Los indicadores de \u201cviolencia urbana\u201d sit\u00faan a esta urbe en un segundo lugar, despu\u00e9s de la ciudad de Santa Cruz de la Sierra y en t\u00e9rminos de \u201cviolencia intrafamiliar\u201d, la ubican en un primer puesto. Seg\u00fan estad\u00edsticas de la Fuerza Especial de Lucha Contra el Crimen (FELCC), en El Alto se registran en promedio 3.442 hechos delictivos por a\u00f1o, 287 casos son denunciados por mes y se efect\u00faan 9 cr\u00edmenes por d\u00eda. En el caso de la \u201cviolencia intrafamiliar\u201d, recientes datos estad\u00edsticos de la Secretaria Municipal de Desarrollo Humano y Social Integral, informan que cada d\u00eda en las Defensor\u00edas de la Ni\u00f1ez y Adolescencia se registran entre 20 y 30 denuncias de maltrato infantil y en los Servicios Legales Integrales Municipales entre 20 y 25 situaciones de abuso y violencia en contra de las mujeres. Esta dram\u00e1tica realidad significa que la mayor\u00eda de los ciudadanos alte\u00f1os no se siente \u201cseguro\u201d tanto fuera como dentro del hogar, pues se ha proliferado una forma de organizaci\u00f3n social y una forma de vida en la cual, lamentablemente, la violencia es un recurso permanente que se halla enraizado en las relaciones sociales e interacciones cotidianas.<br \/>\nSi bien el Gobierno Aut\u00f3nomo Municipal de El Alto y la Polic\u00eda Boliviana han desarrollado una serie de acciones conjuntas para enfrentar, prevenir y sancionar estas problem\u00e1ticas sociales, se advierten serias dificultades y limitaciones que impiden una lucha eficaz y eficiente. Son varias las estrategias de seguridad ciudadana que se han implementado y que se vienen llevando a cabo sin alcanzar a\u00fan el \u00e9xito esperado, siendo los factores precipitantes que explican este fracaso la falta de voluntad pol\u00edtica, la carencia de medios, el escaso apoyo de la ciudadan\u00eda, los insuficientes procesos de informaci\u00f3n, el cortoplacismo, el car\u00e1cter represivo y la ausencia de tareas integrales de prevenci\u00f3n del delito.<br \/>\nEn realidad, en casi en todas las zonas que conforman los 14 Distritos Municipales Alte\u00f1os prevalecen situaciones de violencia, delincuencia e inseguridad ciudadana. Sin embargo, en funci\u00f3n de cierta delimitaci\u00f3n espacial y la composici\u00f3n social y cultural de sus habitantes, existen marcadas diferencias en el panorama delictivo, los niveles de criminalidad, las situaciones de inseguridad, los mecanismos de protecci\u00f3n y la autogeneraci\u00f3n de sistemas de seguridad ciudadana.<br \/>\nLamentablemente, en particular en el tema de la violencia delictiva, ante la ausencia de resultados concretos, muchos ciudadanos se han visto obligados a desarrollar ciertos mecanismos de \u201cautogesti\u00f3n de seguridad ciudadana\u201d que transitan desde el \u201ccerco de los barrios\u201d pasando por la \u201cvigilancia vecinal\u201d y la \u201cjusticia comunitaria\u201d hasta recurrir a los servicios rentados de las \u201cempresas de seguridad privada\u201d. Estos mecanismos de \u201cautodefensa\u201d que surgen de la carencia de recursos econ\u00f3micos, materiales y humanos en los organismos estatales de seguridad p\u00fablica y la falta de credibilidad en las instancias judiciales, est\u00e1n \u201crelativamente\u201d permitiendo a los ciudadanos, por un lado, protegerse contra robos, asaltos, atracos, violaciones y asesinatos y, por otro lado, romper con la institucionalidad del Estado. Es en este sentido que, en muchos casos, estos procedimientos informales de autoprotecci\u00f3n tambi\u00e9n est\u00e1n generando mayor violencia e inseguridad, como es el caso de la quema de locales, bares, cantinas, motorizados y linchamientos o ajusticiamientos extrajudiciales en nombre de la denominada justicia comunitaria.<br \/>\nFrente a este panorama descrito, en este nuevo aniversario, resulta imprescindible que las autoridades y la sociedad alte\u00f1a reflexionen y desarrollen acciones eficientes y eficaces para revertir las actuales estigmatizaciones sociales en torno a esta joven ciudad que es considerada como una de las urbes m\u00e1s peligrosas y violentas del pa\u00eds. La soluci\u00f3n para estos males sociales, vinculados a una \u201ccultura de la violencia\u201d, debe necesariamente transversalizar acciones estatales, sociales y familiares a trav\u00e9s de la implementaci\u00f3n de mecanismos y acciones que vayan m\u00e1s all\u00e1 de la labor policial y se vinculen con la participaci\u00f3n social, el control ciudadano, el empoderamiento social y el desarrollo de una cultura del buen trato y el respeto a los valores social y culturalmente establecidos.<\/p>\n<p>El autor es docente, investigador y poblador de El Alto.<\/p>\n","protected":false},"excerpt":{"rendered":"<p>Un 6 de marzo de 1985 se conforma la Cuarta Secci\u00f3n Municipal de la Provincia Murillo del Departamento de La Paz con su capital El Alto, tres a\u00f1os m\u00e1s tarde esta capital obtiene el rango de \u201cciudad\u201d, constituy\u00e9ndose El Alto en la ciudad m\u00e1s joven de Bolivia. A pesar de esta categorizaci\u00f3n urbana, esta urbe [&hellip;]<\/p>\n","protected":false},"author":1,"featured_media":0,"comment_status":"closed","ping_status":"closed","sticky":false,"template":"","format":"standard","meta":{"_acf_changed":false,"footnotes":""},"categories":[9],"tags":[],"class_list":["post-141590","post","type-post","status-publish","format-standard","category-opinion"],"acf":{"antetitulo":""},"yoast_head":"<!-- This site is optimized with the Yoast SEO plugin v28.4 - https:\/\/yoast.com\/product\/yoast-seo-wordpress\/ -->\n<title>A prop\u00f3sito del 6 de marzo - El Diario - Bolivia<\/title>\n<meta name=\"robots\" content=\"index, follow, max-snippet:-1, max-image-preview:large, max-video-preview:-1\" \/>\n<link rel=\"canonical\" href=\"https:\/\/www.eldiario.net\/portal\/2023\/03\/06\/a-proposito-del-6-de-marzo\/\" \/>\n<meta property=\"og:locale\" content=\"es_ES\" \/>\n<meta property=\"og:type\" content=\"article\" \/>\n<meta property=\"og:title\" content=\"A prop\u00f3sito del 6 de marzo - El Diario - Bolivia\" \/>\n<meta property=\"og:description\" content=\"Un 6 de marzo de 1985 se conforma la Cuarta Secci\u00f3n Municipal de la Provincia Murillo del Departamento de La Paz con su capital El Alto, tres a\u00f1os m\u00e1s tarde esta capital obtiene el rango de \u201cciudad\u201d, constituy\u00e9ndose El Alto en la ciudad m\u00e1s joven de Bolivia. A pesar de esta categorizaci\u00f3n urbana, esta urbe [&hellip;]\" \/>\n<meta property=\"og:url\" content=\"https:\/\/www.eldiario.net\/portal\/2023\/03\/06\/a-proposito-del-6-de-marzo\/\" \/>\n<meta property=\"og:site_name\" content=\"El Diario - Bolivia\" \/>\n<meta property=\"article:publisher\" content=\"https:\/\/www.facebook.com\/eldiario.bolivia\/\" \/>\n<meta property=\"article:published_time\" content=\"2023-03-06T10:48:06+00:00\" \/>\n<meta name=\"author\" content=\"Jeanette\" \/>\n<meta name=\"twitter:card\" content=\"summary_large_image\" \/>\n<meta name=\"twitter:creator\" content=\"@eldiario_net\" \/>\n<meta name=\"twitter:site\" content=\"@eldiario_net\" \/>\n<meta name=\"twitter:label1\" content=\"Escrito por\" \/>\n\t<meta name=\"twitter:data1\" content=\"Jeanette\" \/>\n\t<meta name=\"twitter:label2\" content=\"Tiempo de lectura\" \/>\n\t<meta name=\"twitter:data2\" content=\"4 minutos\" \/>\n<script type=\"application\/ld+json\" class=\"yoast-schema-graph\">{\"@context\":\"https:\\\/\\\/schema.org\",\"@graph\":[{\"@type\":\"Article\",\"@id\":\"https:\\\/\\\/www.eldiario.net\\\/portal\\\/2023\\\/03\\\/06\\\/a-proposito-del-6-de-marzo\\\/#article\",\"isPartOf\":{\"@id\":\"https:\\\/\\\/www.eldiario.net\\\/portal\\\/2023\\\/03\\\/06\\\/a-proposito-del-6-de-marzo\\\/\"},\"author\":{\"name\":\"Jeanette\",\"@id\":\"https:\\\/\\\/www.eldiario.net\\\/portal\\\/#\\\/schema\\\/person\\\/f46445640444750d7d753ccd04ae01b7\"},\"headline\":\"A prop\u00f3sito del 6 de marzo\",\"datePublished\":\"2023-03-06T10:48:06+00:00\",\"mainEntityOfPage\":{\"@id\":\"https:\\\/\\\/www.eldiario.net\\\/portal\\\/2023\\\/03\\\/06\\\/a-proposito-del-6-de-marzo\\\/\"},\"wordCount\":895,\"publisher\":{\"@id\":\"https:\\\/\\\/www.eldiario.net\\\/portal\\\/#organization\"},\"articleSection\":[\"Opini\u00f3n\"],\"inLanguage\":\"es\"},{\"@type\":\"WebPage\",\"@id\":\"https:\\\/\\\/www.eldiario.net\\\/portal\\\/2023\\\/03\\\/06\\\/a-proposito-del-6-de-marzo\\\/\",\"url\":\"https:\\\/\\\/www.eldiario.net\\\/portal\\\/2023\\\/03\\\/06\\\/a-proposito-del-6-de-marzo\\\/\",\"name\":\"A prop\u00f3sito del 6 de marzo - El Diario - Bolivia\",\"isPartOf\":{\"@id\":\"https:\\\/\\\/www.eldiario.net\\\/portal\\\/#website\"},\"datePublished\":\"2023-03-06T10:48:06+00:00\",\"breadcrumb\":{\"@id\":\"https:\\\/\\\/www.eldiario.net\\\/portal\\\/2023\\\/03\\\/06\\\/a-proposito-del-6-de-marzo\\\/#breadcrumb\"},\"inLanguage\":\"es\",\"potentialAction\":[{\"@type\":\"ReadAction\",\"target\":[\"https:\\\/\\\/www.eldiario.net\\\/portal\\\/2023\\\/03\\\/06\\\/a-proposito-del-6-de-marzo\\\/\"]}]},{\"@type\":\"BreadcrumbList\",\"@id\":\"https:\\\/\\\/www.eldiario.net\\\/portal\\\/2023\\\/03\\\/06\\\/a-proposito-del-6-de-marzo\\\/#breadcrumb\",\"itemListElement\":[{\"@type\":\"ListItem\",\"position\":1,\"name\":\"Portada\",\"item\":\"https:\\\/\\\/www.eldiario.net\\\/portal\\\/\"},{\"@type\":\"ListItem\",\"position\":2,\"name\":\"A prop\u00f3sito del 6 de marzo\"}]},{\"@type\":\"WebSite\",\"@id\":\"https:\\\/\\\/www.eldiario.net\\\/portal\\\/#website\",\"url\":\"https:\\\/\\\/www.eldiario.net\\\/portal\\\/\",\"name\":\"El Diario - Decano de la prensa nacional\",\"description\":\"El Diario - Decano de la prensa nacional\",\"publisher\":{\"@id\":\"https:\\\/\\\/www.eldiario.net\\\/portal\\\/#organization\"},\"potentialAction\":[{\"@type\":\"SearchAction\",\"target\":{\"@type\":\"EntryPoint\",\"urlTemplate\":\"https:\\\/\\\/www.eldiario.net\\\/portal\\\/?s={search_term_string}\"},\"query-input\":{\"@type\":\"PropertyValueSpecification\",\"valueRequired\":true,\"valueName\":\"search_term_string\"}}],\"inLanguage\":\"es\"},{\"@type\":\"Organization\",\"@id\":\"https:\\\/\\\/www.eldiario.net\\\/portal\\\/#organization\",\"name\":\"El Diario - Decano de la prensa nacional\",\"url\":\"https:\\\/\\\/www.eldiario.net\\\/portal\\\/\",\"logo\":{\"@type\":\"ImageObject\",\"inLanguage\":\"es\",\"@id\":\"https:\\\/\\\/www.eldiario.net\\\/portal\\\/#\\\/schema\\\/logo\\\/image\\\/\",\"url\":\"https:\\\/\\\/www.eldiario.net\\\/portal\\\/wp-content\\\/uploads\\\/2023\\\/07\\\/logo_ED.jpg\",\"contentUrl\":\"https:\\\/\\\/www.eldiario.net\\\/portal\\\/wp-content\\\/uploads\\\/2023\\\/07\\\/logo_ED.jpg\",\"width\":272,\"height\":52,\"caption\":\"El Diario - Decano de la prensa nacional\"},\"image\":{\"@id\":\"https:\\\/\\\/www.eldiario.net\\\/portal\\\/#\\\/schema\\\/logo\\\/image\\\/\"},\"sameAs\":[\"https:\\\/\\\/www.facebook.com\\\/eldiario.bolivia\\\/\",\"https:\\\/\\\/x.com\\\/eldiario_net\"]},{\"@type\":\"Person\",\"@id\":\"https:\\\/\\\/www.eldiario.net\\\/portal\\\/#\\\/schema\\\/person\\\/f46445640444750d7d753ccd04ae01b7\",\"name\":\"Jeanette\",\"image\":{\"@type\":\"ImageObject\",\"inLanguage\":\"es\",\"@id\":\"https:\\\/\\\/secure.gravatar.com\\\/avatar\\\/3ea2118a5f7dad2b7138b1187a6b7ee55f160b9968b66013c3a3ef39dd7e5798?s=96&d=mm&r=g\",\"url\":\"https:\\\/\\\/secure.gravatar.com\\\/avatar\\\/3ea2118a5f7dad2b7138b1187a6b7ee55f160b9968b66013c3a3ef39dd7e5798?s=96&d=mm&r=g\",\"contentUrl\":\"https:\\\/\\\/secure.gravatar.com\\\/avatar\\\/3ea2118a5f7dad2b7138b1187a6b7ee55f160b9968b66013c3a3ef39dd7e5798?s=96&d=mm&r=g\",\"caption\":\"Jeanette\"},\"sameAs\":[\"https:\\\/\\\/www.eldiario.net\\\/portal\"],\"url\":\"https:\\\/\\\/www.eldiario.net\\\/portal\\\/author\\\/jeanette\\\/\"}]}<\/script>\n<!-- \/ Yoast SEO plugin. -->","yoast_head_json":{"title":"A prop\u00f3sito del 6 de marzo - El Diario - Bolivia","robots":{"index":"index","follow":"follow","max-snippet":"max-snippet:-1","max-image-preview":"max-image-preview:large","max-video-preview":"max-video-preview:-1"},"canonical":"https:\/\/www.eldiario.net\/portal\/2023\/03\/06\/a-proposito-del-6-de-marzo\/","og_locale":"es_ES","og_type":"article","og_title":"A prop\u00f3sito del 6 de marzo - El Diario - Bolivia","og_description":"Un 6 de marzo de 1985 se conforma la Cuarta Secci\u00f3n Municipal de la Provincia Murillo del Departamento de La Paz con su capital El Alto, tres a\u00f1os m\u00e1s tarde esta capital obtiene el rango de \u201cciudad\u201d, constituy\u00e9ndose El Alto en la ciudad m\u00e1s joven de Bolivia. A pesar de esta categorizaci\u00f3n urbana, esta urbe [&hellip;]","og_url":"https:\/\/www.eldiario.net\/portal\/2023\/03\/06\/a-proposito-del-6-de-marzo\/","og_site_name":"El Diario - Bolivia","article_publisher":"https:\/\/www.facebook.com\/eldiario.bolivia\/","article_published_time":"2023-03-06T10:48:06+00:00","author":"Jeanette","twitter_card":"summary_large_image","twitter_creator":"@eldiario_net","twitter_site":"@eldiario_net","twitter_misc":{"Escrito por":"Jeanette","Tiempo de lectura":"4 minutos"},"schema":{"@context":"https:\/\/schema.org","@graph":[{"@type":"Article","@id":"https:\/\/www.eldiario.net\/portal\/2023\/03\/06\/a-proposito-del-6-de-marzo\/#article","isPartOf":{"@id":"https:\/\/www.eldiario.net\/portal\/2023\/03\/06\/a-proposito-del-6-de-marzo\/"},"author":{"name":"Jeanette","@id":"https:\/\/www.eldiario.net\/portal\/#\/schema\/person\/f46445640444750d7d753ccd04ae01b7"},"headline":"A prop\u00f3sito del 6 de marzo","datePublished":"2023-03-06T10:48:06+00:00","mainEntityOfPage":{"@id":"https:\/\/www.eldiario.net\/portal\/2023\/03\/06\/a-proposito-del-6-de-marzo\/"},"wordCount":895,"publisher":{"@id":"https:\/\/www.eldiario.net\/portal\/#organization"},"articleSection":["Opini\u00f3n"],"inLanguage":"es"},{"@type":"WebPage","@id":"https:\/\/www.eldiario.net\/portal\/2023\/03\/06\/a-proposito-del-6-de-marzo\/","url":"https:\/\/www.eldiario.net\/portal\/2023\/03\/06\/a-proposito-del-6-de-marzo\/","name":"A prop\u00f3sito del 6 de marzo - El Diario - Bolivia","isPartOf":{"@id":"https:\/\/www.eldiario.net\/portal\/#website"},"datePublished":"2023-03-06T10:48:06+00:00","breadcrumb":{"@id":"https:\/\/www.eldiario.net\/portal\/2023\/03\/06\/a-proposito-del-6-de-marzo\/#breadcrumb"},"inLanguage":"es","potentialAction":[{"@type":"ReadAction","target":["https:\/\/www.eldiario.net\/portal\/2023\/03\/06\/a-proposito-del-6-de-marzo\/"]}]},{"@type":"BreadcrumbList","@id":"https:\/\/www.eldiario.net\/portal\/2023\/03\/06\/a-proposito-del-6-de-marzo\/#breadcrumb","itemListElement":[{"@type":"ListItem","position":1,"name":"Portada","item":"https:\/\/www.eldiario.net\/portal\/"},{"@type":"ListItem","position":2,"name":"A prop\u00f3sito del 6 de marzo"}]},{"@type":"WebSite","@id":"https:\/\/www.eldiario.net\/portal\/#website","url":"https:\/\/www.eldiario.net\/portal\/","name":"El Diario - Decano de la prensa nacional","description":"El Diario - Decano de la prensa nacional","publisher":{"@id":"https:\/\/www.eldiario.net\/portal\/#organization"},"potentialAction":[{"@type":"SearchAction","target":{"@type":"EntryPoint","urlTemplate":"https:\/\/www.eldiario.net\/portal\/?s={search_term_string}"},"query-input":{"@type":"PropertyValueSpecification","valueRequired":true,"valueName":"search_term_string"}}],"inLanguage":"es"},{"@type":"Organization","@id":"https:\/\/www.eldiario.net\/portal\/#organization","name":"El Diario - Decano de la prensa nacional","url":"https:\/\/www.eldiario.net\/portal\/","logo":{"@type":"ImageObject","inLanguage":"es","@id":"https:\/\/www.eldiario.net\/portal\/#\/schema\/logo\/image\/","url":"https:\/\/www.eldiario.net\/portal\/wp-content\/uploads\/2023\/07\/logo_ED.jpg","contentUrl":"https:\/\/www.eldiario.net\/portal\/wp-content\/uploads\/2023\/07\/logo_ED.jpg","width":272,"height":52,"caption":"El Diario - Decano de la prensa nacional"},"image":{"@id":"https:\/\/www.eldiario.net\/portal\/#\/schema\/logo\/image\/"},"sameAs":["https:\/\/www.facebook.com\/eldiario.bolivia\/","https:\/\/x.com\/eldiario_net"]},{"@type":"Person","@id":"https:\/\/www.eldiario.net\/portal\/#\/schema\/person\/f46445640444750d7d753ccd04ae01b7","name":"Jeanette","image":{"@type":"ImageObject","inLanguage":"es","@id":"https:\/\/secure.gravatar.com\/avatar\/3ea2118a5f7dad2b7138b1187a6b7ee55f160b9968b66013c3a3ef39dd7e5798?s=96&d=mm&r=g","url":"https:\/\/secure.gravatar.com\/avatar\/3ea2118a5f7dad2b7138b1187a6b7ee55f160b9968b66013c3a3ef39dd7e5798?s=96&d=mm&r=g","contentUrl":"https:\/\/secure.gravatar.com\/avatar\/3ea2118a5f7dad2b7138b1187a6b7ee55f160b9968b66013c3a3ef39dd7e5798?s=96&d=mm&r=g","caption":"Jeanette"},"sameAs":["https:\/\/www.eldiario.net\/portal"],"url":"https:\/\/www.eldiario.net\/portal\/author\/jeanette\/"}]}},"_links":{"self":[{"href":"https:\/\/www.eldiario.net\/portal\/wp-json\/wp\/v2\/posts\/141590","targetHints":{"allow":["GET"]}}],"collection":[{"href":"https:\/\/www.eldiario.net\/portal\/wp-json\/wp\/v2\/posts"}],"about":[{"href":"https:\/\/www.eldiario.net\/portal\/wp-json\/wp\/v2\/types\/post"}],"author":[{"embeddable":true,"href":"https:\/\/www.eldiario.net\/portal\/wp-json\/wp\/v2\/users\/1"}],"replies":[{"embeddable":true,"href":"https:\/\/www.eldiario.net\/portal\/wp-json\/wp\/v2\/comments?post=141590"}],"version-history":[{"count":0,"href":"https:\/\/www.eldiario.net\/portal\/wp-json\/wp\/v2\/posts\/141590\/revisions"}],"wp:attachment":[{"href":"https:\/\/www.eldiario.net\/portal\/wp-json\/wp\/v2\/media?parent=141590"}],"wp:term":[{"taxonomy":"category","embeddable":true,"href":"https:\/\/www.eldiario.net\/portal\/wp-json\/wp\/v2\/categories?post=141590"},{"taxonomy":"post_tag","embeddable":true,"href":"https:\/\/www.eldiario.net\/portal\/wp-json\/wp\/v2\/tags?post=141590"}],"curies":[{"name":"wp","href":"https:\/\/api.w.org\/{rel}","templated":true}]}}