{"id":141588,"date":"2023-03-06T06:47:39","date_gmt":"2023-03-06T10:47:39","guid":{"rendered":"https:\/\/www.eldiario.net\/portal\/?p=141588"},"modified":"2023-03-06T06:47:39","modified_gmt":"2023-03-06T10:47:39","slug":"ley-del-oro-y-el-debilitamiento-de-las-reservas-internacionales","status":"publish","type":"post","link":"https:\/\/www.eldiario.net\/portal\/2023\/03\/06\/ley-del-oro-y-el-debilitamiento-de-las-reservas-internacionales\/","title":{"rendered":"Ley del oro y el debilitamiento de las reservas internacionales"},"content":{"rendered":"<p>El Gobierno busca con ah\u00ednco que la Asamblea Legislativa de Bolivia apruebe un proyecto de ley para la compra y venta de oro de las reservas internacionales (\u201cLey del oro\u201d). Como se ver\u00e1 m\u00e1s abajo, por un lado, en el pa\u00eds existen actualmente leyes que permiten al Banco Central comprar oro de los mercados financieros internacionales y de los productores nacionales. Por otro lado, dada la intensa ca\u00edda de las reservas en divisas, se deduce que el objetivo del Gobierno, que subyace al proyecto de ley, es la venta de oro f\u00edsico, que conlleve la captaci\u00f3n de d\u00f3lares, para aumentar la liquidez en moneda extranjera, que cubran tanto la demanda derivada de la importaci\u00f3n, como el pago del servicio de la deuda externa.<br \/>\nLa Ley 1670 de 31\/10\/1995 y la Ley 175 de 11\/10\/2011, permiten al Banco Central de Bolivia (BCB) comprar oro de los mercados financieros (Ley 1670) y de las cooperativas y empresas mineras estatales (Ley 175). El Proyecto de Ley 219-22\/23 (\u201cLey del oro\u201d) busca que el BCB tambi\u00e9n pueda colocar y vender oro en los mercados internacionales, a trav\u00e9s de operaciones como inversi\u00f3n, dep\u00f3sitos en custodia, conversi\u00f3n en divisas e instrumentos de cobertura. Asimismo, pretende dar al Banco Central mayor discrecionalidad en sus decisiones de compra y venta de oro, y que \u00e9stas sean de directo dominio y decisi\u00f3n de su directorio, sin la obligatoriedad del seguimiento y aprobaci\u00f3n de la Asamblea Legislativa.<br \/>\nDesde el a\u00f1o 2010, en el marco de las leyes vigentes, el BCB ha podido adquirir 14 toneladas de oro de los mercados financieros internacionales, en dos operaciones de 7 toneladas cada una (a\u00f1os 2010 y 2011). Adem\u00e1s, \u00e9ste habr\u00eda comprado por lo menos 250 kilos de oro de las empresas mineras nacionales, en los a\u00f1os 2012, 2013 y 2018.<br \/>\nA diciembre de 2022, seg\u00fan datos del FMI, las reservas internacionales de Bolivia definidas en oro f\u00edsico suman 42,5 toneladas, que equivalen a US$ 2.519 millones, que suponen m\u00e1s del 65% de las reservas internacionales totales. Todo el oro no se encuentra en las b\u00f3vedas del Banco Central, se localiza en cajas fuertes de bancos extranjeros; de hecho, en 2017, el expresidente del BCB, Zabalaga, indicaba que el oro se ubicaba en bancos de Inglaterra y Suiza (El Pa\u00eds, 14\/5\/2018); el actual jefe del directorio, Rojas, dice que solo hay una \u201cpeque\u00f1a parte\u201d del oro en las b\u00f3vedas del ente emisor, y el resto est\u00e1 fuera &#8211;no dice cu\u00e1nto ni d\u00f3nde&#8211; (Bolivia TV, 10\/2\/2023).<br \/>\nComo se ha visto, actualmente el pa\u00eds cuenta con leyes efectivas para la compra de oro, por lo que el Proyecto de Ley 219\/22-23 es redundante e innecesario para el fortalecimiento de las reservas internacionales. Asimismo, la escasa cantidad de divisas presentes en las reservas &#8211;US$ 372 millones a febrero de 2023 que contrastan con las que hab\u00eda en noviembre de 2014: US$ 13.586 millones&#8211; lleva a deducir que el celo del Ministerio de Econom\u00eda y BCB por aprobar su proyecto de ley, responde al inter\u00e9s de activar el mecanismo de venta de oro, que convertir\u00eda las reservas de oro en d\u00f3lares, para satisfacer la demanda de divisas de los importadores de los sectores privado y p\u00fablico, y para hacer frente al pago del servicio de deuda externa; lo cual debilitar\u00eda a\u00fan m\u00e1s las mermadas reservas.<br \/>\nComo recomendaci\u00f3n de pol\u00edtica econ\u00f3mica, para evitar el debilitamiento de las reservas internacionales, se sugiere al Gobierno: primero, que compre oro de las cooperativas y empresas mineras nacionales, en el marco de la vigente Ley 175 de 2011; segundo, que los pagos por las compras de oro se hagan preferentemente en moneda nacional; tercero, que evite vender oro, pues se prev\u00e9 que el precio del metal continuar\u00e1 en ascenso; y, cuarto, que haga gestiones para el retorno de los lingotes de oro boliviano &#8211;similares a las que hizo Alemania en 2017&#8211; que actualmente se encuentran en bancos del exterior: no se concibe que un gobierno que en teor\u00eda tiene vocaci\u00f3n soberana, permita que la riqueza nacional se encuentre lejos del territorio nacional, especialmente en este periodo de guerra e inestabilidad geopol\u00edtica mundial.<\/p>\n<p>El autor es Dr. en Econom\u00eda y profesor de Econom\u00eda aplicada.<\/p>\n","protected":false},"excerpt":{"rendered":"<p>El Gobierno busca con ah\u00ednco que la Asamblea Legislativa de Bolivia apruebe un proyecto de ley para la compra y venta de oro de las reservas internacionales (\u201cLey del oro\u201d). Como se ver\u00e1 m\u00e1s abajo, por un lado, en el pa\u00eds existen actualmente leyes que permiten al Banco Central comprar oro de los mercados financieros [&hellip;]<\/p>\n","protected":false},"author":1,"featured_media":141720,"comment_status":"closed","ping_status":"closed","sticky":false,"template":"","format":"standard","meta":{"_acf_changed":false,"footnotes":""},"categories":[9],"tags":[],"class_list":["post-141588","post","type-post","status-publish","format-standard","has-post-thumbnail","category-opinion"],"acf":{"antetitulo":""},"yoast_head":"<!-- This site is optimized with the Yoast SEO plugin v28.4 - https:\/\/yoast.com\/product\/yoast-seo-wordpress\/ -->\n<title>Ley del oro y el debilitamiento de las reservas internacionales - El Diario - Bolivia<\/title>\n<meta name=\"robots\" content=\"index, follow, max-snippet:-1, max-image-preview:large, max-video-preview:-1\" \/>\n<link rel=\"canonical\" href=\"https:\/\/www.eldiario.net\/portal\/2023\/03\/06\/ley-del-oro-y-el-debilitamiento-de-las-reservas-internacionales\/\" \/>\n<meta property=\"og:locale\" content=\"es_ES\" \/>\n<meta property=\"og:type\" content=\"article\" \/>\n<meta property=\"og:title\" content=\"Ley del oro y el debilitamiento de las reservas internacionales - El Diario - Bolivia\" \/>\n<meta property=\"og:description\" content=\"El Gobierno busca con ah\u00ednco que la Asamblea Legislativa de Bolivia apruebe un proyecto de ley para la compra y venta de oro de las reservas internacionales (\u201cLey del oro\u201d). Como se ver\u00e1 m\u00e1s abajo, por un lado, en el pa\u00eds existen actualmente leyes que permiten al Banco Central comprar oro de los mercados financieros [&hellip;]\" \/>\n<meta property=\"og:url\" content=\"https:\/\/www.eldiario.net\/portal\/2023\/03\/06\/ley-del-oro-y-el-debilitamiento-de-las-reservas-internacionales\/\" \/>\n<meta property=\"og:site_name\" content=\"El Diario - Bolivia\" \/>\n<meta property=\"article:publisher\" content=\"https:\/\/www.facebook.com\/eldiario.bolivia\/\" \/>\n<meta property=\"article:published_time\" content=\"2023-03-06T10:47:39+00:00\" \/>\n<meta property=\"og:image\" content=\"https:\/\/www.eldiario.net\/portal\/wp-content\/uploads\/2023\/03\/Fernando-E.-Torrejon-Flores.jpg\" \/>\n\t<meta property=\"og:image:width\" content=\"1\" \/>\n\t<meta property=\"og:image:height\" content=\"1\" \/>\n\t<meta property=\"og:image:type\" content=\"image\/jpeg\" \/>\n<meta name=\"author\" content=\"Jeanette\" \/>\n<meta name=\"twitter:card\" content=\"summary_large_image\" \/>\n<meta name=\"twitter:creator\" content=\"@eldiario_net\" \/>\n<meta name=\"twitter:site\" content=\"@eldiario_net\" \/>\n<meta name=\"twitter:label1\" content=\"Escrito por\" \/>\n\t<meta name=\"twitter:data1\" content=\"Jeanette\" \/>\n\t<meta name=\"twitter:label2\" content=\"Tiempo de lectura\" \/>\n\t<meta name=\"twitter:data2\" content=\"4 minutos\" \/>\n<script type=\"application\/ld+json\" class=\"yoast-schema-graph\">{\"@context\":\"https:\\\/\\\/schema.org\",\"@graph\":[{\"@type\":\"Article\",\"@id\":\"https:\\\/\\\/www.eldiario.net\\\/portal\\\/2023\\\/03\\\/06\\\/ley-del-oro-y-el-debilitamiento-de-las-reservas-internacionales\\\/#article\",\"isPartOf\":{\"@id\":\"https:\\\/\\\/www.eldiario.net\\\/portal\\\/2023\\\/03\\\/06\\\/ley-del-oro-y-el-debilitamiento-de-las-reservas-internacionales\\\/\"},\"author\":{\"name\":\"Jeanette\",\"@id\":\"https:\\\/\\\/www.eldiario.net\\\/portal\\\/#\\\/schema\\\/person\\\/f46445640444750d7d753ccd04ae01b7\"},\"headline\":\"Ley del oro y el debilitamiento de las reservas internacionales\",\"datePublished\":\"2023-03-06T10:47:39+00:00\",\"mainEntityOfPage\":{\"@id\":\"https:\\\/\\\/www.eldiario.net\\\/portal\\\/2023\\\/03\\\/06\\\/ley-del-oro-y-el-debilitamiento-de-las-reservas-internacionales\\\/\"},\"wordCount\":719,\"publisher\":{\"@id\":\"https:\\\/\\\/www.eldiario.net\\\/portal\\\/#organization\"},\"image\":{\"@id\":\"https:\\\/\\\/www.eldiario.net\\\/portal\\\/2023\\\/03\\\/06\\\/ley-del-oro-y-el-debilitamiento-de-las-reservas-internacionales\\\/#primaryimage\"},\"thumbnailUrl\":\"https:\\\/\\\/www.eldiario.net\\\/portal\\\/wp-content\\\/uploads\\\/2023\\\/03\\\/Fernando-E.-Torrejon-Flores.jpg\",\"articleSection\":[\"Opini\u00f3n\"],\"inLanguage\":\"es\"},{\"@type\":\"WebPage\",\"@id\":\"https:\\\/\\\/www.eldiario.net\\\/portal\\\/2023\\\/03\\\/06\\\/ley-del-oro-y-el-debilitamiento-de-las-reservas-internacionales\\\/\",\"url\":\"https:\\\/\\\/www.eldiario.net\\\/portal\\\/2023\\\/03\\\/06\\\/ley-del-oro-y-el-debilitamiento-de-las-reservas-internacionales\\\/\",\"name\":\"Ley del oro y el debilitamiento de las reservas internacionales - El Diario - Bolivia\",\"isPartOf\":{\"@id\":\"https:\\\/\\\/www.eldiario.net\\\/portal\\\/#website\"},\"primaryImageOfPage\":{\"@id\":\"https:\\\/\\\/www.eldiario.net\\\/portal\\\/2023\\\/03\\\/06\\\/ley-del-oro-y-el-debilitamiento-de-las-reservas-internacionales\\\/#primaryimage\"},\"image\":{\"@id\":\"https:\\\/\\\/www.eldiario.net\\\/portal\\\/2023\\\/03\\\/06\\\/ley-del-oro-y-el-debilitamiento-de-las-reservas-internacionales\\\/#primaryimage\"},\"thumbnailUrl\":\"https:\\\/\\\/www.eldiario.net\\\/portal\\\/wp-content\\\/uploads\\\/2023\\\/03\\\/Fernando-E.-Torrejon-Flores.jpg\",\"datePublished\":\"2023-03-06T10:47:39+00:00\",\"breadcrumb\":{\"@id\":\"https:\\\/\\\/www.eldiario.net\\\/portal\\\/2023\\\/03\\\/06\\\/ley-del-oro-y-el-debilitamiento-de-las-reservas-internacionales\\\/#breadcrumb\"},\"inLanguage\":\"es\",\"potentialAction\":[{\"@type\":\"ReadAction\",\"target\":[\"https:\\\/\\\/www.eldiario.net\\\/portal\\\/2023\\\/03\\\/06\\\/ley-del-oro-y-el-debilitamiento-de-las-reservas-internacionales\\\/\"]}]},{\"@type\":\"ImageObject\",\"inLanguage\":\"es\",\"@id\":\"https:\\\/\\\/www.eldiario.net\\\/portal\\\/2023\\\/03\\\/06\\\/ley-del-oro-y-el-debilitamiento-de-las-reservas-internacionales\\\/#primaryimage\",\"url\":\"https:\\\/\\\/www.eldiario.net\\\/portal\\\/wp-content\\\/uploads\\\/2023\\\/03\\\/Fernando-E.-Torrejon-Flores.jpg\",\"contentUrl\":\"https:\\\/\\\/www.eldiario.net\\\/portal\\\/wp-content\\\/uploads\\\/2023\\\/03\\\/Fernando-E.-Torrejon-Flores.jpg\"},{\"@type\":\"BreadcrumbList\",\"@id\":\"https:\\\/\\\/www.eldiario.net\\\/portal\\\/2023\\\/03\\\/06\\\/ley-del-oro-y-el-debilitamiento-de-las-reservas-internacionales\\\/#breadcrumb\",\"itemListElement\":[{\"@type\":\"ListItem\",\"position\":1,\"name\":\"Portada\",\"item\":\"https:\\\/\\\/www.eldiario.net\\\/portal\\\/\"},{\"@type\":\"ListItem\",\"position\":2,\"name\":\"Ley del oro y el debilitamiento de las reservas internacionales\"}]},{\"@type\":\"WebSite\",\"@id\":\"https:\\\/\\\/www.eldiario.net\\\/portal\\\/#website\",\"url\":\"https:\\\/\\\/www.eldiario.net\\\/portal\\\/\",\"name\":\"El Diario - Decano de la prensa nacional\",\"description\":\"El Diario - Decano de la prensa nacional\",\"publisher\":{\"@id\":\"https:\\\/\\\/www.eldiario.net\\\/portal\\\/#organization\"},\"potentialAction\":[{\"@type\":\"SearchAction\",\"target\":{\"@type\":\"EntryPoint\",\"urlTemplate\":\"https:\\\/\\\/www.eldiario.net\\\/portal\\\/?s={search_term_string}\"},\"query-input\":{\"@type\":\"PropertyValueSpecification\",\"valueRequired\":true,\"valueName\":\"search_term_string\"}}],\"inLanguage\":\"es\"},{\"@type\":\"Organization\",\"@id\":\"https:\\\/\\\/www.eldiario.net\\\/portal\\\/#organization\",\"name\":\"El Diario - Decano de la prensa nacional\",\"url\":\"https:\\\/\\\/www.eldiario.net\\\/portal\\\/\",\"logo\":{\"@type\":\"ImageObject\",\"inLanguage\":\"es\",\"@id\":\"https:\\\/\\\/www.eldiario.net\\\/portal\\\/#\\\/schema\\\/logo\\\/image\\\/\",\"url\":\"https:\\\/\\\/www.eldiario.net\\\/portal\\\/wp-content\\\/uploads\\\/2023\\\/07\\\/logo_ED.jpg\",\"contentUrl\":\"https:\\\/\\\/www.eldiario.net\\\/portal\\\/wp-content\\\/uploads\\\/2023\\\/07\\\/logo_ED.jpg\",\"width\":272,\"height\":52,\"caption\":\"El Diario - Decano de la prensa nacional\"},\"image\":{\"@id\":\"https:\\\/\\\/www.eldiario.net\\\/portal\\\/#\\\/schema\\\/logo\\\/image\\\/\"},\"sameAs\":[\"https:\\\/\\\/www.facebook.com\\\/eldiario.bolivia\\\/\",\"https:\\\/\\\/x.com\\\/eldiario_net\"]},{\"@type\":\"Person\",\"@id\":\"https:\\\/\\\/www.eldiario.net\\\/portal\\\/#\\\/schema\\\/person\\\/f46445640444750d7d753ccd04ae01b7\",\"name\":\"Jeanette\",\"image\":{\"@type\":\"ImageObject\",\"inLanguage\":\"es\",\"@id\":\"https:\\\/\\\/secure.gravatar.com\\\/avatar\\\/3ea2118a5f7dad2b7138b1187a6b7ee55f160b9968b66013c3a3ef39dd7e5798?s=96&d=mm&r=g\",\"url\":\"https:\\\/\\\/secure.gravatar.com\\\/avatar\\\/3ea2118a5f7dad2b7138b1187a6b7ee55f160b9968b66013c3a3ef39dd7e5798?s=96&d=mm&r=g\",\"contentUrl\":\"https:\\\/\\\/secure.gravatar.com\\\/avatar\\\/3ea2118a5f7dad2b7138b1187a6b7ee55f160b9968b66013c3a3ef39dd7e5798?s=96&d=mm&r=g\",\"caption\":\"Jeanette\"},\"sameAs\":[\"https:\\\/\\\/www.eldiario.net\\\/portal\"],\"url\":\"https:\\\/\\\/www.eldiario.net\\\/portal\\\/author\\\/jeanette\\\/\"}]}<\/script>\n<!-- \/ Yoast SEO plugin. -->","yoast_head_json":{"title":"Ley del oro y el debilitamiento de las reservas internacionales - El Diario - Bolivia","robots":{"index":"index","follow":"follow","max-snippet":"max-snippet:-1","max-image-preview":"max-image-preview:large","max-video-preview":"max-video-preview:-1"},"canonical":"https:\/\/www.eldiario.net\/portal\/2023\/03\/06\/ley-del-oro-y-el-debilitamiento-de-las-reservas-internacionales\/","og_locale":"es_ES","og_type":"article","og_title":"Ley del oro y el debilitamiento de las reservas internacionales - El Diario - Bolivia","og_description":"El Gobierno busca con ah\u00ednco que la Asamblea Legislativa de Bolivia apruebe un proyecto de ley para la compra y venta de oro de las reservas internacionales (\u201cLey del oro\u201d). Como se ver\u00e1 m\u00e1s abajo, por un lado, en el pa\u00eds existen actualmente leyes que permiten al Banco Central comprar oro de los mercados financieros [&hellip;]","og_url":"https:\/\/www.eldiario.net\/portal\/2023\/03\/06\/ley-del-oro-y-el-debilitamiento-de-las-reservas-internacionales\/","og_site_name":"El Diario - Bolivia","article_publisher":"https:\/\/www.facebook.com\/eldiario.bolivia\/","article_published_time":"2023-03-06T10:47:39+00:00","og_image":[{"url":"https:\/\/www.eldiario.net\/portal\/wp-content\/uploads\/2023\/03\/Fernando-E.-Torrejon-Flores.jpg","width":1,"height":1,"type":"image\/jpeg"}],"author":"Jeanette","twitter_card":"summary_large_image","twitter_creator":"@eldiario_net","twitter_site":"@eldiario_net","twitter_misc":{"Escrito por":"Jeanette","Tiempo de lectura":"4 minutos"},"schema":{"@context":"https:\/\/schema.org","@graph":[{"@type":"Article","@id":"https:\/\/www.eldiario.net\/portal\/2023\/03\/06\/ley-del-oro-y-el-debilitamiento-de-las-reservas-internacionales\/#article","isPartOf":{"@id":"https:\/\/www.eldiario.net\/portal\/2023\/03\/06\/ley-del-oro-y-el-debilitamiento-de-las-reservas-internacionales\/"},"author":{"name":"Jeanette","@id":"https:\/\/www.eldiario.net\/portal\/#\/schema\/person\/f46445640444750d7d753ccd04ae01b7"},"headline":"Ley del oro y el debilitamiento de las reservas internacionales","datePublished":"2023-03-06T10:47:39+00:00","mainEntityOfPage":{"@id":"https:\/\/www.eldiario.net\/portal\/2023\/03\/06\/ley-del-oro-y-el-debilitamiento-de-las-reservas-internacionales\/"},"wordCount":719,"publisher":{"@id":"https:\/\/www.eldiario.net\/portal\/#organization"},"image":{"@id":"https:\/\/www.eldiario.net\/portal\/2023\/03\/06\/ley-del-oro-y-el-debilitamiento-de-las-reservas-internacionales\/#primaryimage"},"thumbnailUrl":"https:\/\/www.eldiario.net\/portal\/wp-content\/uploads\/2023\/03\/Fernando-E.-Torrejon-Flores.jpg","articleSection":["Opini\u00f3n"],"inLanguage":"es"},{"@type":"WebPage","@id":"https:\/\/www.eldiario.net\/portal\/2023\/03\/06\/ley-del-oro-y-el-debilitamiento-de-las-reservas-internacionales\/","url":"https:\/\/www.eldiario.net\/portal\/2023\/03\/06\/ley-del-oro-y-el-debilitamiento-de-las-reservas-internacionales\/","name":"Ley del oro y el debilitamiento de las reservas internacionales - El Diario - Bolivia","isPartOf":{"@id":"https:\/\/www.eldiario.net\/portal\/#website"},"primaryImageOfPage":{"@id":"https:\/\/www.eldiario.net\/portal\/2023\/03\/06\/ley-del-oro-y-el-debilitamiento-de-las-reservas-internacionales\/#primaryimage"},"image":{"@id":"https:\/\/www.eldiario.net\/portal\/2023\/03\/06\/ley-del-oro-y-el-debilitamiento-de-las-reservas-internacionales\/#primaryimage"},"thumbnailUrl":"https:\/\/www.eldiario.net\/portal\/wp-content\/uploads\/2023\/03\/Fernando-E.-Torrejon-Flores.jpg","datePublished":"2023-03-06T10:47:39+00:00","breadcrumb":{"@id":"https:\/\/www.eldiario.net\/portal\/2023\/03\/06\/ley-del-oro-y-el-debilitamiento-de-las-reservas-internacionales\/#breadcrumb"},"inLanguage":"es","potentialAction":[{"@type":"ReadAction","target":["https:\/\/www.eldiario.net\/portal\/2023\/03\/06\/ley-del-oro-y-el-debilitamiento-de-las-reservas-internacionales\/"]}]},{"@type":"ImageObject","inLanguage":"es","@id":"https:\/\/www.eldiario.net\/portal\/2023\/03\/06\/ley-del-oro-y-el-debilitamiento-de-las-reservas-internacionales\/#primaryimage","url":"https:\/\/www.eldiario.net\/portal\/wp-content\/uploads\/2023\/03\/Fernando-E.-Torrejon-Flores.jpg","contentUrl":"https:\/\/www.eldiario.net\/portal\/wp-content\/uploads\/2023\/03\/Fernando-E.-Torrejon-Flores.jpg"},{"@type":"BreadcrumbList","@id":"https:\/\/www.eldiario.net\/portal\/2023\/03\/06\/ley-del-oro-y-el-debilitamiento-de-las-reservas-internacionales\/#breadcrumb","itemListElement":[{"@type":"ListItem","position":1,"name":"Portada","item":"https:\/\/www.eldiario.net\/portal\/"},{"@type":"ListItem","position":2,"name":"Ley del oro y el debilitamiento de las reservas internacionales"}]},{"@type":"WebSite","@id":"https:\/\/www.eldiario.net\/portal\/#website","url":"https:\/\/www.eldiario.net\/portal\/","name":"El Diario - Decano de la prensa nacional","description":"El Diario - Decano de la prensa nacional","publisher":{"@id":"https:\/\/www.eldiario.net\/portal\/#organization"},"potentialAction":[{"@type":"SearchAction","target":{"@type":"EntryPoint","urlTemplate":"https:\/\/www.eldiario.net\/portal\/?s={search_term_string}"},"query-input":{"@type":"PropertyValueSpecification","valueRequired":true,"valueName":"search_term_string"}}],"inLanguage":"es"},{"@type":"Organization","@id":"https:\/\/www.eldiario.net\/portal\/#organization","name":"El Diario - Decano de la prensa nacional","url":"https:\/\/www.eldiario.net\/portal\/","logo":{"@type":"ImageObject","inLanguage":"es","@id":"https:\/\/www.eldiario.net\/portal\/#\/schema\/logo\/image\/","url":"https:\/\/www.eldiario.net\/portal\/wp-content\/uploads\/2023\/07\/logo_ED.jpg","contentUrl":"https:\/\/www.eldiario.net\/portal\/wp-content\/uploads\/2023\/07\/logo_ED.jpg","width":272,"height":52,"caption":"El Diario - Decano de la prensa nacional"},"image":{"@id":"https:\/\/www.eldiario.net\/portal\/#\/schema\/logo\/image\/"},"sameAs":["https:\/\/www.facebook.com\/eldiario.bolivia\/","https:\/\/x.com\/eldiario_net"]},{"@type":"Person","@id":"https:\/\/www.eldiario.net\/portal\/#\/schema\/person\/f46445640444750d7d753ccd04ae01b7","name":"Jeanette","image":{"@type":"ImageObject","inLanguage":"es","@id":"https:\/\/secure.gravatar.com\/avatar\/3ea2118a5f7dad2b7138b1187a6b7ee55f160b9968b66013c3a3ef39dd7e5798?s=96&d=mm&r=g","url":"https:\/\/secure.gravatar.com\/avatar\/3ea2118a5f7dad2b7138b1187a6b7ee55f160b9968b66013c3a3ef39dd7e5798?s=96&d=mm&r=g","contentUrl":"https:\/\/secure.gravatar.com\/avatar\/3ea2118a5f7dad2b7138b1187a6b7ee55f160b9968b66013c3a3ef39dd7e5798?s=96&d=mm&r=g","caption":"Jeanette"},"sameAs":["https:\/\/www.eldiario.net\/portal"],"url":"https:\/\/www.eldiario.net\/portal\/author\/jeanette\/"}]}},"_links":{"self":[{"href":"https:\/\/www.eldiario.net\/portal\/wp-json\/wp\/v2\/posts\/141588","targetHints":{"allow":["GET"]}}],"collection":[{"href":"https:\/\/www.eldiario.net\/portal\/wp-json\/wp\/v2\/posts"}],"about":[{"href":"https:\/\/www.eldiario.net\/portal\/wp-json\/wp\/v2\/types\/post"}],"author":[{"embeddable":true,"href":"https:\/\/www.eldiario.net\/portal\/wp-json\/wp\/v2\/users\/1"}],"replies":[{"embeddable":true,"href":"https:\/\/www.eldiario.net\/portal\/wp-json\/wp\/v2\/comments?post=141588"}],"version-history":[{"count":0,"href":"https:\/\/www.eldiario.net\/portal\/wp-json\/wp\/v2\/posts\/141588\/revisions"}],"wp:featuredmedia":[{"embeddable":true,"href":"https:\/\/www.eldiario.net\/portal\/wp-json\/wp\/v2\/media\/141720"}],"wp:attachment":[{"href":"https:\/\/www.eldiario.net\/portal\/wp-json\/wp\/v2\/media?parent=141588"}],"wp:term":[{"taxonomy":"category","embeddable":true,"href":"https:\/\/www.eldiario.net\/portal\/wp-json\/wp\/v2\/categories?post=141588"},{"taxonomy":"post_tag","embeddable":true,"href":"https:\/\/www.eldiario.net\/portal\/wp-json\/wp\/v2\/tags?post=141588"}],"curies":[{"name":"wp","href":"https:\/\/api.w.org\/{rel}","templated":true}]}}