{"id":141581,"date":"2023-03-06T06:46:43","date_gmt":"2023-03-06T10:46:43","guid":{"rendered":"https:\/\/www.eldiario.net\/portal\/?p=141581"},"modified":"2023-03-06T06:46:43","modified_gmt":"2023-03-06T10:46:43","slug":"el-alto-necesita-incentivos-y-logistica-para-alcanzar-mayor-competitividad","status":"publish","type":"post","link":"https:\/\/www.eldiario.net\/portal\/2023\/03\/06\/el-alto-necesita-incentivos-y-logistica-para-alcanzar-mayor-competitividad\/","title":{"rendered":"El Alto necesita incentivos y log\u00edstica para alcanzar mayor competitividad"},"content":{"rendered":"<p>La ciudad de El Alto tiene un potencial econ\u00f3mico para atraer a industrias y nuevos emprendimientos. En ese sentido, para aprovechar sus ventajas, se debe trabajar en incentivos y log\u00edstica, que permitan convertirla en la m\u00e1s competitiva del pa\u00eds, hasta de la regi\u00f3n sudamericana, dijo a EL DIARIO la presidenta de la C\u00e1mara Departamental de Industrias de La Paz (Cadinpaz), Cynthia Aramayo.<br \/>\nLa principal ejecutiva de la industria pace\u00f1a manifest\u00f3 que el tema log\u00edstico en Bolivia en general es demasiado caro, el costo alcanza a 18%, cifra que no es aceptable, ya que el porcentaje deber\u00eda estar en 8%.<br \/>\nEl Alto tiene una posici\u00f3n privilegiada, debido a su cercan\u00eda a los puertos del pac\u00edfico, pero tambi\u00e9n Bolivia que une a las del Atl\u00e1ntico, y por ello Aramayo plantea que se debe mejorar el tema log\u00edstico.<br \/>\nEs clara al se\u00f1alar que la log\u00edstica engloba no s\u00f3lo al transporte si no tambi\u00e9n est\u00e1 la documentaci\u00f3n, es decir el proceso de tramitaci\u00f3n, as\u00ed como mejores lugares de almacenamiento de la mercader\u00eda.<br \/>\nPor ello plantea que se debe trabajar en una estrategia de log\u00edstica para Bolivia; y la posici\u00f3n de El Alto es privilegiada; el aeropuerto tiene que ser competitivo y atraer carga de todos los lugares del pa\u00eds, as\u00ed como de otras naciones de la regi\u00f3n.<br \/>\nSostiene que se deber\u00eda engranar todos los mecanismos del transporte, en el tema log\u00edstico, para que sea competitivo el comercio boliviano y la producci\u00f3n nacional.<br \/>\n\u201cNo es competitiva por lo caro\u201d, lament\u00f3 y acot\u00f3 que el tren tiene que ser un complemento, ya que este sistema de transporte tiene muchos beneficios y es econ\u00f3mico y ecol\u00f3gico, genera menos contaminaci\u00f3n y menos impacto ambiental. Los medios de transporte deben complementarse.<br \/>\nMIGRACI\u00d3N<br \/>\nLos conflictos pol\u00edticos y sociales que vivi\u00f3 el pa\u00eds, en particular en 2003 y 2019, fren\u00f3 las actividades econ\u00f3micas del departamento de La Paz, as\u00ed como de las ciudades de El Alto y La Paz, debido a los bloqueos establecidos por los protestantes.<br \/>\nEse contexto adverso provoc\u00f3 la migraci\u00f3n de industrias a otros departamentos y a pa\u00edses de la regi\u00f3n, por ello Aramayo sostiene que quieren potenciar al municipio alte\u00f1o y generar oportunidades para los emprendedores y promover el desarrollo econ\u00f3mico del municipio.<br \/>\nSe podr\u00e1 alcanzar ese objetivo a trav\u00e9s de la creaci\u00f3n de un Consejo Metropolitano, que englobe a El Alto, Laja, Achocalla, La Paz, Pucarani, Viacha y Mecapaca.<br \/>\nAsimismo, Aramayo aclar\u00f3 que la propuesta de creaci\u00f3n del Consejo de desarrollo, no s\u00f3lo apoyar\u00e1 a los municipios si no al departamento de La Paz.<br \/>\nINCENTIVOS<br \/>\nPor otro lado, la industria Irupana opera en la ciudad de El Alto m\u00e1s de 30 a\u00f1os; empero, el emprendimiento privado requiere incentivos para seguir generando fuentes de trabajo y tributos.<br \/>\nLa jefe de Licitaciones y Ventas Corporativas de Irupana Andean Organic Food S.A., Danitza Mamani, espera mayores incentivos para los emprendimientos asentados en El Alto por parte de las autoridades locales, y lamenta que no haya mucho apoyo a la producci\u00f3n, en particular a los alimentos.<br \/>\n\u201cLa formalidad de las industrias no recibe incentivo, pues deben pagar los servicios m\u00e1s caros, y no cuenta los empleos que genera el sector para la poblaci\u00f3n alte\u00f1a; y parece que el respaldo que requieren los emprendimientos est\u00e1 muy lejos\u201d, lament\u00f3.<br \/>\nA pesar de ese contexto, Mamani afirm\u00f3 que la ciudad de El Alto les ofrece una ubicaci\u00f3n estrat\u00e9gica, que favorece a las exportaciones que realiza Irupana al mercado nacional e internacional.<br \/>\nRecord\u00f3 que env\u00edan producci\u00f3n org\u00e1nica boliviana a mercados de Europa y Estados Unidos, v\u00eda mar\u00edtima, a trav\u00e9s de los puertos chilenos. Y la ubicaci\u00f3n que tiene la industria, carretera a Oruro, cercana a Senkata, les favorece.<br \/>\nLa burocracia municipal en la renovaci\u00f3n de licencias de funcionamiento en el municipio alte\u00f1a frena el desarrollo de los emprendimientos en la urbe, as\u00ed como perjudica a las industrias asentadas en la regi\u00f3n.<br \/>\n\u201cPara nosotros es un perjuicio, tardamos mucho en renovaciones de licencia de funcionamiento o todo lo que tiene que ver con tr\u00e1mites con la Alcald\u00eda\u201d, reflexion\u00f3.<br \/>\nTambi\u00e9n observ\u00f3 que se debe trabajar en la planificaci\u00f3n y en el orden, debido al crecimiento acelerado de la poblaci\u00f3n de El Alto, como dato s\u00f3lo en el n\u00famero de estudiantes alcanza a alrededor de 200 mil, mayor al municipio pace\u00f1o.<br \/>\nAdem\u00e1s, sostuvo que congestionamiento vehicular s\u00f3lo demora la actividad econ\u00f3mica de los habitantes y el transporte se vuelve ca\u00f3tico en horas picos, en la Ceja, as\u00ed como en las calles 4 y cinco, y peor cuando no hay polic\u00edas de tr\u00e1nsito.<br \/>\nIrupana para la presente gesti\u00f3n trabajar\u00e1 en ampliar su presencia en algunos departamentos y anuncia el lanzamiento de nuevos productos acorde a las necesidades del mercado nacional, con materia prima org\u00e1nica de origen yungue\u00f1o y del Chaco boliviano.<\/p>\n<div id='gallery-1' class='gallery galleryid-141581 gallery-columns-3 gallery-size-medium'><figure class='gallery-item'>\n\t\t\t<div class='gallery-icon landscape'>\n\t\t\t\t<a href='https:\/\/www.eldiario.net\/portal\/2023\/03\/06\/el-alto-necesita-incentivos-y-logistica-para-alcanzar-mayor-competitividad\/eco-502-15-cm-x-10-cm-byn\/'><img loading=\"lazy\" decoding=\"async\" width=\"300\" height=\"201\" src=\"https:\/\/www.eldiario.net\/portal\/wp-content\/uploads\/2023\/03\/Eco-502-15-cm-x-10-cm-ByN-300x201.jpg\" class=\"attachment-medium size-medium\" alt=\"\" aria-describedby=\"gallery-1-141582\" srcset=\"https:\/\/www.eldiario.net\/portal\/wp-content\/uploads\/2023\/03\/Eco-502-15-cm-x-10-cm-ByN-300x201.jpg 300w, https:\/\/www.eldiario.net\/portal\/wp-content\/uploads\/2023\/03\/Eco-502-15-cm-x-10-cm-ByN-768x515.jpg 768w, https:\/\/www.eldiario.net\/portal\/wp-content\/uploads\/2023\/03\/Eco-502-15-cm-x-10-cm-ByN-696x467.jpg 696w, https:\/\/www.eldiario.net\/portal\/wp-content\/uploads\/2023\/03\/Eco-502-15-cm-x-10-cm-ByN.jpg 965w\" sizes=\"auto, (max-width: 300px) 100vw, 300px\" \/><\/a>\n\t\t\t<\/div>\n\t\t\t\t<figcaption class='wp-caption-text gallery-caption' id='gallery-1-141582'>\n\t\t\t\tIrupana Andean Organic Food S.A es una empresa especializada en la producci\u00f3n de alimentos naturales y org\u00e1nicos.\n\t\t\t\t<\/figcaption><\/figure><figure class='gallery-item'>\n\t\t\t<div class='gallery-icon landscape'>\n\t\t\t\t<a href='https:\/\/www.eldiario.net\/portal\/2023\/03\/06\/el-alto-necesita-incentivos-y-logistica-para-alcanzar-mayor-competitividad\/eco-501-15-cm-x-10-cm-byn\/'><img loading=\"lazy\" decoding=\"async\" width=\"300\" height=\"204\" src=\"https:\/\/www.eldiario.net\/portal\/wp-content\/uploads\/2023\/03\/Eco-501-15-cm-x-10-cm-ByN-300x204.jpg\" class=\"attachment-medium size-medium\" alt=\"\" aria-describedby=\"gallery-1-141584\" srcset=\"https:\/\/www.eldiario.net\/portal\/wp-content\/uploads\/2023\/03\/Eco-501-15-cm-x-10-cm-ByN-300x204.jpg 300w, https:\/\/www.eldiario.net\/portal\/wp-content\/uploads\/2023\/03\/Eco-501-15-cm-x-10-cm-ByN-768x522.jpg 768w, https:\/\/www.eldiario.net\/portal\/wp-content\/uploads\/2023\/03\/Eco-501-15-cm-x-10-cm-ByN-696x473.jpg 696w, https:\/\/www.eldiario.net\/portal\/wp-content\/uploads\/2023\/03\/Eco-501-15-cm-x-10-cm-ByN.jpg 952w\" sizes=\"auto, (max-width: 300px) 100vw, 300px\" \/><\/a>\n\t\t\t<\/div>\n\t\t\t\t<figcaption class='wp-caption-text gallery-caption' id='gallery-1-141584'>\n\t\t\t\tIrupana Andean Organic Food S.A es una empresa especializada en la producci\u00f3n de alimentos naturales y org\u00e1nicos.\n\t\t\t\t<\/figcaption><\/figure>\n\t\t<\/div>\n\n","protected":false},"excerpt":{"rendered":"<p>La ciudad de El Alto tiene un potencial econ\u00f3mico para atraer a industrias y nuevos emprendimientos. En ese sentido, para aprovechar sus ventajas, se debe trabajar en incentivos y log\u00edstica, que permitan convertirla en la m\u00e1s competitiva del pa\u00eds, hasta de la regi\u00f3n sudamericana, dijo a EL DIARIO la presidenta de la C\u00e1mara Departamental de [&hellip;]<\/p>\n","protected":false},"author":1,"featured_media":141584,"comment_status":"closed","ping_status":"closed","sticky":false,"template":"","format":"standard","meta":{"_acf_changed":false,"footnotes":""},"categories":[7],"tags":[],"class_list":["post-141581","post","type-post","status-publish","format-standard","has-post-thumbnail","category-economia"],"acf":{"antetitulo":""},"yoast_head":"<!-- This site is optimized with the Yoast SEO plugin v28.4 - https:\/\/yoast.com\/product\/yoast-seo-wordpress\/ -->\n<title>El Alto necesita incentivos y log\u00edstica para alcanzar mayor competitividad - El Diario - Bolivia<\/title>\n<meta name=\"robots\" content=\"index, follow, max-snippet:-1, max-image-preview:large, max-video-preview:-1\" \/>\n<link rel=\"canonical\" href=\"https:\/\/www.eldiario.net\/portal\/2023\/03\/06\/el-alto-necesita-incentivos-y-logistica-para-alcanzar-mayor-competitividad\/\" \/>\n<meta property=\"og:locale\" content=\"es_ES\" \/>\n<meta property=\"og:type\" content=\"article\" \/>\n<meta property=\"og:title\" content=\"El Alto necesita incentivos y log\u00edstica para alcanzar mayor competitividad - El Diario - Bolivia\" \/>\n<meta property=\"og:description\" content=\"La ciudad de El Alto tiene un potencial econ\u00f3mico para atraer a industrias y nuevos emprendimientos. En ese sentido, para aprovechar sus ventajas, se debe trabajar en incentivos y log\u00edstica, que permitan convertirla en la m\u00e1s competitiva del pa\u00eds, hasta de la regi\u00f3n sudamericana, dijo a EL DIARIO la presidenta de la C\u00e1mara Departamental de [&hellip;]\" \/>\n<meta property=\"og:url\" content=\"https:\/\/www.eldiario.net\/portal\/2023\/03\/06\/el-alto-necesita-incentivos-y-logistica-para-alcanzar-mayor-competitividad\/\" \/>\n<meta property=\"og:site_name\" content=\"El Diario - Bolivia\" \/>\n<meta property=\"article:publisher\" content=\"https:\/\/www.facebook.com\/eldiario.bolivia\/\" \/>\n<meta property=\"article:published_time\" content=\"2023-03-06T10:46:43+00:00\" \/>\n<meta property=\"og:image\" content=\"https:\/\/www.eldiario.net\/portal\/wp-content\/uploads\/2023\/03\/Eco-501-15-cm-x-10-cm-ByN.jpg\" \/>\n\t<meta property=\"og:image:width\" content=\"952\" \/>\n\t<meta property=\"og:image:height\" content=\"647\" \/>\n\t<meta property=\"og:image:type\" content=\"image\/jpeg\" \/>\n<meta name=\"author\" content=\"Jeanette\" \/>\n<meta name=\"twitter:card\" content=\"summary_large_image\" \/>\n<meta name=\"twitter:creator\" content=\"@eldiario_net\" \/>\n<meta name=\"twitter:site\" content=\"@eldiario_net\" \/>\n<meta name=\"twitter:label1\" content=\"Escrito por\" \/>\n\t<meta name=\"twitter:data1\" content=\"Jeanette\" \/>\n\t<meta name=\"twitter:label2\" content=\"Tiempo de lectura\" \/>\n\t<meta name=\"twitter:data2\" content=\"4 minutos\" \/>\n<script type=\"application\/ld+json\" class=\"yoast-schema-graph\">{\"@context\":\"https:\\\/\\\/schema.org\",\"@graph\":[{\"@type\":\"Article\",\"@id\":\"https:\\\/\\\/www.eldiario.net\\\/portal\\\/2023\\\/03\\\/06\\\/el-alto-necesita-incentivos-y-logistica-para-alcanzar-mayor-competitividad\\\/#article\",\"isPartOf\":{\"@id\":\"https:\\\/\\\/www.eldiario.net\\\/portal\\\/2023\\\/03\\\/06\\\/el-alto-necesita-incentivos-y-logistica-para-alcanzar-mayor-competitividad\\\/\"},\"author\":{\"name\":\"Jeanette\",\"@id\":\"https:\\\/\\\/www.eldiario.net\\\/portal\\\/#\\\/schema\\\/person\\\/f46445640444750d7d753ccd04ae01b7\"},\"headline\":\"El Alto necesita incentivos y log\u00edstica para alcanzar mayor competitividad\",\"datePublished\":\"2023-03-06T10:46:43+00:00\",\"mainEntityOfPage\":{\"@id\":\"https:\\\/\\\/www.eldiario.net\\\/portal\\\/2023\\\/03\\\/06\\\/el-alto-necesita-incentivos-y-logistica-para-alcanzar-mayor-competitividad\\\/\"},\"wordCount\":872,\"publisher\":{\"@id\":\"https:\\\/\\\/www.eldiario.net\\\/portal\\\/#organization\"},\"image\":{\"@id\":\"https:\\\/\\\/www.eldiario.net\\\/portal\\\/2023\\\/03\\\/06\\\/el-alto-necesita-incentivos-y-logistica-para-alcanzar-mayor-competitividad\\\/#primaryimage\"},\"thumbnailUrl\":\"https:\\\/\\\/www.eldiario.net\\\/portal\\\/wp-content\\\/uploads\\\/2023\\\/03\\\/Eco-501-15-cm-x-10-cm-ByN.jpg\",\"articleSection\":[\"Econom\u00eda\"],\"inLanguage\":\"es\"},{\"@type\":\"WebPage\",\"@id\":\"https:\\\/\\\/www.eldiario.net\\\/portal\\\/2023\\\/03\\\/06\\\/el-alto-necesita-incentivos-y-logistica-para-alcanzar-mayor-competitividad\\\/\",\"url\":\"https:\\\/\\\/www.eldiario.net\\\/portal\\\/2023\\\/03\\\/06\\\/el-alto-necesita-incentivos-y-logistica-para-alcanzar-mayor-competitividad\\\/\",\"name\":\"El Alto necesita incentivos y log\u00edstica para alcanzar mayor competitividad - El Diario - Bolivia\",\"isPartOf\":{\"@id\":\"https:\\\/\\\/www.eldiario.net\\\/portal\\\/#website\"},\"primaryImageOfPage\":{\"@id\":\"https:\\\/\\\/www.eldiario.net\\\/portal\\\/2023\\\/03\\\/06\\\/el-alto-necesita-incentivos-y-logistica-para-alcanzar-mayor-competitividad\\\/#primaryimage\"},\"image\":{\"@id\":\"https:\\\/\\\/www.eldiario.net\\\/portal\\\/2023\\\/03\\\/06\\\/el-alto-necesita-incentivos-y-logistica-para-alcanzar-mayor-competitividad\\\/#primaryimage\"},\"thumbnailUrl\":\"https:\\\/\\\/www.eldiario.net\\\/portal\\\/wp-content\\\/uploads\\\/2023\\\/03\\\/Eco-501-15-cm-x-10-cm-ByN.jpg\",\"datePublished\":\"2023-03-06T10:46:43+00:00\",\"breadcrumb\":{\"@id\":\"https:\\\/\\\/www.eldiario.net\\\/portal\\\/2023\\\/03\\\/06\\\/el-alto-necesita-incentivos-y-logistica-para-alcanzar-mayor-competitividad\\\/#breadcrumb\"},\"inLanguage\":\"es\",\"potentialAction\":[{\"@type\":\"ReadAction\",\"target\":[\"https:\\\/\\\/www.eldiario.net\\\/portal\\\/2023\\\/03\\\/06\\\/el-alto-necesita-incentivos-y-logistica-para-alcanzar-mayor-competitividad\\\/\"]}]},{\"@type\":\"ImageObject\",\"inLanguage\":\"es\",\"@id\":\"https:\\\/\\\/www.eldiario.net\\\/portal\\\/2023\\\/03\\\/06\\\/el-alto-necesita-incentivos-y-logistica-para-alcanzar-mayor-competitividad\\\/#primaryimage\",\"url\":\"https:\\\/\\\/www.eldiario.net\\\/portal\\\/wp-content\\\/uploads\\\/2023\\\/03\\\/Eco-501-15-cm-x-10-cm-ByN.jpg\",\"contentUrl\":\"https:\\\/\\\/www.eldiario.net\\\/portal\\\/wp-content\\\/uploads\\\/2023\\\/03\\\/Eco-501-15-cm-x-10-cm-ByN.jpg\",\"width\":952,\"height\":647,\"caption\":\"Irupana Andean Organic Food S.A es una empresa especializada en la producci\u00f3n de alimentos naturales y org\u00e1nicos.\"},{\"@type\":\"BreadcrumbList\",\"@id\":\"https:\\\/\\\/www.eldiario.net\\\/portal\\\/2023\\\/03\\\/06\\\/el-alto-necesita-incentivos-y-logistica-para-alcanzar-mayor-competitividad\\\/#breadcrumb\",\"itemListElement\":[{\"@type\":\"ListItem\",\"position\":1,\"name\":\"Portada\",\"item\":\"https:\\\/\\\/www.eldiario.net\\\/portal\\\/\"},{\"@type\":\"ListItem\",\"position\":2,\"name\":\"El Alto necesita incentivos y log\u00edstica para alcanzar mayor competitividad\"}]},{\"@type\":\"WebSite\",\"@id\":\"https:\\\/\\\/www.eldiario.net\\\/portal\\\/#website\",\"url\":\"https:\\\/\\\/www.eldiario.net\\\/portal\\\/\",\"name\":\"El Diario - Decano de la prensa nacional\",\"description\":\"El Diario - Decano de la prensa nacional\",\"publisher\":{\"@id\":\"https:\\\/\\\/www.eldiario.net\\\/portal\\\/#organization\"},\"potentialAction\":[{\"@type\":\"SearchAction\",\"target\":{\"@type\":\"EntryPoint\",\"urlTemplate\":\"https:\\\/\\\/www.eldiario.net\\\/portal\\\/?s={search_term_string}\"},\"query-input\":{\"@type\":\"PropertyValueSpecification\",\"valueRequired\":true,\"valueName\":\"search_term_string\"}}],\"inLanguage\":\"es\"},{\"@type\":\"Organization\",\"@id\":\"https:\\\/\\\/www.eldiario.net\\\/portal\\\/#organization\",\"name\":\"El Diario - Decano de la prensa nacional\",\"url\":\"https:\\\/\\\/www.eldiario.net\\\/portal\\\/\",\"logo\":{\"@type\":\"ImageObject\",\"inLanguage\":\"es\",\"@id\":\"https:\\\/\\\/www.eldiario.net\\\/portal\\\/#\\\/schema\\\/logo\\\/image\\\/\",\"url\":\"https:\\\/\\\/www.eldiario.net\\\/portal\\\/wp-content\\\/uploads\\\/2023\\\/07\\\/logo_ED.jpg\",\"contentUrl\":\"https:\\\/\\\/www.eldiario.net\\\/portal\\\/wp-content\\\/uploads\\\/2023\\\/07\\\/logo_ED.jpg\",\"width\":272,\"height\":52,\"caption\":\"El Diario - Decano de la prensa nacional\"},\"image\":{\"@id\":\"https:\\\/\\\/www.eldiario.net\\\/portal\\\/#\\\/schema\\\/logo\\\/image\\\/\"},\"sameAs\":[\"https:\\\/\\\/www.facebook.com\\\/eldiario.bolivia\\\/\",\"https:\\\/\\\/x.com\\\/eldiario_net\"]},{\"@type\":\"Person\",\"@id\":\"https:\\\/\\\/www.eldiario.net\\\/portal\\\/#\\\/schema\\\/person\\\/f46445640444750d7d753ccd04ae01b7\",\"name\":\"Jeanette\",\"image\":{\"@type\":\"ImageObject\",\"inLanguage\":\"es\",\"@id\":\"https:\\\/\\\/secure.gravatar.com\\\/avatar\\\/3ea2118a5f7dad2b7138b1187a6b7ee55f160b9968b66013c3a3ef39dd7e5798?s=96&d=mm&r=g\",\"url\":\"https:\\\/\\\/secure.gravatar.com\\\/avatar\\\/3ea2118a5f7dad2b7138b1187a6b7ee55f160b9968b66013c3a3ef39dd7e5798?s=96&d=mm&r=g\",\"contentUrl\":\"https:\\\/\\\/secure.gravatar.com\\\/avatar\\\/3ea2118a5f7dad2b7138b1187a6b7ee55f160b9968b66013c3a3ef39dd7e5798?s=96&d=mm&r=g\",\"caption\":\"Jeanette\"},\"sameAs\":[\"https:\\\/\\\/www.eldiario.net\\\/portal\"],\"url\":\"https:\\\/\\\/www.eldiario.net\\\/portal\\\/author\\\/jeanette\\\/\"}]}<\/script>\n<!-- \/ Yoast SEO plugin. -->","yoast_head_json":{"title":"El Alto necesita incentivos y log\u00edstica para alcanzar mayor competitividad - El Diario - Bolivia","robots":{"index":"index","follow":"follow","max-snippet":"max-snippet:-1","max-image-preview":"max-image-preview:large","max-video-preview":"max-video-preview:-1"},"canonical":"https:\/\/www.eldiario.net\/portal\/2023\/03\/06\/el-alto-necesita-incentivos-y-logistica-para-alcanzar-mayor-competitividad\/","og_locale":"es_ES","og_type":"article","og_title":"El Alto necesita incentivos y log\u00edstica para alcanzar mayor competitividad - El Diario - Bolivia","og_description":"La ciudad de El Alto tiene un potencial econ\u00f3mico para atraer a industrias y nuevos emprendimientos. En ese sentido, para aprovechar sus ventajas, se debe trabajar en incentivos y log\u00edstica, que permitan convertirla en la m\u00e1s competitiva del pa\u00eds, hasta de la regi\u00f3n sudamericana, dijo a EL DIARIO la presidenta de la C\u00e1mara Departamental de [&hellip;]","og_url":"https:\/\/www.eldiario.net\/portal\/2023\/03\/06\/el-alto-necesita-incentivos-y-logistica-para-alcanzar-mayor-competitividad\/","og_site_name":"El Diario - Bolivia","article_publisher":"https:\/\/www.facebook.com\/eldiario.bolivia\/","article_published_time":"2023-03-06T10:46:43+00:00","og_image":[{"width":952,"height":647,"url":"https:\/\/www.eldiario.net\/portal\/wp-content\/uploads\/2023\/03\/Eco-501-15-cm-x-10-cm-ByN.jpg","type":"image\/jpeg"}],"author":"Jeanette","twitter_card":"summary_large_image","twitter_creator":"@eldiario_net","twitter_site":"@eldiario_net","twitter_misc":{"Escrito por":"Jeanette","Tiempo de lectura":"4 minutos"},"schema":{"@context":"https:\/\/schema.org","@graph":[{"@type":"Article","@id":"https:\/\/www.eldiario.net\/portal\/2023\/03\/06\/el-alto-necesita-incentivos-y-logistica-para-alcanzar-mayor-competitividad\/#article","isPartOf":{"@id":"https:\/\/www.eldiario.net\/portal\/2023\/03\/06\/el-alto-necesita-incentivos-y-logistica-para-alcanzar-mayor-competitividad\/"},"author":{"name":"Jeanette","@id":"https:\/\/www.eldiario.net\/portal\/#\/schema\/person\/f46445640444750d7d753ccd04ae01b7"},"headline":"El Alto necesita incentivos y log\u00edstica para alcanzar mayor competitividad","datePublished":"2023-03-06T10:46:43+00:00","mainEntityOfPage":{"@id":"https:\/\/www.eldiario.net\/portal\/2023\/03\/06\/el-alto-necesita-incentivos-y-logistica-para-alcanzar-mayor-competitividad\/"},"wordCount":872,"publisher":{"@id":"https:\/\/www.eldiario.net\/portal\/#organization"},"image":{"@id":"https:\/\/www.eldiario.net\/portal\/2023\/03\/06\/el-alto-necesita-incentivos-y-logistica-para-alcanzar-mayor-competitividad\/#primaryimage"},"thumbnailUrl":"https:\/\/www.eldiario.net\/portal\/wp-content\/uploads\/2023\/03\/Eco-501-15-cm-x-10-cm-ByN.jpg","articleSection":["Econom\u00eda"],"inLanguage":"es"},{"@type":"WebPage","@id":"https:\/\/www.eldiario.net\/portal\/2023\/03\/06\/el-alto-necesita-incentivos-y-logistica-para-alcanzar-mayor-competitividad\/","url":"https:\/\/www.eldiario.net\/portal\/2023\/03\/06\/el-alto-necesita-incentivos-y-logistica-para-alcanzar-mayor-competitividad\/","name":"El Alto necesita incentivos y log\u00edstica para alcanzar mayor competitividad - El Diario - Bolivia","isPartOf":{"@id":"https:\/\/www.eldiario.net\/portal\/#website"},"primaryImageOfPage":{"@id":"https:\/\/www.eldiario.net\/portal\/2023\/03\/06\/el-alto-necesita-incentivos-y-logistica-para-alcanzar-mayor-competitividad\/#primaryimage"},"image":{"@id":"https:\/\/www.eldiario.net\/portal\/2023\/03\/06\/el-alto-necesita-incentivos-y-logistica-para-alcanzar-mayor-competitividad\/#primaryimage"},"thumbnailUrl":"https:\/\/www.eldiario.net\/portal\/wp-content\/uploads\/2023\/03\/Eco-501-15-cm-x-10-cm-ByN.jpg","datePublished":"2023-03-06T10:46:43+00:00","breadcrumb":{"@id":"https:\/\/www.eldiario.net\/portal\/2023\/03\/06\/el-alto-necesita-incentivos-y-logistica-para-alcanzar-mayor-competitividad\/#breadcrumb"},"inLanguage":"es","potentialAction":[{"@type":"ReadAction","target":["https:\/\/www.eldiario.net\/portal\/2023\/03\/06\/el-alto-necesita-incentivos-y-logistica-para-alcanzar-mayor-competitividad\/"]}]},{"@type":"ImageObject","inLanguage":"es","@id":"https:\/\/www.eldiario.net\/portal\/2023\/03\/06\/el-alto-necesita-incentivos-y-logistica-para-alcanzar-mayor-competitividad\/#primaryimage","url":"https:\/\/www.eldiario.net\/portal\/wp-content\/uploads\/2023\/03\/Eco-501-15-cm-x-10-cm-ByN.jpg","contentUrl":"https:\/\/www.eldiario.net\/portal\/wp-content\/uploads\/2023\/03\/Eco-501-15-cm-x-10-cm-ByN.jpg","width":952,"height":647,"caption":"Irupana Andean Organic Food S.A es una empresa especializada en la producci\u00f3n de alimentos naturales y org\u00e1nicos."},{"@type":"BreadcrumbList","@id":"https:\/\/www.eldiario.net\/portal\/2023\/03\/06\/el-alto-necesita-incentivos-y-logistica-para-alcanzar-mayor-competitividad\/#breadcrumb","itemListElement":[{"@type":"ListItem","position":1,"name":"Portada","item":"https:\/\/www.eldiario.net\/portal\/"},{"@type":"ListItem","position":2,"name":"El Alto necesita incentivos y log\u00edstica para alcanzar mayor competitividad"}]},{"@type":"WebSite","@id":"https:\/\/www.eldiario.net\/portal\/#website","url":"https:\/\/www.eldiario.net\/portal\/","name":"El Diario - Decano de la prensa nacional","description":"El Diario - Decano de la prensa nacional","publisher":{"@id":"https:\/\/www.eldiario.net\/portal\/#organization"},"potentialAction":[{"@type":"SearchAction","target":{"@type":"EntryPoint","urlTemplate":"https:\/\/www.eldiario.net\/portal\/?s={search_term_string}"},"query-input":{"@type":"PropertyValueSpecification","valueRequired":true,"valueName":"search_term_string"}}],"inLanguage":"es"},{"@type":"Organization","@id":"https:\/\/www.eldiario.net\/portal\/#organization","name":"El Diario - Decano de la prensa nacional","url":"https:\/\/www.eldiario.net\/portal\/","logo":{"@type":"ImageObject","inLanguage":"es","@id":"https:\/\/www.eldiario.net\/portal\/#\/schema\/logo\/image\/","url":"https:\/\/www.eldiario.net\/portal\/wp-content\/uploads\/2023\/07\/logo_ED.jpg","contentUrl":"https:\/\/www.eldiario.net\/portal\/wp-content\/uploads\/2023\/07\/logo_ED.jpg","width":272,"height":52,"caption":"El Diario - Decano de la prensa nacional"},"image":{"@id":"https:\/\/www.eldiario.net\/portal\/#\/schema\/logo\/image\/"},"sameAs":["https:\/\/www.facebook.com\/eldiario.bolivia\/","https:\/\/x.com\/eldiario_net"]},{"@type":"Person","@id":"https:\/\/www.eldiario.net\/portal\/#\/schema\/person\/f46445640444750d7d753ccd04ae01b7","name":"Jeanette","image":{"@type":"ImageObject","inLanguage":"es","@id":"https:\/\/secure.gravatar.com\/avatar\/3ea2118a5f7dad2b7138b1187a6b7ee55f160b9968b66013c3a3ef39dd7e5798?s=96&d=mm&r=g","url":"https:\/\/secure.gravatar.com\/avatar\/3ea2118a5f7dad2b7138b1187a6b7ee55f160b9968b66013c3a3ef39dd7e5798?s=96&d=mm&r=g","contentUrl":"https:\/\/secure.gravatar.com\/avatar\/3ea2118a5f7dad2b7138b1187a6b7ee55f160b9968b66013c3a3ef39dd7e5798?s=96&d=mm&r=g","caption":"Jeanette"},"sameAs":["https:\/\/www.eldiario.net\/portal"],"url":"https:\/\/www.eldiario.net\/portal\/author\/jeanette\/"}]}},"_links":{"self":[{"href":"https:\/\/www.eldiario.net\/portal\/wp-json\/wp\/v2\/posts\/141581","targetHints":{"allow":["GET"]}}],"collection":[{"href":"https:\/\/www.eldiario.net\/portal\/wp-json\/wp\/v2\/posts"}],"about":[{"href":"https:\/\/www.eldiario.net\/portal\/wp-json\/wp\/v2\/types\/post"}],"author":[{"embeddable":true,"href":"https:\/\/www.eldiario.net\/portal\/wp-json\/wp\/v2\/users\/1"}],"replies":[{"embeddable":true,"href":"https:\/\/www.eldiario.net\/portal\/wp-json\/wp\/v2\/comments?post=141581"}],"version-history":[{"count":0,"href":"https:\/\/www.eldiario.net\/portal\/wp-json\/wp\/v2\/posts\/141581\/revisions"}],"wp:featuredmedia":[{"embeddable":true,"href":"https:\/\/www.eldiario.net\/portal\/wp-json\/wp\/v2\/media\/141584"}],"wp:attachment":[{"href":"https:\/\/www.eldiario.net\/portal\/wp-json\/wp\/v2\/media?parent=141581"}],"wp:term":[{"taxonomy":"category","embeddable":true,"href":"https:\/\/www.eldiario.net\/portal\/wp-json\/wp\/v2\/categories?post=141581"},{"taxonomy":"post_tag","embeddable":true,"href":"https:\/\/www.eldiario.net\/portal\/wp-json\/wp\/v2\/tags?post=141581"}],"curies":[{"name":"wp","href":"https:\/\/api.w.org\/{rel}","templated":true}]}}