{"id":141578,"date":"2023-03-06T06:44:33","date_gmt":"2023-03-06T10:44:33","guid":{"rendered":"https:\/\/www.eldiario.net\/portal\/?p=141578"},"modified":"2023-03-06T06:44:33","modified_gmt":"2023-03-06T10:44:33","slug":"advierten-riesgo-de-mas-migracion-de-la-mano-de-obra-a-otras-regiones","status":"publish","type":"post","link":"https:\/\/www.eldiario.net\/portal\/2023\/03\/06\/advierten-riesgo-de-mas-migracion-de-la-mano-de-obra-a-otras-regiones\/","title":{"rendered":"Advierten riesgo de m\u00e1s migraci\u00f3n de la mano de obra a otras regiones"},"content":{"rendered":"<p>A pesar de que la econom\u00eda potosina se basa en las regal\u00edas de la miner\u00eda y de los impuestos, el reelecto presidente de la Federaci\u00f3n de Empresarios Privados de Potos\u00ed, Sebasti\u00e1n Careaga, advirti\u00f3 el riesgo de mayor migraci\u00f3n de mano de obra a otras regiones si no se dise\u00f1an emprendimientos mixtos en todo el departamento.<br \/>\nEl ejecutivo de los empresarios potosinos sostuvo que todos saben que la econom\u00eda potosina se basa en las regal\u00edas de la miner\u00eda y de los impuestos, pero esto no es suficiente porque est\u00e1 demostrada que la migraci\u00f3n de la mano de obra calificada y no calificada se va, particularmente, al oriente boliviano.<br \/>\n\u201cEs importante que las pol\u00edticas de inversi\u00f3n tanto p\u00fablicas como privadas est\u00e9n destinadas a la creaci\u00f3n de emprendimientos que permitan diversificar la econom\u00eda y evitar esa migraci\u00f3n\u201d, manifest\u00f3 en su discurso tras su posesi\u00f3n.<br \/>\nEn ese marco, afirm\u00f3 que comenzar\u00e1 a trabajar con los municipios para diversificar la econom\u00eda del departamento de Potos\u00ed para lo cual tiene previsto realizar una caravana por el desarrollo y el emprendimiento y la feria econ\u00f3mica departamental.<br \/>\nAnunci\u00f3 que junto a su directorio visitar\u00e1 los 41 municipios del departamento para escuchar a los distintos sectores del empresariado a fin de conocer sus potencialidades y debilidades, y realizar gestiones ante las autoridades municipales, departamentales y nacionales.<br \/>\n\u201cSi no quieren (trabajar) vamos a buscar cooperaci\u00f3n internacional porque hoy es cuando debemos comenzar a trabajar para generar un verdadero desarrollo y mejorar la calidad de vida en nuestra poblaci\u00f3n\u201d, declar\u00f3 a radio L\u00edder para la red Erbol el ratificado presidente por la gesti\u00f3n 2023-2026.<br \/>\nCareaga dijo que tambi\u00e9n asume el cargo con el desaf\u00edo de buscar la unidad haciendo que las empresas asentadas en los 41 municipios sean parte activa de la instituci\u00f3n de manera que la gesti\u00f3n tenga la fortaleza institucional para buscar nuevos horizontes en bien del departamento.<\/p>\n","protected":false},"excerpt":{"rendered":"<p>A pesar de que la econom\u00eda potosina se basa en las regal\u00edas de la miner\u00eda y de los impuestos, el reelecto presidente de la Federaci\u00f3n de Empresarios Privados de Potos\u00ed, Sebasti\u00e1n Careaga, advirti\u00f3 el riesgo de mayor migraci\u00f3n de mano de obra a otras regiones si no se dise\u00f1an emprendimientos mixtos en todo el departamento. [&hellip;]<\/p>\n","protected":false},"author":1,"featured_media":141579,"comment_status":"closed","ping_status":"closed","sticky":false,"template":"","format":"standard","meta":{"_acf_changed":false,"footnotes":""},"categories":[7],"tags":[],"class_list":["post-141578","post","type-post","status-publish","format-standard","has-post-thumbnail","category-economia"],"acf":{"antetitulo":""},"yoast_head":"<!-- This site is optimized with the Yoast SEO plugin v28.4 - https:\/\/yoast.com\/product\/yoast-seo-wordpress\/ -->\n<title>Advierten riesgo de m\u00e1s migraci\u00f3n de la mano de obra a otras regiones - El Diario - Bolivia<\/title>\n<meta name=\"robots\" content=\"index, follow, max-snippet:-1, max-image-preview:large, max-video-preview:-1\" \/>\n<link rel=\"canonical\" href=\"https:\/\/www.eldiario.net\/portal\/2023\/03\/06\/advierten-riesgo-de-mas-migracion-de-la-mano-de-obra-a-otras-regiones\/\" \/>\n<meta property=\"og:locale\" content=\"es_ES\" \/>\n<meta property=\"og:type\" content=\"article\" \/>\n<meta property=\"og:title\" content=\"Advierten riesgo de m\u00e1s migraci\u00f3n de la mano de obra a otras regiones - El Diario - Bolivia\" \/>\n<meta property=\"og:description\" content=\"A pesar de que la econom\u00eda potosina se basa en las regal\u00edas de la miner\u00eda y de los impuestos, el reelecto presidente de la Federaci\u00f3n de Empresarios Privados de Potos\u00ed, Sebasti\u00e1n Careaga, advirti\u00f3 el riesgo de mayor migraci\u00f3n de mano de obra a otras regiones si no se dise\u00f1an emprendimientos mixtos en todo el departamento. [&hellip;]\" \/>\n<meta property=\"og:url\" content=\"https:\/\/www.eldiario.net\/portal\/2023\/03\/06\/advierten-riesgo-de-mas-migracion-de-la-mano-de-obra-a-otras-regiones\/\" \/>\n<meta property=\"og:site_name\" content=\"El Diario - Bolivia\" \/>\n<meta property=\"article:publisher\" content=\"https:\/\/www.facebook.com\/eldiario.bolivia\/\" \/>\n<meta property=\"article:published_time\" content=\"2023-03-06T10:44:33+00:00\" \/>\n<meta name=\"author\" content=\"Jeanette\" \/>\n<meta name=\"twitter:card\" content=\"summary_large_image\" \/>\n<meta name=\"twitter:creator\" content=\"@eldiario_net\" \/>\n<meta name=\"twitter:site\" content=\"@eldiario_net\" \/>\n<meta name=\"twitter:label1\" content=\"Escrito por\" \/>\n\t<meta name=\"twitter:data1\" content=\"Jeanette\" \/>\n\t<meta name=\"twitter:label2\" content=\"Tiempo de lectura\" \/>\n\t<meta name=\"twitter:data2\" content=\"2 minutos\" \/>\n<script type=\"application\/ld+json\" class=\"yoast-schema-graph\">{\"@context\":\"https:\\\/\\\/schema.org\",\"@graph\":[{\"@type\":\"Article\",\"@id\":\"https:\\\/\\\/www.eldiario.net\\\/portal\\\/2023\\\/03\\\/06\\\/advierten-riesgo-de-mas-migracion-de-la-mano-de-obra-a-otras-regiones\\\/#article\",\"isPartOf\":{\"@id\":\"https:\\\/\\\/www.eldiario.net\\\/portal\\\/2023\\\/03\\\/06\\\/advierten-riesgo-de-mas-migracion-de-la-mano-de-obra-a-otras-regiones\\\/\"},\"author\":{\"name\":\"Jeanette\",\"@id\":\"https:\\\/\\\/www.eldiario.net\\\/portal\\\/#\\\/schema\\\/person\\\/f46445640444750d7d753ccd04ae01b7\"},\"headline\":\"Advierten riesgo de m\u00e1s migraci\u00f3n de la mano de obra a otras regiones\",\"datePublished\":\"2023-03-06T10:44:33+00:00\",\"mainEntityOfPage\":{\"@id\":\"https:\\\/\\\/www.eldiario.net\\\/portal\\\/2023\\\/03\\\/06\\\/advierten-riesgo-de-mas-migracion-de-la-mano-de-obra-a-otras-regiones\\\/\"},\"wordCount\":351,\"publisher\":{\"@id\":\"https:\\\/\\\/www.eldiario.net\\\/portal\\\/#organization\"},\"image\":{\"@id\":\"https:\\\/\\\/www.eldiario.net\\\/portal\\\/2023\\\/03\\\/06\\\/advierten-riesgo-de-mas-migracion-de-la-mano-de-obra-a-otras-regiones\\\/#primaryimage\"},\"thumbnailUrl\":\"\",\"articleSection\":[\"Econom\u00eda\"],\"inLanguage\":\"es\"},{\"@type\":\"WebPage\",\"@id\":\"https:\\\/\\\/www.eldiario.net\\\/portal\\\/2023\\\/03\\\/06\\\/advierten-riesgo-de-mas-migracion-de-la-mano-de-obra-a-otras-regiones\\\/\",\"url\":\"https:\\\/\\\/www.eldiario.net\\\/portal\\\/2023\\\/03\\\/06\\\/advierten-riesgo-de-mas-migracion-de-la-mano-de-obra-a-otras-regiones\\\/\",\"name\":\"Advierten riesgo de m\u00e1s migraci\u00f3n de la mano de obra a otras regiones - El Diario - Bolivia\",\"isPartOf\":{\"@id\":\"https:\\\/\\\/www.eldiario.net\\\/portal\\\/#website\"},\"primaryImageOfPage\":{\"@id\":\"https:\\\/\\\/www.eldiario.net\\\/portal\\\/2023\\\/03\\\/06\\\/advierten-riesgo-de-mas-migracion-de-la-mano-de-obra-a-otras-regiones\\\/#primaryimage\"},\"image\":{\"@id\":\"https:\\\/\\\/www.eldiario.net\\\/portal\\\/2023\\\/03\\\/06\\\/advierten-riesgo-de-mas-migracion-de-la-mano-de-obra-a-otras-regiones\\\/#primaryimage\"},\"thumbnailUrl\":\"\",\"datePublished\":\"2023-03-06T10:44:33+00:00\",\"breadcrumb\":{\"@id\":\"https:\\\/\\\/www.eldiario.net\\\/portal\\\/2023\\\/03\\\/06\\\/advierten-riesgo-de-mas-migracion-de-la-mano-de-obra-a-otras-regiones\\\/#breadcrumb\"},\"inLanguage\":\"es\",\"potentialAction\":[{\"@type\":\"ReadAction\",\"target\":[\"https:\\\/\\\/www.eldiario.net\\\/portal\\\/2023\\\/03\\\/06\\\/advierten-riesgo-de-mas-migracion-de-la-mano-de-obra-a-otras-regiones\\\/\"]}]},{\"@type\":\"ImageObject\",\"inLanguage\":\"es\",\"@id\":\"https:\\\/\\\/www.eldiario.net\\\/portal\\\/2023\\\/03\\\/06\\\/advierten-riesgo-de-mas-migracion-de-la-mano-de-obra-a-otras-regiones\\\/#primaryimage\",\"url\":\"\",\"contentUrl\":\"\"},{\"@type\":\"BreadcrumbList\",\"@id\":\"https:\\\/\\\/www.eldiario.net\\\/portal\\\/2023\\\/03\\\/06\\\/advierten-riesgo-de-mas-migracion-de-la-mano-de-obra-a-otras-regiones\\\/#breadcrumb\",\"itemListElement\":[{\"@type\":\"ListItem\",\"position\":1,\"name\":\"Portada\",\"item\":\"https:\\\/\\\/www.eldiario.net\\\/portal\\\/\"},{\"@type\":\"ListItem\",\"position\":2,\"name\":\"Advierten riesgo de m\u00e1s migraci\u00f3n de la mano de obra a otras regiones\"}]},{\"@type\":\"WebSite\",\"@id\":\"https:\\\/\\\/www.eldiario.net\\\/portal\\\/#website\",\"url\":\"https:\\\/\\\/www.eldiario.net\\\/portal\\\/\",\"name\":\"El Diario - Decano de la prensa nacional\",\"description\":\"El Diario - Decano de la prensa nacional\",\"publisher\":{\"@id\":\"https:\\\/\\\/www.eldiario.net\\\/portal\\\/#organization\"},\"potentialAction\":[{\"@type\":\"SearchAction\",\"target\":{\"@type\":\"EntryPoint\",\"urlTemplate\":\"https:\\\/\\\/www.eldiario.net\\\/portal\\\/?s={search_term_string}\"},\"query-input\":{\"@type\":\"PropertyValueSpecification\",\"valueRequired\":true,\"valueName\":\"search_term_string\"}}],\"inLanguage\":\"es\"},{\"@type\":\"Organization\",\"@id\":\"https:\\\/\\\/www.eldiario.net\\\/portal\\\/#organization\",\"name\":\"El Diario - Decano de la prensa nacional\",\"url\":\"https:\\\/\\\/www.eldiario.net\\\/portal\\\/\",\"logo\":{\"@type\":\"ImageObject\",\"inLanguage\":\"es\",\"@id\":\"https:\\\/\\\/www.eldiario.net\\\/portal\\\/#\\\/schema\\\/logo\\\/image\\\/\",\"url\":\"https:\\\/\\\/www.eldiario.net\\\/portal\\\/wp-content\\\/uploads\\\/2023\\\/07\\\/logo_ED.jpg\",\"contentUrl\":\"https:\\\/\\\/www.eldiario.net\\\/portal\\\/wp-content\\\/uploads\\\/2023\\\/07\\\/logo_ED.jpg\",\"width\":272,\"height\":52,\"caption\":\"El Diario - Decano de la prensa nacional\"},\"image\":{\"@id\":\"https:\\\/\\\/www.eldiario.net\\\/portal\\\/#\\\/schema\\\/logo\\\/image\\\/\"},\"sameAs\":[\"https:\\\/\\\/www.facebook.com\\\/eldiario.bolivia\\\/\",\"https:\\\/\\\/x.com\\\/eldiario_net\"]},{\"@type\":\"Person\",\"@id\":\"https:\\\/\\\/www.eldiario.net\\\/portal\\\/#\\\/schema\\\/person\\\/f46445640444750d7d753ccd04ae01b7\",\"name\":\"Jeanette\",\"image\":{\"@type\":\"ImageObject\",\"inLanguage\":\"es\",\"@id\":\"https:\\\/\\\/secure.gravatar.com\\\/avatar\\\/3ea2118a5f7dad2b7138b1187a6b7ee55f160b9968b66013c3a3ef39dd7e5798?s=96&d=mm&r=g\",\"url\":\"https:\\\/\\\/secure.gravatar.com\\\/avatar\\\/3ea2118a5f7dad2b7138b1187a6b7ee55f160b9968b66013c3a3ef39dd7e5798?s=96&d=mm&r=g\",\"contentUrl\":\"https:\\\/\\\/secure.gravatar.com\\\/avatar\\\/3ea2118a5f7dad2b7138b1187a6b7ee55f160b9968b66013c3a3ef39dd7e5798?s=96&d=mm&r=g\",\"caption\":\"Jeanette\"},\"sameAs\":[\"https:\\\/\\\/www.eldiario.net\\\/portal\"],\"url\":\"https:\\\/\\\/www.eldiario.net\\\/portal\\\/author\\\/jeanette\\\/\"}]}<\/script>\n<!-- \/ Yoast SEO plugin. -->","yoast_head_json":{"title":"Advierten riesgo de m\u00e1s migraci\u00f3n de la mano de obra a otras regiones - El Diario - Bolivia","robots":{"index":"index","follow":"follow","max-snippet":"max-snippet:-1","max-image-preview":"max-image-preview:large","max-video-preview":"max-video-preview:-1"},"canonical":"https:\/\/www.eldiario.net\/portal\/2023\/03\/06\/advierten-riesgo-de-mas-migracion-de-la-mano-de-obra-a-otras-regiones\/","og_locale":"es_ES","og_type":"article","og_title":"Advierten riesgo de m\u00e1s migraci\u00f3n de la mano de obra a otras regiones - El Diario - Bolivia","og_description":"A pesar de que la econom\u00eda potosina se basa en las regal\u00edas de la miner\u00eda y de los impuestos, el reelecto presidente de la Federaci\u00f3n de Empresarios Privados de Potos\u00ed, Sebasti\u00e1n Careaga, advirti\u00f3 el riesgo de mayor migraci\u00f3n de mano de obra a otras regiones si no se dise\u00f1an emprendimientos mixtos en todo el departamento. [&hellip;]","og_url":"https:\/\/www.eldiario.net\/portal\/2023\/03\/06\/advierten-riesgo-de-mas-migracion-de-la-mano-de-obra-a-otras-regiones\/","og_site_name":"El Diario - Bolivia","article_publisher":"https:\/\/www.facebook.com\/eldiario.bolivia\/","article_published_time":"2023-03-06T10:44:33+00:00","author":"Jeanette","twitter_card":"summary_large_image","twitter_creator":"@eldiario_net","twitter_site":"@eldiario_net","twitter_misc":{"Escrito por":"Jeanette","Tiempo de lectura":"2 minutos"},"schema":{"@context":"https:\/\/schema.org","@graph":[{"@type":"Article","@id":"https:\/\/www.eldiario.net\/portal\/2023\/03\/06\/advierten-riesgo-de-mas-migracion-de-la-mano-de-obra-a-otras-regiones\/#article","isPartOf":{"@id":"https:\/\/www.eldiario.net\/portal\/2023\/03\/06\/advierten-riesgo-de-mas-migracion-de-la-mano-de-obra-a-otras-regiones\/"},"author":{"name":"Jeanette","@id":"https:\/\/www.eldiario.net\/portal\/#\/schema\/person\/f46445640444750d7d753ccd04ae01b7"},"headline":"Advierten riesgo de m\u00e1s migraci\u00f3n de la mano de obra a otras regiones","datePublished":"2023-03-06T10:44:33+00:00","mainEntityOfPage":{"@id":"https:\/\/www.eldiario.net\/portal\/2023\/03\/06\/advierten-riesgo-de-mas-migracion-de-la-mano-de-obra-a-otras-regiones\/"},"wordCount":351,"publisher":{"@id":"https:\/\/www.eldiario.net\/portal\/#organization"},"image":{"@id":"https:\/\/www.eldiario.net\/portal\/2023\/03\/06\/advierten-riesgo-de-mas-migracion-de-la-mano-de-obra-a-otras-regiones\/#primaryimage"},"thumbnailUrl":"","articleSection":["Econom\u00eda"],"inLanguage":"es"},{"@type":"WebPage","@id":"https:\/\/www.eldiario.net\/portal\/2023\/03\/06\/advierten-riesgo-de-mas-migracion-de-la-mano-de-obra-a-otras-regiones\/","url":"https:\/\/www.eldiario.net\/portal\/2023\/03\/06\/advierten-riesgo-de-mas-migracion-de-la-mano-de-obra-a-otras-regiones\/","name":"Advierten riesgo de m\u00e1s migraci\u00f3n de la mano de obra a otras regiones - El Diario - Bolivia","isPartOf":{"@id":"https:\/\/www.eldiario.net\/portal\/#website"},"primaryImageOfPage":{"@id":"https:\/\/www.eldiario.net\/portal\/2023\/03\/06\/advierten-riesgo-de-mas-migracion-de-la-mano-de-obra-a-otras-regiones\/#primaryimage"},"image":{"@id":"https:\/\/www.eldiario.net\/portal\/2023\/03\/06\/advierten-riesgo-de-mas-migracion-de-la-mano-de-obra-a-otras-regiones\/#primaryimage"},"thumbnailUrl":"","datePublished":"2023-03-06T10:44:33+00:00","breadcrumb":{"@id":"https:\/\/www.eldiario.net\/portal\/2023\/03\/06\/advierten-riesgo-de-mas-migracion-de-la-mano-de-obra-a-otras-regiones\/#breadcrumb"},"inLanguage":"es","potentialAction":[{"@type":"ReadAction","target":["https:\/\/www.eldiario.net\/portal\/2023\/03\/06\/advierten-riesgo-de-mas-migracion-de-la-mano-de-obra-a-otras-regiones\/"]}]},{"@type":"ImageObject","inLanguage":"es","@id":"https:\/\/www.eldiario.net\/portal\/2023\/03\/06\/advierten-riesgo-de-mas-migracion-de-la-mano-de-obra-a-otras-regiones\/#primaryimage","url":"","contentUrl":""},{"@type":"BreadcrumbList","@id":"https:\/\/www.eldiario.net\/portal\/2023\/03\/06\/advierten-riesgo-de-mas-migracion-de-la-mano-de-obra-a-otras-regiones\/#breadcrumb","itemListElement":[{"@type":"ListItem","position":1,"name":"Portada","item":"https:\/\/www.eldiario.net\/portal\/"},{"@type":"ListItem","position":2,"name":"Advierten riesgo de m\u00e1s migraci\u00f3n de la mano de obra a otras regiones"}]},{"@type":"WebSite","@id":"https:\/\/www.eldiario.net\/portal\/#website","url":"https:\/\/www.eldiario.net\/portal\/","name":"El Diario - Decano de la prensa nacional","description":"El Diario - Decano de la prensa nacional","publisher":{"@id":"https:\/\/www.eldiario.net\/portal\/#organization"},"potentialAction":[{"@type":"SearchAction","target":{"@type":"EntryPoint","urlTemplate":"https:\/\/www.eldiario.net\/portal\/?s={search_term_string}"},"query-input":{"@type":"PropertyValueSpecification","valueRequired":true,"valueName":"search_term_string"}}],"inLanguage":"es"},{"@type":"Organization","@id":"https:\/\/www.eldiario.net\/portal\/#organization","name":"El Diario - Decano de la prensa nacional","url":"https:\/\/www.eldiario.net\/portal\/","logo":{"@type":"ImageObject","inLanguage":"es","@id":"https:\/\/www.eldiario.net\/portal\/#\/schema\/logo\/image\/","url":"https:\/\/www.eldiario.net\/portal\/wp-content\/uploads\/2023\/07\/logo_ED.jpg","contentUrl":"https:\/\/www.eldiario.net\/portal\/wp-content\/uploads\/2023\/07\/logo_ED.jpg","width":272,"height":52,"caption":"El Diario - Decano de la prensa nacional"},"image":{"@id":"https:\/\/www.eldiario.net\/portal\/#\/schema\/logo\/image\/"},"sameAs":["https:\/\/www.facebook.com\/eldiario.bolivia\/","https:\/\/x.com\/eldiario_net"]},{"@type":"Person","@id":"https:\/\/www.eldiario.net\/portal\/#\/schema\/person\/f46445640444750d7d753ccd04ae01b7","name":"Jeanette","image":{"@type":"ImageObject","inLanguage":"es","@id":"https:\/\/secure.gravatar.com\/avatar\/3ea2118a5f7dad2b7138b1187a6b7ee55f160b9968b66013c3a3ef39dd7e5798?s=96&d=mm&r=g","url":"https:\/\/secure.gravatar.com\/avatar\/3ea2118a5f7dad2b7138b1187a6b7ee55f160b9968b66013c3a3ef39dd7e5798?s=96&d=mm&r=g","contentUrl":"https:\/\/secure.gravatar.com\/avatar\/3ea2118a5f7dad2b7138b1187a6b7ee55f160b9968b66013c3a3ef39dd7e5798?s=96&d=mm&r=g","caption":"Jeanette"},"sameAs":["https:\/\/www.eldiario.net\/portal"],"url":"https:\/\/www.eldiario.net\/portal\/author\/jeanette\/"}]}},"_links":{"self":[{"href":"https:\/\/www.eldiario.net\/portal\/wp-json\/wp\/v2\/posts\/141578","targetHints":{"allow":["GET"]}}],"collection":[{"href":"https:\/\/www.eldiario.net\/portal\/wp-json\/wp\/v2\/posts"}],"about":[{"href":"https:\/\/www.eldiario.net\/portal\/wp-json\/wp\/v2\/types\/post"}],"author":[{"embeddable":true,"href":"https:\/\/www.eldiario.net\/portal\/wp-json\/wp\/v2\/users\/1"}],"replies":[{"embeddable":true,"href":"https:\/\/www.eldiario.net\/portal\/wp-json\/wp\/v2\/comments?post=141578"}],"version-history":[{"count":0,"href":"https:\/\/www.eldiario.net\/portal\/wp-json\/wp\/v2\/posts\/141578\/revisions"}],"wp:attachment":[{"href":"https:\/\/www.eldiario.net\/portal\/wp-json\/wp\/v2\/media?parent=141578"}],"wp:term":[{"taxonomy":"category","embeddable":true,"href":"https:\/\/www.eldiario.net\/portal\/wp-json\/wp\/v2\/categories?post=141578"},{"taxonomy":"post_tag","embeddable":true,"href":"https:\/\/www.eldiario.net\/portal\/wp-json\/wp\/v2\/tags?post=141578"}],"curies":[{"name":"wp","href":"https:\/\/api.w.org\/{rel}","templated":true}]}}