{"id":141574,"date":"2023-03-06T06:43:08","date_gmt":"2023-03-06T10:43:08","guid":{"rendered":"https:\/\/www.eldiario.net\/portal\/?p=141574"},"modified":"2023-03-06T06:43:08","modified_gmt":"2023-03-06T10:43:08","slug":"argentina-revisara-contrato-de-exportacion-de-gas-con-bolivia","status":"publish","type":"post","link":"https:\/\/www.eldiario.net\/portal\/2023\/03\/06\/argentina-revisara-contrato-de-exportacion-de-gas-con-bolivia\/","title":{"rendered":"Argentina revisar\u00e1 contrato de  exportaci\u00f3n de gas con Bolivia"},"content":{"rendered":"<p>El embajador de Argentina en Bolivia, Ariel Basteiro, asegur\u00f3 que tras un estudio hidrocarbur\u00edfero en el campo Vaca Muerta, se concluy\u00f3 que el vecino pa\u00eds necesitar\u00e1 \u201cmenos vol\u00famenes de gas boliviano\u201d en los pr\u00f3ximos a\u00f1os y que, inclusive, estar\u00edan en capacidad de exportaci\u00f3n.<br \/>\n\u201cPor lo menos habr\u00eda autoabastecimiento generado con capacidad incluso de exportaci\u00f3n\u201d, declar\u00f3 la autoridad argentina a Unitel.<br \/>\nSin embargo, Basteiro aclar\u00f3 que los contratos y adendas de exportaci\u00f3n con el gobierno boliviano van a ser respetados hasta el 2025, a\u00f1o hasta el que fue firmado el acuerdo.<br \/>\nBasteiro espera que en 2025 exista una posibilidad de revisi\u00f3n del contrato para una \u201crenegociaci\u00f3n\u201d entre ambos estados de la regi\u00f3n.<br \/>\n\u201cEl contrato est\u00e1 vigente y tiene continuidad hasta el a\u00f1o del 2025 y despu\u00e9s habr\u00e1 posibilidades de renegociaci\u00f3n\u201d, acot\u00f3.<br \/>\nUn pr\u00e9stamo de $us 540 millones acordado entre Gobierno argentino y el Banco de Desarrollo para Am\u00e9rica Latina (CAF), tiene el objetivo de llevar gas desde el sur argentino hasta el norte, inversi\u00f3n que pretende ejecutarse en el campo Vaca Muerta.<br \/>\nEl ministro de Econom\u00eda del vecino pa\u00eds, Sergio Massa, inform\u00f3 que una vez se tenga el desembolso de estos recursos ser\u00e1n destinados para la construcci\u00f3n del Gasoducto La Carlota \u2013 T\u00edo Pujio, el Reversal del Norte y las plantas compresoras.<br \/>\n\u201cHemos cerrado junto a CAF el Plan de Obras de Gas que ser\u00e1 aprobado en el mes de marzo. Ser\u00e1n 540 millones de d\u00f3lares para construir el Gasoducto La Carlota-T\u00edo Pujio, el Reversal del Norte y las plantas compresoras\u201d, afirm\u00f3 Massa en su cuenta de twitter.<\/p>\n","protected":false},"excerpt":{"rendered":"<p>El embajador de Argentina en Bolivia, Ariel Basteiro, asegur\u00f3 que tras un estudio hidrocarbur\u00edfero en el campo Vaca Muerta, se concluy\u00f3 que el vecino pa\u00eds necesitar\u00e1 \u201cmenos vol\u00famenes de gas boliviano\u201d en los pr\u00f3ximos a\u00f1os y que, inclusive, estar\u00edan en capacidad de exportaci\u00f3n. \u201cPor lo menos habr\u00eda autoabastecimiento generado con capacidad incluso de exportaci\u00f3n\u201d, declar\u00f3 [&hellip;]<\/p>\n","protected":false},"author":1,"featured_media":0,"comment_status":"closed","ping_status":"closed","sticky":false,"template":"","format":"standard","meta":{"_acf_changed":false,"footnotes":""},"categories":[7],"tags":[],"class_list":["post-141574","post","type-post","status-publish","format-standard","category-economia"],"acf":{"antetitulo":""},"yoast_head":"<!-- This site is optimized with the Yoast SEO plugin v28.4 - https:\/\/yoast.com\/product\/yoast-seo-wordpress\/ -->\n<title>Argentina revisar\u00e1 contrato de exportaci\u00f3n de gas con Bolivia - El Diario - Bolivia<\/title>\n<meta name=\"robots\" content=\"index, follow, max-snippet:-1, max-image-preview:large, max-video-preview:-1\" \/>\n<link rel=\"canonical\" href=\"https:\/\/www.eldiario.net\/portal\/2023\/03\/06\/argentina-revisara-contrato-de-exportacion-de-gas-con-bolivia\/\" \/>\n<meta property=\"og:locale\" content=\"es_ES\" \/>\n<meta property=\"og:type\" content=\"article\" \/>\n<meta property=\"og:title\" content=\"Argentina revisar\u00e1 contrato de exportaci\u00f3n de gas con Bolivia - El Diario - Bolivia\" \/>\n<meta property=\"og:description\" content=\"El embajador de Argentina en Bolivia, Ariel Basteiro, asegur\u00f3 que tras un estudio hidrocarbur\u00edfero en el campo Vaca Muerta, se concluy\u00f3 que el vecino pa\u00eds necesitar\u00e1 \u201cmenos vol\u00famenes de gas boliviano\u201d en los pr\u00f3ximos a\u00f1os y que, inclusive, estar\u00edan en capacidad de exportaci\u00f3n. \u201cPor lo menos habr\u00eda autoabastecimiento generado con capacidad incluso de exportaci\u00f3n\u201d, declar\u00f3 [&hellip;]\" \/>\n<meta property=\"og:url\" content=\"https:\/\/www.eldiario.net\/portal\/2023\/03\/06\/argentina-revisara-contrato-de-exportacion-de-gas-con-bolivia\/\" \/>\n<meta property=\"og:site_name\" content=\"El Diario - Bolivia\" \/>\n<meta property=\"article:publisher\" content=\"https:\/\/www.facebook.com\/eldiario.bolivia\/\" \/>\n<meta property=\"article:published_time\" content=\"2023-03-06T10:43:08+00:00\" \/>\n<meta name=\"author\" content=\"Jeanette\" \/>\n<meta name=\"twitter:card\" content=\"summary_large_image\" \/>\n<meta name=\"twitter:creator\" content=\"@eldiario_net\" \/>\n<meta name=\"twitter:site\" content=\"@eldiario_net\" \/>\n<meta name=\"twitter:label1\" content=\"Escrito por\" \/>\n\t<meta name=\"twitter:data1\" content=\"Jeanette\" \/>\n<script type=\"application\/ld+json\" class=\"yoast-schema-graph\">{\"@context\":\"https:\\\/\\\/schema.org\",\"@graph\":[{\"@type\":\"Article\",\"@id\":\"https:\\\/\\\/www.eldiario.net\\\/portal\\\/2023\\\/03\\\/06\\\/argentina-revisara-contrato-de-exportacion-de-gas-con-bolivia\\\/#article\",\"isPartOf\":{\"@id\":\"https:\\\/\\\/www.eldiario.net\\\/portal\\\/2023\\\/03\\\/06\\\/argentina-revisara-contrato-de-exportacion-de-gas-con-bolivia\\\/\"},\"author\":{\"name\":\"Jeanette\",\"@id\":\"https:\\\/\\\/www.eldiario.net\\\/portal\\\/#\\\/schema\\\/person\\\/f46445640444750d7d753ccd04ae01b7\"},\"headline\":\"Argentina revisar\u00e1 contrato de exportaci\u00f3n de gas con Bolivia\",\"datePublished\":\"2023-03-06T10:43:08+00:00\",\"mainEntityOfPage\":{\"@id\":\"https:\\\/\\\/www.eldiario.net\\\/portal\\\/2023\\\/03\\\/06\\\/argentina-revisara-contrato-de-exportacion-de-gas-con-bolivia\\\/\"},\"wordCount\":289,\"publisher\":{\"@id\":\"https:\\\/\\\/www.eldiario.net\\\/portal\\\/#organization\"},\"articleSection\":[\"Econom\u00eda\"],\"inLanguage\":\"es\"},{\"@type\":\"WebPage\",\"@id\":\"https:\\\/\\\/www.eldiario.net\\\/portal\\\/2023\\\/03\\\/06\\\/argentina-revisara-contrato-de-exportacion-de-gas-con-bolivia\\\/\",\"url\":\"https:\\\/\\\/www.eldiario.net\\\/portal\\\/2023\\\/03\\\/06\\\/argentina-revisara-contrato-de-exportacion-de-gas-con-bolivia\\\/\",\"name\":\"Argentina revisar\u00e1 contrato de exportaci\u00f3n de gas con Bolivia - El Diario - Bolivia\",\"isPartOf\":{\"@id\":\"https:\\\/\\\/www.eldiario.net\\\/portal\\\/#website\"},\"datePublished\":\"2023-03-06T10:43:08+00:00\",\"breadcrumb\":{\"@id\":\"https:\\\/\\\/www.eldiario.net\\\/portal\\\/2023\\\/03\\\/06\\\/argentina-revisara-contrato-de-exportacion-de-gas-con-bolivia\\\/#breadcrumb\"},\"inLanguage\":\"es\",\"potentialAction\":[{\"@type\":\"ReadAction\",\"target\":[\"https:\\\/\\\/www.eldiario.net\\\/portal\\\/2023\\\/03\\\/06\\\/argentina-revisara-contrato-de-exportacion-de-gas-con-bolivia\\\/\"]}]},{\"@type\":\"BreadcrumbList\",\"@id\":\"https:\\\/\\\/www.eldiario.net\\\/portal\\\/2023\\\/03\\\/06\\\/argentina-revisara-contrato-de-exportacion-de-gas-con-bolivia\\\/#breadcrumb\",\"itemListElement\":[{\"@type\":\"ListItem\",\"position\":1,\"name\":\"Portada\",\"item\":\"https:\\\/\\\/www.eldiario.net\\\/portal\\\/\"},{\"@type\":\"ListItem\",\"position\":2,\"name\":\"Argentina revisar\u00e1 contrato de exportaci\u00f3n de gas con Bolivia\"}]},{\"@type\":\"WebSite\",\"@id\":\"https:\\\/\\\/www.eldiario.net\\\/portal\\\/#website\",\"url\":\"https:\\\/\\\/www.eldiario.net\\\/portal\\\/\",\"name\":\"El Diario - Decano de la prensa nacional\",\"description\":\"El Diario - Decano de la prensa nacional\",\"publisher\":{\"@id\":\"https:\\\/\\\/www.eldiario.net\\\/portal\\\/#organization\"},\"potentialAction\":[{\"@type\":\"SearchAction\",\"target\":{\"@type\":\"EntryPoint\",\"urlTemplate\":\"https:\\\/\\\/www.eldiario.net\\\/portal\\\/?s={search_term_string}\"},\"query-input\":{\"@type\":\"PropertyValueSpecification\",\"valueRequired\":true,\"valueName\":\"search_term_string\"}}],\"inLanguage\":\"es\"},{\"@type\":\"Organization\",\"@id\":\"https:\\\/\\\/www.eldiario.net\\\/portal\\\/#organization\",\"name\":\"El Diario - Decano de la prensa nacional\",\"url\":\"https:\\\/\\\/www.eldiario.net\\\/portal\\\/\",\"logo\":{\"@type\":\"ImageObject\",\"inLanguage\":\"es\",\"@id\":\"https:\\\/\\\/www.eldiario.net\\\/portal\\\/#\\\/schema\\\/logo\\\/image\\\/\",\"url\":\"https:\\\/\\\/www.eldiario.net\\\/portal\\\/wp-content\\\/uploads\\\/2023\\\/07\\\/logo_ED.jpg\",\"contentUrl\":\"https:\\\/\\\/www.eldiario.net\\\/portal\\\/wp-content\\\/uploads\\\/2023\\\/07\\\/logo_ED.jpg\",\"width\":272,\"height\":52,\"caption\":\"El Diario - Decano de la prensa nacional\"},\"image\":{\"@id\":\"https:\\\/\\\/www.eldiario.net\\\/portal\\\/#\\\/schema\\\/logo\\\/image\\\/\"},\"sameAs\":[\"https:\\\/\\\/www.facebook.com\\\/eldiario.bolivia\\\/\",\"https:\\\/\\\/x.com\\\/eldiario_net\"]},{\"@type\":\"Person\",\"@id\":\"https:\\\/\\\/www.eldiario.net\\\/portal\\\/#\\\/schema\\\/person\\\/f46445640444750d7d753ccd04ae01b7\",\"name\":\"Jeanette\",\"image\":{\"@type\":\"ImageObject\",\"inLanguage\":\"es\",\"@id\":\"https:\\\/\\\/secure.gravatar.com\\\/avatar\\\/3ea2118a5f7dad2b7138b1187a6b7ee55f160b9968b66013c3a3ef39dd7e5798?s=96&d=mm&r=g\",\"url\":\"https:\\\/\\\/secure.gravatar.com\\\/avatar\\\/3ea2118a5f7dad2b7138b1187a6b7ee55f160b9968b66013c3a3ef39dd7e5798?s=96&d=mm&r=g\",\"contentUrl\":\"https:\\\/\\\/secure.gravatar.com\\\/avatar\\\/3ea2118a5f7dad2b7138b1187a6b7ee55f160b9968b66013c3a3ef39dd7e5798?s=96&d=mm&r=g\",\"caption\":\"Jeanette\"},\"sameAs\":[\"https:\\\/\\\/www.eldiario.net\\\/portal\"],\"url\":\"https:\\\/\\\/www.eldiario.net\\\/portal\\\/author\\\/jeanette\\\/\"}]}<\/script>\n<!-- \/ Yoast SEO plugin. -->","yoast_head_json":{"title":"Argentina revisar\u00e1 contrato de exportaci\u00f3n de gas con Bolivia - El Diario - Bolivia","robots":{"index":"index","follow":"follow","max-snippet":"max-snippet:-1","max-image-preview":"max-image-preview:large","max-video-preview":"max-video-preview:-1"},"canonical":"https:\/\/www.eldiario.net\/portal\/2023\/03\/06\/argentina-revisara-contrato-de-exportacion-de-gas-con-bolivia\/","og_locale":"es_ES","og_type":"article","og_title":"Argentina revisar\u00e1 contrato de exportaci\u00f3n de gas con Bolivia - El Diario - Bolivia","og_description":"El embajador de Argentina en Bolivia, Ariel Basteiro, asegur\u00f3 que tras un estudio hidrocarbur\u00edfero en el campo Vaca Muerta, se concluy\u00f3 que el vecino pa\u00eds necesitar\u00e1 \u201cmenos vol\u00famenes de gas boliviano\u201d en los pr\u00f3ximos a\u00f1os y que, inclusive, estar\u00edan en capacidad de exportaci\u00f3n. \u201cPor lo menos habr\u00eda autoabastecimiento generado con capacidad incluso de exportaci\u00f3n\u201d, declar\u00f3 [&hellip;]","og_url":"https:\/\/www.eldiario.net\/portal\/2023\/03\/06\/argentina-revisara-contrato-de-exportacion-de-gas-con-bolivia\/","og_site_name":"El Diario - Bolivia","article_publisher":"https:\/\/www.facebook.com\/eldiario.bolivia\/","article_published_time":"2023-03-06T10:43:08+00:00","author":"Jeanette","twitter_card":"summary_large_image","twitter_creator":"@eldiario_net","twitter_site":"@eldiario_net","twitter_misc":{"Escrito por":"Jeanette"},"schema":{"@context":"https:\/\/schema.org","@graph":[{"@type":"Article","@id":"https:\/\/www.eldiario.net\/portal\/2023\/03\/06\/argentina-revisara-contrato-de-exportacion-de-gas-con-bolivia\/#article","isPartOf":{"@id":"https:\/\/www.eldiario.net\/portal\/2023\/03\/06\/argentina-revisara-contrato-de-exportacion-de-gas-con-bolivia\/"},"author":{"name":"Jeanette","@id":"https:\/\/www.eldiario.net\/portal\/#\/schema\/person\/f46445640444750d7d753ccd04ae01b7"},"headline":"Argentina revisar\u00e1 contrato de exportaci\u00f3n de gas con Bolivia","datePublished":"2023-03-06T10:43:08+00:00","mainEntityOfPage":{"@id":"https:\/\/www.eldiario.net\/portal\/2023\/03\/06\/argentina-revisara-contrato-de-exportacion-de-gas-con-bolivia\/"},"wordCount":289,"publisher":{"@id":"https:\/\/www.eldiario.net\/portal\/#organization"},"articleSection":["Econom\u00eda"],"inLanguage":"es"},{"@type":"WebPage","@id":"https:\/\/www.eldiario.net\/portal\/2023\/03\/06\/argentina-revisara-contrato-de-exportacion-de-gas-con-bolivia\/","url":"https:\/\/www.eldiario.net\/portal\/2023\/03\/06\/argentina-revisara-contrato-de-exportacion-de-gas-con-bolivia\/","name":"Argentina revisar\u00e1 contrato de exportaci\u00f3n de gas con Bolivia - El Diario - Bolivia","isPartOf":{"@id":"https:\/\/www.eldiario.net\/portal\/#website"},"datePublished":"2023-03-06T10:43:08+00:00","breadcrumb":{"@id":"https:\/\/www.eldiario.net\/portal\/2023\/03\/06\/argentina-revisara-contrato-de-exportacion-de-gas-con-bolivia\/#breadcrumb"},"inLanguage":"es","potentialAction":[{"@type":"ReadAction","target":["https:\/\/www.eldiario.net\/portal\/2023\/03\/06\/argentina-revisara-contrato-de-exportacion-de-gas-con-bolivia\/"]}]},{"@type":"BreadcrumbList","@id":"https:\/\/www.eldiario.net\/portal\/2023\/03\/06\/argentina-revisara-contrato-de-exportacion-de-gas-con-bolivia\/#breadcrumb","itemListElement":[{"@type":"ListItem","position":1,"name":"Portada","item":"https:\/\/www.eldiario.net\/portal\/"},{"@type":"ListItem","position":2,"name":"Argentina revisar\u00e1 contrato de exportaci\u00f3n de gas con Bolivia"}]},{"@type":"WebSite","@id":"https:\/\/www.eldiario.net\/portal\/#website","url":"https:\/\/www.eldiario.net\/portal\/","name":"El Diario - Decano de la prensa nacional","description":"El Diario - Decano de la prensa nacional","publisher":{"@id":"https:\/\/www.eldiario.net\/portal\/#organization"},"potentialAction":[{"@type":"SearchAction","target":{"@type":"EntryPoint","urlTemplate":"https:\/\/www.eldiario.net\/portal\/?s={search_term_string}"},"query-input":{"@type":"PropertyValueSpecification","valueRequired":true,"valueName":"search_term_string"}}],"inLanguage":"es"},{"@type":"Organization","@id":"https:\/\/www.eldiario.net\/portal\/#organization","name":"El Diario - Decano de la prensa nacional","url":"https:\/\/www.eldiario.net\/portal\/","logo":{"@type":"ImageObject","inLanguage":"es","@id":"https:\/\/www.eldiario.net\/portal\/#\/schema\/logo\/image\/","url":"https:\/\/www.eldiario.net\/portal\/wp-content\/uploads\/2023\/07\/logo_ED.jpg","contentUrl":"https:\/\/www.eldiario.net\/portal\/wp-content\/uploads\/2023\/07\/logo_ED.jpg","width":272,"height":52,"caption":"El Diario - Decano de la prensa nacional"},"image":{"@id":"https:\/\/www.eldiario.net\/portal\/#\/schema\/logo\/image\/"},"sameAs":["https:\/\/www.facebook.com\/eldiario.bolivia\/","https:\/\/x.com\/eldiario_net"]},{"@type":"Person","@id":"https:\/\/www.eldiario.net\/portal\/#\/schema\/person\/f46445640444750d7d753ccd04ae01b7","name":"Jeanette","image":{"@type":"ImageObject","inLanguage":"es","@id":"https:\/\/secure.gravatar.com\/avatar\/3ea2118a5f7dad2b7138b1187a6b7ee55f160b9968b66013c3a3ef39dd7e5798?s=96&d=mm&r=g","url":"https:\/\/secure.gravatar.com\/avatar\/3ea2118a5f7dad2b7138b1187a6b7ee55f160b9968b66013c3a3ef39dd7e5798?s=96&d=mm&r=g","contentUrl":"https:\/\/secure.gravatar.com\/avatar\/3ea2118a5f7dad2b7138b1187a6b7ee55f160b9968b66013c3a3ef39dd7e5798?s=96&d=mm&r=g","caption":"Jeanette"},"sameAs":["https:\/\/www.eldiario.net\/portal"],"url":"https:\/\/www.eldiario.net\/portal\/author\/jeanette\/"}]}},"_links":{"self":[{"href":"https:\/\/www.eldiario.net\/portal\/wp-json\/wp\/v2\/posts\/141574","targetHints":{"allow":["GET"]}}],"collection":[{"href":"https:\/\/www.eldiario.net\/portal\/wp-json\/wp\/v2\/posts"}],"about":[{"href":"https:\/\/www.eldiario.net\/portal\/wp-json\/wp\/v2\/types\/post"}],"author":[{"embeddable":true,"href":"https:\/\/www.eldiario.net\/portal\/wp-json\/wp\/v2\/users\/1"}],"replies":[{"embeddable":true,"href":"https:\/\/www.eldiario.net\/portal\/wp-json\/wp\/v2\/comments?post=141574"}],"version-history":[{"count":0,"href":"https:\/\/www.eldiario.net\/portal\/wp-json\/wp\/v2\/posts\/141574\/revisions"}],"wp:attachment":[{"href":"https:\/\/www.eldiario.net\/portal\/wp-json\/wp\/v2\/media?parent=141574"}],"wp:term":[{"taxonomy":"category","embeddable":true,"href":"https:\/\/www.eldiario.net\/portal\/wp-json\/wp\/v2\/categories?post=141574"},{"taxonomy":"post_tag","embeddable":true,"href":"https:\/\/www.eldiario.net\/portal\/wp-json\/wp\/v2\/tags?post=141574"}],"curies":[{"name":"wp","href":"https:\/\/api.w.org\/{rel}","templated":true}]}}