{"id":141569,"date":"2023-03-06T06:41:05","date_gmt":"2023-03-06T10:41:05","guid":{"rendered":"https:\/\/www.eldiario.net\/portal\/?p=141569"},"modified":"2023-03-06T06:41:05","modified_gmt":"2023-03-06T10:41:05","slug":"regimen-de-iran-reconoce-que-hubo-envenenamiento-de-ninas","status":"publish","type":"post","link":"https:\/\/www.eldiario.net\/portal\/2023\/03\/06\/regimen-de-iran-reconoce-que-hubo-envenenamiento-de-ninas\/","title":{"rendered":"R\u00e9gimen de Ir\u00e1n reconoce que  hubo envenenamiento de ni\u00f1as"},"content":{"rendered":"<p>Una crisis por envenenamientos contra escolares iran\u00edes se intensific\u00f3 ayer cuando las autoridades reconocieron que m\u00e1s de 50 escuelas fueron atacadas en una ola de posibles casos. Los hechos sembraron a\u00fan m\u00e1s el miedo entre los padres.<br \/>\nNo est\u00e1 claro qui\u00e9n o qu\u00e9 es el responsable desde que los presuntos envenenamientos comenzaron en noviembre en la ciudad sagrada chi\u00edta de Qom. Los informes ahora sugieren que las escuelas en 21 de las 30 provincias de Ir\u00e1n vieron casos sospechosos, siendo las escuelas de ni\u00f1as el sitio de casi todos los incidentes.<br \/>\nLos ataques hicieron temer que otras ni\u00f1as puedan ser envenenadas aparentemente solo por ir a la escuela.<br \/>\nEl ministro del Interior, Ahmad Vahidi, dijo sin dar m\u00e1s detalles que los investigadores hab\u00edan recuperado muestras sospechosas en el curso de sus investigaciones sobre los incidentes, seg\u00fan la agencia de noticias estatal IRNA. Llam\u00f3 a la calma entre la ciudadan\u00eda, al tiempo que acus\u00f3 al terrorismo medi\u00e1tico del enemigo de incitar m\u00e1s al p\u00e1nico por los presuntos envenenamientos.<br \/>\nVahidi dijo que al menos 52 escuelas hab\u00edan sido afectadas por presuntos envenenamientos. Los informes de los medios iran\u00edes pusieron el n\u00famero de escuelas en m\u00e1s de 60. Seg\u00fan los informes, al menos una escuela de ni\u00f1os se vio afectada.<br \/>\nLos videos de padres molestos y colegialas en las salas de emergencia con v\u00edas intravenosas en los brazos inundaron las redes sociales. Entender la crisis sigue siendo un desaf\u00edo, dado que casi 100 periodistas fueron detenidos por Ir\u00e1n desde el comienzo de las protestas en septiembre por la muerte de<br \/>\nMahsa Amini, de 22 a\u00f1os. Hab\u00eda sido detenida por la polic\u00eda moral del pa\u00eds y luego muri\u00f3.<br \/>\nLa represi\u00f3n de las fuerzas de seguridad contra esas protestas provoc\u00f3 la muerte de al menos 530 personas y la detenci\u00f3n de otras 19.700, seg\u00fan Human Rights Activists in Iran.<br \/>\nLos ataques a mujeres ocurrieron en el pasado en Ir\u00e1n, m\u00e1s recientemente con una ola de ataques con \u00e1cido en 2014 alrededor de Isfahan, en ese momento se cree que fueron llevados a cabo por intransigentes que atacaban a las mujeres por su forma de vestir.<br \/>\nLa Comisi\u00f3n de Libertad Religiosa Internacional de EE. UU. se\u00f1al\u00f3 que Ir\u00e1n continu\u00f3 tolerando ataques contra mujeres y ni\u00f1as durante meses en medio de las recientes protestas.<br \/>\n\u201cEstos envenenamientos est\u00e1n ocurriendo en un entorno en el que los funcionarios iran\u00edes tienen impunidad por el acoso, el asalto, la violaci\u00f3n, la tortura y la ejecuci\u00f3n de mujeres que afirman pac\u00edficamente su libertad de religi\u00f3n o creencias\u201d, dijo Sharon Kleinbaum, de la comisi\u00f3n, en un comunicado.<br \/>\nLas sospechas en Ir\u00e1n recayeron sobre posibles partidarios de la l\u00ednea dura por llevar a cabo los presuntos envenenamientos. Periodistas iran\u00edes, incluido Jamileh Kadivar, un destacado exlegislador reformista del peri\u00f3dico Ettelaat de Teher\u00e1n, citaron un supuesto comunicado de un grupo que se autodenomina Fidayeen Velayat que supuestamente dec\u00eda que la educaci\u00f3n de las ni\u00f1as se considera prohibida y amenazaba con difundir el envenenamiento de las ni\u00f1as en todo Ir\u00e1n si las escuelas de ni\u00f1as permanecen abiertas.<br \/>\n\u201cLos informes de malos olores que preceden a la aparici\u00f3n de los s\u00edntomas dieron cr\u00e9dito a la teor\u00eda del envenenamiento masivo\u201d, escribi\u00f3 la OMS en ese momento. \u201cSin embargo, las investigaciones sobre las causas de estos brotes no arrojaron tal evidencia hasta el momento\u201d.<br \/>\nIr\u00e1n no reconoci\u00f3 haber pedido ayuda al organismo mundial de la salud en su investigaci\u00f3n. La OMS no respondi\u00f3 de inmediato a una solicitud de comentarios.<br \/>\n\u201cEl denominador com\u00fan de todos ellos es su pensamiento extremo, estancamiento intelectual y visi\u00f3n religiosa r\u00edgida que les permiti\u00f3 cometer acciones tan violentas\u201d, escribi\u00f3 Kadivar. (Infobae).<\/p>\n","protected":false},"excerpt":{"rendered":"<p>Una crisis por envenenamientos contra escolares iran\u00edes se intensific\u00f3 ayer cuando las autoridades reconocieron que m\u00e1s de 50 escuelas fueron atacadas en una ola de posibles casos. Los hechos sembraron a\u00fan m\u00e1s el miedo entre los padres. No est\u00e1 claro qui\u00e9n o qu\u00e9 es el responsable desde que los presuntos envenenamientos comenzaron en noviembre en [&hellip;]<\/p>\n","protected":false},"author":1,"featured_media":141570,"comment_status":"closed","ping_status":"closed","sticky":false,"template":"","format":"standard","meta":{"_acf_changed":false,"footnotes":""},"categories":[3],"tags":[],"class_list":["post-141569","post","type-post","status-publish","format-standard","has-post-thumbnail","category-internacional"],"acf":{"antetitulo":""},"yoast_head":"<!-- This site is optimized with the Yoast SEO plugin v28.4 - https:\/\/yoast.com\/product\/yoast-seo-wordpress\/ -->\n<title>R\u00e9gimen de Ir\u00e1n reconoce que hubo envenenamiento de ni\u00f1as - El Diario - Bolivia<\/title>\n<meta name=\"robots\" content=\"index, follow, max-snippet:-1, max-image-preview:large, max-video-preview:-1\" \/>\n<link rel=\"canonical\" href=\"https:\/\/www.eldiario.net\/portal\/2023\/03\/06\/regimen-de-iran-reconoce-que-hubo-envenenamiento-de-ninas\/\" \/>\n<meta property=\"og:locale\" content=\"es_ES\" \/>\n<meta property=\"og:type\" content=\"article\" \/>\n<meta property=\"og:title\" content=\"R\u00e9gimen de Ir\u00e1n reconoce que hubo envenenamiento de ni\u00f1as - El Diario - Bolivia\" \/>\n<meta property=\"og:description\" content=\"Una crisis por envenenamientos contra escolares iran\u00edes se intensific\u00f3 ayer cuando las autoridades reconocieron que m\u00e1s de 50 escuelas fueron atacadas en una ola de posibles casos. Los hechos sembraron a\u00fan m\u00e1s el miedo entre los padres. No est\u00e1 claro qui\u00e9n o qu\u00e9 es el responsable desde que los presuntos envenenamientos comenzaron en noviembre en [&hellip;]\" \/>\n<meta property=\"og:url\" content=\"https:\/\/www.eldiario.net\/portal\/2023\/03\/06\/regimen-de-iran-reconoce-que-hubo-envenenamiento-de-ninas\/\" \/>\n<meta property=\"og:site_name\" content=\"El Diario - Bolivia\" \/>\n<meta property=\"article:publisher\" content=\"https:\/\/www.facebook.com\/eldiario.bolivia\/\" \/>\n<meta property=\"article:published_time\" content=\"2023-03-06T10:41:05+00:00\" \/>\n<meta name=\"author\" content=\"Jeanette\" \/>\n<meta name=\"twitter:card\" content=\"summary_large_image\" \/>\n<meta name=\"twitter:creator\" content=\"@eldiario_net\" \/>\n<meta name=\"twitter:site\" content=\"@eldiario_net\" \/>\n<meta name=\"twitter:label1\" content=\"Escrito por\" \/>\n\t<meta name=\"twitter:data1\" content=\"Jeanette\" \/>\n\t<meta name=\"twitter:label2\" content=\"Tiempo de lectura\" \/>\n\t<meta name=\"twitter:data2\" content=\"3 minutos\" \/>\n<script type=\"application\/ld+json\" class=\"yoast-schema-graph\">{\"@context\":\"https:\\\/\\\/schema.org\",\"@graph\":[{\"@type\":\"Article\",\"@id\":\"https:\\\/\\\/www.eldiario.net\\\/portal\\\/2023\\\/03\\\/06\\\/regimen-de-iran-reconoce-que-hubo-envenenamiento-de-ninas\\\/#article\",\"isPartOf\":{\"@id\":\"https:\\\/\\\/www.eldiario.net\\\/portal\\\/2023\\\/03\\\/06\\\/regimen-de-iran-reconoce-que-hubo-envenenamiento-de-ninas\\\/\"},\"author\":{\"name\":\"Jeanette\",\"@id\":\"https:\\\/\\\/www.eldiario.net\\\/portal\\\/#\\\/schema\\\/person\\\/f46445640444750d7d753ccd04ae01b7\"},\"headline\":\"R\u00e9gimen de Ir\u00e1n reconoce que hubo envenenamiento de ni\u00f1as\",\"datePublished\":\"2023-03-06T10:41:05+00:00\",\"mainEntityOfPage\":{\"@id\":\"https:\\\/\\\/www.eldiario.net\\\/portal\\\/2023\\\/03\\\/06\\\/regimen-de-iran-reconoce-que-hubo-envenenamiento-de-ninas\\\/\"},\"wordCount\":663,\"publisher\":{\"@id\":\"https:\\\/\\\/www.eldiario.net\\\/portal\\\/#organization\"},\"image\":{\"@id\":\"https:\\\/\\\/www.eldiario.net\\\/portal\\\/2023\\\/03\\\/06\\\/regimen-de-iran-reconoce-que-hubo-envenenamiento-de-ninas\\\/#primaryimage\"},\"thumbnailUrl\":\"\",\"articleSection\":[\"Internacional\"],\"inLanguage\":\"es\"},{\"@type\":\"WebPage\",\"@id\":\"https:\\\/\\\/www.eldiario.net\\\/portal\\\/2023\\\/03\\\/06\\\/regimen-de-iran-reconoce-que-hubo-envenenamiento-de-ninas\\\/\",\"url\":\"https:\\\/\\\/www.eldiario.net\\\/portal\\\/2023\\\/03\\\/06\\\/regimen-de-iran-reconoce-que-hubo-envenenamiento-de-ninas\\\/\",\"name\":\"R\u00e9gimen de Ir\u00e1n reconoce que hubo envenenamiento de ni\u00f1as - El Diario - Bolivia\",\"isPartOf\":{\"@id\":\"https:\\\/\\\/www.eldiario.net\\\/portal\\\/#website\"},\"primaryImageOfPage\":{\"@id\":\"https:\\\/\\\/www.eldiario.net\\\/portal\\\/2023\\\/03\\\/06\\\/regimen-de-iran-reconoce-que-hubo-envenenamiento-de-ninas\\\/#primaryimage\"},\"image\":{\"@id\":\"https:\\\/\\\/www.eldiario.net\\\/portal\\\/2023\\\/03\\\/06\\\/regimen-de-iran-reconoce-que-hubo-envenenamiento-de-ninas\\\/#primaryimage\"},\"thumbnailUrl\":\"\",\"datePublished\":\"2023-03-06T10:41:05+00:00\",\"breadcrumb\":{\"@id\":\"https:\\\/\\\/www.eldiario.net\\\/portal\\\/2023\\\/03\\\/06\\\/regimen-de-iran-reconoce-que-hubo-envenenamiento-de-ninas\\\/#breadcrumb\"},\"inLanguage\":\"es\",\"potentialAction\":[{\"@type\":\"ReadAction\",\"target\":[\"https:\\\/\\\/www.eldiario.net\\\/portal\\\/2023\\\/03\\\/06\\\/regimen-de-iran-reconoce-que-hubo-envenenamiento-de-ninas\\\/\"]}]},{\"@type\":\"ImageObject\",\"inLanguage\":\"es\",\"@id\":\"https:\\\/\\\/www.eldiario.net\\\/portal\\\/2023\\\/03\\\/06\\\/regimen-de-iran-reconoce-que-hubo-envenenamiento-de-ninas\\\/#primaryimage\",\"url\":\"\",\"contentUrl\":\"\"},{\"@type\":\"BreadcrumbList\",\"@id\":\"https:\\\/\\\/www.eldiario.net\\\/portal\\\/2023\\\/03\\\/06\\\/regimen-de-iran-reconoce-que-hubo-envenenamiento-de-ninas\\\/#breadcrumb\",\"itemListElement\":[{\"@type\":\"ListItem\",\"position\":1,\"name\":\"Portada\",\"item\":\"https:\\\/\\\/www.eldiario.net\\\/portal\\\/\"},{\"@type\":\"ListItem\",\"position\":2,\"name\":\"R\u00e9gimen de Ir\u00e1n reconoce que hubo envenenamiento de ni\u00f1as\"}]},{\"@type\":\"WebSite\",\"@id\":\"https:\\\/\\\/www.eldiario.net\\\/portal\\\/#website\",\"url\":\"https:\\\/\\\/www.eldiario.net\\\/portal\\\/\",\"name\":\"El Diario - Decano de la prensa nacional\",\"description\":\"El Diario - Decano de la prensa nacional\",\"publisher\":{\"@id\":\"https:\\\/\\\/www.eldiario.net\\\/portal\\\/#organization\"},\"potentialAction\":[{\"@type\":\"SearchAction\",\"target\":{\"@type\":\"EntryPoint\",\"urlTemplate\":\"https:\\\/\\\/www.eldiario.net\\\/portal\\\/?s={search_term_string}\"},\"query-input\":{\"@type\":\"PropertyValueSpecification\",\"valueRequired\":true,\"valueName\":\"search_term_string\"}}],\"inLanguage\":\"es\"},{\"@type\":\"Organization\",\"@id\":\"https:\\\/\\\/www.eldiario.net\\\/portal\\\/#organization\",\"name\":\"El Diario - Decano de la prensa nacional\",\"url\":\"https:\\\/\\\/www.eldiario.net\\\/portal\\\/\",\"logo\":{\"@type\":\"ImageObject\",\"inLanguage\":\"es\",\"@id\":\"https:\\\/\\\/www.eldiario.net\\\/portal\\\/#\\\/schema\\\/logo\\\/image\\\/\",\"url\":\"https:\\\/\\\/www.eldiario.net\\\/portal\\\/wp-content\\\/uploads\\\/2023\\\/07\\\/logo_ED.jpg\",\"contentUrl\":\"https:\\\/\\\/www.eldiario.net\\\/portal\\\/wp-content\\\/uploads\\\/2023\\\/07\\\/logo_ED.jpg\",\"width\":272,\"height\":52,\"caption\":\"El Diario - Decano de la prensa nacional\"},\"image\":{\"@id\":\"https:\\\/\\\/www.eldiario.net\\\/portal\\\/#\\\/schema\\\/logo\\\/image\\\/\"},\"sameAs\":[\"https:\\\/\\\/www.facebook.com\\\/eldiario.bolivia\\\/\",\"https:\\\/\\\/x.com\\\/eldiario_net\"]},{\"@type\":\"Person\",\"@id\":\"https:\\\/\\\/www.eldiario.net\\\/portal\\\/#\\\/schema\\\/person\\\/f46445640444750d7d753ccd04ae01b7\",\"name\":\"Jeanette\",\"image\":{\"@type\":\"ImageObject\",\"inLanguage\":\"es\",\"@id\":\"https:\\\/\\\/secure.gravatar.com\\\/avatar\\\/3ea2118a5f7dad2b7138b1187a6b7ee55f160b9968b66013c3a3ef39dd7e5798?s=96&d=mm&r=g\",\"url\":\"https:\\\/\\\/secure.gravatar.com\\\/avatar\\\/3ea2118a5f7dad2b7138b1187a6b7ee55f160b9968b66013c3a3ef39dd7e5798?s=96&d=mm&r=g\",\"contentUrl\":\"https:\\\/\\\/secure.gravatar.com\\\/avatar\\\/3ea2118a5f7dad2b7138b1187a6b7ee55f160b9968b66013c3a3ef39dd7e5798?s=96&d=mm&r=g\",\"caption\":\"Jeanette\"},\"sameAs\":[\"https:\\\/\\\/www.eldiario.net\\\/portal\"],\"url\":\"https:\\\/\\\/www.eldiario.net\\\/portal\\\/author\\\/jeanette\\\/\"}]}<\/script>\n<!-- \/ Yoast SEO plugin. -->","yoast_head_json":{"title":"R\u00e9gimen de Ir\u00e1n reconoce que hubo envenenamiento de ni\u00f1as - El Diario - Bolivia","robots":{"index":"index","follow":"follow","max-snippet":"max-snippet:-1","max-image-preview":"max-image-preview:large","max-video-preview":"max-video-preview:-1"},"canonical":"https:\/\/www.eldiario.net\/portal\/2023\/03\/06\/regimen-de-iran-reconoce-que-hubo-envenenamiento-de-ninas\/","og_locale":"es_ES","og_type":"article","og_title":"R\u00e9gimen de Ir\u00e1n reconoce que hubo envenenamiento de ni\u00f1as - El Diario - Bolivia","og_description":"Una crisis por envenenamientos contra escolares iran\u00edes se intensific\u00f3 ayer cuando las autoridades reconocieron que m\u00e1s de 50 escuelas fueron atacadas en una ola de posibles casos. Los hechos sembraron a\u00fan m\u00e1s el miedo entre los padres. No est\u00e1 claro qui\u00e9n o qu\u00e9 es el responsable desde que los presuntos envenenamientos comenzaron en noviembre en [&hellip;]","og_url":"https:\/\/www.eldiario.net\/portal\/2023\/03\/06\/regimen-de-iran-reconoce-que-hubo-envenenamiento-de-ninas\/","og_site_name":"El Diario - Bolivia","article_publisher":"https:\/\/www.facebook.com\/eldiario.bolivia\/","article_published_time":"2023-03-06T10:41:05+00:00","author":"Jeanette","twitter_card":"summary_large_image","twitter_creator":"@eldiario_net","twitter_site":"@eldiario_net","twitter_misc":{"Escrito por":"Jeanette","Tiempo de lectura":"3 minutos"},"schema":{"@context":"https:\/\/schema.org","@graph":[{"@type":"Article","@id":"https:\/\/www.eldiario.net\/portal\/2023\/03\/06\/regimen-de-iran-reconoce-que-hubo-envenenamiento-de-ninas\/#article","isPartOf":{"@id":"https:\/\/www.eldiario.net\/portal\/2023\/03\/06\/regimen-de-iran-reconoce-que-hubo-envenenamiento-de-ninas\/"},"author":{"name":"Jeanette","@id":"https:\/\/www.eldiario.net\/portal\/#\/schema\/person\/f46445640444750d7d753ccd04ae01b7"},"headline":"R\u00e9gimen de Ir\u00e1n reconoce que hubo envenenamiento de ni\u00f1as","datePublished":"2023-03-06T10:41:05+00:00","mainEntityOfPage":{"@id":"https:\/\/www.eldiario.net\/portal\/2023\/03\/06\/regimen-de-iran-reconoce-que-hubo-envenenamiento-de-ninas\/"},"wordCount":663,"publisher":{"@id":"https:\/\/www.eldiario.net\/portal\/#organization"},"image":{"@id":"https:\/\/www.eldiario.net\/portal\/2023\/03\/06\/regimen-de-iran-reconoce-que-hubo-envenenamiento-de-ninas\/#primaryimage"},"thumbnailUrl":"","articleSection":["Internacional"],"inLanguage":"es"},{"@type":"WebPage","@id":"https:\/\/www.eldiario.net\/portal\/2023\/03\/06\/regimen-de-iran-reconoce-que-hubo-envenenamiento-de-ninas\/","url":"https:\/\/www.eldiario.net\/portal\/2023\/03\/06\/regimen-de-iran-reconoce-que-hubo-envenenamiento-de-ninas\/","name":"R\u00e9gimen de Ir\u00e1n reconoce que hubo envenenamiento de ni\u00f1as - El Diario - Bolivia","isPartOf":{"@id":"https:\/\/www.eldiario.net\/portal\/#website"},"primaryImageOfPage":{"@id":"https:\/\/www.eldiario.net\/portal\/2023\/03\/06\/regimen-de-iran-reconoce-que-hubo-envenenamiento-de-ninas\/#primaryimage"},"image":{"@id":"https:\/\/www.eldiario.net\/portal\/2023\/03\/06\/regimen-de-iran-reconoce-que-hubo-envenenamiento-de-ninas\/#primaryimage"},"thumbnailUrl":"","datePublished":"2023-03-06T10:41:05+00:00","breadcrumb":{"@id":"https:\/\/www.eldiario.net\/portal\/2023\/03\/06\/regimen-de-iran-reconoce-que-hubo-envenenamiento-de-ninas\/#breadcrumb"},"inLanguage":"es","potentialAction":[{"@type":"ReadAction","target":["https:\/\/www.eldiario.net\/portal\/2023\/03\/06\/regimen-de-iran-reconoce-que-hubo-envenenamiento-de-ninas\/"]}]},{"@type":"ImageObject","inLanguage":"es","@id":"https:\/\/www.eldiario.net\/portal\/2023\/03\/06\/regimen-de-iran-reconoce-que-hubo-envenenamiento-de-ninas\/#primaryimage","url":"","contentUrl":""},{"@type":"BreadcrumbList","@id":"https:\/\/www.eldiario.net\/portal\/2023\/03\/06\/regimen-de-iran-reconoce-que-hubo-envenenamiento-de-ninas\/#breadcrumb","itemListElement":[{"@type":"ListItem","position":1,"name":"Portada","item":"https:\/\/www.eldiario.net\/portal\/"},{"@type":"ListItem","position":2,"name":"R\u00e9gimen de Ir\u00e1n reconoce que hubo envenenamiento de ni\u00f1as"}]},{"@type":"WebSite","@id":"https:\/\/www.eldiario.net\/portal\/#website","url":"https:\/\/www.eldiario.net\/portal\/","name":"El Diario - Decano de la prensa nacional","description":"El Diario - Decano de la prensa nacional","publisher":{"@id":"https:\/\/www.eldiario.net\/portal\/#organization"},"potentialAction":[{"@type":"SearchAction","target":{"@type":"EntryPoint","urlTemplate":"https:\/\/www.eldiario.net\/portal\/?s={search_term_string}"},"query-input":{"@type":"PropertyValueSpecification","valueRequired":true,"valueName":"search_term_string"}}],"inLanguage":"es"},{"@type":"Organization","@id":"https:\/\/www.eldiario.net\/portal\/#organization","name":"El Diario - Decano de la prensa nacional","url":"https:\/\/www.eldiario.net\/portal\/","logo":{"@type":"ImageObject","inLanguage":"es","@id":"https:\/\/www.eldiario.net\/portal\/#\/schema\/logo\/image\/","url":"https:\/\/www.eldiario.net\/portal\/wp-content\/uploads\/2023\/07\/logo_ED.jpg","contentUrl":"https:\/\/www.eldiario.net\/portal\/wp-content\/uploads\/2023\/07\/logo_ED.jpg","width":272,"height":52,"caption":"El Diario - Decano de la prensa nacional"},"image":{"@id":"https:\/\/www.eldiario.net\/portal\/#\/schema\/logo\/image\/"},"sameAs":["https:\/\/www.facebook.com\/eldiario.bolivia\/","https:\/\/x.com\/eldiario_net"]},{"@type":"Person","@id":"https:\/\/www.eldiario.net\/portal\/#\/schema\/person\/f46445640444750d7d753ccd04ae01b7","name":"Jeanette","image":{"@type":"ImageObject","inLanguage":"es","@id":"https:\/\/secure.gravatar.com\/avatar\/3ea2118a5f7dad2b7138b1187a6b7ee55f160b9968b66013c3a3ef39dd7e5798?s=96&d=mm&r=g","url":"https:\/\/secure.gravatar.com\/avatar\/3ea2118a5f7dad2b7138b1187a6b7ee55f160b9968b66013c3a3ef39dd7e5798?s=96&d=mm&r=g","contentUrl":"https:\/\/secure.gravatar.com\/avatar\/3ea2118a5f7dad2b7138b1187a6b7ee55f160b9968b66013c3a3ef39dd7e5798?s=96&d=mm&r=g","caption":"Jeanette"},"sameAs":["https:\/\/www.eldiario.net\/portal"],"url":"https:\/\/www.eldiario.net\/portal\/author\/jeanette\/"}]}},"_links":{"self":[{"href":"https:\/\/www.eldiario.net\/portal\/wp-json\/wp\/v2\/posts\/141569","targetHints":{"allow":["GET"]}}],"collection":[{"href":"https:\/\/www.eldiario.net\/portal\/wp-json\/wp\/v2\/posts"}],"about":[{"href":"https:\/\/www.eldiario.net\/portal\/wp-json\/wp\/v2\/types\/post"}],"author":[{"embeddable":true,"href":"https:\/\/www.eldiario.net\/portal\/wp-json\/wp\/v2\/users\/1"}],"replies":[{"embeddable":true,"href":"https:\/\/www.eldiario.net\/portal\/wp-json\/wp\/v2\/comments?post=141569"}],"version-history":[{"count":0,"href":"https:\/\/www.eldiario.net\/portal\/wp-json\/wp\/v2\/posts\/141569\/revisions"}],"wp:attachment":[{"href":"https:\/\/www.eldiario.net\/portal\/wp-json\/wp\/v2\/media?parent=141569"}],"wp:term":[{"taxonomy":"category","embeddable":true,"href":"https:\/\/www.eldiario.net\/portal\/wp-json\/wp\/v2\/categories?post=141569"},{"taxonomy":"post_tag","embeddable":true,"href":"https:\/\/www.eldiario.net\/portal\/wp-json\/wp\/v2\/tags?post=141569"}],"curies":[{"name":"wp","href":"https:\/\/api.w.org\/{rel}","templated":true}]}}