{"id":141566,"date":"2023-03-06T06:39:59","date_gmt":"2023-03-06T10:39:59","guid":{"rendered":"https:\/\/www.eldiario.net\/portal\/?p=141566"},"modified":"2023-03-06T06:39:59","modified_gmt":"2023-03-06T10:39:59","slug":"mapuches-destruyen-capilla-de-araucania","status":"publish","type":"post","link":"https:\/\/www.eldiario.net\/portal\/2023\/03\/06\/mapuches-destruyen-capilla-de-araucania\/","title":{"rendered":"Mapuches destruyen  capilla de Araucan\u00eda"},"content":{"rendered":"<p>La capilla de Nuestra Se\u00f1ora de los Rayos, perteneciente a la Iglesia Cat\u00f3lica, entre Victoria y Curacaut\u00edn, en la regi\u00f3n chilena de La Auraucan\u00eda, qued\u00f3 totalmente destruida y reducida a cenizas en un nuevo ataque incendiario de grupos mapuches.<br \/>\nAl menos ocho personas participaron en el ataque, seg\u00fan los datos preliminares recopilados por la Polic\u00eda. \u00c9stos rociaron la estructura con l\u00edquido inflamable y posteriormente le prendieron fuego. Luego escaparon del lugar.<br \/>\nVecinos de la zona dieron el aviso a Bomberos y Carabineros, quienes tuvieron dificultades para acceder debido a que se produjeron disparos en las inmediaciones del lugar. Una pancarta reivindicaba el ataque en nombre del grupo Resistencia Mapuche Malleco.<br \/>\nEste es el segundo ataque incendiario adjudicado por la Resistencia Mapuche Malleco tras el que se registr\u00f3 el 20 de febrero en la localidad de Traigu\u00e9n, tambi\u00e9n en La Araucan\u00eda, donde un grupo de alrededor de seis encapuchados quemaron tres veh\u00edculos forestales.<br \/>\nLa Araucan\u00eda es la regi\u00f3n chilena con mayor concentraci\u00f3n de ind\u00edgenas mapuches, que desde hace a\u00f1os exigen la devoluci\u00f3n de sus tierras ancestrales y denuncian un hostigamiento por parte del Ejecutivo. Las autoridades negaron en repetidas ocasiones estas acusaciones y, por el contrario, apuntaron a los nativos como los responsables de numerosos incidentes violentos en la zona, como ataques a fincas y a sus propietarios.<br \/>\nEn febrero, la Ministra del Interior chilena, Carolina Toh\u00e1, anunci\u00f3 que el Gobierno de Gabriel Boric presentar\u00e1 acciones legales en contra de la organizaci\u00f3n mapuche y quienes resulten responsables por los ataques tendr\u00e1n querellas, en todos los casos que los antecedentes apunten a la intencionalidad al momento de provocar siniestros forestales.<br \/>\n\u201cNo s\u00e9 en qu\u00e9 agenda de reivindicaci\u00f3n ind\u00edgena eso puede tener justificaci\u00f3n\u201d, sentenci\u00f3 la ministra Toh\u00e1, a tiempo de explicar que est\u00e1 tipificado en el ordenamiento jur\u00eddico que prender incendios cuando hay condiciones como las actuales es un delito de riesgo que pone en peligro a la poblaci\u00f3n.<br \/>\nUn incendio en estas condiciones, no es controlable, por lo tanto, \u00abdesde el momento en que se decide una acci\u00f3n de ese tipo, se est\u00e1 poniendo en riesgo la vida de personas\u00bb, manifest\u00f3 la ministra. (Infobae).<\/p>\n","protected":false},"excerpt":{"rendered":"<p>La capilla de Nuestra Se\u00f1ora de los Rayos, perteneciente a la Iglesia Cat\u00f3lica, entre Victoria y Curacaut\u00edn, en la regi\u00f3n chilena de La Auraucan\u00eda, qued\u00f3 totalmente destruida y reducida a cenizas en un nuevo ataque incendiario de grupos mapuches. Al menos ocho personas participaron en el ataque, seg\u00fan los datos preliminares recopilados por la Polic\u00eda. [&hellip;]<\/p>\n","protected":false},"author":1,"featured_media":141567,"comment_status":"closed","ping_status":"closed","sticky":false,"template":"","format":"standard","meta":{"_acf_changed":false,"footnotes":""},"categories":[3],"tags":[],"class_list":["post-141566","post","type-post","status-publish","format-standard","has-post-thumbnail","category-internacional"],"acf":{"antetitulo":""},"yoast_head":"<!-- This site is optimized with the Yoast SEO plugin v28.4 - https:\/\/yoast.com\/product\/yoast-seo-wordpress\/ -->\n<title>Mapuches destruyen capilla de Araucan\u00eda - El Diario - Bolivia<\/title>\n<meta name=\"robots\" content=\"index, follow, max-snippet:-1, max-image-preview:large, max-video-preview:-1\" \/>\n<link rel=\"canonical\" href=\"https:\/\/www.eldiario.net\/portal\/2023\/03\/06\/mapuches-destruyen-capilla-de-araucania\/\" \/>\n<meta property=\"og:locale\" content=\"es_ES\" \/>\n<meta property=\"og:type\" content=\"article\" \/>\n<meta property=\"og:title\" content=\"Mapuches destruyen capilla de Araucan\u00eda - El Diario - Bolivia\" \/>\n<meta property=\"og:description\" content=\"La capilla de Nuestra Se\u00f1ora de los Rayos, perteneciente a la Iglesia Cat\u00f3lica, entre Victoria y Curacaut\u00edn, en la regi\u00f3n chilena de La Auraucan\u00eda, qued\u00f3 totalmente destruida y reducida a cenizas en un nuevo ataque incendiario de grupos mapuches. Al menos ocho personas participaron en el ataque, seg\u00fan los datos preliminares recopilados por la Polic\u00eda. [&hellip;]\" \/>\n<meta property=\"og:url\" content=\"https:\/\/www.eldiario.net\/portal\/2023\/03\/06\/mapuches-destruyen-capilla-de-araucania\/\" \/>\n<meta property=\"og:site_name\" content=\"El Diario - Bolivia\" \/>\n<meta property=\"article:publisher\" content=\"https:\/\/www.facebook.com\/eldiario.bolivia\/\" \/>\n<meta property=\"article:published_time\" content=\"2023-03-06T10:39:59+00:00\" \/>\n<meta name=\"author\" content=\"Jeanette\" \/>\n<meta name=\"twitter:card\" content=\"summary_large_image\" \/>\n<meta name=\"twitter:creator\" content=\"@eldiario_net\" \/>\n<meta name=\"twitter:site\" content=\"@eldiario_net\" \/>\n<meta name=\"twitter:label1\" content=\"Escrito por\" \/>\n\t<meta name=\"twitter:data1\" content=\"Jeanette\" \/>\n\t<meta name=\"twitter:label2\" content=\"Tiempo de lectura\" \/>\n\t<meta name=\"twitter:data2\" content=\"2 minutos\" \/>\n<script type=\"application\/ld+json\" class=\"yoast-schema-graph\">{\"@context\":\"https:\\\/\\\/schema.org\",\"@graph\":[{\"@type\":\"Article\",\"@id\":\"https:\\\/\\\/www.eldiario.net\\\/portal\\\/2023\\\/03\\\/06\\\/mapuches-destruyen-capilla-de-araucania\\\/#article\",\"isPartOf\":{\"@id\":\"https:\\\/\\\/www.eldiario.net\\\/portal\\\/2023\\\/03\\\/06\\\/mapuches-destruyen-capilla-de-araucania\\\/\"},\"author\":{\"name\":\"Jeanette\",\"@id\":\"https:\\\/\\\/www.eldiario.net\\\/portal\\\/#\\\/schema\\\/person\\\/f46445640444750d7d753ccd04ae01b7\"},\"headline\":\"Mapuches destruyen capilla de Araucan\u00eda\",\"datePublished\":\"2023-03-06T10:39:59+00:00\",\"mainEntityOfPage\":{\"@id\":\"https:\\\/\\\/www.eldiario.net\\\/portal\\\/2023\\\/03\\\/06\\\/mapuches-destruyen-capilla-de-araucania\\\/\"},\"wordCount\":383,\"publisher\":{\"@id\":\"https:\\\/\\\/www.eldiario.net\\\/portal\\\/#organization\"},\"image\":{\"@id\":\"https:\\\/\\\/www.eldiario.net\\\/portal\\\/2023\\\/03\\\/06\\\/mapuches-destruyen-capilla-de-araucania\\\/#primaryimage\"},\"thumbnailUrl\":\"\",\"articleSection\":[\"Internacional\"],\"inLanguage\":\"es\"},{\"@type\":\"WebPage\",\"@id\":\"https:\\\/\\\/www.eldiario.net\\\/portal\\\/2023\\\/03\\\/06\\\/mapuches-destruyen-capilla-de-araucania\\\/\",\"url\":\"https:\\\/\\\/www.eldiario.net\\\/portal\\\/2023\\\/03\\\/06\\\/mapuches-destruyen-capilla-de-araucania\\\/\",\"name\":\"Mapuches destruyen capilla de Araucan\u00eda - El Diario - Bolivia\",\"isPartOf\":{\"@id\":\"https:\\\/\\\/www.eldiario.net\\\/portal\\\/#website\"},\"primaryImageOfPage\":{\"@id\":\"https:\\\/\\\/www.eldiario.net\\\/portal\\\/2023\\\/03\\\/06\\\/mapuches-destruyen-capilla-de-araucania\\\/#primaryimage\"},\"image\":{\"@id\":\"https:\\\/\\\/www.eldiario.net\\\/portal\\\/2023\\\/03\\\/06\\\/mapuches-destruyen-capilla-de-araucania\\\/#primaryimage\"},\"thumbnailUrl\":\"\",\"datePublished\":\"2023-03-06T10:39:59+00:00\",\"breadcrumb\":{\"@id\":\"https:\\\/\\\/www.eldiario.net\\\/portal\\\/2023\\\/03\\\/06\\\/mapuches-destruyen-capilla-de-araucania\\\/#breadcrumb\"},\"inLanguage\":\"es\",\"potentialAction\":[{\"@type\":\"ReadAction\",\"target\":[\"https:\\\/\\\/www.eldiario.net\\\/portal\\\/2023\\\/03\\\/06\\\/mapuches-destruyen-capilla-de-araucania\\\/\"]}]},{\"@type\":\"ImageObject\",\"inLanguage\":\"es\",\"@id\":\"https:\\\/\\\/www.eldiario.net\\\/portal\\\/2023\\\/03\\\/06\\\/mapuches-destruyen-capilla-de-araucania\\\/#primaryimage\",\"url\":\"\",\"contentUrl\":\"\"},{\"@type\":\"BreadcrumbList\",\"@id\":\"https:\\\/\\\/www.eldiario.net\\\/portal\\\/2023\\\/03\\\/06\\\/mapuches-destruyen-capilla-de-araucania\\\/#breadcrumb\",\"itemListElement\":[{\"@type\":\"ListItem\",\"position\":1,\"name\":\"Portada\",\"item\":\"https:\\\/\\\/www.eldiario.net\\\/portal\\\/\"},{\"@type\":\"ListItem\",\"position\":2,\"name\":\"Mapuches destruyen capilla de Araucan\u00eda\"}]},{\"@type\":\"WebSite\",\"@id\":\"https:\\\/\\\/www.eldiario.net\\\/portal\\\/#website\",\"url\":\"https:\\\/\\\/www.eldiario.net\\\/portal\\\/\",\"name\":\"El Diario - Decano de la prensa nacional\",\"description\":\"El Diario - Decano de la prensa nacional\",\"publisher\":{\"@id\":\"https:\\\/\\\/www.eldiario.net\\\/portal\\\/#organization\"},\"potentialAction\":[{\"@type\":\"SearchAction\",\"target\":{\"@type\":\"EntryPoint\",\"urlTemplate\":\"https:\\\/\\\/www.eldiario.net\\\/portal\\\/?s={search_term_string}\"},\"query-input\":{\"@type\":\"PropertyValueSpecification\",\"valueRequired\":true,\"valueName\":\"search_term_string\"}}],\"inLanguage\":\"es\"},{\"@type\":\"Organization\",\"@id\":\"https:\\\/\\\/www.eldiario.net\\\/portal\\\/#organization\",\"name\":\"El Diario - Decano de la prensa nacional\",\"url\":\"https:\\\/\\\/www.eldiario.net\\\/portal\\\/\",\"logo\":{\"@type\":\"ImageObject\",\"inLanguage\":\"es\",\"@id\":\"https:\\\/\\\/www.eldiario.net\\\/portal\\\/#\\\/schema\\\/logo\\\/image\\\/\",\"url\":\"https:\\\/\\\/www.eldiario.net\\\/portal\\\/wp-content\\\/uploads\\\/2023\\\/07\\\/logo_ED.jpg\",\"contentUrl\":\"https:\\\/\\\/www.eldiario.net\\\/portal\\\/wp-content\\\/uploads\\\/2023\\\/07\\\/logo_ED.jpg\",\"width\":272,\"height\":52,\"caption\":\"El Diario - Decano de la prensa nacional\"},\"image\":{\"@id\":\"https:\\\/\\\/www.eldiario.net\\\/portal\\\/#\\\/schema\\\/logo\\\/image\\\/\"},\"sameAs\":[\"https:\\\/\\\/www.facebook.com\\\/eldiario.bolivia\\\/\",\"https:\\\/\\\/x.com\\\/eldiario_net\"]},{\"@type\":\"Person\",\"@id\":\"https:\\\/\\\/www.eldiario.net\\\/portal\\\/#\\\/schema\\\/person\\\/f46445640444750d7d753ccd04ae01b7\",\"name\":\"Jeanette\",\"image\":{\"@type\":\"ImageObject\",\"inLanguage\":\"es\",\"@id\":\"https:\\\/\\\/secure.gravatar.com\\\/avatar\\\/3ea2118a5f7dad2b7138b1187a6b7ee55f160b9968b66013c3a3ef39dd7e5798?s=96&d=mm&r=g\",\"url\":\"https:\\\/\\\/secure.gravatar.com\\\/avatar\\\/3ea2118a5f7dad2b7138b1187a6b7ee55f160b9968b66013c3a3ef39dd7e5798?s=96&d=mm&r=g\",\"contentUrl\":\"https:\\\/\\\/secure.gravatar.com\\\/avatar\\\/3ea2118a5f7dad2b7138b1187a6b7ee55f160b9968b66013c3a3ef39dd7e5798?s=96&d=mm&r=g\",\"caption\":\"Jeanette\"},\"sameAs\":[\"https:\\\/\\\/www.eldiario.net\\\/portal\"],\"url\":\"https:\\\/\\\/www.eldiario.net\\\/portal\\\/author\\\/jeanette\\\/\"}]}<\/script>\n<!-- \/ Yoast SEO plugin. -->","yoast_head_json":{"title":"Mapuches destruyen capilla de Araucan\u00eda - El Diario - Bolivia","robots":{"index":"index","follow":"follow","max-snippet":"max-snippet:-1","max-image-preview":"max-image-preview:large","max-video-preview":"max-video-preview:-1"},"canonical":"https:\/\/www.eldiario.net\/portal\/2023\/03\/06\/mapuches-destruyen-capilla-de-araucania\/","og_locale":"es_ES","og_type":"article","og_title":"Mapuches destruyen capilla de Araucan\u00eda - El Diario - Bolivia","og_description":"La capilla de Nuestra Se\u00f1ora de los Rayos, perteneciente a la Iglesia Cat\u00f3lica, entre Victoria y Curacaut\u00edn, en la regi\u00f3n chilena de La Auraucan\u00eda, qued\u00f3 totalmente destruida y reducida a cenizas en un nuevo ataque incendiario de grupos mapuches. Al menos ocho personas participaron en el ataque, seg\u00fan los datos preliminares recopilados por la Polic\u00eda. [&hellip;]","og_url":"https:\/\/www.eldiario.net\/portal\/2023\/03\/06\/mapuches-destruyen-capilla-de-araucania\/","og_site_name":"El Diario - Bolivia","article_publisher":"https:\/\/www.facebook.com\/eldiario.bolivia\/","article_published_time":"2023-03-06T10:39:59+00:00","author":"Jeanette","twitter_card":"summary_large_image","twitter_creator":"@eldiario_net","twitter_site":"@eldiario_net","twitter_misc":{"Escrito por":"Jeanette","Tiempo de lectura":"2 minutos"},"schema":{"@context":"https:\/\/schema.org","@graph":[{"@type":"Article","@id":"https:\/\/www.eldiario.net\/portal\/2023\/03\/06\/mapuches-destruyen-capilla-de-araucania\/#article","isPartOf":{"@id":"https:\/\/www.eldiario.net\/portal\/2023\/03\/06\/mapuches-destruyen-capilla-de-araucania\/"},"author":{"name":"Jeanette","@id":"https:\/\/www.eldiario.net\/portal\/#\/schema\/person\/f46445640444750d7d753ccd04ae01b7"},"headline":"Mapuches destruyen capilla de Araucan\u00eda","datePublished":"2023-03-06T10:39:59+00:00","mainEntityOfPage":{"@id":"https:\/\/www.eldiario.net\/portal\/2023\/03\/06\/mapuches-destruyen-capilla-de-araucania\/"},"wordCount":383,"publisher":{"@id":"https:\/\/www.eldiario.net\/portal\/#organization"},"image":{"@id":"https:\/\/www.eldiario.net\/portal\/2023\/03\/06\/mapuches-destruyen-capilla-de-araucania\/#primaryimage"},"thumbnailUrl":"","articleSection":["Internacional"],"inLanguage":"es"},{"@type":"WebPage","@id":"https:\/\/www.eldiario.net\/portal\/2023\/03\/06\/mapuches-destruyen-capilla-de-araucania\/","url":"https:\/\/www.eldiario.net\/portal\/2023\/03\/06\/mapuches-destruyen-capilla-de-araucania\/","name":"Mapuches destruyen capilla de Araucan\u00eda - El Diario - Bolivia","isPartOf":{"@id":"https:\/\/www.eldiario.net\/portal\/#website"},"primaryImageOfPage":{"@id":"https:\/\/www.eldiario.net\/portal\/2023\/03\/06\/mapuches-destruyen-capilla-de-araucania\/#primaryimage"},"image":{"@id":"https:\/\/www.eldiario.net\/portal\/2023\/03\/06\/mapuches-destruyen-capilla-de-araucania\/#primaryimage"},"thumbnailUrl":"","datePublished":"2023-03-06T10:39:59+00:00","breadcrumb":{"@id":"https:\/\/www.eldiario.net\/portal\/2023\/03\/06\/mapuches-destruyen-capilla-de-araucania\/#breadcrumb"},"inLanguage":"es","potentialAction":[{"@type":"ReadAction","target":["https:\/\/www.eldiario.net\/portal\/2023\/03\/06\/mapuches-destruyen-capilla-de-araucania\/"]}]},{"@type":"ImageObject","inLanguage":"es","@id":"https:\/\/www.eldiario.net\/portal\/2023\/03\/06\/mapuches-destruyen-capilla-de-araucania\/#primaryimage","url":"","contentUrl":""},{"@type":"BreadcrumbList","@id":"https:\/\/www.eldiario.net\/portal\/2023\/03\/06\/mapuches-destruyen-capilla-de-araucania\/#breadcrumb","itemListElement":[{"@type":"ListItem","position":1,"name":"Portada","item":"https:\/\/www.eldiario.net\/portal\/"},{"@type":"ListItem","position":2,"name":"Mapuches destruyen capilla de Araucan\u00eda"}]},{"@type":"WebSite","@id":"https:\/\/www.eldiario.net\/portal\/#website","url":"https:\/\/www.eldiario.net\/portal\/","name":"El Diario - Decano de la prensa nacional","description":"El Diario - Decano de la prensa nacional","publisher":{"@id":"https:\/\/www.eldiario.net\/portal\/#organization"},"potentialAction":[{"@type":"SearchAction","target":{"@type":"EntryPoint","urlTemplate":"https:\/\/www.eldiario.net\/portal\/?s={search_term_string}"},"query-input":{"@type":"PropertyValueSpecification","valueRequired":true,"valueName":"search_term_string"}}],"inLanguage":"es"},{"@type":"Organization","@id":"https:\/\/www.eldiario.net\/portal\/#organization","name":"El Diario - Decano de la prensa nacional","url":"https:\/\/www.eldiario.net\/portal\/","logo":{"@type":"ImageObject","inLanguage":"es","@id":"https:\/\/www.eldiario.net\/portal\/#\/schema\/logo\/image\/","url":"https:\/\/www.eldiario.net\/portal\/wp-content\/uploads\/2023\/07\/logo_ED.jpg","contentUrl":"https:\/\/www.eldiario.net\/portal\/wp-content\/uploads\/2023\/07\/logo_ED.jpg","width":272,"height":52,"caption":"El Diario - Decano de la prensa nacional"},"image":{"@id":"https:\/\/www.eldiario.net\/portal\/#\/schema\/logo\/image\/"},"sameAs":["https:\/\/www.facebook.com\/eldiario.bolivia\/","https:\/\/x.com\/eldiario_net"]},{"@type":"Person","@id":"https:\/\/www.eldiario.net\/portal\/#\/schema\/person\/f46445640444750d7d753ccd04ae01b7","name":"Jeanette","image":{"@type":"ImageObject","inLanguage":"es","@id":"https:\/\/secure.gravatar.com\/avatar\/3ea2118a5f7dad2b7138b1187a6b7ee55f160b9968b66013c3a3ef39dd7e5798?s=96&d=mm&r=g","url":"https:\/\/secure.gravatar.com\/avatar\/3ea2118a5f7dad2b7138b1187a6b7ee55f160b9968b66013c3a3ef39dd7e5798?s=96&d=mm&r=g","contentUrl":"https:\/\/secure.gravatar.com\/avatar\/3ea2118a5f7dad2b7138b1187a6b7ee55f160b9968b66013c3a3ef39dd7e5798?s=96&d=mm&r=g","caption":"Jeanette"},"sameAs":["https:\/\/www.eldiario.net\/portal"],"url":"https:\/\/www.eldiario.net\/portal\/author\/jeanette\/"}]}},"_links":{"self":[{"href":"https:\/\/www.eldiario.net\/portal\/wp-json\/wp\/v2\/posts\/141566","targetHints":{"allow":["GET"]}}],"collection":[{"href":"https:\/\/www.eldiario.net\/portal\/wp-json\/wp\/v2\/posts"}],"about":[{"href":"https:\/\/www.eldiario.net\/portal\/wp-json\/wp\/v2\/types\/post"}],"author":[{"embeddable":true,"href":"https:\/\/www.eldiario.net\/portal\/wp-json\/wp\/v2\/users\/1"}],"replies":[{"embeddable":true,"href":"https:\/\/www.eldiario.net\/portal\/wp-json\/wp\/v2\/comments?post=141566"}],"version-history":[{"count":0,"href":"https:\/\/www.eldiario.net\/portal\/wp-json\/wp\/v2\/posts\/141566\/revisions"}],"wp:attachment":[{"href":"https:\/\/www.eldiario.net\/portal\/wp-json\/wp\/v2\/media?parent=141566"}],"wp:term":[{"taxonomy":"category","embeddable":true,"href":"https:\/\/www.eldiario.net\/portal\/wp-json\/wp\/v2\/categories?post=141566"},{"taxonomy":"post_tag","embeddable":true,"href":"https:\/\/www.eldiario.net\/portal\/wp-json\/wp\/v2\/tags?post=141566"}],"curies":[{"name":"wp","href":"https:\/\/api.w.org\/{rel}","templated":true}]}}