{"id":141563,"date":"2023-03-06T06:39:05","date_gmt":"2023-03-06T10:39:05","guid":{"rendered":"https:\/\/www.eldiario.net\/portal\/?p=141563"},"modified":"2023-03-06T06:39:05","modified_gmt":"2023-03-06T10:39:05","slug":"onu-logra-acuerdo-para-crear-primer-tratado-internacional","status":"publish","type":"post","link":"https:\/\/www.eldiario.net\/portal\/2023\/03\/06\/onu-logra-acuerdo-para-crear-primer-tratado-internacional\/","title":{"rendered":"ONU logra acuerdo para crear  primer tratado internacional"},"content":{"rendered":"<p>Los estados miembros de la ONU lograron un acuerdo para crear el primer tratado internacional de protecci\u00f3n de altamar, destinado a contrarrestar las amenazas que pesan en ecosistemas vitales para la humanidad.<br \/>\n\u201cEl barco lleg\u00f3 a la costa\u201d, anunci\u00f3 la presidenta de la conferencia, Rena Lee, en la sede de la Organizaci\u00f3n de las Naciones Unidas en Nueva York poco entre los aplausos de los delegados.<br \/>\nTras m\u00e1s de 15 a\u00f1os de discusiones, incluidos cuatro de conversaciones formales, la tercera sesi\u00f3n de negociaci\u00f3n en menos de un a\u00f1o, anunci\u00f3 el tan esperado consenso.<br \/>\nEl tratado es considerado esencial para conservar el 30% de la tierra y los oc\u00e9anos del mundo hacia 2030 como acordaron los gobiernos del globo en un acuerdo firmado en Montreal en diciembre. Actualmente apenas el 1% de la altamar est\u00e1 protegida.<br \/>\nTras dos semanas de intensas conversaciones en la sede de la ONU, incluida una marat\u00f3nica sesi\u00f3n nocturna entre el viernes y el s\u00e1bado, los delegados ultimaron un texto que no puede sufrir alteraciones significativas.<br \/>\nEl acuerdo se adoptar\u00e1 formalmente una vez que haya sido examinado por juristas y traducido a las seis lenguas oficiales de las Naciones Unidas, anunci\u00f3.<br \/>\nLa altamar comienza donde terminan las Zonas Econ\u00f3micas Exclusivas (ZEE) de los Estados, a un m\u00e1ximo de 370 km de la costa, por lo que no est\u00e1 bajo jurisdicci\u00f3n de ning\u00fan pa\u00eds.<br \/>\nPese a que representa m\u00e1s del 60% de los oc\u00e9anos y casi la mitad del planeta, la altamar fue ignorada durante mucho tiempo ya que la atenci\u00f3n se centr\u00f3 en las zonas costeras y las especies emblem\u00e1ticas.<br \/>\nCon los avances de la ciencia, se demostr\u00f3 la importancia de proteger todos estos oc\u00e9anos con una biodiversidad a menudo microsc\u00f3pica, que proporciona la mitad del ox\u00edgeno que respiramos y limita el calentamiento clim\u00e1tico al absorber una parte importante del CO2 que genera la actividad humana.<br \/>\nCuando el tratado entre en vigor luego de haber sido formalmente adoptado, firmado y ratificado por un n\u00famero suficiente de pa\u00edses, se podr\u00e1n crear zonas marinas protegidas en aguas internacionales.<br \/>\nEl tratado sobre la conservaci\u00f3n y la utilizaci\u00f3n sostenible de la biodiversidad marina de las zonas que no dependen de la jurisdicci\u00f3n nacional introduce tambi\u00e9n la obligaci\u00f3n de realizar estudios de impacto ambiental de las actividades que se vayan a realizar en la altamar.<br \/>\nLos pa\u00edses en desarrollo que no tienen los medios para financiar costosas expediciones e investigaciones lucharon para no ser excluidos del man\u00e1 que se espera con la posible comercializaci\u00f3n por empresas farmac\u00e9uticas o cosm\u00e9ticas de mol\u00e9culas milagrosas procedentes de estos organismos marinos que no pertenecen a nadie.<br \/>\nEn un anuncio percibido como un gesto para reforzar la confianza Norte-Sur, la Uni\u00f3n Europea prometi\u00f3 en Nueva York 40 millones de euros (42,4 millones de d\u00f3lares) para facilitar la ratificaci\u00f3n del tratado y su aplicaci\u00f3n inicial. (Infobae)<\/p>\n","protected":false},"excerpt":{"rendered":"<p>Los estados miembros de la ONU lograron un acuerdo para crear el primer tratado internacional de protecci\u00f3n de altamar, destinado a contrarrestar las amenazas que pesan en ecosistemas vitales para la humanidad. \u201cEl barco lleg\u00f3 a la costa\u201d, anunci\u00f3 la presidenta de la conferencia, Rena Lee, en la sede de la Organizaci\u00f3n de las Naciones [&hellip;]<\/p>\n","protected":false},"author":1,"featured_media":141564,"comment_status":"closed","ping_status":"closed","sticky":false,"template":"","format":"standard","meta":{"_acf_changed":false,"footnotes":""},"categories":[3],"tags":[],"class_list":["post-141563","post","type-post","status-publish","format-standard","has-post-thumbnail","category-internacional"],"acf":{"antetitulo":""},"yoast_head":"<!-- This site is optimized with the Yoast SEO plugin v28.4 - https:\/\/yoast.com\/product\/yoast-seo-wordpress\/ -->\n<title>ONU logra acuerdo para crear primer tratado internacional - El Diario - Bolivia<\/title>\n<meta name=\"robots\" content=\"index, follow, max-snippet:-1, max-image-preview:large, max-video-preview:-1\" \/>\n<link rel=\"canonical\" href=\"https:\/\/www.eldiario.net\/portal\/2023\/03\/06\/onu-logra-acuerdo-para-crear-primer-tratado-internacional\/\" \/>\n<meta property=\"og:locale\" content=\"es_ES\" \/>\n<meta property=\"og:type\" content=\"article\" \/>\n<meta property=\"og:title\" content=\"ONU logra acuerdo para crear primer tratado internacional - El Diario - Bolivia\" \/>\n<meta property=\"og:description\" content=\"Los estados miembros de la ONU lograron un acuerdo para crear el primer tratado internacional de protecci\u00f3n de altamar, destinado a contrarrestar las amenazas que pesan en ecosistemas vitales para la humanidad. \u201cEl barco lleg\u00f3 a la costa\u201d, anunci\u00f3 la presidenta de la conferencia, Rena Lee, en la sede de la Organizaci\u00f3n de las Naciones [&hellip;]\" \/>\n<meta property=\"og:url\" content=\"https:\/\/www.eldiario.net\/portal\/2023\/03\/06\/onu-logra-acuerdo-para-crear-primer-tratado-internacional\/\" \/>\n<meta property=\"og:site_name\" content=\"El Diario - Bolivia\" \/>\n<meta property=\"article:publisher\" content=\"https:\/\/www.facebook.com\/eldiario.bolivia\/\" \/>\n<meta property=\"article:published_time\" content=\"2023-03-06T10:39:05+00:00\" \/>\n<meta name=\"author\" content=\"Jeanette\" \/>\n<meta name=\"twitter:card\" content=\"summary_large_image\" \/>\n<meta name=\"twitter:creator\" content=\"@eldiario_net\" \/>\n<meta name=\"twitter:site\" content=\"@eldiario_net\" \/>\n<meta name=\"twitter:label1\" content=\"Escrito por\" \/>\n\t<meta name=\"twitter:data1\" content=\"Jeanette\" \/>\n\t<meta name=\"twitter:label2\" content=\"Tiempo de lectura\" \/>\n\t<meta name=\"twitter:data2\" content=\"3 minutos\" \/>\n<script type=\"application\/ld+json\" class=\"yoast-schema-graph\">{\"@context\":\"https:\\\/\\\/schema.org\",\"@graph\":[{\"@type\":\"Article\",\"@id\":\"https:\\\/\\\/www.eldiario.net\\\/portal\\\/2023\\\/03\\\/06\\\/onu-logra-acuerdo-para-crear-primer-tratado-internacional\\\/#article\",\"isPartOf\":{\"@id\":\"https:\\\/\\\/www.eldiario.net\\\/portal\\\/2023\\\/03\\\/06\\\/onu-logra-acuerdo-para-crear-primer-tratado-internacional\\\/\"},\"author\":{\"name\":\"Jeanette\",\"@id\":\"https:\\\/\\\/www.eldiario.net\\\/portal\\\/#\\\/schema\\\/person\\\/f46445640444750d7d753ccd04ae01b7\"},\"headline\":\"ONU logra acuerdo para crear primer tratado internacional\",\"datePublished\":\"2023-03-06T10:39:05+00:00\",\"mainEntityOfPage\":{\"@id\":\"https:\\\/\\\/www.eldiario.net\\\/portal\\\/2023\\\/03\\\/06\\\/onu-logra-acuerdo-para-crear-primer-tratado-internacional\\\/\"},\"wordCount\":509,\"publisher\":{\"@id\":\"https:\\\/\\\/www.eldiario.net\\\/portal\\\/#organization\"},\"image\":{\"@id\":\"https:\\\/\\\/www.eldiario.net\\\/portal\\\/2023\\\/03\\\/06\\\/onu-logra-acuerdo-para-crear-primer-tratado-internacional\\\/#primaryimage\"},\"thumbnailUrl\":\"\",\"articleSection\":[\"Internacional\"],\"inLanguage\":\"es\"},{\"@type\":\"WebPage\",\"@id\":\"https:\\\/\\\/www.eldiario.net\\\/portal\\\/2023\\\/03\\\/06\\\/onu-logra-acuerdo-para-crear-primer-tratado-internacional\\\/\",\"url\":\"https:\\\/\\\/www.eldiario.net\\\/portal\\\/2023\\\/03\\\/06\\\/onu-logra-acuerdo-para-crear-primer-tratado-internacional\\\/\",\"name\":\"ONU logra acuerdo para crear primer tratado internacional - El Diario - Bolivia\",\"isPartOf\":{\"@id\":\"https:\\\/\\\/www.eldiario.net\\\/portal\\\/#website\"},\"primaryImageOfPage\":{\"@id\":\"https:\\\/\\\/www.eldiario.net\\\/portal\\\/2023\\\/03\\\/06\\\/onu-logra-acuerdo-para-crear-primer-tratado-internacional\\\/#primaryimage\"},\"image\":{\"@id\":\"https:\\\/\\\/www.eldiario.net\\\/portal\\\/2023\\\/03\\\/06\\\/onu-logra-acuerdo-para-crear-primer-tratado-internacional\\\/#primaryimage\"},\"thumbnailUrl\":\"\",\"datePublished\":\"2023-03-06T10:39:05+00:00\",\"breadcrumb\":{\"@id\":\"https:\\\/\\\/www.eldiario.net\\\/portal\\\/2023\\\/03\\\/06\\\/onu-logra-acuerdo-para-crear-primer-tratado-internacional\\\/#breadcrumb\"},\"inLanguage\":\"es\",\"potentialAction\":[{\"@type\":\"ReadAction\",\"target\":[\"https:\\\/\\\/www.eldiario.net\\\/portal\\\/2023\\\/03\\\/06\\\/onu-logra-acuerdo-para-crear-primer-tratado-internacional\\\/\"]}]},{\"@type\":\"ImageObject\",\"inLanguage\":\"es\",\"@id\":\"https:\\\/\\\/www.eldiario.net\\\/portal\\\/2023\\\/03\\\/06\\\/onu-logra-acuerdo-para-crear-primer-tratado-internacional\\\/#primaryimage\",\"url\":\"\",\"contentUrl\":\"\"},{\"@type\":\"BreadcrumbList\",\"@id\":\"https:\\\/\\\/www.eldiario.net\\\/portal\\\/2023\\\/03\\\/06\\\/onu-logra-acuerdo-para-crear-primer-tratado-internacional\\\/#breadcrumb\",\"itemListElement\":[{\"@type\":\"ListItem\",\"position\":1,\"name\":\"Portada\",\"item\":\"https:\\\/\\\/www.eldiario.net\\\/portal\\\/\"},{\"@type\":\"ListItem\",\"position\":2,\"name\":\"ONU logra acuerdo para crear primer tratado internacional\"}]},{\"@type\":\"WebSite\",\"@id\":\"https:\\\/\\\/www.eldiario.net\\\/portal\\\/#website\",\"url\":\"https:\\\/\\\/www.eldiario.net\\\/portal\\\/\",\"name\":\"El Diario - Decano de la prensa nacional\",\"description\":\"El Diario - Decano de la prensa nacional\",\"publisher\":{\"@id\":\"https:\\\/\\\/www.eldiario.net\\\/portal\\\/#organization\"},\"potentialAction\":[{\"@type\":\"SearchAction\",\"target\":{\"@type\":\"EntryPoint\",\"urlTemplate\":\"https:\\\/\\\/www.eldiario.net\\\/portal\\\/?s={search_term_string}\"},\"query-input\":{\"@type\":\"PropertyValueSpecification\",\"valueRequired\":true,\"valueName\":\"search_term_string\"}}],\"inLanguage\":\"es\"},{\"@type\":\"Organization\",\"@id\":\"https:\\\/\\\/www.eldiario.net\\\/portal\\\/#organization\",\"name\":\"El Diario - Decano de la prensa nacional\",\"url\":\"https:\\\/\\\/www.eldiario.net\\\/portal\\\/\",\"logo\":{\"@type\":\"ImageObject\",\"inLanguage\":\"es\",\"@id\":\"https:\\\/\\\/www.eldiario.net\\\/portal\\\/#\\\/schema\\\/logo\\\/image\\\/\",\"url\":\"https:\\\/\\\/www.eldiario.net\\\/portal\\\/wp-content\\\/uploads\\\/2023\\\/07\\\/logo_ED.jpg\",\"contentUrl\":\"https:\\\/\\\/www.eldiario.net\\\/portal\\\/wp-content\\\/uploads\\\/2023\\\/07\\\/logo_ED.jpg\",\"width\":272,\"height\":52,\"caption\":\"El Diario - Decano de la prensa nacional\"},\"image\":{\"@id\":\"https:\\\/\\\/www.eldiario.net\\\/portal\\\/#\\\/schema\\\/logo\\\/image\\\/\"},\"sameAs\":[\"https:\\\/\\\/www.facebook.com\\\/eldiario.bolivia\\\/\",\"https:\\\/\\\/x.com\\\/eldiario_net\"]},{\"@type\":\"Person\",\"@id\":\"https:\\\/\\\/www.eldiario.net\\\/portal\\\/#\\\/schema\\\/person\\\/f46445640444750d7d753ccd04ae01b7\",\"name\":\"Jeanette\",\"image\":{\"@type\":\"ImageObject\",\"inLanguage\":\"es\",\"@id\":\"https:\\\/\\\/secure.gravatar.com\\\/avatar\\\/3ea2118a5f7dad2b7138b1187a6b7ee55f160b9968b66013c3a3ef39dd7e5798?s=96&d=mm&r=g\",\"url\":\"https:\\\/\\\/secure.gravatar.com\\\/avatar\\\/3ea2118a5f7dad2b7138b1187a6b7ee55f160b9968b66013c3a3ef39dd7e5798?s=96&d=mm&r=g\",\"contentUrl\":\"https:\\\/\\\/secure.gravatar.com\\\/avatar\\\/3ea2118a5f7dad2b7138b1187a6b7ee55f160b9968b66013c3a3ef39dd7e5798?s=96&d=mm&r=g\",\"caption\":\"Jeanette\"},\"sameAs\":[\"https:\\\/\\\/www.eldiario.net\\\/portal\"],\"url\":\"https:\\\/\\\/www.eldiario.net\\\/portal\\\/author\\\/jeanette\\\/\"}]}<\/script>\n<!-- \/ Yoast SEO plugin. -->","yoast_head_json":{"title":"ONU logra acuerdo para crear primer tratado internacional - El Diario - Bolivia","robots":{"index":"index","follow":"follow","max-snippet":"max-snippet:-1","max-image-preview":"max-image-preview:large","max-video-preview":"max-video-preview:-1"},"canonical":"https:\/\/www.eldiario.net\/portal\/2023\/03\/06\/onu-logra-acuerdo-para-crear-primer-tratado-internacional\/","og_locale":"es_ES","og_type":"article","og_title":"ONU logra acuerdo para crear primer tratado internacional - El Diario - Bolivia","og_description":"Los estados miembros de la ONU lograron un acuerdo para crear el primer tratado internacional de protecci\u00f3n de altamar, destinado a contrarrestar las amenazas que pesan en ecosistemas vitales para la humanidad. \u201cEl barco lleg\u00f3 a la costa\u201d, anunci\u00f3 la presidenta de la conferencia, Rena Lee, en la sede de la Organizaci\u00f3n de las Naciones [&hellip;]","og_url":"https:\/\/www.eldiario.net\/portal\/2023\/03\/06\/onu-logra-acuerdo-para-crear-primer-tratado-internacional\/","og_site_name":"El Diario - Bolivia","article_publisher":"https:\/\/www.facebook.com\/eldiario.bolivia\/","article_published_time":"2023-03-06T10:39:05+00:00","author":"Jeanette","twitter_card":"summary_large_image","twitter_creator":"@eldiario_net","twitter_site":"@eldiario_net","twitter_misc":{"Escrito por":"Jeanette","Tiempo de lectura":"3 minutos"},"schema":{"@context":"https:\/\/schema.org","@graph":[{"@type":"Article","@id":"https:\/\/www.eldiario.net\/portal\/2023\/03\/06\/onu-logra-acuerdo-para-crear-primer-tratado-internacional\/#article","isPartOf":{"@id":"https:\/\/www.eldiario.net\/portal\/2023\/03\/06\/onu-logra-acuerdo-para-crear-primer-tratado-internacional\/"},"author":{"name":"Jeanette","@id":"https:\/\/www.eldiario.net\/portal\/#\/schema\/person\/f46445640444750d7d753ccd04ae01b7"},"headline":"ONU logra acuerdo para crear primer tratado internacional","datePublished":"2023-03-06T10:39:05+00:00","mainEntityOfPage":{"@id":"https:\/\/www.eldiario.net\/portal\/2023\/03\/06\/onu-logra-acuerdo-para-crear-primer-tratado-internacional\/"},"wordCount":509,"publisher":{"@id":"https:\/\/www.eldiario.net\/portal\/#organization"},"image":{"@id":"https:\/\/www.eldiario.net\/portal\/2023\/03\/06\/onu-logra-acuerdo-para-crear-primer-tratado-internacional\/#primaryimage"},"thumbnailUrl":"","articleSection":["Internacional"],"inLanguage":"es"},{"@type":"WebPage","@id":"https:\/\/www.eldiario.net\/portal\/2023\/03\/06\/onu-logra-acuerdo-para-crear-primer-tratado-internacional\/","url":"https:\/\/www.eldiario.net\/portal\/2023\/03\/06\/onu-logra-acuerdo-para-crear-primer-tratado-internacional\/","name":"ONU logra acuerdo para crear primer tratado internacional - El Diario - Bolivia","isPartOf":{"@id":"https:\/\/www.eldiario.net\/portal\/#website"},"primaryImageOfPage":{"@id":"https:\/\/www.eldiario.net\/portal\/2023\/03\/06\/onu-logra-acuerdo-para-crear-primer-tratado-internacional\/#primaryimage"},"image":{"@id":"https:\/\/www.eldiario.net\/portal\/2023\/03\/06\/onu-logra-acuerdo-para-crear-primer-tratado-internacional\/#primaryimage"},"thumbnailUrl":"","datePublished":"2023-03-06T10:39:05+00:00","breadcrumb":{"@id":"https:\/\/www.eldiario.net\/portal\/2023\/03\/06\/onu-logra-acuerdo-para-crear-primer-tratado-internacional\/#breadcrumb"},"inLanguage":"es","potentialAction":[{"@type":"ReadAction","target":["https:\/\/www.eldiario.net\/portal\/2023\/03\/06\/onu-logra-acuerdo-para-crear-primer-tratado-internacional\/"]}]},{"@type":"ImageObject","inLanguage":"es","@id":"https:\/\/www.eldiario.net\/portal\/2023\/03\/06\/onu-logra-acuerdo-para-crear-primer-tratado-internacional\/#primaryimage","url":"","contentUrl":""},{"@type":"BreadcrumbList","@id":"https:\/\/www.eldiario.net\/portal\/2023\/03\/06\/onu-logra-acuerdo-para-crear-primer-tratado-internacional\/#breadcrumb","itemListElement":[{"@type":"ListItem","position":1,"name":"Portada","item":"https:\/\/www.eldiario.net\/portal\/"},{"@type":"ListItem","position":2,"name":"ONU logra acuerdo para crear primer tratado internacional"}]},{"@type":"WebSite","@id":"https:\/\/www.eldiario.net\/portal\/#website","url":"https:\/\/www.eldiario.net\/portal\/","name":"El Diario - Decano de la prensa nacional","description":"El Diario - Decano de la prensa nacional","publisher":{"@id":"https:\/\/www.eldiario.net\/portal\/#organization"},"potentialAction":[{"@type":"SearchAction","target":{"@type":"EntryPoint","urlTemplate":"https:\/\/www.eldiario.net\/portal\/?s={search_term_string}"},"query-input":{"@type":"PropertyValueSpecification","valueRequired":true,"valueName":"search_term_string"}}],"inLanguage":"es"},{"@type":"Organization","@id":"https:\/\/www.eldiario.net\/portal\/#organization","name":"El Diario - Decano de la prensa nacional","url":"https:\/\/www.eldiario.net\/portal\/","logo":{"@type":"ImageObject","inLanguage":"es","@id":"https:\/\/www.eldiario.net\/portal\/#\/schema\/logo\/image\/","url":"https:\/\/www.eldiario.net\/portal\/wp-content\/uploads\/2023\/07\/logo_ED.jpg","contentUrl":"https:\/\/www.eldiario.net\/portal\/wp-content\/uploads\/2023\/07\/logo_ED.jpg","width":272,"height":52,"caption":"El Diario - Decano de la prensa nacional"},"image":{"@id":"https:\/\/www.eldiario.net\/portal\/#\/schema\/logo\/image\/"},"sameAs":["https:\/\/www.facebook.com\/eldiario.bolivia\/","https:\/\/x.com\/eldiario_net"]},{"@type":"Person","@id":"https:\/\/www.eldiario.net\/portal\/#\/schema\/person\/f46445640444750d7d753ccd04ae01b7","name":"Jeanette","image":{"@type":"ImageObject","inLanguage":"es","@id":"https:\/\/secure.gravatar.com\/avatar\/3ea2118a5f7dad2b7138b1187a6b7ee55f160b9968b66013c3a3ef39dd7e5798?s=96&d=mm&r=g","url":"https:\/\/secure.gravatar.com\/avatar\/3ea2118a5f7dad2b7138b1187a6b7ee55f160b9968b66013c3a3ef39dd7e5798?s=96&d=mm&r=g","contentUrl":"https:\/\/secure.gravatar.com\/avatar\/3ea2118a5f7dad2b7138b1187a6b7ee55f160b9968b66013c3a3ef39dd7e5798?s=96&d=mm&r=g","caption":"Jeanette"},"sameAs":["https:\/\/www.eldiario.net\/portal"],"url":"https:\/\/www.eldiario.net\/portal\/author\/jeanette\/"}]}},"_links":{"self":[{"href":"https:\/\/www.eldiario.net\/portal\/wp-json\/wp\/v2\/posts\/141563","targetHints":{"allow":["GET"]}}],"collection":[{"href":"https:\/\/www.eldiario.net\/portal\/wp-json\/wp\/v2\/posts"}],"about":[{"href":"https:\/\/www.eldiario.net\/portal\/wp-json\/wp\/v2\/types\/post"}],"author":[{"embeddable":true,"href":"https:\/\/www.eldiario.net\/portal\/wp-json\/wp\/v2\/users\/1"}],"replies":[{"embeddable":true,"href":"https:\/\/www.eldiario.net\/portal\/wp-json\/wp\/v2\/comments?post=141563"}],"version-history":[{"count":0,"href":"https:\/\/www.eldiario.net\/portal\/wp-json\/wp\/v2\/posts\/141563\/revisions"}],"wp:attachment":[{"href":"https:\/\/www.eldiario.net\/portal\/wp-json\/wp\/v2\/media?parent=141563"}],"wp:term":[{"taxonomy":"category","embeddable":true,"href":"https:\/\/www.eldiario.net\/portal\/wp-json\/wp\/v2\/categories?post=141563"},{"taxonomy":"post_tag","embeddable":true,"href":"https:\/\/www.eldiario.net\/portal\/wp-json\/wp\/v2\/tags?post=141563"}],"curies":[{"name":"wp","href":"https:\/\/api.w.org\/{rel}","templated":true}]}}