{"id":141560,"date":"2023-03-06T06:38:01","date_gmt":"2023-03-06T10:38:01","guid":{"rendered":"https:\/\/www.eldiario.net\/portal\/?p=141560"},"modified":"2023-03-06T06:38:01","modified_gmt":"2023-03-06T10:38:01","slug":"disturbios-entre-policias-y-manifestantes-tras-protesta","status":"publish","type":"post","link":"https:\/\/www.eldiario.net\/portal\/2023\/03\/06\/disturbios-entre-policias-y-manifestantes-tras-protesta\/","title":{"rendered":"Disturbios entre polic\u00edas y  manifestantes tras protesta"},"content":{"rendered":"<p>Polic\u00edas y manifestantes protagonizaron ayer enfrentamientos durante una manifestaci\u00f3n de protesta por la respuesta de las autoridades al accidente de tren de Tempi del 28 de febrero, en el que murieron 57 personas.<br \/>\nM\u00e1s de 10.000 personas secundaron la convocatoria de los sindicatos ferroviarios, a los que se sumaron otras organizaciones sindicales, partidos pol\u00edticos y colectivos.<br \/>\nPoco despu\u00e9s del mediod\u00eda un grupo de personas lanzaron c\u00f3cteles molotov, bengalas y piedras contra los polic\u00edas en la plaza Sintagma del centro de la capital griega. Los agentes respondieron con gases y granadas aturdidoras.<br \/>\nLos incidentes se extendieron a la calle Panepistimi, donde los manifestantes prendieron fuego a maquinaria de construcci\u00f3n y da\u00f1aron varias marquesinas de paradas de autob\u00fas, informa la emisora Athena 98.4 FM.<br \/>\nM\u00e1s tarde en la plaza Omonia los agentes emplearon de nuevo gases contra los manifestantes, que se retiraron a la calle Pireo y la calle S\u00f3crates. Posteriormente unas 300 personas se concentraron frente a la sede del Parlamento, de nuevo en la plaza, ya sin mayores incidentes.<br \/>\nDISCULPAS DEL PRIMER MINISTRO<br \/>\nMientras, el primer ministro, Kyriakos Mitsotakis, public\u00f3 un mensaje en redes sociales para pedir disculpas por lo ocurrido en el accidente ferroviario.<br \/>\nMitsotakis subray\u00f3 que habr\u00e1 una investigaci\u00f3n judicial r\u00e1pida para esclarecer las responsabilidades y adelant\u00f3 que el Ministerio responsable anunciar\u00e1 nuevas medidas en cuesti\u00f3n de d\u00edas para mejorar la seguridad de los ferrocarriles.<br \/>\nA nivel pol\u00edtico se\u00f1al\u00f3 a la creaci\u00f3n de una comisi\u00f3n de investigaci\u00f3n en el Parlamento que examine \u201ctodo lo que ha pasado en los trenes griegos en los \u00faltimos 20 a\u00f1os\u201d.<br \/>\nEl dirigente aprovech\u00f3 para destacar la \u201cotra Grecia\u201d que representan los trabajadores de emergencia, los sanitarios que respondieron desde el primer momento al accidente. \u201cTambi\u00e9n vemos la cara de esa Grecia mejor en los pasajeros que arriesgaron la vida para salvar a otros pasajeros, en las griegas y los griegos que se apresuraron a donar sangre y en los j\u00f3venes que protestaron silenciosa y pac\u00edficamente con velas\u201d, argument\u00f3. (Europa Press).<\/p>\n","protected":false},"excerpt":{"rendered":"<p>Polic\u00edas y manifestantes protagonizaron ayer enfrentamientos durante una manifestaci\u00f3n de protesta por la respuesta de las autoridades al accidente de tren de Tempi del 28 de febrero, en el que murieron 57 personas. M\u00e1s de 10.000 personas secundaron la convocatoria de los sindicatos ferroviarios, a los que se sumaron otras organizaciones sindicales, partidos pol\u00edticos y [&hellip;]<\/p>\n","protected":false},"author":1,"featured_media":141561,"comment_status":"closed","ping_status":"closed","sticky":false,"template":"","format":"standard","meta":{"_acf_changed":false,"footnotes":""},"categories":[3],"tags":[],"class_list":["post-141560","post","type-post","status-publish","format-standard","has-post-thumbnail","category-internacional"],"acf":{"antetitulo":""},"yoast_head":"<!-- This site is optimized with the Yoast SEO plugin v28.4 - https:\/\/yoast.com\/product\/yoast-seo-wordpress\/ -->\n<title>Disturbios entre polic\u00edas y manifestantes tras protesta - El Diario - Bolivia<\/title>\n<meta name=\"robots\" content=\"index, follow, max-snippet:-1, max-image-preview:large, max-video-preview:-1\" \/>\n<link rel=\"canonical\" href=\"https:\/\/www.eldiario.net\/portal\/2023\/03\/06\/disturbios-entre-policias-y-manifestantes-tras-protesta\/\" \/>\n<meta property=\"og:locale\" content=\"es_ES\" \/>\n<meta property=\"og:type\" content=\"article\" \/>\n<meta property=\"og:title\" content=\"Disturbios entre polic\u00edas y manifestantes tras protesta - El Diario - Bolivia\" \/>\n<meta property=\"og:description\" content=\"Polic\u00edas y manifestantes protagonizaron ayer enfrentamientos durante una manifestaci\u00f3n de protesta por la respuesta de las autoridades al accidente de tren de Tempi del 28 de febrero, en el que murieron 57 personas. M\u00e1s de 10.000 personas secundaron la convocatoria de los sindicatos ferroviarios, a los que se sumaron otras organizaciones sindicales, partidos pol\u00edticos y [&hellip;]\" \/>\n<meta property=\"og:url\" content=\"https:\/\/www.eldiario.net\/portal\/2023\/03\/06\/disturbios-entre-policias-y-manifestantes-tras-protesta\/\" \/>\n<meta property=\"og:site_name\" content=\"El Diario - Bolivia\" \/>\n<meta property=\"article:publisher\" content=\"https:\/\/www.facebook.com\/eldiario.bolivia\/\" \/>\n<meta property=\"article:published_time\" content=\"2023-03-06T10:38:01+00:00\" \/>\n<meta name=\"author\" content=\"Jeanette\" \/>\n<meta name=\"twitter:card\" content=\"summary_large_image\" \/>\n<meta name=\"twitter:creator\" content=\"@eldiario_net\" \/>\n<meta name=\"twitter:site\" content=\"@eldiario_net\" \/>\n<meta name=\"twitter:label1\" content=\"Escrito por\" \/>\n\t<meta name=\"twitter:data1\" content=\"Jeanette\" \/>\n\t<meta name=\"twitter:label2\" content=\"Tiempo de lectura\" \/>\n\t<meta name=\"twitter:data2\" content=\"2 minutos\" \/>\n<script type=\"application\/ld+json\" class=\"yoast-schema-graph\">{\"@context\":\"https:\\\/\\\/schema.org\",\"@graph\":[{\"@type\":\"Article\",\"@id\":\"https:\\\/\\\/www.eldiario.net\\\/portal\\\/2023\\\/03\\\/06\\\/disturbios-entre-policias-y-manifestantes-tras-protesta\\\/#article\",\"isPartOf\":{\"@id\":\"https:\\\/\\\/www.eldiario.net\\\/portal\\\/2023\\\/03\\\/06\\\/disturbios-entre-policias-y-manifestantes-tras-protesta\\\/\"},\"author\":{\"name\":\"Jeanette\",\"@id\":\"https:\\\/\\\/www.eldiario.net\\\/portal\\\/#\\\/schema\\\/person\\\/f46445640444750d7d753ccd04ae01b7\"},\"headline\":\"Disturbios entre polic\u00edas y manifestantes tras protesta\",\"datePublished\":\"2023-03-06T10:38:01+00:00\",\"mainEntityOfPage\":{\"@id\":\"https:\\\/\\\/www.eldiario.net\\\/portal\\\/2023\\\/03\\\/06\\\/disturbios-entre-policias-y-manifestantes-tras-protesta\\\/\"},\"wordCount\":356,\"publisher\":{\"@id\":\"https:\\\/\\\/www.eldiario.net\\\/portal\\\/#organization\"},\"image\":{\"@id\":\"https:\\\/\\\/www.eldiario.net\\\/portal\\\/2023\\\/03\\\/06\\\/disturbios-entre-policias-y-manifestantes-tras-protesta\\\/#primaryimage\"},\"thumbnailUrl\":\"\",\"articleSection\":[\"Internacional\"],\"inLanguage\":\"es\"},{\"@type\":\"WebPage\",\"@id\":\"https:\\\/\\\/www.eldiario.net\\\/portal\\\/2023\\\/03\\\/06\\\/disturbios-entre-policias-y-manifestantes-tras-protesta\\\/\",\"url\":\"https:\\\/\\\/www.eldiario.net\\\/portal\\\/2023\\\/03\\\/06\\\/disturbios-entre-policias-y-manifestantes-tras-protesta\\\/\",\"name\":\"Disturbios entre polic\u00edas y manifestantes tras protesta - El Diario - Bolivia\",\"isPartOf\":{\"@id\":\"https:\\\/\\\/www.eldiario.net\\\/portal\\\/#website\"},\"primaryImageOfPage\":{\"@id\":\"https:\\\/\\\/www.eldiario.net\\\/portal\\\/2023\\\/03\\\/06\\\/disturbios-entre-policias-y-manifestantes-tras-protesta\\\/#primaryimage\"},\"image\":{\"@id\":\"https:\\\/\\\/www.eldiario.net\\\/portal\\\/2023\\\/03\\\/06\\\/disturbios-entre-policias-y-manifestantes-tras-protesta\\\/#primaryimage\"},\"thumbnailUrl\":\"\",\"datePublished\":\"2023-03-06T10:38:01+00:00\",\"breadcrumb\":{\"@id\":\"https:\\\/\\\/www.eldiario.net\\\/portal\\\/2023\\\/03\\\/06\\\/disturbios-entre-policias-y-manifestantes-tras-protesta\\\/#breadcrumb\"},\"inLanguage\":\"es\",\"potentialAction\":[{\"@type\":\"ReadAction\",\"target\":[\"https:\\\/\\\/www.eldiario.net\\\/portal\\\/2023\\\/03\\\/06\\\/disturbios-entre-policias-y-manifestantes-tras-protesta\\\/\"]}]},{\"@type\":\"ImageObject\",\"inLanguage\":\"es\",\"@id\":\"https:\\\/\\\/www.eldiario.net\\\/portal\\\/2023\\\/03\\\/06\\\/disturbios-entre-policias-y-manifestantes-tras-protesta\\\/#primaryimage\",\"url\":\"\",\"contentUrl\":\"\"},{\"@type\":\"BreadcrumbList\",\"@id\":\"https:\\\/\\\/www.eldiario.net\\\/portal\\\/2023\\\/03\\\/06\\\/disturbios-entre-policias-y-manifestantes-tras-protesta\\\/#breadcrumb\",\"itemListElement\":[{\"@type\":\"ListItem\",\"position\":1,\"name\":\"Portada\",\"item\":\"https:\\\/\\\/www.eldiario.net\\\/portal\\\/\"},{\"@type\":\"ListItem\",\"position\":2,\"name\":\"Disturbios entre polic\u00edas y manifestantes tras protesta\"}]},{\"@type\":\"WebSite\",\"@id\":\"https:\\\/\\\/www.eldiario.net\\\/portal\\\/#website\",\"url\":\"https:\\\/\\\/www.eldiario.net\\\/portal\\\/\",\"name\":\"El Diario - Decano de la prensa nacional\",\"description\":\"El Diario - Decano de la prensa nacional\",\"publisher\":{\"@id\":\"https:\\\/\\\/www.eldiario.net\\\/portal\\\/#organization\"},\"potentialAction\":[{\"@type\":\"SearchAction\",\"target\":{\"@type\":\"EntryPoint\",\"urlTemplate\":\"https:\\\/\\\/www.eldiario.net\\\/portal\\\/?s={search_term_string}\"},\"query-input\":{\"@type\":\"PropertyValueSpecification\",\"valueRequired\":true,\"valueName\":\"search_term_string\"}}],\"inLanguage\":\"es\"},{\"@type\":\"Organization\",\"@id\":\"https:\\\/\\\/www.eldiario.net\\\/portal\\\/#organization\",\"name\":\"El Diario - Decano de la prensa nacional\",\"url\":\"https:\\\/\\\/www.eldiario.net\\\/portal\\\/\",\"logo\":{\"@type\":\"ImageObject\",\"inLanguage\":\"es\",\"@id\":\"https:\\\/\\\/www.eldiario.net\\\/portal\\\/#\\\/schema\\\/logo\\\/image\\\/\",\"url\":\"https:\\\/\\\/www.eldiario.net\\\/portal\\\/wp-content\\\/uploads\\\/2023\\\/07\\\/logo_ED.jpg\",\"contentUrl\":\"https:\\\/\\\/www.eldiario.net\\\/portal\\\/wp-content\\\/uploads\\\/2023\\\/07\\\/logo_ED.jpg\",\"width\":272,\"height\":52,\"caption\":\"El Diario - Decano de la prensa nacional\"},\"image\":{\"@id\":\"https:\\\/\\\/www.eldiario.net\\\/portal\\\/#\\\/schema\\\/logo\\\/image\\\/\"},\"sameAs\":[\"https:\\\/\\\/www.facebook.com\\\/eldiario.bolivia\\\/\",\"https:\\\/\\\/x.com\\\/eldiario_net\"]},{\"@type\":\"Person\",\"@id\":\"https:\\\/\\\/www.eldiario.net\\\/portal\\\/#\\\/schema\\\/person\\\/f46445640444750d7d753ccd04ae01b7\",\"name\":\"Jeanette\",\"image\":{\"@type\":\"ImageObject\",\"inLanguage\":\"es\",\"@id\":\"https:\\\/\\\/secure.gravatar.com\\\/avatar\\\/3ea2118a5f7dad2b7138b1187a6b7ee55f160b9968b66013c3a3ef39dd7e5798?s=96&d=mm&r=g\",\"url\":\"https:\\\/\\\/secure.gravatar.com\\\/avatar\\\/3ea2118a5f7dad2b7138b1187a6b7ee55f160b9968b66013c3a3ef39dd7e5798?s=96&d=mm&r=g\",\"contentUrl\":\"https:\\\/\\\/secure.gravatar.com\\\/avatar\\\/3ea2118a5f7dad2b7138b1187a6b7ee55f160b9968b66013c3a3ef39dd7e5798?s=96&d=mm&r=g\",\"caption\":\"Jeanette\"},\"sameAs\":[\"https:\\\/\\\/www.eldiario.net\\\/portal\"],\"url\":\"https:\\\/\\\/www.eldiario.net\\\/portal\\\/author\\\/jeanette\\\/\"}]}<\/script>\n<!-- \/ Yoast SEO plugin. -->","yoast_head_json":{"title":"Disturbios entre polic\u00edas y manifestantes tras protesta - El Diario - Bolivia","robots":{"index":"index","follow":"follow","max-snippet":"max-snippet:-1","max-image-preview":"max-image-preview:large","max-video-preview":"max-video-preview:-1"},"canonical":"https:\/\/www.eldiario.net\/portal\/2023\/03\/06\/disturbios-entre-policias-y-manifestantes-tras-protesta\/","og_locale":"es_ES","og_type":"article","og_title":"Disturbios entre polic\u00edas y manifestantes tras protesta - El Diario - Bolivia","og_description":"Polic\u00edas y manifestantes protagonizaron ayer enfrentamientos durante una manifestaci\u00f3n de protesta por la respuesta de las autoridades al accidente de tren de Tempi del 28 de febrero, en el que murieron 57 personas. M\u00e1s de 10.000 personas secundaron la convocatoria de los sindicatos ferroviarios, a los que se sumaron otras organizaciones sindicales, partidos pol\u00edticos y [&hellip;]","og_url":"https:\/\/www.eldiario.net\/portal\/2023\/03\/06\/disturbios-entre-policias-y-manifestantes-tras-protesta\/","og_site_name":"El Diario - Bolivia","article_publisher":"https:\/\/www.facebook.com\/eldiario.bolivia\/","article_published_time":"2023-03-06T10:38:01+00:00","author":"Jeanette","twitter_card":"summary_large_image","twitter_creator":"@eldiario_net","twitter_site":"@eldiario_net","twitter_misc":{"Escrito por":"Jeanette","Tiempo de lectura":"2 minutos"},"schema":{"@context":"https:\/\/schema.org","@graph":[{"@type":"Article","@id":"https:\/\/www.eldiario.net\/portal\/2023\/03\/06\/disturbios-entre-policias-y-manifestantes-tras-protesta\/#article","isPartOf":{"@id":"https:\/\/www.eldiario.net\/portal\/2023\/03\/06\/disturbios-entre-policias-y-manifestantes-tras-protesta\/"},"author":{"name":"Jeanette","@id":"https:\/\/www.eldiario.net\/portal\/#\/schema\/person\/f46445640444750d7d753ccd04ae01b7"},"headline":"Disturbios entre polic\u00edas y manifestantes tras protesta","datePublished":"2023-03-06T10:38:01+00:00","mainEntityOfPage":{"@id":"https:\/\/www.eldiario.net\/portal\/2023\/03\/06\/disturbios-entre-policias-y-manifestantes-tras-protesta\/"},"wordCount":356,"publisher":{"@id":"https:\/\/www.eldiario.net\/portal\/#organization"},"image":{"@id":"https:\/\/www.eldiario.net\/portal\/2023\/03\/06\/disturbios-entre-policias-y-manifestantes-tras-protesta\/#primaryimage"},"thumbnailUrl":"","articleSection":["Internacional"],"inLanguage":"es"},{"@type":"WebPage","@id":"https:\/\/www.eldiario.net\/portal\/2023\/03\/06\/disturbios-entre-policias-y-manifestantes-tras-protesta\/","url":"https:\/\/www.eldiario.net\/portal\/2023\/03\/06\/disturbios-entre-policias-y-manifestantes-tras-protesta\/","name":"Disturbios entre polic\u00edas y manifestantes tras protesta - El Diario - Bolivia","isPartOf":{"@id":"https:\/\/www.eldiario.net\/portal\/#website"},"primaryImageOfPage":{"@id":"https:\/\/www.eldiario.net\/portal\/2023\/03\/06\/disturbios-entre-policias-y-manifestantes-tras-protesta\/#primaryimage"},"image":{"@id":"https:\/\/www.eldiario.net\/portal\/2023\/03\/06\/disturbios-entre-policias-y-manifestantes-tras-protesta\/#primaryimage"},"thumbnailUrl":"","datePublished":"2023-03-06T10:38:01+00:00","breadcrumb":{"@id":"https:\/\/www.eldiario.net\/portal\/2023\/03\/06\/disturbios-entre-policias-y-manifestantes-tras-protesta\/#breadcrumb"},"inLanguage":"es","potentialAction":[{"@type":"ReadAction","target":["https:\/\/www.eldiario.net\/portal\/2023\/03\/06\/disturbios-entre-policias-y-manifestantes-tras-protesta\/"]}]},{"@type":"ImageObject","inLanguage":"es","@id":"https:\/\/www.eldiario.net\/portal\/2023\/03\/06\/disturbios-entre-policias-y-manifestantes-tras-protesta\/#primaryimage","url":"","contentUrl":""},{"@type":"BreadcrumbList","@id":"https:\/\/www.eldiario.net\/portal\/2023\/03\/06\/disturbios-entre-policias-y-manifestantes-tras-protesta\/#breadcrumb","itemListElement":[{"@type":"ListItem","position":1,"name":"Portada","item":"https:\/\/www.eldiario.net\/portal\/"},{"@type":"ListItem","position":2,"name":"Disturbios entre polic\u00edas y manifestantes tras protesta"}]},{"@type":"WebSite","@id":"https:\/\/www.eldiario.net\/portal\/#website","url":"https:\/\/www.eldiario.net\/portal\/","name":"El Diario - Decano de la prensa nacional","description":"El Diario - Decano de la prensa nacional","publisher":{"@id":"https:\/\/www.eldiario.net\/portal\/#organization"},"potentialAction":[{"@type":"SearchAction","target":{"@type":"EntryPoint","urlTemplate":"https:\/\/www.eldiario.net\/portal\/?s={search_term_string}"},"query-input":{"@type":"PropertyValueSpecification","valueRequired":true,"valueName":"search_term_string"}}],"inLanguage":"es"},{"@type":"Organization","@id":"https:\/\/www.eldiario.net\/portal\/#organization","name":"El Diario - Decano de la prensa nacional","url":"https:\/\/www.eldiario.net\/portal\/","logo":{"@type":"ImageObject","inLanguage":"es","@id":"https:\/\/www.eldiario.net\/portal\/#\/schema\/logo\/image\/","url":"https:\/\/www.eldiario.net\/portal\/wp-content\/uploads\/2023\/07\/logo_ED.jpg","contentUrl":"https:\/\/www.eldiario.net\/portal\/wp-content\/uploads\/2023\/07\/logo_ED.jpg","width":272,"height":52,"caption":"El Diario - Decano de la prensa nacional"},"image":{"@id":"https:\/\/www.eldiario.net\/portal\/#\/schema\/logo\/image\/"},"sameAs":["https:\/\/www.facebook.com\/eldiario.bolivia\/","https:\/\/x.com\/eldiario_net"]},{"@type":"Person","@id":"https:\/\/www.eldiario.net\/portal\/#\/schema\/person\/f46445640444750d7d753ccd04ae01b7","name":"Jeanette","image":{"@type":"ImageObject","inLanguage":"es","@id":"https:\/\/secure.gravatar.com\/avatar\/3ea2118a5f7dad2b7138b1187a6b7ee55f160b9968b66013c3a3ef39dd7e5798?s=96&d=mm&r=g","url":"https:\/\/secure.gravatar.com\/avatar\/3ea2118a5f7dad2b7138b1187a6b7ee55f160b9968b66013c3a3ef39dd7e5798?s=96&d=mm&r=g","contentUrl":"https:\/\/secure.gravatar.com\/avatar\/3ea2118a5f7dad2b7138b1187a6b7ee55f160b9968b66013c3a3ef39dd7e5798?s=96&d=mm&r=g","caption":"Jeanette"},"sameAs":["https:\/\/www.eldiario.net\/portal"],"url":"https:\/\/www.eldiario.net\/portal\/author\/jeanette\/"}]}},"_links":{"self":[{"href":"https:\/\/www.eldiario.net\/portal\/wp-json\/wp\/v2\/posts\/141560","targetHints":{"allow":["GET"]}}],"collection":[{"href":"https:\/\/www.eldiario.net\/portal\/wp-json\/wp\/v2\/posts"}],"about":[{"href":"https:\/\/www.eldiario.net\/portal\/wp-json\/wp\/v2\/types\/post"}],"author":[{"embeddable":true,"href":"https:\/\/www.eldiario.net\/portal\/wp-json\/wp\/v2\/users\/1"}],"replies":[{"embeddable":true,"href":"https:\/\/www.eldiario.net\/portal\/wp-json\/wp\/v2\/comments?post=141560"}],"version-history":[{"count":0,"href":"https:\/\/www.eldiario.net\/portal\/wp-json\/wp\/v2\/posts\/141560\/revisions"}],"wp:attachment":[{"href":"https:\/\/www.eldiario.net\/portal\/wp-json\/wp\/v2\/media?parent=141560"}],"wp:term":[{"taxonomy":"category","embeddable":true,"href":"https:\/\/www.eldiario.net\/portal\/wp-json\/wp\/v2\/categories?post=141560"},{"taxonomy":"post_tag","embeddable":true,"href":"https:\/\/www.eldiario.net\/portal\/wp-json\/wp\/v2\/tags?post=141560"}],"curies":[{"name":"wp","href":"https:\/\/api.w.org\/{rel}","templated":true}]}}