{"id":141558,"date":"2023-03-06T06:35:58","date_gmt":"2023-03-06T10:35:58","guid":{"rendered":"https:\/\/www.eldiario.net\/portal\/?p=141558"},"modified":"2023-03-06T06:35:58","modified_gmt":"2023-03-06T10:35:58","slug":"condenan-visita-ilegal-del-jefe-del-estado-mayor-conjunto-de-eeuu","status":"publish","type":"post","link":"https:\/\/www.eldiario.net\/portal\/2023\/03\/06\/condenan-visita-ilegal-del-jefe-del-estado-mayor-conjunto-de-eeuu\/","title":{"rendered":"Condenan visita ilegal del jefe del  Estado Mayor Conjunto de EEUU"},"content":{"rendered":"<p>El Gobierno sirio expres\u00f3 ayer su condena por la visita ilegal del jefe del Estado Mayor Conjunto de Estados Unidos, Mark Milley, a una base estadounidense ubicada en el noreste del pa\u00eds.<br \/>\n\u201cSiria condena en\u00e9rgicamente la visita ilegal del Jefe del Estado Mayor de Estados Unidos a una base militar ilegal estadounidense en el noreste de Siria y afirma que es una violaci\u00f3n flagrante de su soberan\u00eda, santidad e integridad territorial\u201d, apunt\u00f3 el Ministerio de Asuntos Exteriores sirio en un comunicado.<br \/>\nDamasco se\u00f1al\u00f3 que supuestamente la visita era para evaluar la eficacia de la guerra contra el Estado Isl\u00e1mico, pero argument\u00f3 que \u201ccomo la comunidad internacional sabe bien, el Estado Isl\u00e1mico es una filial de los servicios secretos estadounidense\u201d.<br \/>\nEsta fuente record\u00f3 adem\u00e1s que en los \u00faltimos d\u00edas fallecieron m\u00e1s de 60 civiles en acciones del grupo yihadista a plena vista de las fuerzas estadounidenses invasoras presentes en el noreste de Siria.<br \/>\nPor otro lado denunci\u00f3 el apoyo estadounidense a milicias terroristas y separatistas, en referencia a las milicias kurdo-\u00e1rabes de las Fuerzas Democr\u00e1ticas Sirias (FDS).<br \/>\nMilley realiz\u00f3 su primera visita a Siria desde su nombramiento como m\u00e1ximo responsable militar de las Fuerzas Armadas estadounidenses y visit\u00f3 a los 900 militares desplegados en el noreste del pa\u00eds.<br \/>\nTambi\u00e9n se interes\u00f3 por el proceso de repatriaci\u00f3n de los m\u00e1s de 60.000 familiares y milicianos del Estado Isl\u00e1mico, incluidos 25.000 menores de edad, retenidos en el campamento de Al Hol, seg\u00fan un comunicado oficial de su oficina. (Europa Press).<\/p>\n","protected":false},"excerpt":{"rendered":"<p>El Gobierno sirio expres\u00f3 ayer su condena por la visita ilegal del jefe del Estado Mayor Conjunto de Estados Unidos, Mark Milley, a una base estadounidense ubicada en el noreste del pa\u00eds. \u201cSiria condena en\u00e9rgicamente la visita ilegal del Jefe del Estado Mayor de Estados Unidos a una base militar ilegal estadounidense en el noreste [&hellip;]<\/p>\n","protected":false},"author":1,"featured_media":0,"comment_status":"closed","ping_status":"closed","sticky":false,"template":"","format":"standard","meta":{"_acf_changed":false,"footnotes":""},"categories":[3],"tags":[],"class_list":["post-141558","post","type-post","status-publish","format-standard","category-internacional"],"acf":{"antetitulo":""},"yoast_head":"<!-- This site is optimized with the Yoast SEO plugin v28.4 - https:\/\/yoast.com\/product\/yoast-seo-wordpress\/ -->\n<title>Condenan visita ilegal del jefe del Estado Mayor Conjunto de EEUU - El Diario - Bolivia<\/title>\n<meta name=\"robots\" content=\"index, follow, max-snippet:-1, max-image-preview:large, max-video-preview:-1\" \/>\n<link rel=\"canonical\" href=\"https:\/\/www.eldiario.net\/portal\/2023\/03\/06\/condenan-visita-ilegal-del-jefe-del-estado-mayor-conjunto-de-eeuu\/\" \/>\n<meta property=\"og:locale\" content=\"es_ES\" \/>\n<meta property=\"og:type\" content=\"article\" \/>\n<meta property=\"og:title\" content=\"Condenan visita ilegal del jefe del Estado Mayor Conjunto de EEUU - El Diario - Bolivia\" \/>\n<meta property=\"og:description\" content=\"El Gobierno sirio expres\u00f3 ayer su condena por la visita ilegal del jefe del Estado Mayor Conjunto de Estados Unidos, Mark Milley, a una base estadounidense ubicada en el noreste del pa\u00eds. \u201cSiria condena en\u00e9rgicamente la visita ilegal del Jefe del Estado Mayor de Estados Unidos a una base militar ilegal estadounidense en el noreste [&hellip;]\" \/>\n<meta property=\"og:url\" content=\"https:\/\/www.eldiario.net\/portal\/2023\/03\/06\/condenan-visita-ilegal-del-jefe-del-estado-mayor-conjunto-de-eeuu\/\" \/>\n<meta property=\"og:site_name\" content=\"El Diario - Bolivia\" \/>\n<meta property=\"article:publisher\" content=\"https:\/\/www.facebook.com\/eldiario.bolivia\/\" \/>\n<meta property=\"article:published_time\" content=\"2023-03-06T10:35:58+00:00\" \/>\n<meta name=\"author\" content=\"Jeanette\" \/>\n<meta name=\"twitter:card\" content=\"summary_large_image\" \/>\n<meta name=\"twitter:creator\" content=\"@eldiario_net\" \/>\n<meta name=\"twitter:site\" content=\"@eldiario_net\" \/>\n<meta name=\"twitter:label1\" content=\"Escrito por\" \/>\n\t<meta name=\"twitter:data1\" content=\"Jeanette\" \/>\n<script type=\"application\/ld+json\" class=\"yoast-schema-graph\">{\"@context\":\"https:\\\/\\\/schema.org\",\"@graph\":[{\"@type\":\"Article\",\"@id\":\"https:\\\/\\\/www.eldiario.net\\\/portal\\\/2023\\\/03\\\/06\\\/condenan-visita-ilegal-del-jefe-del-estado-mayor-conjunto-de-eeuu\\\/#article\",\"isPartOf\":{\"@id\":\"https:\\\/\\\/www.eldiario.net\\\/portal\\\/2023\\\/03\\\/06\\\/condenan-visita-ilegal-del-jefe-del-estado-mayor-conjunto-de-eeuu\\\/\"},\"author\":{\"name\":\"Jeanette\",\"@id\":\"https:\\\/\\\/www.eldiario.net\\\/portal\\\/#\\\/schema\\\/person\\\/f46445640444750d7d753ccd04ae01b7\"},\"headline\":\"Condenan visita ilegal del jefe del Estado Mayor Conjunto de EEUU\",\"datePublished\":\"2023-03-06T10:35:58+00:00\",\"mainEntityOfPage\":{\"@id\":\"https:\\\/\\\/www.eldiario.net\\\/portal\\\/2023\\\/03\\\/06\\\/condenan-visita-ilegal-del-jefe-del-estado-mayor-conjunto-de-eeuu\\\/\"},\"wordCount\":273,\"publisher\":{\"@id\":\"https:\\\/\\\/www.eldiario.net\\\/portal\\\/#organization\"},\"articleSection\":[\"Internacional\"],\"inLanguage\":\"es\"},{\"@type\":\"WebPage\",\"@id\":\"https:\\\/\\\/www.eldiario.net\\\/portal\\\/2023\\\/03\\\/06\\\/condenan-visita-ilegal-del-jefe-del-estado-mayor-conjunto-de-eeuu\\\/\",\"url\":\"https:\\\/\\\/www.eldiario.net\\\/portal\\\/2023\\\/03\\\/06\\\/condenan-visita-ilegal-del-jefe-del-estado-mayor-conjunto-de-eeuu\\\/\",\"name\":\"Condenan visita ilegal del jefe del Estado Mayor Conjunto de EEUU - El Diario - Bolivia\",\"isPartOf\":{\"@id\":\"https:\\\/\\\/www.eldiario.net\\\/portal\\\/#website\"},\"datePublished\":\"2023-03-06T10:35:58+00:00\",\"breadcrumb\":{\"@id\":\"https:\\\/\\\/www.eldiario.net\\\/portal\\\/2023\\\/03\\\/06\\\/condenan-visita-ilegal-del-jefe-del-estado-mayor-conjunto-de-eeuu\\\/#breadcrumb\"},\"inLanguage\":\"es\",\"potentialAction\":[{\"@type\":\"ReadAction\",\"target\":[\"https:\\\/\\\/www.eldiario.net\\\/portal\\\/2023\\\/03\\\/06\\\/condenan-visita-ilegal-del-jefe-del-estado-mayor-conjunto-de-eeuu\\\/\"]}]},{\"@type\":\"BreadcrumbList\",\"@id\":\"https:\\\/\\\/www.eldiario.net\\\/portal\\\/2023\\\/03\\\/06\\\/condenan-visita-ilegal-del-jefe-del-estado-mayor-conjunto-de-eeuu\\\/#breadcrumb\",\"itemListElement\":[{\"@type\":\"ListItem\",\"position\":1,\"name\":\"Portada\",\"item\":\"https:\\\/\\\/www.eldiario.net\\\/portal\\\/\"},{\"@type\":\"ListItem\",\"position\":2,\"name\":\"Condenan visita ilegal del jefe del Estado Mayor Conjunto de EEUU\"}]},{\"@type\":\"WebSite\",\"@id\":\"https:\\\/\\\/www.eldiario.net\\\/portal\\\/#website\",\"url\":\"https:\\\/\\\/www.eldiario.net\\\/portal\\\/\",\"name\":\"El Diario - Decano de la prensa nacional\",\"description\":\"El Diario - Decano de la prensa nacional\",\"publisher\":{\"@id\":\"https:\\\/\\\/www.eldiario.net\\\/portal\\\/#organization\"},\"potentialAction\":[{\"@type\":\"SearchAction\",\"target\":{\"@type\":\"EntryPoint\",\"urlTemplate\":\"https:\\\/\\\/www.eldiario.net\\\/portal\\\/?s={search_term_string}\"},\"query-input\":{\"@type\":\"PropertyValueSpecification\",\"valueRequired\":true,\"valueName\":\"search_term_string\"}}],\"inLanguage\":\"es\"},{\"@type\":\"Organization\",\"@id\":\"https:\\\/\\\/www.eldiario.net\\\/portal\\\/#organization\",\"name\":\"El Diario - Decano de la prensa nacional\",\"url\":\"https:\\\/\\\/www.eldiario.net\\\/portal\\\/\",\"logo\":{\"@type\":\"ImageObject\",\"inLanguage\":\"es\",\"@id\":\"https:\\\/\\\/www.eldiario.net\\\/portal\\\/#\\\/schema\\\/logo\\\/image\\\/\",\"url\":\"https:\\\/\\\/www.eldiario.net\\\/portal\\\/wp-content\\\/uploads\\\/2023\\\/07\\\/logo_ED.jpg\",\"contentUrl\":\"https:\\\/\\\/www.eldiario.net\\\/portal\\\/wp-content\\\/uploads\\\/2023\\\/07\\\/logo_ED.jpg\",\"width\":272,\"height\":52,\"caption\":\"El Diario - Decano de la prensa nacional\"},\"image\":{\"@id\":\"https:\\\/\\\/www.eldiario.net\\\/portal\\\/#\\\/schema\\\/logo\\\/image\\\/\"},\"sameAs\":[\"https:\\\/\\\/www.facebook.com\\\/eldiario.bolivia\\\/\",\"https:\\\/\\\/x.com\\\/eldiario_net\"]},{\"@type\":\"Person\",\"@id\":\"https:\\\/\\\/www.eldiario.net\\\/portal\\\/#\\\/schema\\\/person\\\/f46445640444750d7d753ccd04ae01b7\",\"name\":\"Jeanette\",\"image\":{\"@type\":\"ImageObject\",\"inLanguage\":\"es\",\"@id\":\"https:\\\/\\\/secure.gravatar.com\\\/avatar\\\/3ea2118a5f7dad2b7138b1187a6b7ee55f160b9968b66013c3a3ef39dd7e5798?s=96&d=mm&r=g\",\"url\":\"https:\\\/\\\/secure.gravatar.com\\\/avatar\\\/3ea2118a5f7dad2b7138b1187a6b7ee55f160b9968b66013c3a3ef39dd7e5798?s=96&d=mm&r=g\",\"contentUrl\":\"https:\\\/\\\/secure.gravatar.com\\\/avatar\\\/3ea2118a5f7dad2b7138b1187a6b7ee55f160b9968b66013c3a3ef39dd7e5798?s=96&d=mm&r=g\",\"caption\":\"Jeanette\"},\"sameAs\":[\"https:\\\/\\\/www.eldiario.net\\\/portal\"],\"url\":\"https:\\\/\\\/www.eldiario.net\\\/portal\\\/author\\\/jeanette\\\/\"}]}<\/script>\n<!-- \/ Yoast SEO plugin. -->","yoast_head_json":{"title":"Condenan visita ilegal del jefe del Estado Mayor Conjunto de EEUU - El Diario - Bolivia","robots":{"index":"index","follow":"follow","max-snippet":"max-snippet:-1","max-image-preview":"max-image-preview:large","max-video-preview":"max-video-preview:-1"},"canonical":"https:\/\/www.eldiario.net\/portal\/2023\/03\/06\/condenan-visita-ilegal-del-jefe-del-estado-mayor-conjunto-de-eeuu\/","og_locale":"es_ES","og_type":"article","og_title":"Condenan visita ilegal del jefe del Estado Mayor Conjunto de EEUU - El Diario - Bolivia","og_description":"El Gobierno sirio expres\u00f3 ayer su condena por la visita ilegal del jefe del Estado Mayor Conjunto de Estados Unidos, Mark Milley, a una base estadounidense ubicada en el noreste del pa\u00eds. \u201cSiria condena en\u00e9rgicamente la visita ilegal del Jefe del Estado Mayor de Estados Unidos a una base militar ilegal estadounidense en el noreste [&hellip;]","og_url":"https:\/\/www.eldiario.net\/portal\/2023\/03\/06\/condenan-visita-ilegal-del-jefe-del-estado-mayor-conjunto-de-eeuu\/","og_site_name":"El Diario - Bolivia","article_publisher":"https:\/\/www.facebook.com\/eldiario.bolivia\/","article_published_time":"2023-03-06T10:35:58+00:00","author":"Jeanette","twitter_card":"summary_large_image","twitter_creator":"@eldiario_net","twitter_site":"@eldiario_net","twitter_misc":{"Escrito por":"Jeanette"},"schema":{"@context":"https:\/\/schema.org","@graph":[{"@type":"Article","@id":"https:\/\/www.eldiario.net\/portal\/2023\/03\/06\/condenan-visita-ilegal-del-jefe-del-estado-mayor-conjunto-de-eeuu\/#article","isPartOf":{"@id":"https:\/\/www.eldiario.net\/portal\/2023\/03\/06\/condenan-visita-ilegal-del-jefe-del-estado-mayor-conjunto-de-eeuu\/"},"author":{"name":"Jeanette","@id":"https:\/\/www.eldiario.net\/portal\/#\/schema\/person\/f46445640444750d7d753ccd04ae01b7"},"headline":"Condenan visita ilegal del jefe del Estado Mayor Conjunto de EEUU","datePublished":"2023-03-06T10:35:58+00:00","mainEntityOfPage":{"@id":"https:\/\/www.eldiario.net\/portal\/2023\/03\/06\/condenan-visita-ilegal-del-jefe-del-estado-mayor-conjunto-de-eeuu\/"},"wordCount":273,"publisher":{"@id":"https:\/\/www.eldiario.net\/portal\/#organization"},"articleSection":["Internacional"],"inLanguage":"es"},{"@type":"WebPage","@id":"https:\/\/www.eldiario.net\/portal\/2023\/03\/06\/condenan-visita-ilegal-del-jefe-del-estado-mayor-conjunto-de-eeuu\/","url":"https:\/\/www.eldiario.net\/portal\/2023\/03\/06\/condenan-visita-ilegal-del-jefe-del-estado-mayor-conjunto-de-eeuu\/","name":"Condenan visita ilegal del jefe del Estado Mayor Conjunto de EEUU - El Diario - Bolivia","isPartOf":{"@id":"https:\/\/www.eldiario.net\/portal\/#website"},"datePublished":"2023-03-06T10:35:58+00:00","breadcrumb":{"@id":"https:\/\/www.eldiario.net\/portal\/2023\/03\/06\/condenan-visita-ilegal-del-jefe-del-estado-mayor-conjunto-de-eeuu\/#breadcrumb"},"inLanguage":"es","potentialAction":[{"@type":"ReadAction","target":["https:\/\/www.eldiario.net\/portal\/2023\/03\/06\/condenan-visita-ilegal-del-jefe-del-estado-mayor-conjunto-de-eeuu\/"]}]},{"@type":"BreadcrumbList","@id":"https:\/\/www.eldiario.net\/portal\/2023\/03\/06\/condenan-visita-ilegal-del-jefe-del-estado-mayor-conjunto-de-eeuu\/#breadcrumb","itemListElement":[{"@type":"ListItem","position":1,"name":"Portada","item":"https:\/\/www.eldiario.net\/portal\/"},{"@type":"ListItem","position":2,"name":"Condenan visita ilegal del jefe del Estado Mayor Conjunto de EEUU"}]},{"@type":"WebSite","@id":"https:\/\/www.eldiario.net\/portal\/#website","url":"https:\/\/www.eldiario.net\/portal\/","name":"El Diario - Decano de la prensa nacional","description":"El Diario - Decano de la prensa nacional","publisher":{"@id":"https:\/\/www.eldiario.net\/portal\/#organization"},"potentialAction":[{"@type":"SearchAction","target":{"@type":"EntryPoint","urlTemplate":"https:\/\/www.eldiario.net\/portal\/?s={search_term_string}"},"query-input":{"@type":"PropertyValueSpecification","valueRequired":true,"valueName":"search_term_string"}}],"inLanguage":"es"},{"@type":"Organization","@id":"https:\/\/www.eldiario.net\/portal\/#organization","name":"El Diario - Decano de la prensa nacional","url":"https:\/\/www.eldiario.net\/portal\/","logo":{"@type":"ImageObject","inLanguage":"es","@id":"https:\/\/www.eldiario.net\/portal\/#\/schema\/logo\/image\/","url":"https:\/\/www.eldiario.net\/portal\/wp-content\/uploads\/2023\/07\/logo_ED.jpg","contentUrl":"https:\/\/www.eldiario.net\/portal\/wp-content\/uploads\/2023\/07\/logo_ED.jpg","width":272,"height":52,"caption":"El Diario - Decano de la prensa nacional"},"image":{"@id":"https:\/\/www.eldiario.net\/portal\/#\/schema\/logo\/image\/"},"sameAs":["https:\/\/www.facebook.com\/eldiario.bolivia\/","https:\/\/x.com\/eldiario_net"]},{"@type":"Person","@id":"https:\/\/www.eldiario.net\/portal\/#\/schema\/person\/f46445640444750d7d753ccd04ae01b7","name":"Jeanette","image":{"@type":"ImageObject","inLanguage":"es","@id":"https:\/\/secure.gravatar.com\/avatar\/3ea2118a5f7dad2b7138b1187a6b7ee55f160b9968b66013c3a3ef39dd7e5798?s=96&d=mm&r=g","url":"https:\/\/secure.gravatar.com\/avatar\/3ea2118a5f7dad2b7138b1187a6b7ee55f160b9968b66013c3a3ef39dd7e5798?s=96&d=mm&r=g","contentUrl":"https:\/\/secure.gravatar.com\/avatar\/3ea2118a5f7dad2b7138b1187a6b7ee55f160b9968b66013c3a3ef39dd7e5798?s=96&d=mm&r=g","caption":"Jeanette"},"sameAs":["https:\/\/www.eldiario.net\/portal"],"url":"https:\/\/www.eldiario.net\/portal\/author\/jeanette\/"}]}},"_links":{"self":[{"href":"https:\/\/www.eldiario.net\/portal\/wp-json\/wp\/v2\/posts\/141558","targetHints":{"allow":["GET"]}}],"collection":[{"href":"https:\/\/www.eldiario.net\/portal\/wp-json\/wp\/v2\/posts"}],"about":[{"href":"https:\/\/www.eldiario.net\/portal\/wp-json\/wp\/v2\/types\/post"}],"author":[{"embeddable":true,"href":"https:\/\/www.eldiario.net\/portal\/wp-json\/wp\/v2\/users\/1"}],"replies":[{"embeddable":true,"href":"https:\/\/www.eldiario.net\/portal\/wp-json\/wp\/v2\/comments?post=141558"}],"version-history":[{"count":0,"href":"https:\/\/www.eldiario.net\/portal\/wp-json\/wp\/v2\/posts\/141558\/revisions"}],"wp:attachment":[{"href":"https:\/\/www.eldiario.net\/portal\/wp-json\/wp\/v2\/media?parent=141558"}],"wp:term":[{"taxonomy":"category","embeddable":true,"href":"https:\/\/www.eldiario.net\/portal\/wp-json\/wp\/v2\/categories?post=141558"},{"taxonomy":"post_tag","embeddable":true,"href":"https:\/\/www.eldiario.net\/portal\/wp-json\/wp\/v2\/tags?post=141558"}],"curies":[{"name":"wp","href":"https:\/\/api.w.org\/{rel}","templated":true}]}}