{"id":141555,"date":"2023-03-06T06:35:28","date_gmt":"2023-03-06T10:35:28","guid":{"rendered":"https:\/\/www.eldiario.net\/portal\/?p=141555"},"modified":"2023-03-06T06:35:28","modified_gmt":"2023-03-06T10:35:28","slug":"suben-a-13-los-muertos-por-ataque-ruso-contra-un-edificio-de-civiles","status":"publish","type":"post","link":"https:\/\/www.eldiario.net\/portal\/2023\/03\/06\/suben-a-13-los-muertos-por-ataque-ruso-contra-un-edificio-de-civiles\/","title":{"rendered":"Suben a 13 los muertos por ataque  ruso contra un edificio de civiles"},"content":{"rendered":"<p>Un ataque ruso contra un edificio de apartamentos en la ciudad de Zaporizhzhia, en el sur de Ucrania, caus\u00f3 ya 13 fallecidos, inform\u00f3 ayer el Departamento de Situaciones de Emergencia de la regi\u00f3n hom\u00f3nima.<br \/>\n\u00abDe los escombros del edificio los especialistas de los Servicios de Emergencia del Estado recuperaron 13 cad\u00e1veres, uno de ellos el de un beb\u00e9 de ocho meses\u00bb, anunci\u00f3 la instituci\u00f3n en su canal de Telegram.<br \/>\nUn total de 11 residentes, tres gatos y un perro fueron rescatados con vida luego de que un misil ruso destruyera parte del edificio de apartamentos, de cinco plantas, en la madrugada del pasado 2 de marzo, agreg\u00f3 dicha fuente.<br \/>\nDesde entonces, los servicios municipales retiraron m\u00e1s de 893 toneladas de escombros y los psic\u00f3logos de los Servicios de Emergencia del Estado proporcionaron asistencia psicol\u00f3gica a un centenar de personas entre residentes del edificio y allegados de las v\u00edctimas.<br \/>\nSiete personas fueron hospitalizadas a consecuencia del ataque y dos de ellas se encuentran en estado grave, seg\u00fan el gobernador de Zaporizhzhia, Yury Malashko.<br \/>\nEn enero, un ataque ruso contra un bloque de torres mat\u00f3 al menos a 45 personas, entre ellas seis ni\u00f1os, en la ciudad de Dnipro, en el centro del pa\u00eds.<br \/>\nRusia afirma haberse anexionado las regiones de Donetsk, Lugansk, Zaporizhzhia y Kherson, pero nunca las control\u00f3 totalmente.<br \/>\nContin\u00faa la batalla en Bakhmut<br \/>\nEl ministro de Defensa de Ucrania, Oleksi Reznikov, asegur\u00f3 que el Ej\u00e9rcito ruso est\u00e1 perdiendo hasta \u00ab500 efectivos al d\u00eda\u00bb en su ofensiva contra la ciudad de Bakhmut, en el este del pa\u00eds, y escenario de un dur\u00edsimo asedio de Rusia.<br \/>\n\u00abLas p\u00e9rdidas de los rusos ascienden a 500 muertos y heridos cada d\u00eda\u00bb, asegur\u00f3 el ministro ucraniano al semanario dominical del diario \u2018Bild\u2019, en una entrevista en la que describi\u00f3 a los militares rusos como \u00abcarne de ca\u00f1\u00f3n\u00bb en las \u00abt\u00e1cticas de picar carne\u00bb utilizadas por Mosc\u00fa.<br \/>\nLas cifras de v\u00edctimas de la ofensiva rusa en Bakhmut no pudieron ser verificadas de manera independiente. S\u00ed que se confirm\u00f3, no obstante y seg\u00fan el propio Kremlin, que las fuerzas rusas redoblaron sus ataques contra la ciudad en los \u00faltimos d\u00edas.<br \/>\nLos rescatistas aseguraron que todav\u00eda existe la posibilidad de poder encontrar m\u00e1s fallecidos, debido a que los trabajos en este sentido contin\u00faan a pesar de las dificultades que tiene en este cometido, debido a los resultados que tuvieron los ataques.<br \/>\nPor otro lado los ataques en este sector de Zaporizhzhia, contin\u00faan, por parte de las tropas rusas, con muchos riesgos que otros edificios civiles puedan ser afectados.<br \/>\nDe hecho, la unidad de mercenarios Wagner es particularmente activa en la zona. Su l\u00edder, Yevgeni Prigozhin, asegur\u00f3 que aument\u00f3 su actividad en torno al lugar, mientras ONG locales, como Rusia tras las rejas, denuncian el desgaste entre sus filas. (Infobae).<\/p>\n","protected":false},"excerpt":{"rendered":"<p>Un ataque ruso contra un edificio de apartamentos en la ciudad de Zaporizhzhia, en el sur de Ucrania, caus\u00f3 ya 13 fallecidos, inform\u00f3 ayer el Departamento de Situaciones de Emergencia de la regi\u00f3n hom\u00f3nima. \u00abDe los escombros del edificio los especialistas de los Servicios de Emergencia del Estado recuperaron 13 cad\u00e1veres, uno de ellos el [&hellip;]<\/p>\n","protected":false},"author":1,"featured_media":141556,"comment_status":"closed","ping_status":"closed","sticky":false,"template":"","format":"standard","meta":{"_acf_changed":false,"footnotes":""},"categories":[3],"tags":[],"class_list":["post-141555","post","type-post","status-publish","format-standard","has-post-thumbnail","category-internacional"],"acf":{"antetitulo":""},"yoast_head":"<!-- This site is optimized with the Yoast SEO plugin v28.4 - https:\/\/yoast.com\/product\/yoast-seo-wordpress\/ -->\n<title>Suben a 13 los muertos por ataque ruso contra un edificio de civiles - El Diario - Bolivia<\/title>\n<meta name=\"robots\" content=\"index, follow, max-snippet:-1, max-image-preview:large, max-video-preview:-1\" \/>\n<link rel=\"canonical\" href=\"https:\/\/www.eldiario.net\/portal\/2023\/03\/06\/suben-a-13-los-muertos-por-ataque-ruso-contra-un-edificio-de-civiles\/\" \/>\n<meta property=\"og:locale\" content=\"es_ES\" \/>\n<meta property=\"og:type\" content=\"article\" \/>\n<meta property=\"og:title\" content=\"Suben a 13 los muertos por ataque ruso contra un edificio de civiles - El Diario - Bolivia\" \/>\n<meta property=\"og:description\" content=\"Un ataque ruso contra un edificio de apartamentos en la ciudad de Zaporizhzhia, en el sur de Ucrania, caus\u00f3 ya 13 fallecidos, inform\u00f3 ayer el Departamento de Situaciones de Emergencia de la regi\u00f3n hom\u00f3nima. \u00abDe los escombros del edificio los especialistas de los Servicios de Emergencia del Estado recuperaron 13 cad\u00e1veres, uno de ellos el [&hellip;]\" \/>\n<meta property=\"og:url\" content=\"https:\/\/www.eldiario.net\/portal\/2023\/03\/06\/suben-a-13-los-muertos-por-ataque-ruso-contra-un-edificio-de-civiles\/\" \/>\n<meta property=\"og:site_name\" content=\"El Diario - Bolivia\" \/>\n<meta property=\"article:publisher\" content=\"https:\/\/www.facebook.com\/eldiario.bolivia\/\" \/>\n<meta property=\"article:published_time\" content=\"2023-03-06T10:35:28+00:00\" \/>\n<meta name=\"author\" content=\"Jeanette\" \/>\n<meta name=\"twitter:card\" content=\"summary_large_image\" \/>\n<meta name=\"twitter:creator\" content=\"@eldiario_net\" \/>\n<meta name=\"twitter:site\" content=\"@eldiario_net\" \/>\n<meta name=\"twitter:label1\" content=\"Escrito por\" \/>\n\t<meta name=\"twitter:data1\" content=\"Jeanette\" \/>\n\t<meta name=\"twitter:label2\" content=\"Tiempo de lectura\" \/>\n\t<meta name=\"twitter:data2\" content=\"3 minutos\" \/>\n<script type=\"application\/ld+json\" class=\"yoast-schema-graph\">{\"@context\":\"https:\\\/\\\/schema.org\",\"@graph\":[{\"@type\":\"Article\",\"@id\":\"https:\\\/\\\/www.eldiario.net\\\/portal\\\/2023\\\/03\\\/06\\\/suben-a-13-los-muertos-por-ataque-ruso-contra-un-edificio-de-civiles\\\/#article\",\"isPartOf\":{\"@id\":\"https:\\\/\\\/www.eldiario.net\\\/portal\\\/2023\\\/03\\\/06\\\/suben-a-13-los-muertos-por-ataque-ruso-contra-un-edificio-de-civiles\\\/\"},\"author\":{\"name\":\"Jeanette\",\"@id\":\"https:\\\/\\\/www.eldiario.net\\\/portal\\\/#\\\/schema\\\/person\\\/f46445640444750d7d753ccd04ae01b7\"},\"headline\":\"Suben a 13 los muertos por ataque ruso contra un edificio de civiles\",\"datePublished\":\"2023-03-06T10:35:28+00:00\",\"mainEntityOfPage\":{\"@id\":\"https:\\\/\\\/www.eldiario.net\\\/portal\\\/2023\\\/03\\\/06\\\/suben-a-13-los-muertos-por-ataque-ruso-contra-un-edificio-de-civiles\\\/\"},\"wordCount\":494,\"publisher\":{\"@id\":\"https:\\\/\\\/www.eldiario.net\\\/portal\\\/#organization\"},\"image\":{\"@id\":\"https:\\\/\\\/www.eldiario.net\\\/portal\\\/2023\\\/03\\\/06\\\/suben-a-13-los-muertos-por-ataque-ruso-contra-un-edificio-de-civiles\\\/#primaryimage\"},\"thumbnailUrl\":\"\",\"articleSection\":[\"Internacional\"],\"inLanguage\":\"es\"},{\"@type\":\"WebPage\",\"@id\":\"https:\\\/\\\/www.eldiario.net\\\/portal\\\/2023\\\/03\\\/06\\\/suben-a-13-los-muertos-por-ataque-ruso-contra-un-edificio-de-civiles\\\/\",\"url\":\"https:\\\/\\\/www.eldiario.net\\\/portal\\\/2023\\\/03\\\/06\\\/suben-a-13-los-muertos-por-ataque-ruso-contra-un-edificio-de-civiles\\\/\",\"name\":\"Suben a 13 los muertos por ataque ruso contra un edificio de civiles - El Diario - Bolivia\",\"isPartOf\":{\"@id\":\"https:\\\/\\\/www.eldiario.net\\\/portal\\\/#website\"},\"primaryImageOfPage\":{\"@id\":\"https:\\\/\\\/www.eldiario.net\\\/portal\\\/2023\\\/03\\\/06\\\/suben-a-13-los-muertos-por-ataque-ruso-contra-un-edificio-de-civiles\\\/#primaryimage\"},\"image\":{\"@id\":\"https:\\\/\\\/www.eldiario.net\\\/portal\\\/2023\\\/03\\\/06\\\/suben-a-13-los-muertos-por-ataque-ruso-contra-un-edificio-de-civiles\\\/#primaryimage\"},\"thumbnailUrl\":\"\",\"datePublished\":\"2023-03-06T10:35:28+00:00\",\"breadcrumb\":{\"@id\":\"https:\\\/\\\/www.eldiario.net\\\/portal\\\/2023\\\/03\\\/06\\\/suben-a-13-los-muertos-por-ataque-ruso-contra-un-edificio-de-civiles\\\/#breadcrumb\"},\"inLanguage\":\"es\",\"potentialAction\":[{\"@type\":\"ReadAction\",\"target\":[\"https:\\\/\\\/www.eldiario.net\\\/portal\\\/2023\\\/03\\\/06\\\/suben-a-13-los-muertos-por-ataque-ruso-contra-un-edificio-de-civiles\\\/\"]}]},{\"@type\":\"ImageObject\",\"inLanguage\":\"es\",\"@id\":\"https:\\\/\\\/www.eldiario.net\\\/portal\\\/2023\\\/03\\\/06\\\/suben-a-13-los-muertos-por-ataque-ruso-contra-un-edificio-de-civiles\\\/#primaryimage\",\"url\":\"\",\"contentUrl\":\"\"},{\"@type\":\"BreadcrumbList\",\"@id\":\"https:\\\/\\\/www.eldiario.net\\\/portal\\\/2023\\\/03\\\/06\\\/suben-a-13-los-muertos-por-ataque-ruso-contra-un-edificio-de-civiles\\\/#breadcrumb\",\"itemListElement\":[{\"@type\":\"ListItem\",\"position\":1,\"name\":\"Portada\",\"item\":\"https:\\\/\\\/www.eldiario.net\\\/portal\\\/\"},{\"@type\":\"ListItem\",\"position\":2,\"name\":\"Suben a 13 los muertos por ataque ruso contra un edificio de civiles\"}]},{\"@type\":\"WebSite\",\"@id\":\"https:\\\/\\\/www.eldiario.net\\\/portal\\\/#website\",\"url\":\"https:\\\/\\\/www.eldiario.net\\\/portal\\\/\",\"name\":\"El Diario - Decano de la prensa nacional\",\"description\":\"El Diario - Decano de la prensa nacional\",\"publisher\":{\"@id\":\"https:\\\/\\\/www.eldiario.net\\\/portal\\\/#organization\"},\"potentialAction\":[{\"@type\":\"SearchAction\",\"target\":{\"@type\":\"EntryPoint\",\"urlTemplate\":\"https:\\\/\\\/www.eldiario.net\\\/portal\\\/?s={search_term_string}\"},\"query-input\":{\"@type\":\"PropertyValueSpecification\",\"valueRequired\":true,\"valueName\":\"search_term_string\"}}],\"inLanguage\":\"es\"},{\"@type\":\"Organization\",\"@id\":\"https:\\\/\\\/www.eldiario.net\\\/portal\\\/#organization\",\"name\":\"El Diario - Decano de la prensa nacional\",\"url\":\"https:\\\/\\\/www.eldiario.net\\\/portal\\\/\",\"logo\":{\"@type\":\"ImageObject\",\"inLanguage\":\"es\",\"@id\":\"https:\\\/\\\/www.eldiario.net\\\/portal\\\/#\\\/schema\\\/logo\\\/image\\\/\",\"url\":\"https:\\\/\\\/www.eldiario.net\\\/portal\\\/wp-content\\\/uploads\\\/2023\\\/07\\\/logo_ED.jpg\",\"contentUrl\":\"https:\\\/\\\/www.eldiario.net\\\/portal\\\/wp-content\\\/uploads\\\/2023\\\/07\\\/logo_ED.jpg\",\"width\":272,\"height\":52,\"caption\":\"El Diario - Decano de la prensa nacional\"},\"image\":{\"@id\":\"https:\\\/\\\/www.eldiario.net\\\/portal\\\/#\\\/schema\\\/logo\\\/image\\\/\"},\"sameAs\":[\"https:\\\/\\\/www.facebook.com\\\/eldiario.bolivia\\\/\",\"https:\\\/\\\/x.com\\\/eldiario_net\"]},{\"@type\":\"Person\",\"@id\":\"https:\\\/\\\/www.eldiario.net\\\/portal\\\/#\\\/schema\\\/person\\\/f46445640444750d7d753ccd04ae01b7\",\"name\":\"Jeanette\",\"image\":{\"@type\":\"ImageObject\",\"inLanguage\":\"es\",\"@id\":\"https:\\\/\\\/secure.gravatar.com\\\/avatar\\\/3ea2118a5f7dad2b7138b1187a6b7ee55f160b9968b66013c3a3ef39dd7e5798?s=96&d=mm&r=g\",\"url\":\"https:\\\/\\\/secure.gravatar.com\\\/avatar\\\/3ea2118a5f7dad2b7138b1187a6b7ee55f160b9968b66013c3a3ef39dd7e5798?s=96&d=mm&r=g\",\"contentUrl\":\"https:\\\/\\\/secure.gravatar.com\\\/avatar\\\/3ea2118a5f7dad2b7138b1187a6b7ee55f160b9968b66013c3a3ef39dd7e5798?s=96&d=mm&r=g\",\"caption\":\"Jeanette\"},\"sameAs\":[\"https:\\\/\\\/www.eldiario.net\\\/portal\"],\"url\":\"https:\\\/\\\/www.eldiario.net\\\/portal\\\/author\\\/jeanette\\\/\"}]}<\/script>\n<!-- \/ Yoast SEO plugin. -->","yoast_head_json":{"title":"Suben a 13 los muertos por ataque ruso contra un edificio de civiles - El Diario - Bolivia","robots":{"index":"index","follow":"follow","max-snippet":"max-snippet:-1","max-image-preview":"max-image-preview:large","max-video-preview":"max-video-preview:-1"},"canonical":"https:\/\/www.eldiario.net\/portal\/2023\/03\/06\/suben-a-13-los-muertos-por-ataque-ruso-contra-un-edificio-de-civiles\/","og_locale":"es_ES","og_type":"article","og_title":"Suben a 13 los muertos por ataque ruso contra un edificio de civiles - El Diario - Bolivia","og_description":"Un ataque ruso contra un edificio de apartamentos en la ciudad de Zaporizhzhia, en el sur de Ucrania, caus\u00f3 ya 13 fallecidos, inform\u00f3 ayer el Departamento de Situaciones de Emergencia de la regi\u00f3n hom\u00f3nima. \u00abDe los escombros del edificio los especialistas de los Servicios de Emergencia del Estado recuperaron 13 cad\u00e1veres, uno de ellos el [&hellip;]","og_url":"https:\/\/www.eldiario.net\/portal\/2023\/03\/06\/suben-a-13-los-muertos-por-ataque-ruso-contra-un-edificio-de-civiles\/","og_site_name":"El Diario - Bolivia","article_publisher":"https:\/\/www.facebook.com\/eldiario.bolivia\/","article_published_time":"2023-03-06T10:35:28+00:00","author":"Jeanette","twitter_card":"summary_large_image","twitter_creator":"@eldiario_net","twitter_site":"@eldiario_net","twitter_misc":{"Escrito por":"Jeanette","Tiempo de lectura":"3 minutos"},"schema":{"@context":"https:\/\/schema.org","@graph":[{"@type":"Article","@id":"https:\/\/www.eldiario.net\/portal\/2023\/03\/06\/suben-a-13-los-muertos-por-ataque-ruso-contra-un-edificio-de-civiles\/#article","isPartOf":{"@id":"https:\/\/www.eldiario.net\/portal\/2023\/03\/06\/suben-a-13-los-muertos-por-ataque-ruso-contra-un-edificio-de-civiles\/"},"author":{"name":"Jeanette","@id":"https:\/\/www.eldiario.net\/portal\/#\/schema\/person\/f46445640444750d7d753ccd04ae01b7"},"headline":"Suben a 13 los muertos por ataque ruso contra un edificio de civiles","datePublished":"2023-03-06T10:35:28+00:00","mainEntityOfPage":{"@id":"https:\/\/www.eldiario.net\/portal\/2023\/03\/06\/suben-a-13-los-muertos-por-ataque-ruso-contra-un-edificio-de-civiles\/"},"wordCount":494,"publisher":{"@id":"https:\/\/www.eldiario.net\/portal\/#organization"},"image":{"@id":"https:\/\/www.eldiario.net\/portal\/2023\/03\/06\/suben-a-13-los-muertos-por-ataque-ruso-contra-un-edificio-de-civiles\/#primaryimage"},"thumbnailUrl":"","articleSection":["Internacional"],"inLanguage":"es"},{"@type":"WebPage","@id":"https:\/\/www.eldiario.net\/portal\/2023\/03\/06\/suben-a-13-los-muertos-por-ataque-ruso-contra-un-edificio-de-civiles\/","url":"https:\/\/www.eldiario.net\/portal\/2023\/03\/06\/suben-a-13-los-muertos-por-ataque-ruso-contra-un-edificio-de-civiles\/","name":"Suben a 13 los muertos por ataque ruso contra un edificio de civiles - El Diario - Bolivia","isPartOf":{"@id":"https:\/\/www.eldiario.net\/portal\/#website"},"primaryImageOfPage":{"@id":"https:\/\/www.eldiario.net\/portal\/2023\/03\/06\/suben-a-13-los-muertos-por-ataque-ruso-contra-un-edificio-de-civiles\/#primaryimage"},"image":{"@id":"https:\/\/www.eldiario.net\/portal\/2023\/03\/06\/suben-a-13-los-muertos-por-ataque-ruso-contra-un-edificio-de-civiles\/#primaryimage"},"thumbnailUrl":"","datePublished":"2023-03-06T10:35:28+00:00","breadcrumb":{"@id":"https:\/\/www.eldiario.net\/portal\/2023\/03\/06\/suben-a-13-los-muertos-por-ataque-ruso-contra-un-edificio-de-civiles\/#breadcrumb"},"inLanguage":"es","potentialAction":[{"@type":"ReadAction","target":["https:\/\/www.eldiario.net\/portal\/2023\/03\/06\/suben-a-13-los-muertos-por-ataque-ruso-contra-un-edificio-de-civiles\/"]}]},{"@type":"ImageObject","inLanguage":"es","@id":"https:\/\/www.eldiario.net\/portal\/2023\/03\/06\/suben-a-13-los-muertos-por-ataque-ruso-contra-un-edificio-de-civiles\/#primaryimage","url":"","contentUrl":""},{"@type":"BreadcrumbList","@id":"https:\/\/www.eldiario.net\/portal\/2023\/03\/06\/suben-a-13-los-muertos-por-ataque-ruso-contra-un-edificio-de-civiles\/#breadcrumb","itemListElement":[{"@type":"ListItem","position":1,"name":"Portada","item":"https:\/\/www.eldiario.net\/portal\/"},{"@type":"ListItem","position":2,"name":"Suben a 13 los muertos por ataque ruso contra un edificio de civiles"}]},{"@type":"WebSite","@id":"https:\/\/www.eldiario.net\/portal\/#website","url":"https:\/\/www.eldiario.net\/portal\/","name":"El Diario - Decano de la prensa nacional","description":"El Diario - Decano de la prensa nacional","publisher":{"@id":"https:\/\/www.eldiario.net\/portal\/#organization"},"potentialAction":[{"@type":"SearchAction","target":{"@type":"EntryPoint","urlTemplate":"https:\/\/www.eldiario.net\/portal\/?s={search_term_string}"},"query-input":{"@type":"PropertyValueSpecification","valueRequired":true,"valueName":"search_term_string"}}],"inLanguage":"es"},{"@type":"Organization","@id":"https:\/\/www.eldiario.net\/portal\/#organization","name":"El Diario - Decano de la prensa nacional","url":"https:\/\/www.eldiario.net\/portal\/","logo":{"@type":"ImageObject","inLanguage":"es","@id":"https:\/\/www.eldiario.net\/portal\/#\/schema\/logo\/image\/","url":"https:\/\/www.eldiario.net\/portal\/wp-content\/uploads\/2023\/07\/logo_ED.jpg","contentUrl":"https:\/\/www.eldiario.net\/portal\/wp-content\/uploads\/2023\/07\/logo_ED.jpg","width":272,"height":52,"caption":"El Diario - Decano de la prensa nacional"},"image":{"@id":"https:\/\/www.eldiario.net\/portal\/#\/schema\/logo\/image\/"},"sameAs":["https:\/\/www.facebook.com\/eldiario.bolivia\/","https:\/\/x.com\/eldiario_net"]},{"@type":"Person","@id":"https:\/\/www.eldiario.net\/portal\/#\/schema\/person\/f46445640444750d7d753ccd04ae01b7","name":"Jeanette","image":{"@type":"ImageObject","inLanguage":"es","@id":"https:\/\/secure.gravatar.com\/avatar\/3ea2118a5f7dad2b7138b1187a6b7ee55f160b9968b66013c3a3ef39dd7e5798?s=96&d=mm&r=g","url":"https:\/\/secure.gravatar.com\/avatar\/3ea2118a5f7dad2b7138b1187a6b7ee55f160b9968b66013c3a3ef39dd7e5798?s=96&d=mm&r=g","contentUrl":"https:\/\/secure.gravatar.com\/avatar\/3ea2118a5f7dad2b7138b1187a6b7ee55f160b9968b66013c3a3ef39dd7e5798?s=96&d=mm&r=g","caption":"Jeanette"},"sameAs":["https:\/\/www.eldiario.net\/portal"],"url":"https:\/\/www.eldiario.net\/portal\/author\/jeanette\/"}]}},"_links":{"self":[{"href":"https:\/\/www.eldiario.net\/portal\/wp-json\/wp\/v2\/posts\/141555","targetHints":{"allow":["GET"]}}],"collection":[{"href":"https:\/\/www.eldiario.net\/portal\/wp-json\/wp\/v2\/posts"}],"about":[{"href":"https:\/\/www.eldiario.net\/portal\/wp-json\/wp\/v2\/types\/post"}],"author":[{"embeddable":true,"href":"https:\/\/www.eldiario.net\/portal\/wp-json\/wp\/v2\/users\/1"}],"replies":[{"embeddable":true,"href":"https:\/\/www.eldiario.net\/portal\/wp-json\/wp\/v2\/comments?post=141555"}],"version-history":[{"count":0,"href":"https:\/\/www.eldiario.net\/portal\/wp-json\/wp\/v2\/posts\/141555\/revisions"}],"wp:attachment":[{"href":"https:\/\/www.eldiario.net\/portal\/wp-json\/wp\/v2\/media?parent=141555"}],"wp:term":[{"taxonomy":"category","embeddable":true,"href":"https:\/\/www.eldiario.net\/portal\/wp-json\/wp\/v2\/categories?post=141555"},{"taxonomy":"post_tag","embeddable":true,"href":"https:\/\/www.eldiario.net\/portal\/wp-json\/wp\/v2\/tags?post=141555"}],"curies":[{"name":"wp","href":"https:\/\/api.w.org\/{rel}","templated":true}]}}