{"id":141552,"date":"2023-03-06T06:34:25","date_gmt":"2023-03-06T10:34:25","guid":{"rendered":"https:\/\/www.eldiario.net\/portal\/?p=141552"},"modified":"2023-03-06T06:34:25","modified_gmt":"2023-03-06T10:34:25","slug":"el-ejercito-y-la-guardia-nacional-denunciados-por-violacion-a-ddhh","status":"publish","type":"post","link":"https:\/\/www.eldiario.net\/portal\/2023\/03\/06\/el-ejercito-y-la-guardia-nacional-denunciados-por-violacion-a-ddhh\/","title":{"rendered":"El Ej\u00e9rcito y la Guardia Nacional  denunciados por violaci\u00f3n a DDHH"},"content":{"rendered":"<p>Las Fuerzas Armadas y la Guardia Nacional de M\u00e9xico encabezan el listado de instituciones con m\u00e1s denuncias por violaciones de los Derechos Humanos en 2022, con m\u00e1s de 1.000 quejas en total, seg\u00fan un informe de la Comisi\u00f3n Nacional de los Derechos Humanos (CNDH).<br \/>\nLa Guardia Nacional, el pol\u00e9mico cuerpo policial federal que fue recientemente puesto bajo mando militar, encabeza el listado con 577 denuncias, mientras que el Ministerio de Defensa, conocido en M\u00e9xico como Secretar\u00eda de Defensa Nacional (SEDENA), acumula 428.<br \/>\nLa Guardia Nacional habr\u00eda protagonizado en total siete asesinatos, tres desapariciones forzosas, 16 casos de tortura, 29 de trato cruel y 43 detenciones arbitrarias.<br \/>\nLa SEDENA en cambio fue denunciada por un asesinato, 4 detenciones arbitrarias, nueve casos de tortura, 19 de trato degradante y 34 de detenci\u00f3n arbitraria.<br \/>\nUno de los estados con m\u00e1s denuncias, 33, es Tamaulipas, donde precisamente efectivos militares mataron a cinco j\u00f3venes e hirieron a otro el pasado 26 de febrero. All\u00ed la Guardia Nacional acumula 15 quejas, seg\u00fan el informe recogido por la prensa mexicana.<br \/>\nEl expresidente de la Comisi\u00f3n de Derechos Humanos del Distrito Federal, Luis de la Barreda Sol\u00f3rzano, dijo en declaraciones que no toda queja que llega a la CNDH es ver\u00eddica y puso como ejemplo un delincuente que denuncia torturas para intentar evadir la acci\u00f3n de la justicia.<br \/>\n\u201cPero hemos visto numerosos casos en los que, en efecto, integrantes de estas dos corporaciones han cometido abusos, algunos graves, como tortura y desaparici\u00f3n forzada. Entonces, el discurso del presidente (Andr\u00e9s Manuel L\u00f3pez Obrador) en torno a que ya no se cometen violaciones a los derechos humanos no se sostiene al contrastarlo con los hechos\u201d, apunt\u00f3. (Europa Press).<\/p>\n","protected":false},"excerpt":{"rendered":"<p>Las Fuerzas Armadas y la Guardia Nacional de M\u00e9xico encabezan el listado de instituciones con m\u00e1s denuncias por violaciones de los Derechos Humanos en 2022, con m\u00e1s de 1.000 quejas en total, seg\u00fan un informe de la Comisi\u00f3n Nacional de los Derechos Humanos (CNDH). La Guardia Nacional, el pol\u00e9mico cuerpo policial federal que fue recientemente [&hellip;]<\/p>\n","protected":false},"author":1,"featured_media":141553,"comment_status":"closed","ping_status":"closed","sticky":false,"template":"","format":"standard","meta":{"_acf_changed":false,"footnotes":""},"categories":[3],"tags":[],"class_list":["post-141552","post","type-post","status-publish","format-standard","has-post-thumbnail","category-internacional"],"acf":{"antetitulo":""},"yoast_head":"<!-- This site is optimized with the Yoast SEO plugin v28.4 - https:\/\/yoast.com\/product\/yoast-seo-wordpress\/ -->\n<title>El Ej\u00e9rcito y la Guardia Nacional denunciados por violaci\u00f3n a DDHH - El Diario - Bolivia<\/title>\n<meta name=\"robots\" content=\"index, follow, max-snippet:-1, max-image-preview:large, max-video-preview:-1\" \/>\n<link rel=\"canonical\" href=\"https:\/\/www.eldiario.net\/portal\/2023\/03\/06\/el-ejercito-y-la-guardia-nacional-denunciados-por-violacion-a-ddhh\/\" \/>\n<meta property=\"og:locale\" content=\"es_ES\" \/>\n<meta property=\"og:type\" content=\"article\" \/>\n<meta property=\"og:title\" content=\"El Ej\u00e9rcito y la Guardia Nacional denunciados por violaci\u00f3n a DDHH - El Diario - Bolivia\" \/>\n<meta property=\"og:description\" content=\"Las Fuerzas Armadas y la Guardia Nacional de M\u00e9xico encabezan el listado de instituciones con m\u00e1s denuncias por violaciones de los Derechos Humanos en 2022, con m\u00e1s de 1.000 quejas en total, seg\u00fan un informe de la Comisi\u00f3n Nacional de los Derechos Humanos (CNDH). La Guardia Nacional, el pol\u00e9mico cuerpo policial federal que fue recientemente [&hellip;]\" \/>\n<meta property=\"og:url\" content=\"https:\/\/www.eldiario.net\/portal\/2023\/03\/06\/el-ejercito-y-la-guardia-nacional-denunciados-por-violacion-a-ddhh\/\" \/>\n<meta property=\"og:site_name\" content=\"El Diario - Bolivia\" \/>\n<meta property=\"article:publisher\" content=\"https:\/\/www.facebook.com\/eldiario.bolivia\/\" \/>\n<meta property=\"article:published_time\" content=\"2023-03-06T10:34:25+00:00\" \/>\n<meta name=\"author\" content=\"Jeanette\" \/>\n<meta name=\"twitter:card\" content=\"summary_large_image\" \/>\n<meta name=\"twitter:creator\" content=\"@eldiario_net\" \/>\n<meta name=\"twitter:site\" content=\"@eldiario_net\" \/>\n<meta name=\"twitter:label1\" content=\"Escrito por\" \/>\n\t<meta name=\"twitter:data1\" content=\"Jeanette\" \/>\n\t<meta name=\"twitter:label2\" content=\"Tiempo de lectura\" \/>\n\t<meta name=\"twitter:data2\" content=\"2 minutos\" \/>\n<script type=\"application\/ld+json\" class=\"yoast-schema-graph\">{\"@context\":\"https:\\\/\\\/schema.org\",\"@graph\":[{\"@type\":\"Article\",\"@id\":\"https:\\\/\\\/www.eldiario.net\\\/portal\\\/2023\\\/03\\\/06\\\/el-ejercito-y-la-guardia-nacional-denunciados-por-violacion-a-ddhh\\\/#article\",\"isPartOf\":{\"@id\":\"https:\\\/\\\/www.eldiario.net\\\/portal\\\/2023\\\/03\\\/06\\\/el-ejercito-y-la-guardia-nacional-denunciados-por-violacion-a-ddhh\\\/\"},\"author\":{\"name\":\"Jeanette\",\"@id\":\"https:\\\/\\\/www.eldiario.net\\\/portal\\\/#\\\/schema\\\/person\\\/f46445640444750d7d753ccd04ae01b7\"},\"headline\":\"El Ej\u00e9rcito y la Guardia Nacional denunciados por violaci\u00f3n a DDHH\",\"datePublished\":\"2023-03-06T10:34:25+00:00\",\"mainEntityOfPage\":{\"@id\":\"https:\\\/\\\/www.eldiario.net\\\/portal\\\/2023\\\/03\\\/06\\\/el-ejercito-y-la-guardia-nacional-denunciados-por-violacion-a-ddhh\\\/\"},\"wordCount\":298,\"publisher\":{\"@id\":\"https:\\\/\\\/www.eldiario.net\\\/portal\\\/#organization\"},\"image\":{\"@id\":\"https:\\\/\\\/www.eldiario.net\\\/portal\\\/2023\\\/03\\\/06\\\/el-ejercito-y-la-guardia-nacional-denunciados-por-violacion-a-ddhh\\\/#primaryimage\"},\"thumbnailUrl\":\"\",\"articleSection\":[\"Internacional\"],\"inLanguage\":\"es\"},{\"@type\":\"WebPage\",\"@id\":\"https:\\\/\\\/www.eldiario.net\\\/portal\\\/2023\\\/03\\\/06\\\/el-ejercito-y-la-guardia-nacional-denunciados-por-violacion-a-ddhh\\\/\",\"url\":\"https:\\\/\\\/www.eldiario.net\\\/portal\\\/2023\\\/03\\\/06\\\/el-ejercito-y-la-guardia-nacional-denunciados-por-violacion-a-ddhh\\\/\",\"name\":\"El Ej\u00e9rcito y la Guardia Nacional denunciados por violaci\u00f3n a DDHH - El Diario - Bolivia\",\"isPartOf\":{\"@id\":\"https:\\\/\\\/www.eldiario.net\\\/portal\\\/#website\"},\"primaryImageOfPage\":{\"@id\":\"https:\\\/\\\/www.eldiario.net\\\/portal\\\/2023\\\/03\\\/06\\\/el-ejercito-y-la-guardia-nacional-denunciados-por-violacion-a-ddhh\\\/#primaryimage\"},\"image\":{\"@id\":\"https:\\\/\\\/www.eldiario.net\\\/portal\\\/2023\\\/03\\\/06\\\/el-ejercito-y-la-guardia-nacional-denunciados-por-violacion-a-ddhh\\\/#primaryimage\"},\"thumbnailUrl\":\"\",\"datePublished\":\"2023-03-06T10:34:25+00:00\",\"breadcrumb\":{\"@id\":\"https:\\\/\\\/www.eldiario.net\\\/portal\\\/2023\\\/03\\\/06\\\/el-ejercito-y-la-guardia-nacional-denunciados-por-violacion-a-ddhh\\\/#breadcrumb\"},\"inLanguage\":\"es\",\"potentialAction\":[{\"@type\":\"ReadAction\",\"target\":[\"https:\\\/\\\/www.eldiario.net\\\/portal\\\/2023\\\/03\\\/06\\\/el-ejercito-y-la-guardia-nacional-denunciados-por-violacion-a-ddhh\\\/\"]}]},{\"@type\":\"ImageObject\",\"inLanguage\":\"es\",\"@id\":\"https:\\\/\\\/www.eldiario.net\\\/portal\\\/2023\\\/03\\\/06\\\/el-ejercito-y-la-guardia-nacional-denunciados-por-violacion-a-ddhh\\\/#primaryimage\",\"url\":\"\",\"contentUrl\":\"\"},{\"@type\":\"BreadcrumbList\",\"@id\":\"https:\\\/\\\/www.eldiario.net\\\/portal\\\/2023\\\/03\\\/06\\\/el-ejercito-y-la-guardia-nacional-denunciados-por-violacion-a-ddhh\\\/#breadcrumb\",\"itemListElement\":[{\"@type\":\"ListItem\",\"position\":1,\"name\":\"Portada\",\"item\":\"https:\\\/\\\/www.eldiario.net\\\/portal\\\/\"},{\"@type\":\"ListItem\",\"position\":2,\"name\":\"El Ej\u00e9rcito y la Guardia Nacional denunciados por violaci\u00f3n a DDHH\"}]},{\"@type\":\"WebSite\",\"@id\":\"https:\\\/\\\/www.eldiario.net\\\/portal\\\/#website\",\"url\":\"https:\\\/\\\/www.eldiario.net\\\/portal\\\/\",\"name\":\"El Diario - Decano de la prensa nacional\",\"description\":\"El Diario - Decano de la prensa nacional\",\"publisher\":{\"@id\":\"https:\\\/\\\/www.eldiario.net\\\/portal\\\/#organization\"},\"potentialAction\":[{\"@type\":\"SearchAction\",\"target\":{\"@type\":\"EntryPoint\",\"urlTemplate\":\"https:\\\/\\\/www.eldiario.net\\\/portal\\\/?s={search_term_string}\"},\"query-input\":{\"@type\":\"PropertyValueSpecification\",\"valueRequired\":true,\"valueName\":\"search_term_string\"}}],\"inLanguage\":\"es\"},{\"@type\":\"Organization\",\"@id\":\"https:\\\/\\\/www.eldiario.net\\\/portal\\\/#organization\",\"name\":\"El Diario - Decano de la prensa nacional\",\"url\":\"https:\\\/\\\/www.eldiario.net\\\/portal\\\/\",\"logo\":{\"@type\":\"ImageObject\",\"inLanguage\":\"es\",\"@id\":\"https:\\\/\\\/www.eldiario.net\\\/portal\\\/#\\\/schema\\\/logo\\\/image\\\/\",\"url\":\"https:\\\/\\\/www.eldiario.net\\\/portal\\\/wp-content\\\/uploads\\\/2023\\\/07\\\/logo_ED.jpg\",\"contentUrl\":\"https:\\\/\\\/www.eldiario.net\\\/portal\\\/wp-content\\\/uploads\\\/2023\\\/07\\\/logo_ED.jpg\",\"width\":272,\"height\":52,\"caption\":\"El Diario - Decano de la prensa nacional\"},\"image\":{\"@id\":\"https:\\\/\\\/www.eldiario.net\\\/portal\\\/#\\\/schema\\\/logo\\\/image\\\/\"},\"sameAs\":[\"https:\\\/\\\/www.facebook.com\\\/eldiario.bolivia\\\/\",\"https:\\\/\\\/x.com\\\/eldiario_net\"]},{\"@type\":\"Person\",\"@id\":\"https:\\\/\\\/www.eldiario.net\\\/portal\\\/#\\\/schema\\\/person\\\/f46445640444750d7d753ccd04ae01b7\",\"name\":\"Jeanette\",\"image\":{\"@type\":\"ImageObject\",\"inLanguage\":\"es\",\"@id\":\"https:\\\/\\\/secure.gravatar.com\\\/avatar\\\/3ea2118a5f7dad2b7138b1187a6b7ee55f160b9968b66013c3a3ef39dd7e5798?s=96&d=mm&r=g\",\"url\":\"https:\\\/\\\/secure.gravatar.com\\\/avatar\\\/3ea2118a5f7dad2b7138b1187a6b7ee55f160b9968b66013c3a3ef39dd7e5798?s=96&d=mm&r=g\",\"contentUrl\":\"https:\\\/\\\/secure.gravatar.com\\\/avatar\\\/3ea2118a5f7dad2b7138b1187a6b7ee55f160b9968b66013c3a3ef39dd7e5798?s=96&d=mm&r=g\",\"caption\":\"Jeanette\"},\"sameAs\":[\"https:\\\/\\\/www.eldiario.net\\\/portal\"],\"url\":\"https:\\\/\\\/www.eldiario.net\\\/portal\\\/author\\\/jeanette\\\/\"}]}<\/script>\n<!-- \/ Yoast SEO plugin. -->","yoast_head_json":{"title":"El Ej\u00e9rcito y la Guardia Nacional denunciados por violaci\u00f3n a DDHH - El Diario - Bolivia","robots":{"index":"index","follow":"follow","max-snippet":"max-snippet:-1","max-image-preview":"max-image-preview:large","max-video-preview":"max-video-preview:-1"},"canonical":"https:\/\/www.eldiario.net\/portal\/2023\/03\/06\/el-ejercito-y-la-guardia-nacional-denunciados-por-violacion-a-ddhh\/","og_locale":"es_ES","og_type":"article","og_title":"El Ej\u00e9rcito y la Guardia Nacional denunciados por violaci\u00f3n a DDHH - El Diario - Bolivia","og_description":"Las Fuerzas Armadas y la Guardia Nacional de M\u00e9xico encabezan el listado de instituciones con m\u00e1s denuncias por violaciones de los Derechos Humanos en 2022, con m\u00e1s de 1.000 quejas en total, seg\u00fan un informe de la Comisi\u00f3n Nacional de los Derechos Humanos (CNDH). La Guardia Nacional, el pol\u00e9mico cuerpo policial federal que fue recientemente [&hellip;]","og_url":"https:\/\/www.eldiario.net\/portal\/2023\/03\/06\/el-ejercito-y-la-guardia-nacional-denunciados-por-violacion-a-ddhh\/","og_site_name":"El Diario - Bolivia","article_publisher":"https:\/\/www.facebook.com\/eldiario.bolivia\/","article_published_time":"2023-03-06T10:34:25+00:00","author":"Jeanette","twitter_card":"summary_large_image","twitter_creator":"@eldiario_net","twitter_site":"@eldiario_net","twitter_misc":{"Escrito por":"Jeanette","Tiempo de lectura":"2 minutos"},"schema":{"@context":"https:\/\/schema.org","@graph":[{"@type":"Article","@id":"https:\/\/www.eldiario.net\/portal\/2023\/03\/06\/el-ejercito-y-la-guardia-nacional-denunciados-por-violacion-a-ddhh\/#article","isPartOf":{"@id":"https:\/\/www.eldiario.net\/portal\/2023\/03\/06\/el-ejercito-y-la-guardia-nacional-denunciados-por-violacion-a-ddhh\/"},"author":{"name":"Jeanette","@id":"https:\/\/www.eldiario.net\/portal\/#\/schema\/person\/f46445640444750d7d753ccd04ae01b7"},"headline":"El Ej\u00e9rcito y la Guardia Nacional denunciados por violaci\u00f3n a DDHH","datePublished":"2023-03-06T10:34:25+00:00","mainEntityOfPage":{"@id":"https:\/\/www.eldiario.net\/portal\/2023\/03\/06\/el-ejercito-y-la-guardia-nacional-denunciados-por-violacion-a-ddhh\/"},"wordCount":298,"publisher":{"@id":"https:\/\/www.eldiario.net\/portal\/#organization"},"image":{"@id":"https:\/\/www.eldiario.net\/portal\/2023\/03\/06\/el-ejercito-y-la-guardia-nacional-denunciados-por-violacion-a-ddhh\/#primaryimage"},"thumbnailUrl":"","articleSection":["Internacional"],"inLanguage":"es"},{"@type":"WebPage","@id":"https:\/\/www.eldiario.net\/portal\/2023\/03\/06\/el-ejercito-y-la-guardia-nacional-denunciados-por-violacion-a-ddhh\/","url":"https:\/\/www.eldiario.net\/portal\/2023\/03\/06\/el-ejercito-y-la-guardia-nacional-denunciados-por-violacion-a-ddhh\/","name":"El Ej\u00e9rcito y la Guardia Nacional denunciados por violaci\u00f3n a DDHH - El Diario - Bolivia","isPartOf":{"@id":"https:\/\/www.eldiario.net\/portal\/#website"},"primaryImageOfPage":{"@id":"https:\/\/www.eldiario.net\/portal\/2023\/03\/06\/el-ejercito-y-la-guardia-nacional-denunciados-por-violacion-a-ddhh\/#primaryimage"},"image":{"@id":"https:\/\/www.eldiario.net\/portal\/2023\/03\/06\/el-ejercito-y-la-guardia-nacional-denunciados-por-violacion-a-ddhh\/#primaryimage"},"thumbnailUrl":"","datePublished":"2023-03-06T10:34:25+00:00","breadcrumb":{"@id":"https:\/\/www.eldiario.net\/portal\/2023\/03\/06\/el-ejercito-y-la-guardia-nacional-denunciados-por-violacion-a-ddhh\/#breadcrumb"},"inLanguage":"es","potentialAction":[{"@type":"ReadAction","target":["https:\/\/www.eldiario.net\/portal\/2023\/03\/06\/el-ejercito-y-la-guardia-nacional-denunciados-por-violacion-a-ddhh\/"]}]},{"@type":"ImageObject","inLanguage":"es","@id":"https:\/\/www.eldiario.net\/portal\/2023\/03\/06\/el-ejercito-y-la-guardia-nacional-denunciados-por-violacion-a-ddhh\/#primaryimage","url":"","contentUrl":""},{"@type":"BreadcrumbList","@id":"https:\/\/www.eldiario.net\/portal\/2023\/03\/06\/el-ejercito-y-la-guardia-nacional-denunciados-por-violacion-a-ddhh\/#breadcrumb","itemListElement":[{"@type":"ListItem","position":1,"name":"Portada","item":"https:\/\/www.eldiario.net\/portal\/"},{"@type":"ListItem","position":2,"name":"El Ej\u00e9rcito y la Guardia Nacional denunciados por violaci\u00f3n a DDHH"}]},{"@type":"WebSite","@id":"https:\/\/www.eldiario.net\/portal\/#website","url":"https:\/\/www.eldiario.net\/portal\/","name":"El Diario - Decano de la prensa nacional","description":"El Diario - Decano de la prensa nacional","publisher":{"@id":"https:\/\/www.eldiario.net\/portal\/#organization"},"potentialAction":[{"@type":"SearchAction","target":{"@type":"EntryPoint","urlTemplate":"https:\/\/www.eldiario.net\/portal\/?s={search_term_string}"},"query-input":{"@type":"PropertyValueSpecification","valueRequired":true,"valueName":"search_term_string"}}],"inLanguage":"es"},{"@type":"Organization","@id":"https:\/\/www.eldiario.net\/portal\/#organization","name":"El Diario - Decano de la prensa nacional","url":"https:\/\/www.eldiario.net\/portal\/","logo":{"@type":"ImageObject","inLanguage":"es","@id":"https:\/\/www.eldiario.net\/portal\/#\/schema\/logo\/image\/","url":"https:\/\/www.eldiario.net\/portal\/wp-content\/uploads\/2023\/07\/logo_ED.jpg","contentUrl":"https:\/\/www.eldiario.net\/portal\/wp-content\/uploads\/2023\/07\/logo_ED.jpg","width":272,"height":52,"caption":"El Diario - Decano de la prensa nacional"},"image":{"@id":"https:\/\/www.eldiario.net\/portal\/#\/schema\/logo\/image\/"},"sameAs":["https:\/\/www.facebook.com\/eldiario.bolivia\/","https:\/\/x.com\/eldiario_net"]},{"@type":"Person","@id":"https:\/\/www.eldiario.net\/portal\/#\/schema\/person\/f46445640444750d7d753ccd04ae01b7","name":"Jeanette","image":{"@type":"ImageObject","inLanguage":"es","@id":"https:\/\/secure.gravatar.com\/avatar\/3ea2118a5f7dad2b7138b1187a6b7ee55f160b9968b66013c3a3ef39dd7e5798?s=96&d=mm&r=g","url":"https:\/\/secure.gravatar.com\/avatar\/3ea2118a5f7dad2b7138b1187a6b7ee55f160b9968b66013c3a3ef39dd7e5798?s=96&d=mm&r=g","contentUrl":"https:\/\/secure.gravatar.com\/avatar\/3ea2118a5f7dad2b7138b1187a6b7ee55f160b9968b66013c3a3ef39dd7e5798?s=96&d=mm&r=g","caption":"Jeanette"},"sameAs":["https:\/\/www.eldiario.net\/portal"],"url":"https:\/\/www.eldiario.net\/portal\/author\/jeanette\/"}]}},"_links":{"self":[{"href":"https:\/\/www.eldiario.net\/portal\/wp-json\/wp\/v2\/posts\/141552","targetHints":{"allow":["GET"]}}],"collection":[{"href":"https:\/\/www.eldiario.net\/portal\/wp-json\/wp\/v2\/posts"}],"about":[{"href":"https:\/\/www.eldiario.net\/portal\/wp-json\/wp\/v2\/types\/post"}],"author":[{"embeddable":true,"href":"https:\/\/www.eldiario.net\/portal\/wp-json\/wp\/v2\/users\/1"}],"replies":[{"embeddable":true,"href":"https:\/\/www.eldiario.net\/portal\/wp-json\/wp\/v2\/comments?post=141552"}],"version-history":[{"count":0,"href":"https:\/\/www.eldiario.net\/portal\/wp-json\/wp\/v2\/posts\/141552\/revisions"}],"wp:attachment":[{"href":"https:\/\/www.eldiario.net\/portal\/wp-json\/wp\/v2\/media?parent=141552"}],"wp:term":[{"taxonomy":"category","embeddable":true,"href":"https:\/\/www.eldiario.net\/portal\/wp-json\/wp\/v2\/categories?post=141552"},{"taxonomy":"post_tag","embeddable":true,"href":"https:\/\/www.eldiario.net\/portal\/wp-json\/wp\/v2\/tags?post=141552"}],"curies":[{"name":"wp","href":"https:\/\/api.w.org\/{rel}","templated":true}]}}