{"id":141546,"date":"2023-03-06T06:32:12","date_gmt":"2023-03-06T10:32:12","guid":{"rendered":"https:\/\/www.eldiario.net\/portal\/?p=141546"},"modified":"2023-03-06T06:32:12","modified_gmt":"2023-03-06T10:32:12","slug":"tejiendo-la-historia-de-la-ciudad-de-el-alto-nueva-publicacion-de-cristina-larico-churata","status":"publish","type":"post","link":"https:\/\/www.eldiario.net\/portal\/2023\/03\/06\/tejiendo-la-historia-de-la-ciudad-de-el-alto-nueva-publicacion-de-cristina-larico-churata\/","title":{"rendered":"\u201cTejiendo la historia de la ciudad de El Alto\u201d nueva publicaci\u00f3n de Cristina Larico Churata"},"content":{"rendered":"<p>Como un aporte hist\u00f3rico, cultural, tur\u00edstico e industrial a la ciudad de El Alto, la escritora Cristina Larico Churata presentar\u00e1 el libro titulado \u201cTejiendo la historia de la ciudad de El Alto, hito nacional Puerta de Ingreso a la Autenticidad Cultural, Tur\u00edstica e Industrial\u201d, en homenaje a la urbe alte\u00f1a en sus 38 a\u00f1os de creaci\u00f3n<br \/>\nSe trata de una Investigaci\u00f3n realizada por a\u00f1os, cuyo contenido tiene que ver con el desarrollo de El Alto y la construcci\u00f3n de una mejor ciudad, \u201cConoci\u00e9ndola aprenderemos a amarla m\u00e1s y dejaremos de ser forasteros en nuestra propia tierra. Adem\u00e1s, es fundamental la importancia del sentido de pertenencia y la identidad, debido a que los mismos son determinantes para definir la conducta del individuo y del vivir bien, pensando en las futuras generaciones\u201d, refiere la autora.<br \/>\nLa obra destaca el patrimonio material e inmaterial, traducido en monumentos, arquitecturas, templos, casonas, sitios y memorias, que tienen un valor hist\u00f3rico, dispuestos en espacios p\u00fablicos, que, seg\u00fan Larico, se deber\u00eda ense\u00f1ar al alte\u00f1o, para que se apropie, para que aprenda a amar y respetar estos espacios.<br \/>\nDel mismo modo, la publicaci\u00f3n es un esfuerzo realizado a objeto de crear un valor agregado, un nuevo producto, considerando la calidad de mano de obra existente en esta urbe.<br \/>\n\u201cSomos gente que ama no s\u00f3lo la ciudad de El Alto, sino tambi\u00e9n Bolivia, en su diversidad cultural, defendemos los intereses de esta Patria Bendita Bolivia y por eso se El Alto se constituye como hito nacional. Llenar un vac\u00edo existente, sobre la historia de la urbe alte\u00f1a, pues al admirar con detenimiento, sus calles, sus monumentos, sus templos, sus casas los acontecimientos suscitados en determinados lugares, nos encontramos, con la historia de El Alto, y de su gente. Adem\u00e1s de recurrir a libros de historia e investigaciones cient\u00edficas efectuados por acad\u00e9micos, finalmente recurrimos a historias orales y testimoniales de propios vecinos\u201d, se\u00f1ala la autora.<br \/>\nAsimismo, el libro contiene informaci\u00f3n tur\u00edstica, con palabras sencillas para llegar a la gente de diferentes edades, es ilustrativo y tambi\u00e9n puede servir como fuente para futuras investigaciones o proyectos.<br \/>\nSobre la autora<br \/>\nCristina Larico Churata es Licenciada en Turismo, estudi\u00f3 en la Universidad Mayor de San Andr\u00e9s, carrera de Turismo, con especialidad en Gesti\u00f3n Cultural, Museos y Econom\u00eda. Investig\u00f3 sobre la historia, Arqueolog\u00eda de Copacabana, y de la Ciudad de El Alto (La Paz \u2013Bolivia). Ha sido catedr\u00e1tica de la Universidad P\u00fablica de El Alto. Adem\u00e1s de encargada de Turismo Comunitario en el Viceministerio de Turismo. Ejerci\u00f3 tambi\u00e9n como responsable de proyectos tur\u00edsticos en los Municipios de La Paz, El Alto y Copacabana.<\/p>\n","protected":false},"excerpt":{"rendered":"<p>Como un aporte hist\u00f3rico, cultural, tur\u00edstico e industrial a la ciudad de El Alto, la escritora Cristina Larico Churata presentar\u00e1 el libro titulado \u201cTejiendo la historia de la ciudad de El Alto, hito nacional Puerta de Ingreso a la Autenticidad Cultural, Tur\u00edstica e Industrial\u201d, en homenaje a la urbe alte\u00f1a en sus 38 a\u00f1os de [&hellip;]<\/p>\n","protected":false},"author":1,"featured_media":141547,"comment_status":"closed","ping_status":"closed","sticky":false,"template":"","format":"standard","meta":{"_acf_changed":false,"footnotes":""},"categories":[8],"tags":[],"class_list":["post-141546","post","type-post","status-publish","format-standard","has-post-thumbnail","category-cultural"],"acf":{"antetitulo":""},"yoast_head":"<!-- This site is optimized with the Yoast SEO plugin v28.4 - https:\/\/yoast.com\/product\/yoast-seo-wordpress\/ -->\n<title>\u201cTejiendo la historia de la ciudad de El Alto\u201d nueva publicaci\u00f3n de Cristina Larico Churata - El Diario - Bolivia<\/title>\n<meta name=\"robots\" content=\"index, follow, max-snippet:-1, max-image-preview:large, max-video-preview:-1\" \/>\n<link rel=\"canonical\" href=\"https:\/\/www.eldiario.net\/portal\/2023\/03\/06\/tejiendo-la-historia-de-la-ciudad-de-el-alto-nueva-publicacion-de-cristina-larico-churata\/\" \/>\n<meta property=\"og:locale\" content=\"es_ES\" \/>\n<meta property=\"og:type\" content=\"article\" \/>\n<meta property=\"og:title\" content=\"\u201cTejiendo la historia de la ciudad de El Alto\u201d nueva publicaci\u00f3n de Cristina Larico Churata - El Diario - Bolivia\" \/>\n<meta property=\"og:description\" content=\"Como un aporte hist\u00f3rico, cultural, tur\u00edstico e industrial a la ciudad de El Alto, la escritora Cristina Larico Churata presentar\u00e1 el libro titulado \u201cTejiendo la historia de la ciudad de El Alto, hito nacional Puerta de Ingreso a la Autenticidad Cultural, Tur\u00edstica e Industrial\u201d, en homenaje a la urbe alte\u00f1a en sus 38 a\u00f1os de [&hellip;]\" \/>\n<meta property=\"og:url\" content=\"https:\/\/www.eldiario.net\/portal\/2023\/03\/06\/tejiendo-la-historia-de-la-ciudad-de-el-alto-nueva-publicacion-de-cristina-larico-churata\/\" \/>\n<meta property=\"og:site_name\" content=\"El Diario - Bolivia\" \/>\n<meta property=\"article:publisher\" content=\"https:\/\/www.facebook.com\/eldiario.bolivia\/\" \/>\n<meta property=\"article:published_time\" content=\"2023-03-06T10:32:12+00:00\" \/>\n<meta name=\"author\" content=\"Jeanette\" \/>\n<meta name=\"twitter:card\" content=\"summary_large_image\" \/>\n<meta name=\"twitter:creator\" content=\"@eldiario_net\" \/>\n<meta name=\"twitter:site\" content=\"@eldiario_net\" \/>\n<meta name=\"twitter:label1\" content=\"Escrito por\" \/>\n\t<meta name=\"twitter:data1\" content=\"Jeanette\" \/>\n\t<meta name=\"twitter:label2\" content=\"Tiempo de lectura\" \/>\n\t<meta name=\"twitter:data2\" content=\"2 minutos\" \/>\n<script type=\"application\/ld+json\" class=\"yoast-schema-graph\">{\"@context\":\"https:\\\/\\\/schema.org\",\"@graph\":[{\"@type\":\"Article\",\"@id\":\"https:\\\/\\\/www.eldiario.net\\\/portal\\\/2023\\\/03\\\/06\\\/tejiendo-la-historia-de-la-ciudad-de-el-alto-nueva-publicacion-de-cristina-larico-churata\\\/#article\",\"isPartOf\":{\"@id\":\"https:\\\/\\\/www.eldiario.net\\\/portal\\\/2023\\\/03\\\/06\\\/tejiendo-la-historia-de-la-ciudad-de-el-alto-nueva-publicacion-de-cristina-larico-churata\\\/\"},\"author\":{\"name\":\"Jeanette\",\"@id\":\"https:\\\/\\\/www.eldiario.net\\\/portal\\\/#\\\/schema\\\/person\\\/f46445640444750d7d753ccd04ae01b7\"},\"headline\":\"\u201cTejiendo la historia de la ciudad de El Alto\u201d nueva publicaci\u00f3n de Cristina Larico Churata\",\"datePublished\":\"2023-03-06T10:32:12+00:00\",\"mainEntityOfPage\":{\"@id\":\"https:\\\/\\\/www.eldiario.net\\\/portal\\\/2023\\\/03\\\/06\\\/tejiendo-la-historia-de-la-ciudad-de-el-alto-nueva-publicacion-de-cristina-larico-churata\\\/\"},\"wordCount\":483,\"publisher\":{\"@id\":\"https:\\\/\\\/www.eldiario.net\\\/portal\\\/#organization\"},\"image\":{\"@id\":\"https:\\\/\\\/www.eldiario.net\\\/portal\\\/2023\\\/03\\\/06\\\/tejiendo-la-historia-de-la-ciudad-de-el-alto-nueva-publicacion-de-cristina-larico-churata\\\/#primaryimage\"},\"thumbnailUrl\":\"\",\"articleSection\":[\"Cultural\"],\"inLanguage\":\"es\"},{\"@type\":\"WebPage\",\"@id\":\"https:\\\/\\\/www.eldiario.net\\\/portal\\\/2023\\\/03\\\/06\\\/tejiendo-la-historia-de-la-ciudad-de-el-alto-nueva-publicacion-de-cristina-larico-churata\\\/\",\"url\":\"https:\\\/\\\/www.eldiario.net\\\/portal\\\/2023\\\/03\\\/06\\\/tejiendo-la-historia-de-la-ciudad-de-el-alto-nueva-publicacion-de-cristina-larico-churata\\\/\",\"name\":\"\u201cTejiendo la historia de la ciudad de El Alto\u201d nueva publicaci\u00f3n de Cristina Larico Churata - El Diario - Bolivia\",\"isPartOf\":{\"@id\":\"https:\\\/\\\/www.eldiario.net\\\/portal\\\/#website\"},\"primaryImageOfPage\":{\"@id\":\"https:\\\/\\\/www.eldiario.net\\\/portal\\\/2023\\\/03\\\/06\\\/tejiendo-la-historia-de-la-ciudad-de-el-alto-nueva-publicacion-de-cristina-larico-churata\\\/#primaryimage\"},\"image\":{\"@id\":\"https:\\\/\\\/www.eldiario.net\\\/portal\\\/2023\\\/03\\\/06\\\/tejiendo-la-historia-de-la-ciudad-de-el-alto-nueva-publicacion-de-cristina-larico-churata\\\/#primaryimage\"},\"thumbnailUrl\":\"\",\"datePublished\":\"2023-03-06T10:32:12+00:00\",\"breadcrumb\":{\"@id\":\"https:\\\/\\\/www.eldiario.net\\\/portal\\\/2023\\\/03\\\/06\\\/tejiendo-la-historia-de-la-ciudad-de-el-alto-nueva-publicacion-de-cristina-larico-churata\\\/#breadcrumb\"},\"inLanguage\":\"es\",\"potentialAction\":[{\"@type\":\"ReadAction\",\"target\":[\"https:\\\/\\\/www.eldiario.net\\\/portal\\\/2023\\\/03\\\/06\\\/tejiendo-la-historia-de-la-ciudad-de-el-alto-nueva-publicacion-de-cristina-larico-churata\\\/\"]}]},{\"@type\":\"ImageObject\",\"inLanguage\":\"es\",\"@id\":\"https:\\\/\\\/www.eldiario.net\\\/portal\\\/2023\\\/03\\\/06\\\/tejiendo-la-historia-de-la-ciudad-de-el-alto-nueva-publicacion-de-cristina-larico-churata\\\/#primaryimage\",\"url\":\"\",\"contentUrl\":\"\"},{\"@type\":\"BreadcrumbList\",\"@id\":\"https:\\\/\\\/www.eldiario.net\\\/portal\\\/2023\\\/03\\\/06\\\/tejiendo-la-historia-de-la-ciudad-de-el-alto-nueva-publicacion-de-cristina-larico-churata\\\/#breadcrumb\",\"itemListElement\":[{\"@type\":\"ListItem\",\"position\":1,\"name\":\"Portada\",\"item\":\"https:\\\/\\\/www.eldiario.net\\\/portal\\\/\"},{\"@type\":\"ListItem\",\"position\":2,\"name\":\"\u201cTejiendo la historia de la ciudad de El Alto\u201d nueva publicaci\u00f3n de Cristina Larico Churata\"}]},{\"@type\":\"WebSite\",\"@id\":\"https:\\\/\\\/www.eldiario.net\\\/portal\\\/#website\",\"url\":\"https:\\\/\\\/www.eldiario.net\\\/portal\\\/\",\"name\":\"El Diario - Decano de la prensa nacional\",\"description\":\"El Diario - Decano de la prensa nacional\",\"publisher\":{\"@id\":\"https:\\\/\\\/www.eldiario.net\\\/portal\\\/#organization\"},\"potentialAction\":[{\"@type\":\"SearchAction\",\"target\":{\"@type\":\"EntryPoint\",\"urlTemplate\":\"https:\\\/\\\/www.eldiario.net\\\/portal\\\/?s={search_term_string}\"},\"query-input\":{\"@type\":\"PropertyValueSpecification\",\"valueRequired\":true,\"valueName\":\"search_term_string\"}}],\"inLanguage\":\"es\"},{\"@type\":\"Organization\",\"@id\":\"https:\\\/\\\/www.eldiario.net\\\/portal\\\/#organization\",\"name\":\"El Diario - Decano de la prensa nacional\",\"url\":\"https:\\\/\\\/www.eldiario.net\\\/portal\\\/\",\"logo\":{\"@type\":\"ImageObject\",\"inLanguage\":\"es\",\"@id\":\"https:\\\/\\\/www.eldiario.net\\\/portal\\\/#\\\/schema\\\/logo\\\/image\\\/\",\"url\":\"https:\\\/\\\/www.eldiario.net\\\/portal\\\/wp-content\\\/uploads\\\/2023\\\/07\\\/logo_ED.jpg\",\"contentUrl\":\"https:\\\/\\\/www.eldiario.net\\\/portal\\\/wp-content\\\/uploads\\\/2023\\\/07\\\/logo_ED.jpg\",\"width\":272,\"height\":52,\"caption\":\"El Diario - Decano de la prensa nacional\"},\"image\":{\"@id\":\"https:\\\/\\\/www.eldiario.net\\\/portal\\\/#\\\/schema\\\/logo\\\/image\\\/\"},\"sameAs\":[\"https:\\\/\\\/www.facebook.com\\\/eldiario.bolivia\\\/\",\"https:\\\/\\\/x.com\\\/eldiario_net\"]},{\"@type\":\"Person\",\"@id\":\"https:\\\/\\\/www.eldiario.net\\\/portal\\\/#\\\/schema\\\/person\\\/f46445640444750d7d753ccd04ae01b7\",\"name\":\"Jeanette\",\"image\":{\"@type\":\"ImageObject\",\"inLanguage\":\"es\",\"@id\":\"https:\\\/\\\/secure.gravatar.com\\\/avatar\\\/3ea2118a5f7dad2b7138b1187a6b7ee55f160b9968b66013c3a3ef39dd7e5798?s=96&d=mm&r=g\",\"url\":\"https:\\\/\\\/secure.gravatar.com\\\/avatar\\\/3ea2118a5f7dad2b7138b1187a6b7ee55f160b9968b66013c3a3ef39dd7e5798?s=96&d=mm&r=g\",\"contentUrl\":\"https:\\\/\\\/secure.gravatar.com\\\/avatar\\\/3ea2118a5f7dad2b7138b1187a6b7ee55f160b9968b66013c3a3ef39dd7e5798?s=96&d=mm&r=g\",\"caption\":\"Jeanette\"},\"sameAs\":[\"https:\\\/\\\/www.eldiario.net\\\/portal\"],\"url\":\"https:\\\/\\\/www.eldiario.net\\\/portal\\\/author\\\/jeanette\\\/\"}]}<\/script>\n<!-- \/ Yoast SEO plugin. -->","yoast_head_json":{"title":"\u201cTejiendo la historia de la ciudad de El Alto\u201d nueva publicaci\u00f3n de Cristina Larico Churata - El Diario - Bolivia","robots":{"index":"index","follow":"follow","max-snippet":"max-snippet:-1","max-image-preview":"max-image-preview:large","max-video-preview":"max-video-preview:-1"},"canonical":"https:\/\/www.eldiario.net\/portal\/2023\/03\/06\/tejiendo-la-historia-de-la-ciudad-de-el-alto-nueva-publicacion-de-cristina-larico-churata\/","og_locale":"es_ES","og_type":"article","og_title":"\u201cTejiendo la historia de la ciudad de El Alto\u201d nueva publicaci\u00f3n de Cristina Larico Churata - El Diario - Bolivia","og_description":"Como un aporte hist\u00f3rico, cultural, tur\u00edstico e industrial a la ciudad de El Alto, la escritora Cristina Larico Churata presentar\u00e1 el libro titulado \u201cTejiendo la historia de la ciudad de El Alto, hito nacional Puerta de Ingreso a la Autenticidad Cultural, Tur\u00edstica e Industrial\u201d, en homenaje a la urbe alte\u00f1a en sus 38 a\u00f1os de [&hellip;]","og_url":"https:\/\/www.eldiario.net\/portal\/2023\/03\/06\/tejiendo-la-historia-de-la-ciudad-de-el-alto-nueva-publicacion-de-cristina-larico-churata\/","og_site_name":"El Diario - Bolivia","article_publisher":"https:\/\/www.facebook.com\/eldiario.bolivia\/","article_published_time":"2023-03-06T10:32:12+00:00","author":"Jeanette","twitter_card":"summary_large_image","twitter_creator":"@eldiario_net","twitter_site":"@eldiario_net","twitter_misc":{"Escrito por":"Jeanette","Tiempo de lectura":"2 minutos"},"schema":{"@context":"https:\/\/schema.org","@graph":[{"@type":"Article","@id":"https:\/\/www.eldiario.net\/portal\/2023\/03\/06\/tejiendo-la-historia-de-la-ciudad-de-el-alto-nueva-publicacion-de-cristina-larico-churata\/#article","isPartOf":{"@id":"https:\/\/www.eldiario.net\/portal\/2023\/03\/06\/tejiendo-la-historia-de-la-ciudad-de-el-alto-nueva-publicacion-de-cristina-larico-churata\/"},"author":{"name":"Jeanette","@id":"https:\/\/www.eldiario.net\/portal\/#\/schema\/person\/f46445640444750d7d753ccd04ae01b7"},"headline":"\u201cTejiendo la historia de la ciudad de El Alto\u201d nueva publicaci\u00f3n de Cristina Larico Churata","datePublished":"2023-03-06T10:32:12+00:00","mainEntityOfPage":{"@id":"https:\/\/www.eldiario.net\/portal\/2023\/03\/06\/tejiendo-la-historia-de-la-ciudad-de-el-alto-nueva-publicacion-de-cristina-larico-churata\/"},"wordCount":483,"publisher":{"@id":"https:\/\/www.eldiario.net\/portal\/#organization"},"image":{"@id":"https:\/\/www.eldiario.net\/portal\/2023\/03\/06\/tejiendo-la-historia-de-la-ciudad-de-el-alto-nueva-publicacion-de-cristina-larico-churata\/#primaryimage"},"thumbnailUrl":"","articleSection":["Cultural"],"inLanguage":"es"},{"@type":"WebPage","@id":"https:\/\/www.eldiario.net\/portal\/2023\/03\/06\/tejiendo-la-historia-de-la-ciudad-de-el-alto-nueva-publicacion-de-cristina-larico-churata\/","url":"https:\/\/www.eldiario.net\/portal\/2023\/03\/06\/tejiendo-la-historia-de-la-ciudad-de-el-alto-nueva-publicacion-de-cristina-larico-churata\/","name":"\u201cTejiendo la historia de la ciudad de El Alto\u201d nueva publicaci\u00f3n de Cristina Larico Churata - El Diario - Bolivia","isPartOf":{"@id":"https:\/\/www.eldiario.net\/portal\/#website"},"primaryImageOfPage":{"@id":"https:\/\/www.eldiario.net\/portal\/2023\/03\/06\/tejiendo-la-historia-de-la-ciudad-de-el-alto-nueva-publicacion-de-cristina-larico-churata\/#primaryimage"},"image":{"@id":"https:\/\/www.eldiario.net\/portal\/2023\/03\/06\/tejiendo-la-historia-de-la-ciudad-de-el-alto-nueva-publicacion-de-cristina-larico-churata\/#primaryimage"},"thumbnailUrl":"","datePublished":"2023-03-06T10:32:12+00:00","breadcrumb":{"@id":"https:\/\/www.eldiario.net\/portal\/2023\/03\/06\/tejiendo-la-historia-de-la-ciudad-de-el-alto-nueva-publicacion-de-cristina-larico-churata\/#breadcrumb"},"inLanguage":"es","potentialAction":[{"@type":"ReadAction","target":["https:\/\/www.eldiario.net\/portal\/2023\/03\/06\/tejiendo-la-historia-de-la-ciudad-de-el-alto-nueva-publicacion-de-cristina-larico-churata\/"]}]},{"@type":"ImageObject","inLanguage":"es","@id":"https:\/\/www.eldiario.net\/portal\/2023\/03\/06\/tejiendo-la-historia-de-la-ciudad-de-el-alto-nueva-publicacion-de-cristina-larico-churata\/#primaryimage","url":"","contentUrl":""},{"@type":"BreadcrumbList","@id":"https:\/\/www.eldiario.net\/portal\/2023\/03\/06\/tejiendo-la-historia-de-la-ciudad-de-el-alto-nueva-publicacion-de-cristina-larico-churata\/#breadcrumb","itemListElement":[{"@type":"ListItem","position":1,"name":"Portada","item":"https:\/\/www.eldiario.net\/portal\/"},{"@type":"ListItem","position":2,"name":"\u201cTejiendo la historia de la ciudad de El Alto\u201d nueva publicaci\u00f3n de Cristina Larico Churata"}]},{"@type":"WebSite","@id":"https:\/\/www.eldiario.net\/portal\/#website","url":"https:\/\/www.eldiario.net\/portal\/","name":"El Diario - Decano de la prensa nacional","description":"El Diario - Decano de la prensa nacional","publisher":{"@id":"https:\/\/www.eldiario.net\/portal\/#organization"},"potentialAction":[{"@type":"SearchAction","target":{"@type":"EntryPoint","urlTemplate":"https:\/\/www.eldiario.net\/portal\/?s={search_term_string}"},"query-input":{"@type":"PropertyValueSpecification","valueRequired":true,"valueName":"search_term_string"}}],"inLanguage":"es"},{"@type":"Organization","@id":"https:\/\/www.eldiario.net\/portal\/#organization","name":"El Diario - Decano de la prensa nacional","url":"https:\/\/www.eldiario.net\/portal\/","logo":{"@type":"ImageObject","inLanguage":"es","@id":"https:\/\/www.eldiario.net\/portal\/#\/schema\/logo\/image\/","url":"https:\/\/www.eldiario.net\/portal\/wp-content\/uploads\/2023\/07\/logo_ED.jpg","contentUrl":"https:\/\/www.eldiario.net\/portal\/wp-content\/uploads\/2023\/07\/logo_ED.jpg","width":272,"height":52,"caption":"El Diario - Decano de la prensa nacional"},"image":{"@id":"https:\/\/www.eldiario.net\/portal\/#\/schema\/logo\/image\/"},"sameAs":["https:\/\/www.facebook.com\/eldiario.bolivia\/","https:\/\/x.com\/eldiario_net"]},{"@type":"Person","@id":"https:\/\/www.eldiario.net\/portal\/#\/schema\/person\/f46445640444750d7d753ccd04ae01b7","name":"Jeanette","image":{"@type":"ImageObject","inLanguage":"es","@id":"https:\/\/secure.gravatar.com\/avatar\/3ea2118a5f7dad2b7138b1187a6b7ee55f160b9968b66013c3a3ef39dd7e5798?s=96&d=mm&r=g","url":"https:\/\/secure.gravatar.com\/avatar\/3ea2118a5f7dad2b7138b1187a6b7ee55f160b9968b66013c3a3ef39dd7e5798?s=96&d=mm&r=g","contentUrl":"https:\/\/secure.gravatar.com\/avatar\/3ea2118a5f7dad2b7138b1187a6b7ee55f160b9968b66013c3a3ef39dd7e5798?s=96&d=mm&r=g","caption":"Jeanette"},"sameAs":["https:\/\/www.eldiario.net\/portal"],"url":"https:\/\/www.eldiario.net\/portal\/author\/jeanette\/"}]}},"_links":{"self":[{"href":"https:\/\/www.eldiario.net\/portal\/wp-json\/wp\/v2\/posts\/141546","targetHints":{"allow":["GET"]}}],"collection":[{"href":"https:\/\/www.eldiario.net\/portal\/wp-json\/wp\/v2\/posts"}],"about":[{"href":"https:\/\/www.eldiario.net\/portal\/wp-json\/wp\/v2\/types\/post"}],"author":[{"embeddable":true,"href":"https:\/\/www.eldiario.net\/portal\/wp-json\/wp\/v2\/users\/1"}],"replies":[{"embeddable":true,"href":"https:\/\/www.eldiario.net\/portal\/wp-json\/wp\/v2\/comments?post=141546"}],"version-history":[{"count":0,"href":"https:\/\/www.eldiario.net\/portal\/wp-json\/wp\/v2\/posts\/141546\/revisions"}],"wp:attachment":[{"href":"https:\/\/www.eldiario.net\/portal\/wp-json\/wp\/v2\/media?parent=141546"}],"wp:term":[{"taxonomy":"category","embeddable":true,"href":"https:\/\/www.eldiario.net\/portal\/wp-json\/wp\/v2\/categories?post=141546"},{"taxonomy":"post_tag","embeddable":true,"href":"https:\/\/www.eldiario.net\/portal\/wp-json\/wp\/v2\/tags?post=141546"}],"curies":[{"name":"wp","href":"https:\/\/api.w.org\/{rel}","templated":true}]}}