{"id":141541,"date":"2023-03-06T06:29:20","date_gmt":"2023-03-06T10:29:20","guid":{"rendered":"https:\/\/www.eldiario.net\/portal\/?p=141541"},"modified":"2023-03-06T06:29:20","modified_gmt":"2023-03-06T10:29:20","slug":"carretera-nueva-entre-cochabamba-y-santa-cruz-continua-bloqueada","status":"publish","type":"post","link":"https:\/\/www.eldiario.net\/portal\/2023\/03\/06\/carretera-nueva-entre-cochabamba-y-santa-cruz-continua-bloqueada\/","title":{"rendered":"Carretera nueva entre Cochabamba y Santa Cruz contin\u00faa bloqueada"},"content":{"rendered":"<p>El transporte libre, por tercer d\u00eda consecutivo, contin\u00faa bloqueando la carretera nueva entre Cochabamba y Santa Cruz. El principal punto de interrupci\u00f3n de la ruta est\u00e1 ubicado en el sector del Locotal.<br \/>\nProducto de este bloqueo se han registrado largas filas de veh\u00edculos a lo largo de la carretera entre camiones, buses, veh\u00edculos livianos y particulares.<br \/>\nMediante un recorrido a lo largo de la carretera, se observ\u00f3 una extensa fila de veh\u00edculos varados en esta v\u00eda a la espera de una posible soluci\u00f3n en este conflicto.<br \/>\nLa disputa se inici\u00f3 el pasado jueves, entre transportistas federados y libres que realizan viajes hacia el Tr\u00f3pico cochabambino, donde se registraron enfrentamientos que dejaron al menos dos personas heridas y da\u00f1os materiales de consideraci\u00f3n.<br \/>\nProducto de este problema, se suspendieron las salidas hacia la zona del Chapare, donde posteriormente, uno de los bandos decidieron instalar un bloqueo en esta importante ruta troncal hasta encontrar una soluci\u00f3n al conflicto.<br \/>\nDesde la Terminal de Buses de Cochabamba se ha informado que los viajes hacia Santa Cruz y el resto del oriente boliviano se realizan \u00fanicamente por la carretera antigua, hasta recibir alguna autorizaci\u00f3n de la Unidad de Tr\u00e1nsito.<br \/>\nPor su parte, algunos choferes de camiones, reclamaron por el perjuicio producto de este bloqueo, varios llevan alimentos que pueden echarse a perder, raz\u00f3n por la cual, piden a las autoridades una pronta soluci\u00f3n. (Cochabamba, con datos de Unitel).<\/p>\n","protected":false},"excerpt":{"rendered":"<p>El transporte libre, por tercer d\u00eda consecutivo, contin\u00faa bloqueando la carretera nueva entre Cochabamba y Santa Cruz. El principal punto de interrupci\u00f3n de la ruta est\u00e1 ubicado en el sector del Locotal. Producto de este bloqueo se han registrado largas filas de veh\u00edculos a lo largo de la carretera entre camiones, buses, veh\u00edculos livianos y [&hellip;]<\/p>\n","protected":false},"author":1,"featured_media":141542,"comment_status":"closed","ping_status":"closed","sticky":false,"template":"","format":"standard","meta":{"_acf_changed":false,"footnotes":""},"categories":[12],"tags":[],"class_list":["post-141541","post","type-post","status-publish","format-standard","has-post-thumbnail","category-nacional"],"acf":{"antetitulo":""},"yoast_head":"<!-- This site is optimized with the Yoast SEO plugin v28.4 - https:\/\/yoast.com\/product\/yoast-seo-wordpress\/ -->\n<title>Carretera nueva entre Cochabamba y Santa Cruz contin\u00faa bloqueada - El Diario - Bolivia<\/title>\n<meta name=\"robots\" content=\"index, follow, max-snippet:-1, max-image-preview:large, max-video-preview:-1\" \/>\n<link rel=\"canonical\" href=\"https:\/\/www.eldiario.net\/portal\/2023\/03\/06\/carretera-nueva-entre-cochabamba-y-santa-cruz-continua-bloqueada\/\" \/>\n<meta property=\"og:locale\" content=\"es_ES\" \/>\n<meta property=\"og:type\" content=\"article\" \/>\n<meta property=\"og:title\" content=\"Carretera nueva entre Cochabamba y Santa Cruz contin\u00faa bloqueada - El Diario - Bolivia\" \/>\n<meta property=\"og:description\" content=\"El transporte libre, por tercer d\u00eda consecutivo, contin\u00faa bloqueando la carretera nueva entre Cochabamba y Santa Cruz. El principal punto de interrupci\u00f3n de la ruta est\u00e1 ubicado en el sector del Locotal. Producto de este bloqueo se han registrado largas filas de veh\u00edculos a lo largo de la carretera entre camiones, buses, veh\u00edculos livianos y [&hellip;]\" \/>\n<meta property=\"og:url\" content=\"https:\/\/www.eldiario.net\/portal\/2023\/03\/06\/carretera-nueva-entre-cochabamba-y-santa-cruz-continua-bloqueada\/\" \/>\n<meta property=\"og:site_name\" content=\"El Diario - Bolivia\" \/>\n<meta property=\"article:publisher\" content=\"https:\/\/www.facebook.com\/eldiario.bolivia\/\" \/>\n<meta property=\"article:published_time\" content=\"2023-03-06T10:29:20+00:00\" \/>\n<meta property=\"og:image\" content=\"https:\/\/www.eldiario.net\/portal\/wp-content\/uploads\/2023\/03\/1O-NAL.jpg\" \/>\n\t<meta property=\"og:image:width\" content=\"1024\" \/>\n\t<meta property=\"og:image:height\" content=\"512\" \/>\n\t<meta property=\"og:image:type\" content=\"image\/jpeg\" \/>\n<meta name=\"author\" content=\"Jeanette\" \/>\n<meta name=\"twitter:card\" content=\"summary_large_image\" \/>\n<meta name=\"twitter:creator\" content=\"@eldiario_net\" \/>\n<meta name=\"twitter:site\" content=\"@eldiario_net\" \/>\n<meta name=\"twitter:label1\" content=\"Escrito por\" \/>\n\t<meta name=\"twitter:data1\" content=\"Jeanette\" \/>\n\t<meta name=\"twitter:label2\" content=\"Tiempo de lectura\" \/>\n\t<meta name=\"twitter:data2\" content=\"2 minutos\" \/>\n<script type=\"application\/ld+json\" class=\"yoast-schema-graph\">{\"@context\":\"https:\\\/\\\/schema.org\",\"@graph\":[{\"@type\":\"Article\",\"@id\":\"https:\\\/\\\/www.eldiario.net\\\/portal\\\/2023\\\/03\\\/06\\\/carretera-nueva-entre-cochabamba-y-santa-cruz-continua-bloqueada\\\/#article\",\"isPartOf\":{\"@id\":\"https:\\\/\\\/www.eldiario.net\\\/portal\\\/2023\\\/03\\\/06\\\/carretera-nueva-entre-cochabamba-y-santa-cruz-continua-bloqueada\\\/\"},\"author\":{\"name\":\"Jeanette\",\"@id\":\"https:\\\/\\\/www.eldiario.net\\\/portal\\\/#\\\/schema\\\/person\\\/f46445640444750d7d753ccd04ae01b7\"},\"headline\":\"Carretera nueva entre Cochabamba y Santa Cruz contin\u00faa bloqueada\",\"datePublished\":\"2023-03-06T10:29:20+00:00\",\"mainEntityOfPage\":{\"@id\":\"https:\\\/\\\/www.eldiario.net\\\/portal\\\/2023\\\/03\\\/06\\\/carretera-nueva-entre-cochabamba-y-santa-cruz-continua-bloqueada\\\/\"},\"wordCount\":258,\"publisher\":{\"@id\":\"https:\\\/\\\/www.eldiario.net\\\/portal\\\/#organization\"},\"image\":{\"@id\":\"https:\\\/\\\/www.eldiario.net\\\/portal\\\/2023\\\/03\\\/06\\\/carretera-nueva-entre-cochabamba-y-santa-cruz-continua-bloqueada\\\/#primaryimage\"},\"thumbnailUrl\":\"https:\\\/\\\/www.eldiario.net\\\/portal\\\/wp-content\\\/uploads\\\/2023\\\/03\\\/1O-NAL.jpg\",\"articleSection\":[\"Nacional\"],\"inLanguage\":\"es\"},{\"@type\":\"WebPage\",\"@id\":\"https:\\\/\\\/www.eldiario.net\\\/portal\\\/2023\\\/03\\\/06\\\/carretera-nueva-entre-cochabamba-y-santa-cruz-continua-bloqueada\\\/\",\"url\":\"https:\\\/\\\/www.eldiario.net\\\/portal\\\/2023\\\/03\\\/06\\\/carretera-nueva-entre-cochabamba-y-santa-cruz-continua-bloqueada\\\/\",\"name\":\"Carretera nueva entre Cochabamba y Santa Cruz contin\u00faa bloqueada - El Diario - Bolivia\",\"isPartOf\":{\"@id\":\"https:\\\/\\\/www.eldiario.net\\\/portal\\\/#website\"},\"primaryImageOfPage\":{\"@id\":\"https:\\\/\\\/www.eldiario.net\\\/portal\\\/2023\\\/03\\\/06\\\/carretera-nueva-entre-cochabamba-y-santa-cruz-continua-bloqueada\\\/#primaryimage\"},\"image\":{\"@id\":\"https:\\\/\\\/www.eldiario.net\\\/portal\\\/2023\\\/03\\\/06\\\/carretera-nueva-entre-cochabamba-y-santa-cruz-continua-bloqueada\\\/#primaryimage\"},\"thumbnailUrl\":\"https:\\\/\\\/www.eldiario.net\\\/portal\\\/wp-content\\\/uploads\\\/2023\\\/03\\\/1O-NAL.jpg\",\"datePublished\":\"2023-03-06T10:29:20+00:00\",\"breadcrumb\":{\"@id\":\"https:\\\/\\\/www.eldiario.net\\\/portal\\\/2023\\\/03\\\/06\\\/carretera-nueva-entre-cochabamba-y-santa-cruz-continua-bloqueada\\\/#breadcrumb\"},\"inLanguage\":\"es\",\"potentialAction\":[{\"@type\":\"ReadAction\",\"target\":[\"https:\\\/\\\/www.eldiario.net\\\/portal\\\/2023\\\/03\\\/06\\\/carretera-nueva-entre-cochabamba-y-santa-cruz-continua-bloqueada\\\/\"]}]},{\"@type\":\"ImageObject\",\"inLanguage\":\"es\",\"@id\":\"https:\\\/\\\/www.eldiario.net\\\/portal\\\/2023\\\/03\\\/06\\\/carretera-nueva-entre-cochabamba-y-santa-cruz-continua-bloqueada\\\/#primaryimage\",\"url\":\"https:\\\/\\\/www.eldiario.net\\\/portal\\\/wp-content\\\/uploads\\\/2023\\\/03\\\/1O-NAL.jpg\",\"contentUrl\":\"https:\\\/\\\/www.eldiario.net\\\/portal\\\/wp-content\\\/uploads\\\/2023\\\/03\\\/1O-NAL.jpg\",\"width\":1024,\"height\":512,\"caption\":\"Cientos de camiones y veh\u00edculos de todo tipo se encuentran sin poder pasar el sector del Locotal en la carretera nueva que une Cochabamba y Santa Cruz.\"},{\"@type\":\"BreadcrumbList\",\"@id\":\"https:\\\/\\\/www.eldiario.net\\\/portal\\\/2023\\\/03\\\/06\\\/carretera-nueva-entre-cochabamba-y-santa-cruz-continua-bloqueada\\\/#breadcrumb\",\"itemListElement\":[{\"@type\":\"ListItem\",\"position\":1,\"name\":\"Portada\",\"item\":\"https:\\\/\\\/www.eldiario.net\\\/portal\\\/\"},{\"@type\":\"ListItem\",\"position\":2,\"name\":\"Carretera nueva entre Cochabamba y Santa Cruz contin\u00faa bloqueada\"}]},{\"@type\":\"WebSite\",\"@id\":\"https:\\\/\\\/www.eldiario.net\\\/portal\\\/#website\",\"url\":\"https:\\\/\\\/www.eldiario.net\\\/portal\\\/\",\"name\":\"El Diario - Decano de la prensa nacional\",\"description\":\"El Diario - Decano de la prensa nacional\",\"publisher\":{\"@id\":\"https:\\\/\\\/www.eldiario.net\\\/portal\\\/#organization\"},\"potentialAction\":[{\"@type\":\"SearchAction\",\"target\":{\"@type\":\"EntryPoint\",\"urlTemplate\":\"https:\\\/\\\/www.eldiario.net\\\/portal\\\/?s={search_term_string}\"},\"query-input\":{\"@type\":\"PropertyValueSpecification\",\"valueRequired\":true,\"valueName\":\"search_term_string\"}}],\"inLanguage\":\"es\"},{\"@type\":\"Organization\",\"@id\":\"https:\\\/\\\/www.eldiario.net\\\/portal\\\/#organization\",\"name\":\"El Diario - Decano de la prensa nacional\",\"url\":\"https:\\\/\\\/www.eldiario.net\\\/portal\\\/\",\"logo\":{\"@type\":\"ImageObject\",\"inLanguage\":\"es\",\"@id\":\"https:\\\/\\\/www.eldiario.net\\\/portal\\\/#\\\/schema\\\/logo\\\/image\\\/\",\"url\":\"https:\\\/\\\/www.eldiario.net\\\/portal\\\/wp-content\\\/uploads\\\/2023\\\/07\\\/logo_ED.jpg\",\"contentUrl\":\"https:\\\/\\\/www.eldiario.net\\\/portal\\\/wp-content\\\/uploads\\\/2023\\\/07\\\/logo_ED.jpg\",\"width\":272,\"height\":52,\"caption\":\"El Diario - Decano de la prensa nacional\"},\"image\":{\"@id\":\"https:\\\/\\\/www.eldiario.net\\\/portal\\\/#\\\/schema\\\/logo\\\/image\\\/\"},\"sameAs\":[\"https:\\\/\\\/www.facebook.com\\\/eldiario.bolivia\\\/\",\"https:\\\/\\\/x.com\\\/eldiario_net\"]},{\"@type\":\"Person\",\"@id\":\"https:\\\/\\\/www.eldiario.net\\\/portal\\\/#\\\/schema\\\/person\\\/f46445640444750d7d753ccd04ae01b7\",\"name\":\"Jeanette\",\"image\":{\"@type\":\"ImageObject\",\"inLanguage\":\"es\",\"@id\":\"https:\\\/\\\/secure.gravatar.com\\\/avatar\\\/3ea2118a5f7dad2b7138b1187a6b7ee55f160b9968b66013c3a3ef39dd7e5798?s=96&d=mm&r=g\",\"url\":\"https:\\\/\\\/secure.gravatar.com\\\/avatar\\\/3ea2118a5f7dad2b7138b1187a6b7ee55f160b9968b66013c3a3ef39dd7e5798?s=96&d=mm&r=g\",\"contentUrl\":\"https:\\\/\\\/secure.gravatar.com\\\/avatar\\\/3ea2118a5f7dad2b7138b1187a6b7ee55f160b9968b66013c3a3ef39dd7e5798?s=96&d=mm&r=g\",\"caption\":\"Jeanette\"},\"sameAs\":[\"https:\\\/\\\/www.eldiario.net\\\/portal\"],\"url\":\"https:\\\/\\\/www.eldiario.net\\\/portal\\\/author\\\/jeanette\\\/\"}]}<\/script>\n<!-- \/ Yoast SEO plugin. -->","yoast_head_json":{"title":"Carretera nueva entre Cochabamba y Santa Cruz contin\u00faa bloqueada - El Diario - Bolivia","robots":{"index":"index","follow":"follow","max-snippet":"max-snippet:-1","max-image-preview":"max-image-preview:large","max-video-preview":"max-video-preview:-1"},"canonical":"https:\/\/www.eldiario.net\/portal\/2023\/03\/06\/carretera-nueva-entre-cochabamba-y-santa-cruz-continua-bloqueada\/","og_locale":"es_ES","og_type":"article","og_title":"Carretera nueva entre Cochabamba y Santa Cruz contin\u00faa bloqueada - El Diario - Bolivia","og_description":"El transporte libre, por tercer d\u00eda consecutivo, contin\u00faa bloqueando la carretera nueva entre Cochabamba y Santa Cruz. El principal punto de interrupci\u00f3n de la ruta est\u00e1 ubicado en el sector del Locotal. Producto de este bloqueo se han registrado largas filas de veh\u00edculos a lo largo de la carretera entre camiones, buses, veh\u00edculos livianos y [&hellip;]","og_url":"https:\/\/www.eldiario.net\/portal\/2023\/03\/06\/carretera-nueva-entre-cochabamba-y-santa-cruz-continua-bloqueada\/","og_site_name":"El Diario - Bolivia","article_publisher":"https:\/\/www.facebook.com\/eldiario.bolivia\/","article_published_time":"2023-03-06T10:29:20+00:00","og_image":[{"width":1024,"height":512,"url":"https:\/\/www.eldiario.net\/portal\/wp-content\/uploads\/2023\/03\/1O-NAL.jpg","type":"image\/jpeg"}],"author":"Jeanette","twitter_card":"summary_large_image","twitter_creator":"@eldiario_net","twitter_site":"@eldiario_net","twitter_misc":{"Escrito por":"Jeanette","Tiempo de lectura":"2 minutos"},"schema":{"@context":"https:\/\/schema.org","@graph":[{"@type":"Article","@id":"https:\/\/www.eldiario.net\/portal\/2023\/03\/06\/carretera-nueva-entre-cochabamba-y-santa-cruz-continua-bloqueada\/#article","isPartOf":{"@id":"https:\/\/www.eldiario.net\/portal\/2023\/03\/06\/carretera-nueva-entre-cochabamba-y-santa-cruz-continua-bloqueada\/"},"author":{"name":"Jeanette","@id":"https:\/\/www.eldiario.net\/portal\/#\/schema\/person\/f46445640444750d7d753ccd04ae01b7"},"headline":"Carretera nueva entre Cochabamba y Santa Cruz contin\u00faa bloqueada","datePublished":"2023-03-06T10:29:20+00:00","mainEntityOfPage":{"@id":"https:\/\/www.eldiario.net\/portal\/2023\/03\/06\/carretera-nueva-entre-cochabamba-y-santa-cruz-continua-bloqueada\/"},"wordCount":258,"publisher":{"@id":"https:\/\/www.eldiario.net\/portal\/#organization"},"image":{"@id":"https:\/\/www.eldiario.net\/portal\/2023\/03\/06\/carretera-nueva-entre-cochabamba-y-santa-cruz-continua-bloqueada\/#primaryimage"},"thumbnailUrl":"https:\/\/www.eldiario.net\/portal\/wp-content\/uploads\/2023\/03\/1O-NAL.jpg","articleSection":["Nacional"],"inLanguage":"es"},{"@type":"WebPage","@id":"https:\/\/www.eldiario.net\/portal\/2023\/03\/06\/carretera-nueva-entre-cochabamba-y-santa-cruz-continua-bloqueada\/","url":"https:\/\/www.eldiario.net\/portal\/2023\/03\/06\/carretera-nueva-entre-cochabamba-y-santa-cruz-continua-bloqueada\/","name":"Carretera nueva entre Cochabamba y Santa Cruz contin\u00faa bloqueada - El Diario - Bolivia","isPartOf":{"@id":"https:\/\/www.eldiario.net\/portal\/#website"},"primaryImageOfPage":{"@id":"https:\/\/www.eldiario.net\/portal\/2023\/03\/06\/carretera-nueva-entre-cochabamba-y-santa-cruz-continua-bloqueada\/#primaryimage"},"image":{"@id":"https:\/\/www.eldiario.net\/portal\/2023\/03\/06\/carretera-nueva-entre-cochabamba-y-santa-cruz-continua-bloqueada\/#primaryimage"},"thumbnailUrl":"https:\/\/www.eldiario.net\/portal\/wp-content\/uploads\/2023\/03\/1O-NAL.jpg","datePublished":"2023-03-06T10:29:20+00:00","breadcrumb":{"@id":"https:\/\/www.eldiario.net\/portal\/2023\/03\/06\/carretera-nueva-entre-cochabamba-y-santa-cruz-continua-bloqueada\/#breadcrumb"},"inLanguage":"es","potentialAction":[{"@type":"ReadAction","target":["https:\/\/www.eldiario.net\/portal\/2023\/03\/06\/carretera-nueva-entre-cochabamba-y-santa-cruz-continua-bloqueada\/"]}]},{"@type":"ImageObject","inLanguage":"es","@id":"https:\/\/www.eldiario.net\/portal\/2023\/03\/06\/carretera-nueva-entre-cochabamba-y-santa-cruz-continua-bloqueada\/#primaryimage","url":"https:\/\/www.eldiario.net\/portal\/wp-content\/uploads\/2023\/03\/1O-NAL.jpg","contentUrl":"https:\/\/www.eldiario.net\/portal\/wp-content\/uploads\/2023\/03\/1O-NAL.jpg","width":1024,"height":512,"caption":"Cientos de camiones y veh\u00edculos de todo tipo se encuentran sin poder pasar el sector del Locotal en la carretera nueva que une Cochabamba y Santa Cruz."},{"@type":"BreadcrumbList","@id":"https:\/\/www.eldiario.net\/portal\/2023\/03\/06\/carretera-nueva-entre-cochabamba-y-santa-cruz-continua-bloqueada\/#breadcrumb","itemListElement":[{"@type":"ListItem","position":1,"name":"Portada","item":"https:\/\/www.eldiario.net\/portal\/"},{"@type":"ListItem","position":2,"name":"Carretera nueva entre Cochabamba y Santa Cruz contin\u00faa bloqueada"}]},{"@type":"WebSite","@id":"https:\/\/www.eldiario.net\/portal\/#website","url":"https:\/\/www.eldiario.net\/portal\/","name":"El Diario - Decano de la prensa nacional","description":"El Diario - Decano de la prensa nacional","publisher":{"@id":"https:\/\/www.eldiario.net\/portal\/#organization"},"potentialAction":[{"@type":"SearchAction","target":{"@type":"EntryPoint","urlTemplate":"https:\/\/www.eldiario.net\/portal\/?s={search_term_string}"},"query-input":{"@type":"PropertyValueSpecification","valueRequired":true,"valueName":"search_term_string"}}],"inLanguage":"es"},{"@type":"Organization","@id":"https:\/\/www.eldiario.net\/portal\/#organization","name":"El Diario - Decano de la prensa nacional","url":"https:\/\/www.eldiario.net\/portal\/","logo":{"@type":"ImageObject","inLanguage":"es","@id":"https:\/\/www.eldiario.net\/portal\/#\/schema\/logo\/image\/","url":"https:\/\/www.eldiario.net\/portal\/wp-content\/uploads\/2023\/07\/logo_ED.jpg","contentUrl":"https:\/\/www.eldiario.net\/portal\/wp-content\/uploads\/2023\/07\/logo_ED.jpg","width":272,"height":52,"caption":"El Diario - Decano de la prensa nacional"},"image":{"@id":"https:\/\/www.eldiario.net\/portal\/#\/schema\/logo\/image\/"},"sameAs":["https:\/\/www.facebook.com\/eldiario.bolivia\/","https:\/\/x.com\/eldiario_net"]},{"@type":"Person","@id":"https:\/\/www.eldiario.net\/portal\/#\/schema\/person\/f46445640444750d7d753ccd04ae01b7","name":"Jeanette","image":{"@type":"ImageObject","inLanguage":"es","@id":"https:\/\/secure.gravatar.com\/avatar\/3ea2118a5f7dad2b7138b1187a6b7ee55f160b9968b66013c3a3ef39dd7e5798?s=96&d=mm&r=g","url":"https:\/\/secure.gravatar.com\/avatar\/3ea2118a5f7dad2b7138b1187a6b7ee55f160b9968b66013c3a3ef39dd7e5798?s=96&d=mm&r=g","contentUrl":"https:\/\/secure.gravatar.com\/avatar\/3ea2118a5f7dad2b7138b1187a6b7ee55f160b9968b66013c3a3ef39dd7e5798?s=96&d=mm&r=g","caption":"Jeanette"},"sameAs":["https:\/\/www.eldiario.net\/portal"],"url":"https:\/\/www.eldiario.net\/portal\/author\/jeanette\/"}]}},"_links":{"self":[{"href":"https:\/\/www.eldiario.net\/portal\/wp-json\/wp\/v2\/posts\/141541","targetHints":{"allow":["GET"]}}],"collection":[{"href":"https:\/\/www.eldiario.net\/portal\/wp-json\/wp\/v2\/posts"}],"about":[{"href":"https:\/\/www.eldiario.net\/portal\/wp-json\/wp\/v2\/types\/post"}],"author":[{"embeddable":true,"href":"https:\/\/www.eldiario.net\/portal\/wp-json\/wp\/v2\/users\/1"}],"replies":[{"embeddable":true,"href":"https:\/\/www.eldiario.net\/portal\/wp-json\/wp\/v2\/comments?post=141541"}],"version-history":[{"count":0,"href":"https:\/\/www.eldiario.net\/portal\/wp-json\/wp\/v2\/posts\/141541\/revisions"}],"wp:featuredmedia":[{"embeddable":true,"href":"https:\/\/www.eldiario.net\/portal\/wp-json\/wp\/v2\/media\/141542"}],"wp:attachment":[{"href":"https:\/\/www.eldiario.net\/portal\/wp-json\/wp\/v2\/media?parent=141541"}],"wp:term":[{"taxonomy":"category","embeddable":true,"href":"https:\/\/www.eldiario.net\/portal\/wp-json\/wp\/v2\/categories?post=141541"},{"taxonomy":"post_tag","embeddable":true,"href":"https:\/\/www.eldiario.net\/portal\/wp-json\/wp\/v2\/tags?post=141541"}],"curies":[{"name":"wp","href":"https:\/\/api.w.org\/{rel}","templated":true}]}}