{"id":141518,"date":"2023-03-05T06:27:31","date_gmt":"2023-03-05T10:27:31","guid":{"rendered":"https:\/\/www.eldiario.net\/portal\/?p=141518"},"modified":"2023-03-05T06:27:31","modified_gmt":"2023-03-05T10:27:31","slug":"ellas-hablan-la-adaptacion-del-libro-para-la-pantalla","status":"publish","type":"post","link":"https:\/\/www.eldiario.net\/portal\/2023\/03\/05\/ellas-hablan-la-adaptacion-del-libro-para-la-pantalla\/","title":{"rendered":"\u201cEllas hablan\u201d: La adaptaci\u00f3n del libro para la pantalla"},"content":{"rendered":"<p>El aclamado libro en el que se basa la pel\u00edcula cautiv\u00f3 por completo a Frances McDormand y a Dede Gardner. \u201cUn amigo de la editorial Faber and Faber Publishing en Londres me regal\u00f3 el libro de Miriam Toews\u201d, explica McDormand. \u201c\u00c9l y yo hemos intercambiado libros durante aproximadamente 28 a\u00f1os, y constantemente me presenta material de lectura que captura mi imaginaci\u00f3n. Rara vez la ficci\u00f3n que compartimos necesita ser algo diferente de lo que es \u2014una novela escrita de forma convincente. A veces, sin embargo, el material exige una exploraci\u00f3n m\u00e1s profunda, y ese es el caso de Ellas Hablan\u201d.<\/p>\n<p>Gardner estaba encantada con la recomendaci\u00f3n de McDormand. \u201cNo hab\u00eda experimentado nada que me brindara toda la rabia, toda la tristeza y todo el debate que merece y, aun as\u00ed, tener que inclinarme hacia la victoria y la conclusi\u00f3n\u201d, anota Gardner. \u201cLa idea del debate me pareci\u00f3 un ejercicio extraordinario. Pens\u00e9 que si pod\u00edamos conseguirlo en una pel\u00edcula, no se parecer\u00eda a nada en lo que yo he participado, ni a nada que haya visto\u201d.<\/p>\n<p>El tema reson\u00f3 claramente en McDormand: \u201cNos encontramos en una \u00e9poca muy confusa y exigente de reconocimiento y reconciliaci\u00f3n entre los g\u00e9neros. El examen de este tema en el libro de Toews me parece acertado, atractivo, serio y refrescantemente entretenido\u201d.<\/p>\n<p>Polley estuvo en contacto con Toews mientras desarrollaba el guion, pero Toews tiene claro que el \u201cguion demoledor\u201d es todo de Sarah. Dice que Polley \u201cadapt\u00f3 el libro, pero lo convirti\u00f3 en mucho m\u00e1s. Consigui\u00f3 sacar a las mujeres del mundo cerrado y confinado del pajar y crear otras escenas\u201d. Si bien introduce nuevos elementos en la historia, Toews la califica como \u201cuna adaptaci\u00f3n incre\u00edblemente fiel\u201d que a\u00f1ade capas de \u201cbelleza cinematogr\u00e1fica\u201d.<\/p>\n<p>El elenco habl\u00f3 del atractivo y los retos de sus papeles espec\u00edficos, aunada a la belleza cinematogr\u00e1fica de la pel\u00edcula. \u201cSinceramente, no me di cuenta en ese momento, pero probablemente ha sido el personaje m\u00e1s dif\u00edcil que he tenido que interpretar\u201d, expresa Buckley. \u201cHab\u00eda mucha violencia en ella a causa de la violencia que ven\u00eda hacia ella. Y lo m\u00e1s desgarrador era que no sab\u00eda realmente d\u00f3nde pod\u00eda vivir la esperanza m\u00e1s all\u00e1 de esa referencia y adentrarse en lo desconocido. Algo que a veces da m\u00e1s miedo que las cosas que sabes c\u00f3mo sobrevivir\u201d.<\/p>\n<p>Foy afirma que lleg\u00f3 a amar a su personaje, conocido en la comunidad por su volatilidad. \u201cMi personaje ten\u00eda mucho esp\u00edritu\u201d, dice Foy. \u201cTen\u00eda un coraz\u00f3n muy grande envuelto en una enorme bola de fuego. La amaba con todo mi ser. Pod\u00eda ser incre\u00edblemente apasionada y discutidora sobre lo que cre\u00eda, pero aun as\u00ed preparar comida para alguien y d\u00e1rsela [en medio de su ira]. Ten\u00eda suficiente humanidad para hacer ambas cosas\u201d.<\/p>\n<p>\u00c1gata, el personaje que interpret\u00f3 Judith Ivey, vio lo personal y lo pol\u00edtico en su situaci\u00f3n. Se inspir\u00f3 en su propia abuela religiosa para meterse en la piel de su personaje: \u201cParte de la raz\u00f3n por la que sent\u00ed esa conexi\u00f3n es porque mi abuela era una mujer felizmente religiosa\u201d, explica. \u201cTen\u00eda una gran humanidad y era muy amable y cari\u00f1osa con todos los que conoc\u00eda. Era algo natural recordar a mi abuela. Hubo momentos en los que us\u00e9 su risa y su consideraci\u00f3n. Ella siempre era muy atenta cuando te contestaba. Se tomaba su tiempo para responderte como si fuera una pregunta profunda. Ella fue de gran utilidad\u201d.<\/p>\n","protected":false},"excerpt":{"rendered":"<p>El aclamado libro en el que se basa la pel\u00edcula cautiv\u00f3 por completo a Frances McDormand y a Dede Gardner. \u201cUn amigo de la editorial Faber and Faber Publishing en Londres me regal\u00f3 el libro de Miriam Toews\u201d, explica McDormand. \u201c\u00c9l y yo hemos intercambiado libros durante aproximadamente 28 a\u00f1os, y constantemente me presenta material [&hellip;]<\/p>\n","protected":false},"author":1,"featured_media":141519,"comment_status":"closed","ping_status":"closed","sticky":false,"template":"","format":"standard","meta":{"_acf_changed":false,"footnotes":""},"categories":[45],"tags":[],"class_list":["post-141518","post","type-post","status-publish","format-standard","has-post-thumbnail","category-cine-mundo"],"acf":{"antetitulo":""},"yoast_head":"<!-- This site is optimized with the Yoast SEO plugin v28.4 - https:\/\/yoast.com\/product\/yoast-seo-wordpress\/ -->\n<title>\u201cEllas hablan\u201d: La adaptaci\u00f3n del libro para la pantalla - El Diario - Bolivia<\/title>\n<meta name=\"robots\" content=\"index, follow, max-snippet:-1, max-image-preview:large, max-video-preview:-1\" \/>\n<link rel=\"canonical\" href=\"https:\/\/www.eldiario.net\/portal\/2023\/03\/05\/ellas-hablan-la-adaptacion-del-libro-para-la-pantalla\/\" \/>\n<meta property=\"og:locale\" content=\"es_ES\" \/>\n<meta property=\"og:type\" content=\"article\" \/>\n<meta property=\"og:title\" content=\"\u201cEllas hablan\u201d: La adaptaci\u00f3n del libro para la pantalla - El Diario - Bolivia\" \/>\n<meta property=\"og:description\" content=\"El aclamado libro en el que se basa la pel\u00edcula cautiv\u00f3 por completo a Frances McDormand y a Dede Gardner. \u201cUn amigo de la editorial Faber and Faber Publishing en Londres me regal\u00f3 el libro de Miriam Toews\u201d, explica McDormand. \u201c\u00c9l y yo hemos intercambiado libros durante aproximadamente 28 a\u00f1os, y constantemente me presenta material [&hellip;]\" \/>\n<meta property=\"og:url\" content=\"https:\/\/www.eldiario.net\/portal\/2023\/03\/05\/ellas-hablan-la-adaptacion-del-libro-para-la-pantalla\/\" \/>\n<meta property=\"og:site_name\" content=\"El Diario - Bolivia\" \/>\n<meta property=\"article:publisher\" content=\"https:\/\/www.facebook.com\/eldiario.bolivia\/\" \/>\n<meta property=\"article:published_time\" content=\"2023-03-05T10:27:31+00:00\" \/>\n<meta property=\"og:image\" content=\"https:\/\/www.eldiario.net\/portal\/wp-content\/uploads\/2023\/03\/Ellas-hablan-La-adaptacion-del-libro-para-la-pantalla.jpg\" \/>\n\t<meta property=\"og:image:width\" content=\"1\" \/>\n\t<meta property=\"og:image:height\" content=\"1\" \/>\n\t<meta property=\"og:image:type\" content=\"image\/jpeg\" \/>\n<meta name=\"author\" content=\"Jeanette\" \/>\n<meta name=\"twitter:card\" content=\"summary_large_image\" \/>\n<meta name=\"twitter:creator\" content=\"@eldiario_net\" \/>\n<meta name=\"twitter:site\" content=\"@eldiario_net\" \/>\n<meta name=\"twitter:label1\" content=\"Escrito por\" \/>\n\t<meta name=\"twitter:data1\" content=\"Jeanette\" \/>\n<script type=\"application\/ld+json\" class=\"yoast-schema-graph\">{\"@context\":\"https:\\\/\\\/schema.org\",\"@graph\":[{\"@type\":\"Article\",\"@id\":\"https:\\\/\\\/www.eldiario.net\\\/portal\\\/2023\\\/03\\\/05\\\/ellas-hablan-la-adaptacion-del-libro-para-la-pantalla\\\/#article\",\"isPartOf\":{\"@id\":\"https:\\\/\\\/www.eldiario.net\\\/portal\\\/2023\\\/03\\\/05\\\/ellas-hablan-la-adaptacion-del-libro-para-la-pantalla\\\/\"},\"author\":{\"name\":\"Jeanette\",\"@id\":\"https:\\\/\\\/www.eldiario.net\\\/portal\\\/#\\\/schema\\\/person\\\/f46445640444750d7d753ccd04ae01b7\"},\"headline\":\"\u201cEllas hablan\u201d: La adaptaci\u00f3n del libro para la pantalla\",\"datePublished\":\"2023-03-05T10:27:31+00:00\",\"mainEntityOfPage\":{\"@id\":\"https:\\\/\\\/www.eldiario.net\\\/portal\\\/2023\\\/03\\\/05\\\/ellas-hablan-la-adaptacion-del-libro-para-la-pantalla\\\/\"},\"wordCount\":622,\"publisher\":{\"@id\":\"https:\\\/\\\/www.eldiario.net\\\/portal\\\/#organization\"},\"image\":{\"@id\":\"https:\\\/\\\/www.eldiario.net\\\/portal\\\/2023\\\/03\\\/05\\\/ellas-hablan-la-adaptacion-del-libro-para-la-pantalla\\\/#primaryimage\"},\"thumbnailUrl\":\"https:\\\/\\\/www.eldiario.net\\\/portal\\\/wp-content\\\/uploads\\\/2023\\\/03\\\/Ellas-hablan-La-adaptacion-del-libro-para-la-pantalla.jpg\",\"articleSection\":[\"Cine Mundo\"],\"inLanguage\":\"es\"},{\"@type\":\"WebPage\",\"@id\":\"https:\\\/\\\/www.eldiario.net\\\/portal\\\/2023\\\/03\\\/05\\\/ellas-hablan-la-adaptacion-del-libro-para-la-pantalla\\\/\",\"url\":\"https:\\\/\\\/www.eldiario.net\\\/portal\\\/2023\\\/03\\\/05\\\/ellas-hablan-la-adaptacion-del-libro-para-la-pantalla\\\/\",\"name\":\"\u201cEllas hablan\u201d: La adaptaci\u00f3n del libro para la pantalla - El Diario - Bolivia\",\"isPartOf\":{\"@id\":\"https:\\\/\\\/www.eldiario.net\\\/portal\\\/#website\"},\"primaryImageOfPage\":{\"@id\":\"https:\\\/\\\/www.eldiario.net\\\/portal\\\/2023\\\/03\\\/05\\\/ellas-hablan-la-adaptacion-del-libro-para-la-pantalla\\\/#primaryimage\"},\"image\":{\"@id\":\"https:\\\/\\\/www.eldiario.net\\\/portal\\\/2023\\\/03\\\/05\\\/ellas-hablan-la-adaptacion-del-libro-para-la-pantalla\\\/#primaryimage\"},\"thumbnailUrl\":\"https:\\\/\\\/www.eldiario.net\\\/portal\\\/wp-content\\\/uploads\\\/2023\\\/03\\\/Ellas-hablan-La-adaptacion-del-libro-para-la-pantalla.jpg\",\"datePublished\":\"2023-03-05T10:27:31+00:00\",\"breadcrumb\":{\"@id\":\"https:\\\/\\\/www.eldiario.net\\\/portal\\\/2023\\\/03\\\/05\\\/ellas-hablan-la-adaptacion-del-libro-para-la-pantalla\\\/#breadcrumb\"},\"inLanguage\":\"es\",\"potentialAction\":[{\"@type\":\"ReadAction\",\"target\":[\"https:\\\/\\\/www.eldiario.net\\\/portal\\\/2023\\\/03\\\/05\\\/ellas-hablan-la-adaptacion-del-libro-para-la-pantalla\\\/\"]}]},{\"@type\":\"ImageObject\",\"inLanguage\":\"es\",\"@id\":\"https:\\\/\\\/www.eldiario.net\\\/portal\\\/2023\\\/03\\\/05\\\/ellas-hablan-la-adaptacion-del-libro-para-la-pantalla\\\/#primaryimage\",\"url\":\"https:\\\/\\\/www.eldiario.net\\\/portal\\\/wp-content\\\/uploads\\\/2023\\\/03\\\/Ellas-hablan-La-adaptacion-del-libro-para-la-pantalla.jpg\",\"contentUrl\":\"https:\\\/\\\/www.eldiario.net\\\/portal\\\/wp-content\\\/uploads\\\/2023\\\/03\\\/Ellas-hablan-La-adaptacion-del-libro-para-la-pantalla.jpg\",\"caption\":\"WT_05312_R (l-r.) Rooney Mara stars as Ona, Claire Foy as Salome, Judith Ivey as Agata, Sheila McCarthy as Greta, Michelle McLeod as Mejal and Jessie Buckley as Mariche in director Sarah Polley\u2019s film WOMEN TALKING An Orion Pictures Release Photo credit: Michael Gibson \u00a9 2022 Orion Releasing LLC. All Rights Reserved.\"},{\"@type\":\"BreadcrumbList\",\"@id\":\"https:\\\/\\\/www.eldiario.net\\\/portal\\\/2023\\\/03\\\/05\\\/ellas-hablan-la-adaptacion-del-libro-para-la-pantalla\\\/#breadcrumb\",\"itemListElement\":[{\"@type\":\"ListItem\",\"position\":1,\"name\":\"Portada\",\"item\":\"https:\\\/\\\/www.eldiario.net\\\/portal\\\/\"},{\"@type\":\"ListItem\",\"position\":2,\"name\":\"\u201cEllas hablan\u201d: La adaptaci\u00f3n del libro para la pantalla\"}]},{\"@type\":\"WebSite\",\"@id\":\"https:\\\/\\\/www.eldiario.net\\\/portal\\\/#website\",\"url\":\"https:\\\/\\\/www.eldiario.net\\\/portal\\\/\",\"name\":\"El Diario - Decano de la prensa nacional\",\"description\":\"El Diario - Decano de la prensa nacional\",\"publisher\":{\"@id\":\"https:\\\/\\\/www.eldiario.net\\\/portal\\\/#organization\"},\"potentialAction\":[{\"@type\":\"SearchAction\",\"target\":{\"@type\":\"EntryPoint\",\"urlTemplate\":\"https:\\\/\\\/www.eldiario.net\\\/portal\\\/?s={search_term_string}\"},\"query-input\":{\"@type\":\"PropertyValueSpecification\",\"valueRequired\":true,\"valueName\":\"search_term_string\"}}],\"inLanguage\":\"es\"},{\"@type\":\"Organization\",\"@id\":\"https:\\\/\\\/www.eldiario.net\\\/portal\\\/#organization\",\"name\":\"El Diario - Decano de la prensa nacional\",\"url\":\"https:\\\/\\\/www.eldiario.net\\\/portal\\\/\",\"logo\":{\"@type\":\"ImageObject\",\"inLanguage\":\"es\",\"@id\":\"https:\\\/\\\/www.eldiario.net\\\/portal\\\/#\\\/schema\\\/logo\\\/image\\\/\",\"url\":\"https:\\\/\\\/www.eldiario.net\\\/portal\\\/wp-content\\\/uploads\\\/2023\\\/07\\\/logo_ED.jpg\",\"contentUrl\":\"https:\\\/\\\/www.eldiario.net\\\/portal\\\/wp-content\\\/uploads\\\/2023\\\/07\\\/logo_ED.jpg\",\"width\":272,\"height\":52,\"caption\":\"El Diario - Decano de la prensa nacional\"},\"image\":{\"@id\":\"https:\\\/\\\/www.eldiario.net\\\/portal\\\/#\\\/schema\\\/logo\\\/image\\\/\"},\"sameAs\":[\"https:\\\/\\\/www.facebook.com\\\/eldiario.bolivia\\\/\",\"https:\\\/\\\/x.com\\\/eldiario_net\"]},{\"@type\":\"Person\",\"@id\":\"https:\\\/\\\/www.eldiario.net\\\/portal\\\/#\\\/schema\\\/person\\\/f46445640444750d7d753ccd04ae01b7\",\"name\":\"Jeanette\",\"image\":{\"@type\":\"ImageObject\",\"inLanguage\":\"es\",\"@id\":\"https:\\\/\\\/secure.gravatar.com\\\/avatar\\\/3ea2118a5f7dad2b7138b1187a6b7ee55f160b9968b66013c3a3ef39dd7e5798?s=96&d=mm&r=g\",\"url\":\"https:\\\/\\\/secure.gravatar.com\\\/avatar\\\/3ea2118a5f7dad2b7138b1187a6b7ee55f160b9968b66013c3a3ef39dd7e5798?s=96&d=mm&r=g\",\"contentUrl\":\"https:\\\/\\\/secure.gravatar.com\\\/avatar\\\/3ea2118a5f7dad2b7138b1187a6b7ee55f160b9968b66013c3a3ef39dd7e5798?s=96&d=mm&r=g\",\"caption\":\"Jeanette\"},\"sameAs\":[\"https:\\\/\\\/www.eldiario.net\\\/portal\"],\"url\":\"https:\\\/\\\/www.eldiario.net\\\/portal\\\/author\\\/jeanette\\\/\"}]}<\/script>\n<!-- \/ Yoast SEO plugin. -->","yoast_head_json":{"title":"\u201cEllas hablan\u201d: La adaptaci\u00f3n del libro para la pantalla - El Diario - Bolivia","robots":{"index":"index","follow":"follow","max-snippet":"max-snippet:-1","max-image-preview":"max-image-preview:large","max-video-preview":"max-video-preview:-1"},"canonical":"https:\/\/www.eldiario.net\/portal\/2023\/03\/05\/ellas-hablan-la-adaptacion-del-libro-para-la-pantalla\/","og_locale":"es_ES","og_type":"article","og_title":"\u201cEllas hablan\u201d: La adaptaci\u00f3n del libro para la pantalla - El Diario - Bolivia","og_description":"El aclamado libro en el que se basa la pel\u00edcula cautiv\u00f3 por completo a Frances McDormand y a Dede Gardner. \u201cUn amigo de la editorial Faber and Faber Publishing en Londres me regal\u00f3 el libro de Miriam Toews\u201d, explica McDormand. \u201c\u00c9l y yo hemos intercambiado libros durante aproximadamente 28 a\u00f1os, y constantemente me presenta material [&hellip;]","og_url":"https:\/\/www.eldiario.net\/portal\/2023\/03\/05\/ellas-hablan-la-adaptacion-del-libro-para-la-pantalla\/","og_site_name":"El Diario - Bolivia","article_publisher":"https:\/\/www.facebook.com\/eldiario.bolivia\/","article_published_time":"2023-03-05T10:27:31+00:00","og_image":[{"url":"https:\/\/www.eldiario.net\/portal\/wp-content\/uploads\/2023\/03\/Ellas-hablan-La-adaptacion-del-libro-para-la-pantalla.jpg","width":1,"height":1,"type":"image\/jpeg"}],"author":"Jeanette","twitter_card":"summary_large_image","twitter_creator":"@eldiario_net","twitter_site":"@eldiario_net","twitter_misc":{"Escrito por":"Jeanette"},"schema":{"@context":"https:\/\/schema.org","@graph":[{"@type":"Article","@id":"https:\/\/www.eldiario.net\/portal\/2023\/03\/05\/ellas-hablan-la-adaptacion-del-libro-para-la-pantalla\/#article","isPartOf":{"@id":"https:\/\/www.eldiario.net\/portal\/2023\/03\/05\/ellas-hablan-la-adaptacion-del-libro-para-la-pantalla\/"},"author":{"name":"Jeanette","@id":"https:\/\/www.eldiario.net\/portal\/#\/schema\/person\/f46445640444750d7d753ccd04ae01b7"},"headline":"\u201cEllas hablan\u201d: La adaptaci\u00f3n del libro para la pantalla","datePublished":"2023-03-05T10:27:31+00:00","mainEntityOfPage":{"@id":"https:\/\/www.eldiario.net\/portal\/2023\/03\/05\/ellas-hablan-la-adaptacion-del-libro-para-la-pantalla\/"},"wordCount":622,"publisher":{"@id":"https:\/\/www.eldiario.net\/portal\/#organization"},"image":{"@id":"https:\/\/www.eldiario.net\/portal\/2023\/03\/05\/ellas-hablan-la-adaptacion-del-libro-para-la-pantalla\/#primaryimage"},"thumbnailUrl":"https:\/\/www.eldiario.net\/portal\/wp-content\/uploads\/2023\/03\/Ellas-hablan-La-adaptacion-del-libro-para-la-pantalla.jpg","articleSection":["Cine Mundo"],"inLanguage":"es"},{"@type":"WebPage","@id":"https:\/\/www.eldiario.net\/portal\/2023\/03\/05\/ellas-hablan-la-adaptacion-del-libro-para-la-pantalla\/","url":"https:\/\/www.eldiario.net\/portal\/2023\/03\/05\/ellas-hablan-la-adaptacion-del-libro-para-la-pantalla\/","name":"\u201cEllas hablan\u201d: La adaptaci\u00f3n del libro para la pantalla - El Diario - Bolivia","isPartOf":{"@id":"https:\/\/www.eldiario.net\/portal\/#website"},"primaryImageOfPage":{"@id":"https:\/\/www.eldiario.net\/portal\/2023\/03\/05\/ellas-hablan-la-adaptacion-del-libro-para-la-pantalla\/#primaryimage"},"image":{"@id":"https:\/\/www.eldiario.net\/portal\/2023\/03\/05\/ellas-hablan-la-adaptacion-del-libro-para-la-pantalla\/#primaryimage"},"thumbnailUrl":"https:\/\/www.eldiario.net\/portal\/wp-content\/uploads\/2023\/03\/Ellas-hablan-La-adaptacion-del-libro-para-la-pantalla.jpg","datePublished":"2023-03-05T10:27:31+00:00","breadcrumb":{"@id":"https:\/\/www.eldiario.net\/portal\/2023\/03\/05\/ellas-hablan-la-adaptacion-del-libro-para-la-pantalla\/#breadcrumb"},"inLanguage":"es","potentialAction":[{"@type":"ReadAction","target":["https:\/\/www.eldiario.net\/portal\/2023\/03\/05\/ellas-hablan-la-adaptacion-del-libro-para-la-pantalla\/"]}]},{"@type":"ImageObject","inLanguage":"es","@id":"https:\/\/www.eldiario.net\/portal\/2023\/03\/05\/ellas-hablan-la-adaptacion-del-libro-para-la-pantalla\/#primaryimage","url":"https:\/\/www.eldiario.net\/portal\/wp-content\/uploads\/2023\/03\/Ellas-hablan-La-adaptacion-del-libro-para-la-pantalla.jpg","contentUrl":"https:\/\/www.eldiario.net\/portal\/wp-content\/uploads\/2023\/03\/Ellas-hablan-La-adaptacion-del-libro-para-la-pantalla.jpg","caption":"WT_05312_R (l-r.) Rooney Mara stars as Ona, Claire Foy as Salome, Judith Ivey as Agata, Sheila McCarthy as Greta, Michelle McLeod as Mejal and Jessie Buckley as Mariche in director Sarah Polley\u2019s film WOMEN TALKING An Orion Pictures Release Photo credit: Michael Gibson \u00a9 2022 Orion Releasing LLC. All Rights Reserved."},{"@type":"BreadcrumbList","@id":"https:\/\/www.eldiario.net\/portal\/2023\/03\/05\/ellas-hablan-la-adaptacion-del-libro-para-la-pantalla\/#breadcrumb","itemListElement":[{"@type":"ListItem","position":1,"name":"Portada","item":"https:\/\/www.eldiario.net\/portal\/"},{"@type":"ListItem","position":2,"name":"\u201cEllas hablan\u201d: La adaptaci\u00f3n del libro para la pantalla"}]},{"@type":"WebSite","@id":"https:\/\/www.eldiario.net\/portal\/#website","url":"https:\/\/www.eldiario.net\/portal\/","name":"El Diario - Decano de la prensa nacional","description":"El Diario - Decano de la prensa nacional","publisher":{"@id":"https:\/\/www.eldiario.net\/portal\/#organization"},"potentialAction":[{"@type":"SearchAction","target":{"@type":"EntryPoint","urlTemplate":"https:\/\/www.eldiario.net\/portal\/?s={search_term_string}"},"query-input":{"@type":"PropertyValueSpecification","valueRequired":true,"valueName":"search_term_string"}}],"inLanguage":"es"},{"@type":"Organization","@id":"https:\/\/www.eldiario.net\/portal\/#organization","name":"El Diario - Decano de la prensa nacional","url":"https:\/\/www.eldiario.net\/portal\/","logo":{"@type":"ImageObject","inLanguage":"es","@id":"https:\/\/www.eldiario.net\/portal\/#\/schema\/logo\/image\/","url":"https:\/\/www.eldiario.net\/portal\/wp-content\/uploads\/2023\/07\/logo_ED.jpg","contentUrl":"https:\/\/www.eldiario.net\/portal\/wp-content\/uploads\/2023\/07\/logo_ED.jpg","width":272,"height":52,"caption":"El Diario - Decano de la prensa nacional"},"image":{"@id":"https:\/\/www.eldiario.net\/portal\/#\/schema\/logo\/image\/"},"sameAs":["https:\/\/www.facebook.com\/eldiario.bolivia\/","https:\/\/x.com\/eldiario_net"]},{"@type":"Person","@id":"https:\/\/www.eldiario.net\/portal\/#\/schema\/person\/f46445640444750d7d753ccd04ae01b7","name":"Jeanette","image":{"@type":"ImageObject","inLanguage":"es","@id":"https:\/\/secure.gravatar.com\/avatar\/3ea2118a5f7dad2b7138b1187a6b7ee55f160b9968b66013c3a3ef39dd7e5798?s=96&d=mm&r=g","url":"https:\/\/secure.gravatar.com\/avatar\/3ea2118a5f7dad2b7138b1187a6b7ee55f160b9968b66013c3a3ef39dd7e5798?s=96&d=mm&r=g","contentUrl":"https:\/\/secure.gravatar.com\/avatar\/3ea2118a5f7dad2b7138b1187a6b7ee55f160b9968b66013c3a3ef39dd7e5798?s=96&d=mm&r=g","caption":"Jeanette"},"sameAs":["https:\/\/www.eldiario.net\/portal"],"url":"https:\/\/www.eldiario.net\/portal\/author\/jeanette\/"}]}},"_links":{"self":[{"href":"https:\/\/www.eldiario.net\/portal\/wp-json\/wp\/v2\/posts\/141518","targetHints":{"allow":["GET"]}}],"collection":[{"href":"https:\/\/www.eldiario.net\/portal\/wp-json\/wp\/v2\/posts"}],"about":[{"href":"https:\/\/www.eldiario.net\/portal\/wp-json\/wp\/v2\/types\/post"}],"author":[{"embeddable":true,"href":"https:\/\/www.eldiario.net\/portal\/wp-json\/wp\/v2\/users\/1"}],"replies":[{"embeddable":true,"href":"https:\/\/www.eldiario.net\/portal\/wp-json\/wp\/v2\/comments?post=141518"}],"version-history":[{"count":0,"href":"https:\/\/www.eldiario.net\/portal\/wp-json\/wp\/v2\/posts\/141518\/revisions"}],"wp:featuredmedia":[{"embeddable":true,"href":"https:\/\/www.eldiario.net\/portal\/wp-json\/wp\/v2\/media\/141519"}],"wp:attachment":[{"href":"https:\/\/www.eldiario.net\/portal\/wp-json\/wp\/v2\/media?parent=141518"}],"wp:term":[{"taxonomy":"category","embeddable":true,"href":"https:\/\/www.eldiario.net\/portal\/wp-json\/wp\/v2\/categories?post=141518"},{"taxonomy":"post_tag","embeddable":true,"href":"https:\/\/www.eldiario.net\/portal\/wp-json\/wp\/v2\/tags?post=141518"}],"curies":[{"name":"wp","href":"https:\/\/api.w.org\/{rel}","templated":true}]}}