{"id":141515,"date":"2023-03-05T06:26:50","date_gmt":"2023-03-05T10:26:50","guid":{"rendered":"https:\/\/www.eldiario.net\/portal\/?p=141515"},"modified":"2023-03-05T06:26:50","modified_gmt":"2023-03-05T10:26:50","slug":"acerca-de-la-produccion-de-desconectada","status":"publish","type":"post","link":"https:\/\/www.eldiario.net\/portal\/2023\/03\/05\/acerca-de-la-produccion-de-desconectada\/","title":{"rendered":"Acerca de la producci\u00f3n de Desconectada"},"content":{"rendered":"<p>Muy acorde con una cinta que parece extra\u00edda de llamadas telef\u00f3nicas, im\u00e1genes capturadas por c\u00e1maras de seguridad y todos esos videos virales que ahora inundad nuestras vidas digitales, Descnectada fue filmada de una manera harto inusual. \u201cObviamente, esta cinta es \u00fanica\u201d, dice Jo Henriquez. \u201cNo hay cobertura tradicional. En ciertos momentos, los actores est\u00e1n sosteniendo c\u00e1maras y film\u00e1ndolo todo ellos mismos\u201d.<\/p>\n<p>Los actores descubrieron que el formato tan peculiar de esta pel\u00edcula pose\u00eda una curva de aprendizaje particularmente empinada- pero que val\u00eda mucho la pena. \u201cNunca antes hab\u00eda trabajado en una pel\u00edcula en la que tuvieras que hablarle a la c\u00e1mara todo el tiempo\u201d, dice Joaquim de Almeida. \u201cEn mis escenas, yo sostengo la c\u00e1mara, porque se supone que no es otra cosa que el tel\u00e9fono de Javi, as\u00ed que me pareci\u00f3 muy extra\u00f1o tener que estarme filmando a m\u00ed mismo todo el tiempo. Los otros actores brillaban por su ausencia la mayor parte del tiempo. No pod\u00edas ver al otro actor mientras filmabas la escena. En un par de escenas, Storm est\u00e1 en Los \u00c1ngeles, hablando conmigo, pero la mayor parte del tiempo filmamos con uno de los directores leyendo sus fragmentos del di\u00e1logo. Una experiencia verdaderamente novedosa\u201d.<\/p>\n<p>A fin de ampliar el rango de Desconectada, los realizadores decidieron conferirle un enfoque internacional. \u201cNo se trata solamente de la desaparici\u00f3n de la madre de June\u201d, dice Sev Ohanian. \u201cEl punto es que ha desaparecido en otro pa\u00eds. Para nosotros esto implic\u00f3 la planeaci\u00f3n de un rodaje que llevar\u00eda a todo el elenco y a nuestro equipo hasta Colombia\u201d.<\/p>\n<p>\u201cNos emocion\u00f3 much\u00edsimo poder filmar en Cartagena\u201d, dice Aneesh Chaganty. \u201cA la ciudad le agradecemos su hospitalidad, y nosotros estamos muy contentos, porque conseguimos mostrar muchos aspectos del lugar. En cada callej\u00f3n puedes mirar alrededor y percibir colores nuevos, plantas nuevas, experiencias nuevas, un caf\u00e9 excelente y la mejor comida. Desconectada versa en gran medida acerca de los viajes al extranjero, por ello quisimos asegurarnos de que la historia tuviera lugar en un pa\u00eds genial. Nos emocion\u00f3 much\u00edsimo cuando nos otorgaron el permiso de filmar en dicha locaci\u00f3n\u201d.<\/p>\n<p>\u201cCartagena es una ciudad muy hermosa\u201d, dice Henriquez. \u201cFilmar todos los d\u00edas en este asombroso lugar supuso un placer enorme\u201d.<\/p>\n<p>Los encargados de que la cinta luciese como un largometraje filmado puramente en-l\u00ednea fueron los editores Arielle Zakowski y Austin Keeling. \u201cLa edici\u00f3n de esta pel\u00edcula constituy\u00f3 el proyecto creativo y t\u00e9cnico m\u00e1s satisfactorio de mi vida\u201d, dice Zakowski. \u201cNick y Will se convirtieron en pioneros de un aut\u00e9ntico estilo y de todo un flujo laboral gracias a su desempe\u00f1o en la cinta previa, y esto es algo que nosotros hemos desarrollado a\u00fan m\u00e1s con Desconectada, empujando la tecnolog\u00eda hasta sus l\u00edmites y creando secuencias nunca antes vistas en la pantalla grande. La atenci\u00f3n con pixeles a cada detalle significa que el p\u00fablico puede ver la cinta una y otra vez, y en cada ocasi\u00f3n lograr\u00e1 descubrir nuevas piezas del rompecabezas que conforma el trasfondo. Todo el equipo de posproducci\u00f3n ha depositado a\u00f1os de experiencia en esta cinta, por ello no podemos esperar a que el p\u00fablico se sume a este viaje en monta\u00f1a rusa\u201d.<\/p>\n<p>\u201cLa edici\u00f3n de una pel\u00edcula narrada enteramente a trav\u00e9s de pantallas digitales supuso una empresa realmente ambiciosa, una tarea que nos ret\u00f3 d\u00eda tras d\u00eda a lo largo del proceso de posproducci\u00f3n\u201d, a\u00f1ade Keeling. \u201cTuvimos la suerte de contar con las directrices y gu\u00eda de Will y Nick desde el inicio de este proceso; tras haber editado la primera cinta, ellos ya conoc\u00edan de antemano casi todos los desaf\u00edos con los que nosotros mismos chocamos a lo largo del camino. Como equipo fuimos capaces de expandir el rango de la narrativa a trav\u00e9s de pantallas digitales, llevando este medio a lugares ignotos. Fue una tarea incre\u00edblemente complicada y (en ocasiones) dificultosa, pero el trabajo que realizamos con Arielle y todo el equipo de posproducci\u00f3n a fin de insuflar vida a esta historia ha constituido una de las experiencias m\u00e1s emocionantes y satisfactorias que quepa imaginar\u201d. <\/p>\n","protected":false},"excerpt":{"rendered":"<p>Muy acorde con una cinta que parece extra\u00edda de llamadas telef\u00f3nicas, im\u00e1genes capturadas por c\u00e1maras de seguridad y todos esos videos virales que ahora inundad nuestras vidas digitales, Descnectada fue filmada de una manera harto inusual. \u201cObviamente, esta cinta es \u00fanica\u201d, dice Jo Henriquez. \u201cNo hay cobertura tradicional. En ciertos momentos, los actores est\u00e1n sosteniendo [&hellip;]<\/p>\n","protected":false},"author":1,"featured_media":141516,"comment_status":"closed","ping_status":"closed","sticky":false,"template":"","format":"standard","meta":{"_acf_changed":false,"footnotes":""},"categories":[45],"tags":[],"class_list":["post-141515","post","type-post","status-publish","format-standard","has-post-thumbnail","category-cine-mundo"],"acf":{"antetitulo":""},"yoast_head":"<!-- This site is optimized with the Yoast SEO plugin v28.4 - https:\/\/yoast.com\/product\/yoast-seo-wordpress\/ -->\n<title>Acerca de la producci\u00f3n de Desconectada - El Diario - Bolivia<\/title>\n<meta name=\"robots\" content=\"index, follow, max-snippet:-1, max-image-preview:large, max-video-preview:-1\" \/>\n<link rel=\"canonical\" href=\"https:\/\/www.eldiario.net\/portal\/2023\/03\/05\/acerca-de-la-produccion-de-desconectada\/\" \/>\n<meta property=\"og:locale\" content=\"es_ES\" \/>\n<meta property=\"og:type\" content=\"article\" \/>\n<meta property=\"og:title\" content=\"Acerca de la producci\u00f3n de Desconectada - El Diario - Bolivia\" \/>\n<meta property=\"og:description\" content=\"Muy acorde con una cinta que parece extra\u00edda de llamadas telef\u00f3nicas, im\u00e1genes capturadas por c\u00e1maras de seguridad y todos esos videos virales que ahora inundad nuestras vidas digitales, Descnectada fue filmada de una manera harto inusual. \u201cObviamente, esta cinta es \u00fanica\u201d, dice Jo Henriquez. \u201cNo hay cobertura tradicional. En ciertos momentos, los actores est\u00e1n sosteniendo [&hellip;]\" \/>\n<meta property=\"og:url\" content=\"https:\/\/www.eldiario.net\/portal\/2023\/03\/05\/acerca-de-la-produccion-de-desconectada\/\" \/>\n<meta property=\"og:site_name\" content=\"El Diario - Bolivia\" \/>\n<meta property=\"article:publisher\" content=\"https:\/\/www.facebook.com\/eldiario.bolivia\/\" \/>\n<meta property=\"article:published_time\" content=\"2023-03-05T10:26:50+00:00\" \/>\n<meta name=\"author\" content=\"Jeanette\" \/>\n<meta name=\"twitter:card\" content=\"summary_large_image\" \/>\n<meta name=\"twitter:creator\" content=\"@eldiario_net\" \/>\n<meta name=\"twitter:site\" content=\"@eldiario_net\" \/>\n<meta name=\"twitter:label1\" content=\"Escrito por\" \/>\n\t<meta name=\"twitter:data1\" content=\"Jeanette\" \/>\n<script type=\"application\/ld+json\" class=\"yoast-schema-graph\">{\"@context\":\"https:\\\/\\\/schema.org\",\"@graph\":[{\"@type\":\"Article\",\"@id\":\"https:\\\/\\\/www.eldiario.net\\\/portal\\\/2023\\\/03\\\/05\\\/acerca-de-la-produccion-de-desconectada\\\/#article\",\"isPartOf\":{\"@id\":\"https:\\\/\\\/www.eldiario.net\\\/portal\\\/2023\\\/03\\\/05\\\/acerca-de-la-produccion-de-desconectada\\\/\"},\"author\":{\"name\":\"Jeanette\",\"@id\":\"https:\\\/\\\/www.eldiario.net\\\/portal\\\/#\\\/schema\\\/person\\\/f46445640444750d7d753ccd04ae01b7\"},\"headline\":\"Acerca de la producci\u00f3n de Desconectada\",\"datePublished\":\"2023-03-05T10:26:50+00:00\",\"mainEntityOfPage\":{\"@id\":\"https:\\\/\\\/www.eldiario.net\\\/portal\\\/2023\\\/03\\\/05\\\/acerca-de-la-produccion-de-desconectada\\\/\"},\"wordCount\":734,\"publisher\":{\"@id\":\"https:\\\/\\\/www.eldiario.net\\\/portal\\\/#organization\"},\"image\":{\"@id\":\"https:\\\/\\\/www.eldiario.net\\\/portal\\\/2023\\\/03\\\/05\\\/acerca-de-la-produccion-de-desconectada\\\/#primaryimage\"},\"thumbnailUrl\":\"\",\"articleSection\":[\"Cine Mundo\"],\"inLanguage\":\"es\"},{\"@type\":\"WebPage\",\"@id\":\"https:\\\/\\\/www.eldiario.net\\\/portal\\\/2023\\\/03\\\/05\\\/acerca-de-la-produccion-de-desconectada\\\/\",\"url\":\"https:\\\/\\\/www.eldiario.net\\\/portal\\\/2023\\\/03\\\/05\\\/acerca-de-la-produccion-de-desconectada\\\/\",\"name\":\"Acerca de la producci\u00f3n de Desconectada - El Diario - Bolivia\",\"isPartOf\":{\"@id\":\"https:\\\/\\\/www.eldiario.net\\\/portal\\\/#website\"},\"primaryImageOfPage\":{\"@id\":\"https:\\\/\\\/www.eldiario.net\\\/portal\\\/2023\\\/03\\\/05\\\/acerca-de-la-produccion-de-desconectada\\\/#primaryimage\"},\"image\":{\"@id\":\"https:\\\/\\\/www.eldiario.net\\\/portal\\\/2023\\\/03\\\/05\\\/acerca-de-la-produccion-de-desconectada\\\/#primaryimage\"},\"thumbnailUrl\":\"\",\"datePublished\":\"2023-03-05T10:26:50+00:00\",\"breadcrumb\":{\"@id\":\"https:\\\/\\\/www.eldiario.net\\\/portal\\\/2023\\\/03\\\/05\\\/acerca-de-la-produccion-de-desconectada\\\/#breadcrumb\"},\"inLanguage\":\"es\",\"potentialAction\":[{\"@type\":\"ReadAction\",\"target\":[\"https:\\\/\\\/www.eldiario.net\\\/portal\\\/2023\\\/03\\\/05\\\/acerca-de-la-produccion-de-desconectada\\\/\"]}]},{\"@type\":\"ImageObject\",\"inLanguage\":\"es\",\"@id\":\"https:\\\/\\\/www.eldiario.net\\\/portal\\\/2023\\\/03\\\/05\\\/acerca-de-la-produccion-de-desconectada\\\/#primaryimage\",\"url\":\"\",\"contentUrl\":\"\"},{\"@type\":\"BreadcrumbList\",\"@id\":\"https:\\\/\\\/www.eldiario.net\\\/portal\\\/2023\\\/03\\\/05\\\/acerca-de-la-produccion-de-desconectada\\\/#breadcrumb\",\"itemListElement\":[{\"@type\":\"ListItem\",\"position\":1,\"name\":\"Portada\",\"item\":\"https:\\\/\\\/www.eldiario.net\\\/portal\\\/\"},{\"@type\":\"ListItem\",\"position\":2,\"name\":\"Acerca de la producci\u00f3n de Desconectada\"}]},{\"@type\":\"WebSite\",\"@id\":\"https:\\\/\\\/www.eldiario.net\\\/portal\\\/#website\",\"url\":\"https:\\\/\\\/www.eldiario.net\\\/portal\\\/\",\"name\":\"El Diario - Decano de la prensa nacional\",\"description\":\"El Diario - Decano de la prensa nacional\",\"publisher\":{\"@id\":\"https:\\\/\\\/www.eldiario.net\\\/portal\\\/#organization\"},\"potentialAction\":[{\"@type\":\"SearchAction\",\"target\":{\"@type\":\"EntryPoint\",\"urlTemplate\":\"https:\\\/\\\/www.eldiario.net\\\/portal\\\/?s={search_term_string}\"},\"query-input\":{\"@type\":\"PropertyValueSpecification\",\"valueRequired\":true,\"valueName\":\"search_term_string\"}}],\"inLanguage\":\"es\"},{\"@type\":\"Organization\",\"@id\":\"https:\\\/\\\/www.eldiario.net\\\/portal\\\/#organization\",\"name\":\"El Diario - Decano de la prensa nacional\",\"url\":\"https:\\\/\\\/www.eldiario.net\\\/portal\\\/\",\"logo\":{\"@type\":\"ImageObject\",\"inLanguage\":\"es\",\"@id\":\"https:\\\/\\\/www.eldiario.net\\\/portal\\\/#\\\/schema\\\/logo\\\/image\\\/\",\"url\":\"https:\\\/\\\/www.eldiario.net\\\/portal\\\/wp-content\\\/uploads\\\/2023\\\/07\\\/logo_ED.jpg\",\"contentUrl\":\"https:\\\/\\\/www.eldiario.net\\\/portal\\\/wp-content\\\/uploads\\\/2023\\\/07\\\/logo_ED.jpg\",\"width\":272,\"height\":52,\"caption\":\"El Diario - Decano de la prensa nacional\"},\"image\":{\"@id\":\"https:\\\/\\\/www.eldiario.net\\\/portal\\\/#\\\/schema\\\/logo\\\/image\\\/\"},\"sameAs\":[\"https:\\\/\\\/www.facebook.com\\\/eldiario.bolivia\\\/\",\"https:\\\/\\\/x.com\\\/eldiario_net\"]},{\"@type\":\"Person\",\"@id\":\"https:\\\/\\\/www.eldiario.net\\\/portal\\\/#\\\/schema\\\/person\\\/f46445640444750d7d753ccd04ae01b7\",\"name\":\"Jeanette\",\"image\":{\"@type\":\"ImageObject\",\"inLanguage\":\"es\",\"@id\":\"https:\\\/\\\/secure.gravatar.com\\\/avatar\\\/3ea2118a5f7dad2b7138b1187a6b7ee55f160b9968b66013c3a3ef39dd7e5798?s=96&d=mm&r=g\",\"url\":\"https:\\\/\\\/secure.gravatar.com\\\/avatar\\\/3ea2118a5f7dad2b7138b1187a6b7ee55f160b9968b66013c3a3ef39dd7e5798?s=96&d=mm&r=g\",\"contentUrl\":\"https:\\\/\\\/secure.gravatar.com\\\/avatar\\\/3ea2118a5f7dad2b7138b1187a6b7ee55f160b9968b66013c3a3ef39dd7e5798?s=96&d=mm&r=g\",\"caption\":\"Jeanette\"},\"sameAs\":[\"https:\\\/\\\/www.eldiario.net\\\/portal\"],\"url\":\"https:\\\/\\\/www.eldiario.net\\\/portal\\\/author\\\/jeanette\\\/\"}]}<\/script>\n<!-- \/ Yoast SEO plugin. -->","yoast_head_json":{"title":"Acerca de la producci\u00f3n de Desconectada - El Diario - Bolivia","robots":{"index":"index","follow":"follow","max-snippet":"max-snippet:-1","max-image-preview":"max-image-preview:large","max-video-preview":"max-video-preview:-1"},"canonical":"https:\/\/www.eldiario.net\/portal\/2023\/03\/05\/acerca-de-la-produccion-de-desconectada\/","og_locale":"es_ES","og_type":"article","og_title":"Acerca de la producci\u00f3n de Desconectada - El Diario - Bolivia","og_description":"Muy acorde con una cinta que parece extra\u00edda de llamadas telef\u00f3nicas, im\u00e1genes capturadas por c\u00e1maras de seguridad y todos esos videos virales que ahora inundad nuestras vidas digitales, Descnectada fue filmada de una manera harto inusual. \u201cObviamente, esta cinta es \u00fanica\u201d, dice Jo Henriquez. \u201cNo hay cobertura tradicional. En ciertos momentos, los actores est\u00e1n sosteniendo [&hellip;]","og_url":"https:\/\/www.eldiario.net\/portal\/2023\/03\/05\/acerca-de-la-produccion-de-desconectada\/","og_site_name":"El Diario - Bolivia","article_publisher":"https:\/\/www.facebook.com\/eldiario.bolivia\/","article_published_time":"2023-03-05T10:26:50+00:00","author":"Jeanette","twitter_card":"summary_large_image","twitter_creator":"@eldiario_net","twitter_site":"@eldiario_net","twitter_misc":{"Escrito por":"Jeanette"},"schema":{"@context":"https:\/\/schema.org","@graph":[{"@type":"Article","@id":"https:\/\/www.eldiario.net\/portal\/2023\/03\/05\/acerca-de-la-produccion-de-desconectada\/#article","isPartOf":{"@id":"https:\/\/www.eldiario.net\/portal\/2023\/03\/05\/acerca-de-la-produccion-de-desconectada\/"},"author":{"name":"Jeanette","@id":"https:\/\/www.eldiario.net\/portal\/#\/schema\/person\/f46445640444750d7d753ccd04ae01b7"},"headline":"Acerca de la producci\u00f3n de Desconectada","datePublished":"2023-03-05T10:26:50+00:00","mainEntityOfPage":{"@id":"https:\/\/www.eldiario.net\/portal\/2023\/03\/05\/acerca-de-la-produccion-de-desconectada\/"},"wordCount":734,"publisher":{"@id":"https:\/\/www.eldiario.net\/portal\/#organization"},"image":{"@id":"https:\/\/www.eldiario.net\/portal\/2023\/03\/05\/acerca-de-la-produccion-de-desconectada\/#primaryimage"},"thumbnailUrl":"","articleSection":["Cine Mundo"],"inLanguage":"es"},{"@type":"WebPage","@id":"https:\/\/www.eldiario.net\/portal\/2023\/03\/05\/acerca-de-la-produccion-de-desconectada\/","url":"https:\/\/www.eldiario.net\/portal\/2023\/03\/05\/acerca-de-la-produccion-de-desconectada\/","name":"Acerca de la producci\u00f3n de Desconectada - El Diario - Bolivia","isPartOf":{"@id":"https:\/\/www.eldiario.net\/portal\/#website"},"primaryImageOfPage":{"@id":"https:\/\/www.eldiario.net\/portal\/2023\/03\/05\/acerca-de-la-produccion-de-desconectada\/#primaryimage"},"image":{"@id":"https:\/\/www.eldiario.net\/portal\/2023\/03\/05\/acerca-de-la-produccion-de-desconectada\/#primaryimage"},"thumbnailUrl":"","datePublished":"2023-03-05T10:26:50+00:00","breadcrumb":{"@id":"https:\/\/www.eldiario.net\/portal\/2023\/03\/05\/acerca-de-la-produccion-de-desconectada\/#breadcrumb"},"inLanguage":"es","potentialAction":[{"@type":"ReadAction","target":["https:\/\/www.eldiario.net\/portal\/2023\/03\/05\/acerca-de-la-produccion-de-desconectada\/"]}]},{"@type":"ImageObject","inLanguage":"es","@id":"https:\/\/www.eldiario.net\/portal\/2023\/03\/05\/acerca-de-la-produccion-de-desconectada\/#primaryimage","url":"","contentUrl":""},{"@type":"BreadcrumbList","@id":"https:\/\/www.eldiario.net\/portal\/2023\/03\/05\/acerca-de-la-produccion-de-desconectada\/#breadcrumb","itemListElement":[{"@type":"ListItem","position":1,"name":"Portada","item":"https:\/\/www.eldiario.net\/portal\/"},{"@type":"ListItem","position":2,"name":"Acerca de la producci\u00f3n de Desconectada"}]},{"@type":"WebSite","@id":"https:\/\/www.eldiario.net\/portal\/#website","url":"https:\/\/www.eldiario.net\/portal\/","name":"El Diario - Decano de la prensa nacional","description":"El Diario - Decano de la prensa nacional","publisher":{"@id":"https:\/\/www.eldiario.net\/portal\/#organization"},"potentialAction":[{"@type":"SearchAction","target":{"@type":"EntryPoint","urlTemplate":"https:\/\/www.eldiario.net\/portal\/?s={search_term_string}"},"query-input":{"@type":"PropertyValueSpecification","valueRequired":true,"valueName":"search_term_string"}}],"inLanguage":"es"},{"@type":"Organization","@id":"https:\/\/www.eldiario.net\/portal\/#organization","name":"El Diario - Decano de la prensa nacional","url":"https:\/\/www.eldiario.net\/portal\/","logo":{"@type":"ImageObject","inLanguage":"es","@id":"https:\/\/www.eldiario.net\/portal\/#\/schema\/logo\/image\/","url":"https:\/\/www.eldiario.net\/portal\/wp-content\/uploads\/2023\/07\/logo_ED.jpg","contentUrl":"https:\/\/www.eldiario.net\/portal\/wp-content\/uploads\/2023\/07\/logo_ED.jpg","width":272,"height":52,"caption":"El Diario - Decano de la prensa nacional"},"image":{"@id":"https:\/\/www.eldiario.net\/portal\/#\/schema\/logo\/image\/"},"sameAs":["https:\/\/www.facebook.com\/eldiario.bolivia\/","https:\/\/x.com\/eldiario_net"]},{"@type":"Person","@id":"https:\/\/www.eldiario.net\/portal\/#\/schema\/person\/f46445640444750d7d753ccd04ae01b7","name":"Jeanette","image":{"@type":"ImageObject","inLanguage":"es","@id":"https:\/\/secure.gravatar.com\/avatar\/3ea2118a5f7dad2b7138b1187a6b7ee55f160b9968b66013c3a3ef39dd7e5798?s=96&d=mm&r=g","url":"https:\/\/secure.gravatar.com\/avatar\/3ea2118a5f7dad2b7138b1187a6b7ee55f160b9968b66013c3a3ef39dd7e5798?s=96&d=mm&r=g","contentUrl":"https:\/\/secure.gravatar.com\/avatar\/3ea2118a5f7dad2b7138b1187a6b7ee55f160b9968b66013c3a3ef39dd7e5798?s=96&d=mm&r=g","caption":"Jeanette"},"sameAs":["https:\/\/www.eldiario.net\/portal"],"url":"https:\/\/www.eldiario.net\/portal\/author\/jeanette\/"}]}},"_links":{"self":[{"href":"https:\/\/www.eldiario.net\/portal\/wp-json\/wp\/v2\/posts\/141515","targetHints":{"allow":["GET"]}}],"collection":[{"href":"https:\/\/www.eldiario.net\/portal\/wp-json\/wp\/v2\/posts"}],"about":[{"href":"https:\/\/www.eldiario.net\/portal\/wp-json\/wp\/v2\/types\/post"}],"author":[{"embeddable":true,"href":"https:\/\/www.eldiario.net\/portal\/wp-json\/wp\/v2\/users\/1"}],"replies":[{"embeddable":true,"href":"https:\/\/www.eldiario.net\/portal\/wp-json\/wp\/v2\/comments?post=141515"}],"version-history":[{"count":0,"href":"https:\/\/www.eldiario.net\/portal\/wp-json\/wp\/v2\/posts\/141515\/revisions"}],"wp:attachment":[{"href":"https:\/\/www.eldiario.net\/portal\/wp-json\/wp\/v2\/media?parent=141515"}],"wp:term":[{"taxonomy":"category","embeddable":true,"href":"https:\/\/www.eldiario.net\/portal\/wp-json\/wp\/v2\/categories?post=141515"},{"taxonomy":"post_tag","embeddable":true,"href":"https:\/\/www.eldiario.net\/portal\/wp-json\/wp\/v2\/tags?post=141515"}],"curies":[{"name":"wp","href":"https:\/\/api.w.org\/{rel}","templated":true}]}}