{"id":141506,"date":"2023-03-05T06:24:04","date_gmt":"2023-03-05T10:24:04","guid":{"rendered":"https:\/\/www.eldiario.net\/portal\/?p=141506"},"modified":"2023-03-05T06:24:04","modified_gmt":"2023-03-05T10:24:04","slug":"creando-un-mundo-inexplorado","status":"publish","type":"post","link":"https:\/\/www.eldiario.net\/portal\/2023\/03\/05\/creando-un-mundo-inexplorado\/","title":{"rendered":"Creando un mundo inexplorado"},"content":{"rendered":"<p>Dentro del MCU, el Reino Cu\u00e1ntico ha hecho apariciones en Ant-Man: El hombre hormiga, Ant-Man &#038; Wasp y Avengers: Endgame, pero es en Ant-Man and the Wasp: Quantumania donde se explora en profundidad. Despu\u00e9s de quedar accidentalmente atrapados all\u00ed, Scott, junto con su hija Cassie (Kathryn Newton), Hope y sus padres, Hank (Michael Douglas) y Janet (Michelle Pfeiffer), deben ingeni\u00e1rselas juntos para salir de ese mundo desconocido.<br \/>\n\u00abRealmente quer\u00edamos construirlo desde cero y pensamos en c\u00f3mo lo har\u00edamos diferente del espacio exterior, \u00bfc\u00f3mo lo har\u00edamos diferente del submarino como el reino Talok\u00e1n de Namor? Se nos ocurri\u00f3 la idea de que b\u00e1sicamente es como el s\u00f3tano del Multiverso. Es este limbo conectado fuera del espacio y el tiempo\u201d, explica el guionista Jeff Loveness, al tiempo que Broussard agrega: \u201cDesde todos los \u00e1ngulos, nos hemos preguntado cu\u00e1l es la versi\u00f3n del Reino Cu\u00e1ntico de esto. \u00bfCu\u00e1l es la versi\u00f3n del Reino Cu\u00e1ntico de los extraterrestres? \u00bfC\u00f3mo se ve la tecnolog\u00eda aqu\u00ed abajo? \u00bfC\u00f3mo es la sociedad aqu\u00ed abajo, \u00bfqu\u00e9 significan la religi\u00f3n y la pol\u00edtica?\u201d.<br \/>\nPara materializar todas esas ideas, el dise\u00f1ador de producci\u00f3n Will Htay lider\u00f3 un equipo de 50 personas, incluyendo artistas conceptuales, investigadores, artistas de guion gr\u00e1fico, directores de arte, dise\u00f1adores de sets, equipos de bocetos y asistentes. \u201cQuer\u00edamos que se sintiese enorme. No quer\u00edamos que fuese macrofotograf\u00eda y no quer\u00edamos que fuese demasiado dependiente de la animaci\u00f3n digital. Si bien sab\u00edamos que \u00edbamos a utilizar efectos visuales y animaci\u00f3n digital, quer\u00edamos hacerlo lo m\u00e1s real y tangible posible, de tal manera que cuando fu\u00e9semos all\u00ed con nuestros personajes, podamos tocarlo y olerlo. Quer\u00edamos que se sintiera como un lugar real que esta\u00ec oculto dentro del Multiverso\u201d, cuenta Htay.<br \/>\nEl resultado es un sinf\u00edn de sorpresas que la audiencia va descubriendo a cada paso. La actriz Evangeline Lilly describe: \u201cMiras a trav\u00e9s del paisaje y no ves nada de lo que esperar\u00edas ver en el planeta Tierra. Cosas como la gravedad funcionan de manera diferente, por lo que tienes agua que gotea hacia arriba en lugar de hacia abajo, y tienes nubes que no se mueven de ninguna manera que se asemeje a nuestra realidad. Es tan tonto y divertido como arrollador, \u00e9pico y hermoso\u201d.<\/p>\n","protected":false},"excerpt":{"rendered":"<p>Dentro del MCU, el Reino Cu\u00e1ntico ha hecho apariciones en Ant-Man: El hombre hormiga, Ant-Man &#038; Wasp y Avengers: Endgame, pero es en Ant-Man and the Wasp: Quantumania donde se explora en profundidad. Despu\u00e9s de quedar accidentalmente atrapados all\u00ed, Scott, junto con su hija Cassie (Kathryn Newton), Hope y sus padres, Hank (Michael Douglas) y [&hellip;]<\/p>\n","protected":false},"author":1,"featured_media":141507,"comment_status":"closed","ping_status":"closed","sticky":false,"template":"","format":"standard","meta":{"_acf_changed":false,"footnotes":""},"categories":[45],"tags":[],"class_list":["post-141506","post","type-post","status-publish","format-standard","has-post-thumbnail","category-cine-mundo"],"acf":{"antetitulo":""},"yoast_head":"<!-- This site is optimized with the Yoast SEO plugin v28.4 - https:\/\/yoast.com\/product\/yoast-seo-wordpress\/ -->\n<title>Creando un mundo inexplorado - El Diario - Bolivia<\/title>\n<meta name=\"robots\" content=\"index, follow, max-snippet:-1, max-image-preview:large, max-video-preview:-1\" \/>\n<link rel=\"canonical\" href=\"https:\/\/www.eldiario.net\/portal\/2023\/03\/05\/creando-un-mundo-inexplorado\/\" \/>\n<meta property=\"og:locale\" content=\"es_ES\" \/>\n<meta property=\"og:type\" content=\"article\" \/>\n<meta property=\"og:title\" content=\"Creando un mundo inexplorado - El Diario - Bolivia\" \/>\n<meta property=\"og:description\" content=\"Dentro del MCU, el Reino Cu\u00e1ntico ha hecho apariciones en Ant-Man: El hombre hormiga, Ant-Man &#038; Wasp y Avengers: Endgame, pero es en Ant-Man and the Wasp: Quantumania donde se explora en profundidad. Despu\u00e9s de quedar accidentalmente atrapados all\u00ed, Scott, junto con su hija Cassie (Kathryn Newton), Hope y sus padres, Hank (Michael Douglas) y [&hellip;]\" \/>\n<meta property=\"og:url\" content=\"https:\/\/www.eldiario.net\/portal\/2023\/03\/05\/creando-un-mundo-inexplorado\/\" \/>\n<meta property=\"og:site_name\" content=\"El Diario - Bolivia\" \/>\n<meta property=\"article:publisher\" content=\"https:\/\/www.facebook.com\/eldiario.bolivia\/\" \/>\n<meta property=\"article:published_time\" content=\"2023-03-05T10:24:04+00:00\" \/>\n<meta name=\"author\" content=\"Jeanette\" \/>\n<meta name=\"twitter:card\" content=\"summary_large_image\" \/>\n<meta name=\"twitter:creator\" content=\"@eldiario_net\" \/>\n<meta name=\"twitter:site\" content=\"@eldiario_net\" \/>\n<meta name=\"twitter:label1\" content=\"Escrito por\" \/>\n\t<meta name=\"twitter:data1\" content=\"Jeanette\" \/>\n<script type=\"application\/ld+json\" class=\"yoast-schema-graph\">{\"@context\":\"https:\\\/\\\/schema.org\",\"@graph\":[{\"@type\":\"Article\",\"@id\":\"https:\\\/\\\/www.eldiario.net\\\/portal\\\/2023\\\/03\\\/05\\\/creando-un-mundo-inexplorado\\\/#article\",\"isPartOf\":{\"@id\":\"https:\\\/\\\/www.eldiario.net\\\/portal\\\/2023\\\/03\\\/05\\\/creando-un-mundo-inexplorado\\\/\"},\"author\":{\"name\":\"Jeanette\",\"@id\":\"https:\\\/\\\/www.eldiario.net\\\/portal\\\/#\\\/schema\\\/person\\\/f46445640444750d7d753ccd04ae01b7\"},\"headline\":\"Creando un mundo inexplorado\",\"datePublished\":\"2023-03-05T10:24:04+00:00\",\"mainEntityOfPage\":{\"@id\":\"https:\\\/\\\/www.eldiario.net\\\/portal\\\/2023\\\/03\\\/05\\\/creando-un-mundo-inexplorado\\\/\"},\"wordCount\":409,\"publisher\":{\"@id\":\"https:\\\/\\\/www.eldiario.net\\\/portal\\\/#organization\"},\"image\":{\"@id\":\"https:\\\/\\\/www.eldiario.net\\\/portal\\\/2023\\\/03\\\/05\\\/creando-un-mundo-inexplorado\\\/#primaryimage\"},\"thumbnailUrl\":\"\",\"articleSection\":[\"Cine Mundo\"],\"inLanguage\":\"es\"},{\"@type\":\"WebPage\",\"@id\":\"https:\\\/\\\/www.eldiario.net\\\/portal\\\/2023\\\/03\\\/05\\\/creando-un-mundo-inexplorado\\\/\",\"url\":\"https:\\\/\\\/www.eldiario.net\\\/portal\\\/2023\\\/03\\\/05\\\/creando-un-mundo-inexplorado\\\/\",\"name\":\"Creando un mundo inexplorado - El Diario - Bolivia\",\"isPartOf\":{\"@id\":\"https:\\\/\\\/www.eldiario.net\\\/portal\\\/#website\"},\"primaryImageOfPage\":{\"@id\":\"https:\\\/\\\/www.eldiario.net\\\/portal\\\/2023\\\/03\\\/05\\\/creando-un-mundo-inexplorado\\\/#primaryimage\"},\"image\":{\"@id\":\"https:\\\/\\\/www.eldiario.net\\\/portal\\\/2023\\\/03\\\/05\\\/creando-un-mundo-inexplorado\\\/#primaryimage\"},\"thumbnailUrl\":\"\",\"datePublished\":\"2023-03-05T10:24:04+00:00\",\"breadcrumb\":{\"@id\":\"https:\\\/\\\/www.eldiario.net\\\/portal\\\/2023\\\/03\\\/05\\\/creando-un-mundo-inexplorado\\\/#breadcrumb\"},\"inLanguage\":\"es\",\"potentialAction\":[{\"@type\":\"ReadAction\",\"target\":[\"https:\\\/\\\/www.eldiario.net\\\/portal\\\/2023\\\/03\\\/05\\\/creando-un-mundo-inexplorado\\\/\"]}]},{\"@type\":\"ImageObject\",\"inLanguage\":\"es\",\"@id\":\"https:\\\/\\\/www.eldiario.net\\\/portal\\\/2023\\\/03\\\/05\\\/creando-un-mundo-inexplorado\\\/#primaryimage\",\"url\":\"\",\"contentUrl\":\"\"},{\"@type\":\"BreadcrumbList\",\"@id\":\"https:\\\/\\\/www.eldiario.net\\\/portal\\\/2023\\\/03\\\/05\\\/creando-un-mundo-inexplorado\\\/#breadcrumb\",\"itemListElement\":[{\"@type\":\"ListItem\",\"position\":1,\"name\":\"Portada\",\"item\":\"https:\\\/\\\/www.eldiario.net\\\/portal\\\/\"},{\"@type\":\"ListItem\",\"position\":2,\"name\":\"Creando un mundo inexplorado\"}]},{\"@type\":\"WebSite\",\"@id\":\"https:\\\/\\\/www.eldiario.net\\\/portal\\\/#website\",\"url\":\"https:\\\/\\\/www.eldiario.net\\\/portal\\\/\",\"name\":\"El Diario - Decano de la prensa nacional\",\"description\":\"El Diario - Decano de la prensa nacional\",\"publisher\":{\"@id\":\"https:\\\/\\\/www.eldiario.net\\\/portal\\\/#organization\"},\"potentialAction\":[{\"@type\":\"SearchAction\",\"target\":{\"@type\":\"EntryPoint\",\"urlTemplate\":\"https:\\\/\\\/www.eldiario.net\\\/portal\\\/?s={search_term_string}\"},\"query-input\":{\"@type\":\"PropertyValueSpecification\",\"valueRequired\":true,\"valueName\":\"search_term_string\"}}],\"inLanguage\":\"es\"},{\"@type\":\"Organization\",\"@id\":\"https:\\\/\\\/www.eldiario.net\\\/portal\\\/#organization\",\"name\":\"El Diario - Decano de la prensa nacional\",\"url\":\"https:\\\/\\\/www.eldiario.net\\\/portal\\\/\",\"logo\":{\"@type\":\"ImageObject\",\"inLanguage\":\"es\",\"@id\":\"https:\\\/\\\/www.eldiario.net\\\/portal\\\/#\\\/schema\\\/logo\\\/image\\\/\",\"url\":\"https:\\\/\\\/www.eldiario.net\\\/portal\\\/wp-content\\\/uploads\\\/2023\\\/07\\\/logo_ED.jpg\",\"contentUrl\":\"https:\\\/\\\/www.eldiario.net\\\/portal\\\/wp-content\\\/uploads\\\/2023\\\/07\\\/logo_ED.jpg\",\"width\":272,\"height\":52,\"caption\":\"El Diario - Decano de la prensa nacional\"},\"image\":{\"@id\":\"https:\\\/\\\/www.eldiario.net\\\/portal\\\/#\\\/schema\\\/logo\\\/image\\\/\"},\"sameAs\":[\"https:\\\/\\\/www.facebook.com\\\/eldiario.bolivia\\\/\",\"https:\\\/\\\/x.com\\\/eldiario_net\"]},{\"@type\":\"Person\",\"@id\":\"https:\\\/\\\/www.eldiario.net\\\/portal\\\/#\\\/schema\\\/person\\\/f46445640444750d7d753ccd04ae01b7\",\"name\":\"Jeanette\",\"image\":{\"@type\":\"ImageObject\",\"inLanguage\":\"es\",\"@id\":\"https:\\\/\\\/secure.gravatar.com\\\/avatar\\\/3ea2118a5f7dad2b7138b1187a6b7ee55f160b9968b66013c3a3ef39dd7e5798?s=96&d=mm&r=g\",\"url\":\"https:\\\/\\\/secure.gravatar.com\\\/avatar\\\/3ea2118a5f7dad2b7138b1187a6b7ee55f160b9968b66013c3a3ef39dd7e5798?s=96&d=mm&r=g\",\"contentUrl\":\"https:\\\/\\\/secure.gravatar.com\\\/avatar\\\/3ea2118a5f7dad2b7138b1187a6b7ee55f160b9968b66013c3a3ef39dd7e5798?s=96&d=mm&r=g\",\"caption\":\"Jeanette\"},\"sameAs\":[\"https:\\\/\\\/www.eldiario.net\\\/portal\"],\"url\":\"https:\\\/\\\/www.eldiario.net\\\/portal\\\/author\\\/jeanette\\\/\"}]}<\/script>\n<!-- \/ Yoast SEO plugin. -->","yoast_head_json":{"title":"Creando un mundo inexplorado - El Diario - Bolivia","robots":{"index":"index","follow":"follow","max-snippet":"max-snippet:-1","max-image-preview":"max-image-preview:large","max-video-preview":"max-video-preview:-1"},"canonical":"https:\/\/www.eldiario.net\/portal\/2023\/03\/05\/creando-un-mundo-inexplorado\/","og_locale":"es_ES","og_type":"article","og_title":"Creando un mundo inexplorado - El Diario - Bolivia","og_description":"Dentro del MCU, el Reino Cu\u00e1ntico ha hecho apariciones en Ant-Man: El hombre hormiga, Ant-Man &#038; Wasp y Avengers: Endgame, pero es en Ant-Man and the Wasp: Quantumania donde se explora en profundidad. Despu\u00e9s de quedar accidentalmente atrapados all\u00ed, Scott, junto con su hija Cassie (Kathryn Newton), Hope y sus padres, Hank (Michael Douglas) y [&hellip;]","og_url":"https:\/\/www.eldiario.net\/portal\/2023\/03\/05\/creando-un-mundo-inexplorado\/","og_site_name":"El Diario - Bolivia","article_publisher":"https:\/\/www.facebook.com\/eldiario.bolivia\/","article_published_time":"2023-03-05T10:24:04+00:00","author":"Jeanette","twitter_card":"summary_large_image","twitter_creator":"@eldiario_net","twitter_site":"@eldiario_net","twitter_misc":{"Escrito por":"Jeanette"},"schema":{"@context":"https:\/\/schema.org","@graph":[{"@type":"Article","@id":"https:\/\/www.eldiario.net\/portal\/2023\/03\/05\/creando-un-mundo-inexplorado\/#article","isPartOf":{"@id":"https:\/\/www.eldiario.net\/portal\/2023\/03\/05\/creando-un-mundo-inexplorado\/"},"author":{"name":"Jeanette","@id":"https:\/\/www.eldiario.net\/portal\/#\/schema\/person\/f46445640444750d7d753ccd04ae01b7"},"headline":"Creando un mundo inexplorado","datePublished":"2023-03-05T10:24:04+00:00","mainEntityOfPage":{"@id":"https:\/\/www.eldiario.net\/portal\/2023\/03\/05\/creando-un-mundo-inexplorado\/"},"wordCount":409,"publisher":{"@id":"https:\/\/www.eldiario.net\/portal\/#organization"},"image":{"@id":"https:\/\/www.eldiario.net\/portal\/2023\/03\/05\/creando-un-mundo-inexplorado\/#primaryimage"},"thumbnailUrl":"","articleSection":["Cine Mundo"],"inLanguage":"es"},{"@type":"WebPage","@id":"https:\/\/www.eldiario.net\/portal\/2023\/03\/05\/creando-un-mundo-inexplorado\/","url":"https:\/\/www.eldiario.net\/portal\/2023\/03\/05\/creando-un-mundo-inexplorado\/","name":"Creando un mundo inexplorado - El Diario - Bolivia","isPartOf":{"@id":"https:\/\/www.eldiario.net\/portal\/#website"},"primaryImageOfPage":{"@id":"https:\/\/www.eldiario.net\/portal\/2023\/03\/05\/creando-un-mundo-inexplorado\/#primaryimage"},"image":{"@id":"https:\/\/www.eldiario.net\/portal\/2023\/03\/05\/creando-un-mundo-inexplorado\/#primaryimage"},"thumbnailUrl":"","datePublished":"2023-03-05T10:24:04+00:00","breadcrumb":{"@id":"https:\/\/www.eldiario.net\/portal\/2023\/03\/05\/creando-un-mundo-inexplorado\/#breadcrumb"},"inLanguage":"es","potentialAction":[{"@type":"ReadAction","target":["https:\/\/www.eldiario.net\/portal\/2023\/03\/05\/creando-un-mundo-inexplorado\/"]}]},{"@type":"ImageObject","inLanguage":"es","@id":"https:\/\/www.eldiario.net\/portal\/2023\/03\/05\/creando-un-mundo-inexplorado\/#primaryimage","url":"","contentUrl":""},{"@type":"BreadcrumbList","@id":"https:\/\/www.eldiario.net\/portal\/2023\/03\/05\/creando-un-mundo-inexplorado\/#breadcrumb","itemListElement":[{"@type":"ListItem","position":1,"name":"Portada","item":"https:\/\/www.eldiario.net\/portal\/"},{"@type":"ListItem","position":2,"name":"Creando un mundo inexplorado"}]},{"@type":"WebSite","@id":"https:\/\/www.eldiario.net\/portal\/#website","url":"https:\/\/www.eldiario.net\/portal\/","name":"El Diario - Decano de la prensa nacional","description":"El Diario - Decano de la prensa nacional","publisher":{"@id":"https:\/\/www.eldiario.net\/portal\/#organization"},"potentialAction":[{"@type":"SearchAction","target":{"@type":"EntryPoint","urlTemplate":"https:\/\/www.eldiario.net\/portal\/?s={search_term_string}"},"query-input":{"@type":"PropertyValueSpecification","valueRequired":true,"valueName":"search_term_string"}}],"inLanguage":"es"},{"@type":"Organization","@id":"https:\/\/www.eldiario.net\/portal\/#organization","name":"El Diario - Decano de la prensa nacional","url":"https:\/\/www.eldiario.net\/portal\/","logo":{"@type":"ImageObject","inLanguage":"es","@id":"https:\/\/www.eldiario.net\/portal\/#\/schema\/logo\/image\/","url":"https:\/\/www.eldiario.net\/portal\/wp-content\/uploads\/2023\/07\/logo_ED.jpg","contentUrl":"https:\/\/www.eldiario.net\/portal\/wp-content\/uploads\/2023\/07\/logo_ED.jpg","width":272,"height":52,"caption":"El Diario - Decano de la prensa nacional"},"image":{"@id":"https:\/\/www.eldiario.net\/portal\/#\/schema\/logo\/image\/"},"sameAs":["https:\/\/www.facebook.com\/eldiario.bolivia\/","https:\/\/x.com\/eldiario_net"]},{"@type":"Person","@id":"https:\/\/www.eldiario.net\/portal\/#\/schema\/person\/f46445640444750d7d753ccd04ae01b7","name":"Jeanette","image":{"@type":"ImageObject","inLanguage":"es","@id":"https:\/\/secure.gravatar.com\/avatar\/3ea2118a5f7dad2b7138b1187a6b7ee55f160b9968b66013c3a3ef39dd7e5798?s=96&d=mm&r=g","url":"https:\/\/secure.gravatar.com\/avatar\/3ea2118a5f7dad2b7138b1187a6b7ee55f160b9968b66013c3a3ef39dd7e5798?s=96&d=mm&r=g","contentUrl":"https:\/\/secure.gravatar.com\/avatar\/3ea2118a5f7dad2b7138b1187a6b7ee55f160b9968b66013c3a3ef39dd7e5798?s=96&d=mm&r=g","caption":"Jeanette"},"sameAs":["https:\/\/www.eldiario.net\/portal"],"url":"https:\/\/www.eldiario.net\/portal\/author\/jeanette\/"}]}},"_links":{"self":[{"href":"https:\/\/www.eldiario.net\/portal\/wp-json\/wp\/v2\/posts\/141506","targetHints":{"allow":["GET"]}}],"collection":[{"href":"https:\/\/www.eldiario.net\/portal\/wp-json\/wp\/v2\/posts"}],"about":[{"href":"https:\/\/www.eldiario.net\/portal\/wp-json\/wp\/v2\/types\/post"}],"author":[{"embeddable":true,"href":"https:\/\/www.eldiario.net\/portal\/wp-json\/wp\/v2\/users\/1"}],"replies":[{"embeddable":true,"href":"https:\/\/www.eldiario.net\/portal\/wp-json\/wp\/v2\/comments?post=141506"}],"version-history":[{"count":0,"href":"https:\/\/www.eldiario.net\/portal\/wp-json\/wp\/v2\/posts\/141506\/revisions"}],"wp:attachment":[{"href":"https:\/\/www.eldiario.net\/portal\/wp-json\/wp\/v2\/media?parent=141506"}],"wp:term":[{"taxonomy":"category","embeddable":true,"href":"https:\/\/www.eldiario.net\/portal\/wp-json\/wp\/v2\/categories?post=141506"},{"taxonomy":"post_tag","embeddable":true,"href":"https:\/\/www.eldiario.net\/portal\/wp-json\/wp\/v2\/tags?post=141506"}],"curies":[{"name":"wp","href":"https:\/\/api.w.org\/{rel}","templated":true}]}}