{"id":141500,"date":"2023-03-05T06:22:21","date_gmt":"2023-03-05T10:22:21","guid":{"rendered":"https:\/\/www.eldiario.net\/portal\/?p=141500"},"modified":"2023-03-05T06:22:21","modified_gmt":"2023-03-05T10:22:21","slug":"declaracion-del-director-de-creed-iii","status":"publish","type":"post","link":"https:\/\/www.eldiario.net\/portal\/2023\/03\/05\/declaracion-del-director-de-creed-iii\/","title":{"rendered":"Declaraci\u00f3n del director de Creed III"},"content":{"rendered":"<p>Quer\u00eda que los personajes de mi pel\u00edcula afrontaran sus desacuerdos al tiempo que hac\u00edan una declaraci\u00f3n sobre la humanidad y sus matices, con empat\u00eda. La forma en la que manejamos y comunicamos nuestras emociones forma parte de la exploraci\u00f3n de nuestro yo interior.<br \/>\n\u201cCreed III\u201d muestra los diferentes caminos, relaciones e interacciones de dos hombres que tomaron decisiones diferentes, vivieron vidas diferentes y se encontraron en el mismo ring.<\/p>\n<p>Quer\u00eda que mi pel\u00edcula reflejara las lecciones que he aprendido en la vida. Lecciones sobre ser amables con los dem\u00e1s, pero sobre todo amables con nosotros mismos. A la mayor\u00eda de nosotros no nos han ense\u00f1ado a serlo. Tambi\u00e9n quer\u00eda que mi pel\u00edcula abordara los problemas de la masculinidad t\u00f3xica y lo que ocurre cuando no te enfrentas a tu pasado, cuando no hablas de tus traumas y tu dolor ni los superas. <\/p>\n<p>El perd\u00f3n es la parte m\u00e1s integral de cualquier conflicto, porque es la \u00fanica manera de superar lo que te enfrentas y enfrent\u00e1ndote a ti mismo de una manera real es como avanzas en la curaci\u00f3n. En el coraz\u00f3n de \u201cCreed III\u201d est\u00e1 el perd\u00f3n. El perd\u00f3n a uno mismo y a los dem\u00e1s. No importa qui\u00e9n seas, ni cu\u00e1les sean tus circunstancias, puedes superar tu pasado, puedes superar cualquier obst\u00e1culo.<\/p>\n<p>Esta pel\u00edcula no trata de un hombre luchando contra otro por un t\u00edtulo mundial. Se trata de desafiarte a ti mismo y demostrarte que tu existencia es leg\u00edtima, que mereces tus bendiciones. Moverte con gracia por ti mismo y por los dem\u00e1s. Creer que eres quien dices ser, y que todo lo que has hecho realmente importa.<\/p>\n<p>MICHAEL B. JORDAN<br \/>\nSobre la producci\u00f3n<br \/>\nHan pasado a\u00f1os desde que Adonis Creed sorprendi\u00f3 al mundo al salir de la nada para ganar el t\u00edtulo de los pesos pesados que una vez ostentaron su difunto padre, Apollo Creed, y su mentor, Rocky Balboa. Despu\u00e9s de haber derrotado a rivales como Viktor Drago y Danny \u201cStuntman\u201d Wheeler, Adonis, \u2018Donnie\u2019, se ha retirado como campe\u00f3n del mundo de los pesos pesados para dirigir la Academia Delphi con su antiguo esquinero Tony \u201cLittle Duke\u201d Burton, con el actual campe\u00f3n F\u00e9lix Ch\u00e1vez como boxeador estrella de Delphi.<br \/>\nAdonis cobra vida por tercera vez a trav\u00e9s de la estrella Michael B. Jordan, quien se tambi\u00e9n incursiona detr\u00e1s de la c\u00e1mara para dirigir y producir. Jordan afirma: \u201cTen\u00eda una visi\u00f3n clara de c\u00f3mo quer\u00eda que fuera la historia, hacia d\u00f3nde quer\u00eda que se dirigiera la familia Creed. El reto de dirigir me ayud\u00f3 a motivarme: quer\u00eda ver si ten\u00eda lo que se requiere para actuar y dirigir algo que me rondaba la cabeza desde hac\u00eda mucho tiempo\u201d. \u201cCreed III\u201d es un proyecto muy personal y, afortunadamente, todas esas cosas se sumaron para crear la situaci\u00f3n perfecta para este rodaje\u201d.<br \/>\n\u201cCreed III\u201d encuentra a Donnie y a su esposa Bianca \u2014interpretada de nuevo por Tessa Thompson\u2014 en los albores de una nueva era, con la exitosa carrera de productora musical de Bianca y con su hija peque\u00f1a, Amara, ansiosa por aprender boxeo de su padre. La vida se ha vuelto m\u00e1s hermosa de lo que Adonis nunca imagin\u00f3 que podr\u00eda ser, a pesar de las dificultades de salud a las que se enfrenta su querida madre, Mary-Anne, la gran Phylicia Rashad que vuelve a interpretar el papel.<br \/>\nSeg\u00fan Thompson, \u201cMichael conoce muy bien el personaje de Adonis Creed y el mundo de estas pel\u00edculas. Para una tercera entrega, siempre procuras averiguar: \u2018\u00bfQu\u00e9 podemos hacer que sea nuevo dentro de esta historia?\u2019 Tener a Mike al tim\u00f3n a\u00f1ade mucha energ\u00eda y una perspectiva fresca\u201d.<br \/>\nJusto cuando su futuro se presenta brillante, el pasado de Adonis le asesta un poderoso golpe que nunca vio venir. De adolescente, Adonis recibi\u00f3 clases de boxeo de Damian \u201cDame\u201d Anderson, un chico mayor del centro para menores donde vivi\u00f3 Adonis. Un violento incidente callejero puso a ambos en peligro y Dame acab\u00f3 con una sentencia de 18 a\u00f1os de c\u00e1rcel. Al salir en libertad, Dame acude a Adonis en busca de una oportunidad que le cambie la vida: pelear contra Ch\u00e1vez por el t\u00edtulo. Cuando las circunstancias se alinean para que se produzca el improbable combate, el intenso resultado deja at\u00f3nito al mundo del deporte y a Adonis, quien debe enfrentarse al hombre amargado y celoso que una vez fue su amigo.<br \/>\nLos guionistas Keenan Coogler y Zach Baylin escribieron el guion a partir de una historia que elaboraron con el productor Ryan Coogler.  Keenan afirma: \u201cMi planteamiento para el guion fue el de honrar el legado de las ocho pel\u00edculas anteriores, explorando al mismo tiempo temas que cre\u00edamos que har\u00edan eco en el p\u00fablico m\u00e1s novato en la saga. A Michael le apasionaba encontrar nuevas formas de desafiar a Adonis, as\u00ed que Zach y yo construimos un antagonista que pudiera explotar los aspectos de Adonis que le hacen tan \u00fanico como h\u00e9roe.\u201d<\/p>\n","protected":false},"excerpt":{"rendered":"<p>Quer\u00eda que los personajes de mi pel\u00edcula afrontaran sus desacuerdos al tiempo que hac\u00edan una declaraci\u00f3n sobre la humanidad y sus matices, con empat\u00eda. La forma en la que manejamos y comunicamos nuestras emociones forma parte de la exploraci\u00f3n de nuestro yo interior. \u201cCreed III\u201d muestra los diferentes caminos, relaciones e interacciones de dos hombres [&hellip;]<\/p>\n","protected":false},"author":1,"featured_media":141501,"comment_status":"closed","ping_status":"closed","sticky":false,"template":"","format":"standard","meta":{"_acf_changed":false,"footnotes":""},"categories":[45],"tags":[],"class_list":["post-141500","post","type-post","status-publish","format-standard","has-post-thumbnail","category-cine-mundo"],"acf":{"antetitulo":""},"yoast_head":"<!-- This site is optimized with the Yoast SEO plugin v28.4 - https:\/\/yoast.com\/product\/yoast-seo-wordpress\/ -->\n<title>Declaraci\u00f3n del director de Creed III - El Diario - Bolivia<\/title>\n<meta name=\"robots\" content=\"index, follow, max-snippet:-1, max-image-preview:large, max-video-preview:-1\" \/>\n<link rel=\"canonical\" href=\"https:\/\/www.eldiario.net\/portal\/2023\/03\/05\/declaracion-del-director-de-creed-iii\/\" \/>\n<meta property=\"og:locale\" content=\"es_ES\" \/>\n<meta property=\"og:type\" content=\"article\" \/>\n<meta property=\"og:title\" content=\"Declaraci\u00f3n del director de Creed III - El Diario - Bolivia\" \/>\n<meta property=\"og:description\" content=\"Quer\u00eda que los personajes de mi pel\u00edcula afrontaran sus desacuerdos al tiempo que hac\u00edan una declaraci\u00f3n sobre la humanidad y sus matices, con empat\u00eda. La forma en la que manejamos y comunicamos nuestras emociones forma parte de la exploraci\u00f3n de nuestro yo interior. \u201cCreed III\u201d muestra los diferentes caminos, relaciones e interacciones de dos hombres [&hellip;]\" \/>\n<meta property=\"og:url\" content=\"https:\/\/www.eldiario.net\/portal\/2023\/03\/05\/declaracion-del-director-de-creed-iii\/\" \/>\n<meta property=\"og:site_name\" content=\"El Diario - Bolivia\" \/>\n<meta property=\"article:publisher\" content=\"https:\/\/www.facebook.com\/eldiario.bolivia\/\" \/>\n<meta property=\"article:published_time\" content=\"2023-03-05T10:22:21+00:00\" \/>\n<meta name=\"author\" content=\"Jeanette\" \/>\n<meta name=\"twitter:card\" content=\"summary_large_image\" \/>\n<meta name=\"twitter:creator\" content=\"@eldiario_net\" \/>\n<meta name=\"twitter:site\" content=\"@eldiario_net\" \/>\n<meta name=\"twitter:label1\" content=\"Escrito por\" \/>\n\t<meta name=\"twitter:data1\" content=\"Jeanette\" \/>\n<script type=\"application\/ld+json\" class=\"yoast-schema-graph\">{\"@context\":\"https:\\\/\\\/schema.org\",\"@graph\":[{\"@type\":\"Article\",\"@id\":\"https:\\\/\\\/www.eldiario.net\\\/portal\\\/2023\\\/03\\\/05\\\/declaracion-del-director-de-creed-iii\\\/#article\",\"isPartOf\":{\"@id\":\"https:\\\/\\\/www.eldiario.net\\\/portal\\\/2023\\\/03\\\/05\\\/declaracion-del-director-de-creed-iii\\\/\"},\"author\":{\"name\":\"Jeanette\",\"@id\":\"https:\\\/\\\/www.eldiario.net\\\/portal\\\/#\\\/schema\\\/person\\\/f46445640444750d7d753ccd04ae01b7\"},\"headline\":\"Declaraci\u00f3n del director de Creed III\",\"datePublished\":\"2023-03-05T10:22:21+00:00\",\"mainEntityOfPage\":{\"@id\":\"https:\\\/\\\/www.eldiario.net\\\/portal\\\/2023\\\/03\\\/05\\\/declaracion-del-director-de-creed-iii\\\/\"},\"wordCount\":887,\"publisher\":{\"@id\":\"https:\\\/\\\/www.eldiario.net\\\/portal\\\/#organization\"},\"image\":{\"@id\":\"https:\\\/\\\/www.eldiario.net\\\/portal\\\/2023\\\/03\\\/05\\\/declaracion-del-director-de-creed-iii\\\/#primaryimage\"},\"thumbnailUrl\":\"\",\"articleSection\":[\"Cine Mundo\"],\"inLanguage\":\"es\"},{\"@type\":\"WebPage\",\"@id\":\"https:\\\/\\\/www.eldiario.net\\\/portal\\\/2023\\\/03\\\/05\\\/declaracion-del-director-de-creed-iii\\\/\",\"url\":\"https:\\\/\\\/www.eldiario.net\\\/portal\\\/2023\\\/03\\\/05\\\/declaracion-del-director-de-creed-iii\\\/\",\"name\":\"Declaraci\u00f3n del director de Creed III - El Diario - Bolivia\",\"isPartOf\":{\"@id\":\"https:\\\/\\\/www.eldiario.net\\\/portal\\\/#website\"},\"primaryImageOfPage\":{\"@id\":\"https:\\\/\\\/www.eldiario.net\\\/portal\\\/2023\\\/03\\\/05\\\/declaracion-del-director-de-creed-iii\\\/#primaryimage\"},\"image\":{\"@id\":\"https:\\\/\\\/www.eldiario.net\\\/portal\\\/2023\\\/03\\\/05\\\/declaracion-del-director-de-creed-iii\\\/#primaryimage\"},\"thumbnailUrl\":\"\",\"datePublished\":\"2023-03-05T10:22:21+00:00\",\"breadcrumb\":{\"@id\":\"https:\\\/\\\/www.eldiario.net\\\/portal\\\/2023\\\/03\\\/05\\\/declaracion-del-director-de-creed-iii\\\/#breadcrumb\"},\"inLanguage\":\"es\",\"potentialAction\":[{\"@type\":\"ReadAction\",\"target\":[\"https:\\\/\\\/www.eldiario.net\\\/portal\\\/2023\\\/03\\\/05\\\/declaracion-del-director-de-creed-iii\\\/\"]}]},{\"@type\":\"ImageObject\",\"inLanguage\":\"es\",\"@id\":\"https:\\\/\\\/www.eldiario.net\\\/portal\\\/2023\\\/03\\\/05\\\/declaracion-del-director-de-creed-iii\\\/#primaryimage\",\"url\":\"\",\"contentUrl\":\"\"},{\"@type\":\"BreadcrumbList\",\"@id\":\"https:\\\/\\\/www.eldiario.net\\\/portal\\\/2023\\\/03\\\/05\\\/declaracion-del-director-de-creed-iii\\\/#breadcrumb\",\"itemListElement\":[{\"@type\":\"ListItem\",\"position\":1,\"name\":\"Portada\",\"item\":\"https:\\\/\\\/www.eldiario.net\\\/portal\\\/\"},{\"@type\":\"ListItem\",\"position\":2,\"name\":\"Declaraci\u00f3n del director de Creed III\"}]},{\"@type\":\"WebSite\",\"@id\":\"https:\\\/\\\/www.eldiario.net\\\/portal\\\/#website\",\"url\":\"https:\\\/\\\/www.eldiario.net\\\/portal\\\/\",\"name\":\"El Diario - Decano de la prensa nacional\",\"description\":\"El Diario - Decano de la prensa nacional\",\"publisher\":{\"@id\":\"https:\\\/\\\/www.eldiario.net\\\/portal\\\/#organization\"},\"potentialAction\":[{\"@type\":\"SearchAction\",\"target\":{\"@type\":\"EntryPoint\",\"urlTemplate\":\"https:\\\/\\\/www.eldiario.net\\\/portal\\\/?s={search_term_string}\"},\"query-input\":{\"@type\":\"PropertyValueSpecification\",\"valueRequired\":true,\"valueName\":\"search_term_string\"}}],\"inLanguage\":\"es\"},{\"@type\":\"Organization\",\"@id\":\"https:\\\/\\\/www.eldiario.net\\\/portal\\\/#organization\",\"name\":\"El Diario - Decano de la prensa nacional\",\"url\":\"https:\\\/\\\/www.eldiario.net\\\/portal\\\/\",\"logo\":{\"@type\":\"ImageObject\",\"inLanguage\":\"es\",\"@id\":\"https:\\\/\\\/www.eldiario.net\\\/portal\\\/#\\\/schema\\\/logo\\\/image\\\/\",\"url\":\"https:\\\/\\\/www.eldiario.net\\\/portal\\\/wp-content\\\/uploads\\\/2023\\\/07\\\/logo_ED.jpg\",\"contentUrl\":\"https:\\\/\\\/www.eldiario.net\\\/portal\\\/wp-content\\\/uploads\\\/2023\\\/07\\\/logo_ED.jpg\",\"width\":272,\"height\":52,\"caption\":\"El Diario - Decano de la prensa nacional\"},\"image\":{\"@id\":\"https:\\\/\\\/www.eldiario.net\\\/portal\\\/#\\\/schema\\\/logo\\\/image\\\/\"},\"sameAs\":[\"https:\\\/\\\/www.facebook.com\\\/eldiario.bolivia\\\/\",\"https:\\\/\\\/x.com\\\/eldiario_net\"]},{\"@type\":\"Person\",\"@id\":\"https:\\\/\\\/www.eldiario.net\\\/portal\\\/#\\\/schema\\\/person\\\/f46445640444750d7d753ccd04ae01b7\",\"name\":\"Jeanette\",\"image\":{\"@type\":\"ImageObject\",\"inLanguage\":\"es\",\"@id\":\"https:\\\/\\\/secure.gravatar.com\\\/avatar\\\/3ea2118a5f7dad2b7138b1187a6b7ee55f160b9968b66013c3a3ef39dd7e5798?s=96&d=mm&r=g\",\"url\":\"https:\\\/\\\/secure.gravatar.com\\\/avatar\\\/3ea2118a5f7dad2b7138b1187a6b7ee55f160b9968b66013c3a3ef39dd7e5798?s=96&d=mm&r=g\",\"contentUrl\":\"https:\\\/\\\/secure.gravatar.com\\\/avatar\\\/3ea2118a5f7dad2b7138b1187a6b7ee55f160b9968b66013c3a3ef39dd7e5798?s=96&d=mm&r=g\",\"caption\":\"Jeanette\"},\"sameAs\":[\"https:\\\/\\\/www.eldiario.net\\\/portal\"],\"url\":\"https:\\\/\\\/www.eldiario.net\\\/portal\\\/author\\\/jeanette\\\/\"}]}<\/script>\n<!-- \/ Yoast SEO plugin. -->","yoast_head_json":{"title":"Declaraci\u00f3n del director de Creed III - El Diario - Bolivia","robots":{"index":"index","follow":"follow","max-snippet":"max-snippet:-1","max-image-preview":"max-image-preview:large","max-video-preview":"max-video-preview:-1"},"canonical":"https:\/\/www.eldiario.net\/portal\/2023\/03\/05\/declaracion-del-director-de-creed-iii\/","og_locale":"es_ES","og_type":"article","og_title":"Declaraci\u00f3n del director de Creed III - El Diario - Bolivia","og_description":"Quer\u00eda que los personajes de mi pel\u00edcula afrontaran sus desacuerdos al tiempo que hac\u00edan una declaraci\u00f3n sobre la humanidad y sus matices, con empat\u00eda. La forma en la que manejamos y comunicamos nuestras emociones forma parte de la exploraci\u00f3n de nuestro yo interior. \u201cCreed III\u201d muestra los diferentes caminos, relaciones e interacciones de dos hombres [&hellip;]","og_url":"https:\/\/www.eldiario.net\/portal\/2023\/03\/05\/declaracion-del-director-de-creed-iii\/","og_site_name":"El Diario - Bolivia","article_publisher":"https:\/\/www.facebook.com\/eldiario.bolivia\/","article_published_time":"2023-03-05T10:22:21+00:00","author":"Jeanette","twitter_card":"summary_large_image","twitter_creator":"@eldiario_net","twitter_site":"@eldiario_net","twitter_misc":{"Escrito por":"Jeanette"},"schema":{"@context":"https:\/\/schema.org","@graph":[{"@type":"Article","@id":"https:\/\/www.eldiario.net\/portal\/2023\/03\/05\/declaracion-del-director-de-creed-iii\/#article","isPartOf":{"@id":"https:\/\/www.eldiario.net\/portal\/2023\/03\/05\/declaracion-del-director-de-creed-iii\/"},"author":{"name":"Jeanette","@id":"https:\/\/www.eldiario.net\/portal\/#\/schema\/person\/f46445640444750d7d753ccd04ae01b7"},"headline":"Declaraci\u00f3n del director de Creed III","datePublished":"2023-03-05T10:22:21+00:00","mainEntityOfPage":{"@id":"https:\/\/www.eldiario.net\/portal\/2023\/03\/05\/declaracion-del-director-de-creed-iii\/"},"wordCount":887,"publisher":{"@id":"https:\/\/www.eldiario.net\/portal\/#organization"},"image":{"@id":"https:\/\/www.eldiario.net\/portal\/2023\/03\/05\/declaracion-del-director-de-creed-iii\/#primaryimage"},"thumbnailUrl":"","articleSection":["Cine Mundo"],"inLanguage":"es"},{"@type":"WebPage","@id":"https:\/\/www.eldiario.net\/portal\/2023\/03\/05\/declaracion-del-director-de-creed-iii\/","url":"https:\/\/www.eldiario.net\/portal\/2023\/03\/05\/declaracion-del-director-de-creed-iii\/","name":"Declaraci\u00f3n del director de Creed III - El Diario - Bolivia","isPartOf":{"@id":"https:\/\/www.eldiario.net\/portal\/#website"},"primaryImageOfPage":{"@id":"https:\/\/www.eldiario.net\/portal\/2023\/03\/05\/declaracion-del-director-de-creed-iii\/#primaryimage"},"image":{"@id":"https:\/\/www.eldiario.net\/portal\/2023\/03\/05\/declaracion-del-director-de-creed-iii\/#primaryimage"},"thumbnailUrl":"","datePublished":"2023-03-05T10:22:21+00:00","breadcrumb":{"@id":"https:\/\/www.eldiario.net\/portal\/2023\/03\/05\/declaracion-del-director-de-creed-iii\/#breadcrumb"},"inLanguage":"es","potentialAction":[{"@type":"ReadAction","target":["https:\/\/www.eldiario.net\/portal\/2023\/03\/05\/declaracion-del-director-de-creed-iii\/"]}]},{"@type":"ImageObject","inLanguage":"es","@id":"https:\/\/www.eldiario.net\/portal\/2023\/03\/05\/declaracion-del-director-de-creed-iii\/#primaryimage","url":"","contentUrl":""},{"@type":"BreadcrumbList","@id":"https:\/\/www.eldiario.net\/portal\/2023\/03\/05\/declaracion-del-director-de-creed-iii\/#breadcrumb","itemListElement":[{"@type":"ListItem","position":1,"name":"Portada","item":"https:\/\/www.eldiario.net\/portal\/"},{"@type":"ListItem","position":2,"name":"Declaraci\u00f3n del director de Creed III"}]},{"@type":"WebSite","@id":"https:\/\/www.eldiario.net\/portal\/#website","url":"https:\/\/www.eldiario.net\/portal\/","name":"El Diario - Decano de la prensa nacional","description":"El Diario - Decano de la prensa nacional","publisher":{"@id":"https:\/\/www.eldiario.net\/portal\/#organization"},"potentialAction":[{"@type":"SearchAction","target":{"@type":"EntryPoint","urlTemplate":"https:\/\/www.eldiario.net\/portal\/?s={search_term_string}"},"query-input":{"@type":"PropertyValueSpecification","valueRequired":true,"valueName":"search_term_string"}}],"inLanguage":"es"},{"@type":"Organization","@id":"https:\/\/www.eldiario.net\/portal\/#organization","name":"El Diario - Decano de la prensa nacional","url":"https:\/\/www.eldiario.net\/portal\/","logo":{"@type":"ImageObject","inLanguage":"es","@id":"https:\/\/www.eldiario.net\/portal\/#\/schema\/logo\/image\/","url":"https:\/\/www.eldiario.net\/portal\/wp-content\/uploads\/2023\/07\/logo_ED.jpg","contentUrl":"https:\/\/www.eldiario.net\/portal\/wp-content\/uploads\/2023\/07\/logo_ED.jpg","width":272,"height":52,"caption":"El Diario - Decano de la prensa nacional"},"image":{"@id":"https:\/\/www.eldiario.net\/portal\/#\/schema\/logo\/image\/"},"sameAs":["https:\/\/www.facebook.com\/eldiario.bolivia\/","https:\/\/x.com\/eldiario_net"]},{"@type":"Person","@id":"https:\/\/www.eldiario.net\/portal\/#\/schema\/person\/f46445640444750d7d753ccd04ae01b7","name":"Jeanette","image":{"@type":"ImageObject","inLanguage":"es","@id":"https:\/\/secure.gravatar.com\/avatar\/3ea2118a5f7dad2b7138b1187a6b7ee55f160b9968b66013c3a3ef39dd7e5798?s=96&d=mm&r=g","url":"https:\/\/secure.gravatar.com\/avatar\/3ea2118a5f7dad2b7138b1187a6b7ee55f160b9968b66013c3a3ef39dd7e5798?s=96&d=mm&r=g","contentUrl":"https:\/\/secure.gravatar.com\/avatar\/3ea2118a5f7dad2b7138b1187a6b7ee55f160b9968b66013c3a3ef39dd7e5798?s=96&d=mm&r=g","caption":"Jeanette"},"sameAs":["https:\/\/www.eldiario.net\/portal"],"url":"https:\/\/www.eldiario.net\/portal\/author\/jeanette\/"}]}},"_links":{"self":[{"href":"https:\/\/www.eldiario.net\/portal\/wp-json\/wp\/v2\/posts\/141500","targetHints":{"allow":["GET"]}}],"collection":[{"href":"https:\/\/www.eldiario.net\/portal\/wp-json\/wp\/v2\/posts"}],"about":[{"href":"https:\/\/www.eldiario.net\/portal\/wp-json\/wp\/v2\/types\/post"}],"author":[{"embeddable":true,"href":"https:\/\/www.eldiario.net\/portal\/wp-json\/wp\/v2\/users\/1"}],"replies":[{"embeddable":true,"href":"https:\/\/www.eldiario.net\/portal\/wp-json\/wp\/v2\/comments?post=141500"}],"version-history":[{"count":0,"href":"https:\/\/www.eldiario.net\/portal\/wp-json\/wp\/v2\/posts\/141500\/revisions"}],"wp:attachment":[{"href":"https:\/\/www.eldiario.net\/portal\/wp-json\/wp\/v2\/media?parent=141500"}],"wp:term":[{"taxonomy":"category","embeddable":true,"href":"https:\/\/www.eldiario.net\/portal\/wp-json\/wp\/v2\/categories?post=141500"},{"taxonomy":"post_tag","embeddable":true,"href":"https:\/\/www.eldiario.net\/portal\/wp-json\/wp\/v2\/tags?post=141500"}],"curies":[{"name":"wp","href":"https:\/\/api.w.org\/{rel}","templated":true}]}}