{"id":140821,"date":"2023-03-01T06:28:15","date_gmt":"2023-03-01T10:28:15","guid":{"rendered":"https:\/\/www.eldiario.net\/portal\/?p=140821"},"modified":"2023-03-01T06:28:15","modified_gmt":"2023-03-01T10:28:15","slug":"rodriguez-seria-la-novedad-en-el-once-titular-celeste","status":"publish","type":"post","link":"https:\/\/www.eldiario.net\/portal\/2023\/03\/01\/rodriguez-seria-la-novedad-en-el-once-titular-celeste\/","title":{"rendered":"Rodr\u00edguez ser\u00eda la novedad en el once titular celeste"},"content":{"rendered":"<p>El extremo argentino Patricio Rodr\u00edguez estar\u00eda de regreso en el once titular de Bol\u00edvar que ya se alista para el juego del pr\u00f3ximo domingo contra Blooming, por la fecha cinco del torneo de la Divisi\u00f3n Profesional.<br \/>\nRodr\u00edguez regres\u00f3 con todo a filas celestes tras el triunfo del cuadro pace\u00f1o sobre Oriente Petrolero (4-0) en el que incluso anot\u00f3 un gol.<br \/>\nEl jugador super\u00f3 una lesi\u00f3n en la rodilla derecha que lo dej\u00f3 fuera de los primeros partidos de Bol\u00edvar tanto en el Torneo como en la Copa de la Divisi\u00f3n Profesional.<br \/>\nEl domingo aport\u00f3 con uno de los goles y Bol\u00edvar volvi\u00f3 a sonreir con una goleada que lo pone en la pelea por la punta del campeonato.<br \/>\nAl no haber partidos por la Copa, el cuerpo t\u00e9cnico de los celestes deber\u00e1 decidir si da continuidad al plantel que gan\u00f3 el pasado domingo o si regresan a la titularidad algunos jugadores que hicieron banca el fin de semana.<\/p>\n","protected":false},"excerpt":{"rendered":"<p>El extremo argentino Patricio Rodr\u00edguez estar\u00eda de regreso en el once titular de Bol\u00edvar que ya se alista para el juego del pr\u00f3ximo domingo contra Blooming, por la fecha cinco del torneo de la Divisi\u00f3n Profesional. Rodr\u00edguez regres\u00f3 con todo a filas celestes tras el triunfo del cuadro pace\u00f1o sobre Oriente Petrolero (4-0) en el [&hellip;]<\/p>\n","protected":false},"author":1,"featured_media":140822,"comment_status":"closed","ping_status":"closed","sticky":false,"template":"","format":"standard","meta":{"_acf_changed":false,"footnotes":""},"categories":[6],"tags":[],"class_list":["post-140821","post","type-post","status-publish","format-standard","has-post-thumbnail","category-deportes"],"acf":{"antetitulo":""},"yoast_head":"<!-- This site is optimized with the Yoast SEO plugin v28.3 - https:\/\/yoast.com\/product\/yoast-seo-wordpress\/ -->\n<title>Rodr\u00edguez ser\u00eda la novedad en el once titular celeste - El Diario - Bolivia<\/title>\n<meta name=\"robots\" content=\"index, follow, max-snippet:-1, max-image-preview:large, max-video-preview:-1\" \/>\n<link rel=\"canonical\" href=\"https:\/\/www.eldiario.net\/portal\/2023\/03\/01\/rodriguez-seria-la-novedad-en-el-once-titular-celeste\/\" \/>\n<meta property=\"og:locale\" content=\"es_ES\" \/>\n<meta property=\"og:type\" content=\"article\" \/>\n<meta property=\"og:title\" content=\"Rodr\u00edguez ser\u00eda la novedad en el once titular celeste - El Diario - Bolivia\" \/>\n<meta property=\"og:description\" content=\"El extremo argentino Patricio Rodr\u00edguez estar\u00eda de regreso en el once titular de Bol\u00edvar que ya se alista para el juego del pr\u00f3ximo domingo contra Blooming, por la fecha cinco del torneo de la Divisi\u00f3n Profesional. Rodr\u00edguez regres\u00f3 con todo a filas celestes tras el triunfo del cuadro pace\u00f1o sobre Oriente Petrolero (4-0) en el [&hellip;]\" \/>\n<meta property=\"og:url\" content=\"https:\/\/www.eldiario.net\/portal\/2023\/03\/01\/rodriguez-seria-la-novedad-en-el-once-titular-celeste\/\" \/>\n<meta property=\"og:site_name\" content=\"El Diario - Bolivia\" \/>\n<meta property=\"article:publisher\" content=\"https:\/\/www.facebook.com\/eldiario.bolivia\/\" \/>\n<meta property=\"article:published_time\" content=\"2023-03-01T10:28:15+00:00\" \/>\n<meta name=\"author\" content=\"Jeanette\" \/>\n<meta name=\"twitter:card\" content=\"summary_large_image\" \/>\n<meta name=\"twitter:creator\" content=\"@eldiario_net\" \/>\n<meta name=\"twitter:site\" content=\"@eldiario_net\" \/>\n<meta name=\"twitter:label1\" content=\"Escrito por\" \/>\n\t<meta name=\"twitter:data1\" content=\"Jeanette\" \/>\n\t<meta name=\"twitter:label2\" content=\"Tiempo de lectura\" \/>\n\t<meta name=\"twitter:data2\" content=\"1 minuto\" \/>\n<script type=\"application\/ld+json\" class=\"yoast-schema-graph\">{\"@context\":\"https:\\\/\\\/schema.org\",\"@graph\":[{\"@type\":\"Article\",\"@id\":\"https:\\\/\\\/www.eldiario.net\\\/portal\\\/2023\\\/03\\\/01\\\/rodriguez-seria-la-novedad-en-el-once-titular-celeste\\\/#article\",\"isPartOf\":{\"@id\":\"https:\\\/\\\/www.eldiario.net\\\/portal\\\/2023\\\/03\\\/01\\\/rodriguez-seria-la-novedad-en-el-once-titular-celeste\\\/\"},\"author\":{\"name\":\"Jeanette\",\"@id\":\"https:\\\/\\\/www.eldiario.net\\\/portal\\\/#\\\/schema\\\/person\\\/f46445640444750d7d753ccd04ae01b7\"},\"headline\":\"Rodr\u00edguez ser\u00eda la novedad en el once titular celeste\",\"datePublished\":\"2023-03-01T10:28:15+00:00\",\"mainEntityOfPage\":{\"@id\":\"https:\\\/\\\/www.eldiario.net\\\/portal\\\/2023\\\/03\\\/01\\\/rodriguez-seria-la-novedad-en-el-once-titular-celeste\\\/\"},\"wordCount\":181,\"publisher\":{\"@id\":\"https:\\\/\\\/www.eldiario.net\\\/portal\\\/#organization\"},\"image\":{\"@id\":\"https:\\\/\\\/www.eldiario.net\\\/portal\\\/2023\\\/03\\\/01\\\/rodriguez-seria-la-novedad-en-el-once-titular-celeste\\\/#primaryimage\"},\"thumbnailUrl\":\"\",\"articleSection\":[\"Deportes\"],\"inLanguage\":\"es\"},{\"@type\":\"WebPage\",\"@id\":\"https:\\\/\\\/www.eldiario.net\\\/portal\\\/2023\\\/03\\\/01\\\/rodriguez-seria-la-novedad-en-el-once-titular-celeste\\\/\",\"url\":\"https:\\\/\\\/www.eldiario.net\\\/portal\\\/2023\\\/03\\\/01\\\/rodriguez-seria-la-novedad-en-el-once-titular-celeste\\\/\",\"name\":\"Rodr\u00edguez ser\u00eda la novedad en el once titular celeste - El Diario - Bolivia\",\"isPartOf\":{\"@id\":\"https:\\\/\\\/www.eldiario.net\\\/portal\\\/#website\"},\"primaryImageOfPage\":{\"@id\":\"https:\\\/\\\/www.eldiario.net\\\/portal\\\/2023\\\/03\\\/01\\\/rodriguez-seria-la-novedad-en-el-once-titular-celeste\\\/#primaryimage\"},\"image\":{\"@id\":\"https:\\\/\\\/www.eldiario.net\\\/portal\\\/2023\\\/03\\\/01\\\/rodriguez-seria-la-novedad-en-el-once-titular-celeste\\\/#primaryimage\"},\"thumbnailUrl\":\"\",\"datePublished\":\"2023-03-01T10:28:15+00:00\",\"breadcrumb\":{\"@id\":\"https:\\\/\\\/www.eldiario.net\\\/portal\\\/2023\\\/03\\\/01\\\/rodriguez-seria-la-novedad-en-el-once-titular-celeste\\\/#breadcrumb\"},\"inLanguage\":\"es\",\"potentialAction\":[{\"@type\":\"ReadAction\",\"target\":[\"https:\\\/\\\/www.eldiario.net\\\/portal\\\/2023\\\/03\\\/01\\\/rodriguez-seria-la-novedad-en-el-once-titular-celeste\\\/\"]}]},{\"@type\":\"ImageObject\",\"inLanguage\":\"es\",\"@id\":\"https:\\\/\\\/www.eldiario.net\\\/portal\\\/2023\\\/03\\\/01\\\/rodriguez-seria-la-novedad-en-el-once-titular-celeste\\\/#primaryimage\",\"url\":\"\",\"contentUrl\":\"\"},{\"@type\":\"BreadcrumbList\",\"@id\":\"https:\\\/\\\/www.eldiario.net\\\/portal\\\/2023\\\/03\\\/01\\\/rodriguez-seria-la-novedad-en-el-once-titular-celeste\\\/#breadcrumb\",\"itemListElement\":[{\"@type\":\"ListItem\",\"position\":1,\"name\":\"Portada\",\"item\":\"https:\\\/\\\/www.eldiario.net\\\/portal\\\/\"},{\"@type\":\"ListItem\",\"position\":2,\"name\":\"Rodr\u00edguez ser\u00eda la novedad en el once titular celeste\"}]},{\"@type\":\"WebSite\",\"@id\":\"https:\\\/\\\/www.eldiario.net\\\/portal\\\/#website\",\"url\":\"https:\\\/\\\/www.eldiario.net\\\/portal\\\/\",\"name\":\"El Diario - Decano de la prensa nacional\",\"description\":\"El Diario - Decano de la prensa nacional\",\"publisher\":{\"@id\":\"https:\\\/\\\/www.eldiario.net\\\/portal\\\/#organization\"},\"potentialAction\":[{\"@type\":\"SearchAction\",\"target\":{\"@type\":\"EntryPoint\",\"urlTemplate\":\"https:\\\/\\\/www.eldiario.net\\\/portal\\\/?s={search_term_string}\"},\"query-input\":{\"@type\":\"PropertyValueSpecification\",\"valueRequired\":true,\"valueName\":\"search_term_string\"}}],\"inLanguage\":\"es\"},{\"@type\":\"Organization\",\"@id\":\"https:\\\/\\\/www.eldiario.net\\\/portal\\\/#organization\",\"name\":\"El Diario - Decano de la prensa nacional\",\"url\":\"https:\\\/\\\/www.eldiario.net\\\/portal\\\/\",\"logo\":{\"@type\":\"ImageObject\",\"inLanguage\":\"es\",\"@id\":\"https:\\\/\\\/www.eldiario.net\\\/portal\\\/#\\\/schema\\\/logo\\\/image\\\/\",\"url\":\"https:\\\/\\\/www.eldiario.net\\\/portal\\\/wp-content\\\/uploads\\\/2023\\\/07\\\/logo_ED.jpg\",\"contentUrl\":\"https:\\\/\\\/www.eldiario.net\\\/portal\\\/wp-content\\\/uploads\\\/2023\\\/07\\\/logo_ED.jpg\",\"width\":272,\"height\":52,\"caption\":\"El Diario - Decano de la prensa nacional\"},\"image\":{\"@id\":\"https:\\\/\\\/www.eldiario.net\\\/portal\\\/#\\\/schema\\\/logo\\\/image\\\/\"},\"sameAs\":[\"https:\\\/\\\/www.facebook.com\\\/eldiario.bolivia\\\/\",\"https:\\\/\\\/x.com\\\/eldiario_net\"]},{\"@type\":\"Person\",\"@id\":\"https:\\\/\\\/www.eldiario.net\\\/portal\\\/#\\\/schema\\\/person\\\/f46445640444750d7d753ccd04ae01b7\",\"name\":\"Jeanette\",\"image\":{\"@type\":\"ImageObject\",\"inLanguage\":\"es\",\"@id\":\"https:\\\/\\\/secure.gravatar.com\\\/avatar\\\/3ea2118a5f7dad2b7138b1187a6b7ee55f160b9968b66013c3a3ef39dd7e5798?s=96&d=mm&r=g\",\"url\":\"https:\\\/\\\/secure.gravatar.com\\\/avatar\\\/3ea2118a5f7dad2b7138b1187a6b7ee55f160b9968b66013c3a3ef39dd7e5798?s=96&d=mm&r=g\",\"contentUrl\":\"https:\\\/\\\/secure.gravatar.com\\\/avatar\\\/3ea2118a5f7dad2b7138b1187a6b7ee55f160b9968b66013c3a3ef39dd7e5798?s=96&d=mm&r=g\",\"caption\":\"Jeanette\"},\"sameAs\":[\"https:\\\/\\\/www.eldiario.net\\\/portal\"],\"url\":\"https:\\\/\\\/www.eldiario.net\\\/portal\\\/author\\\/jeanette\\\/\"}]}<\/script>\n<!-- \/ Yoast SEO plugin. -->","yoast_head_json":{"title":"Rodr\u00edguez ser\u00eda la novedad en el once titular celeste - El Diario - Bolivia","robots":{"index":"index","follow":"follow","max-snippet":"max-snippet:-1","max-image-preview":"max-image-preview:large","max-video-preview":"max-video-preview:-1"},"canonical":"https:\/\/www.eldiario.net\/portal\/2023\/03\/01\/rodriguez-seria-la-novedad-en-el-once-titular-celeste\/","og_locale":"es_ES","og_type":"article","og_title":"Rodr\u00edguez ser\u00eda la novedad en el once titular celeste - El Diario - Bolivia","og_description":"El extremo argentino Patricio Rodr\u00edguez estar\u00eda de regreso en el once titular de Bol\u00edvar que ya se alista para el juego del pr\u00f3ximo domingo contra Blooming, por la fecha cinco del torneo de la Divisi\u00f3n Profesional. Rodr\u00edguez regres\u00f3 con todo a filas celestes tras el triunfo del cuadro pace\u00f1o sobre Oriente Petrolero (4-0) en el [&hellip;]","og_url":"https:\/\/www.eldiario.net\/portal\/2023\/03\/01\/rodriguez-seria-la-novedad-en-el-once-titular-celeste\/","og_site_name":"El Diario - Bolivia","article_publisher":"https:\/\/www.facebook.com\/eldiario.bolivia\/","article_published_time":"2023-03-01T10:28:15+00:00","author":"Jeanette","twitter_card":"summary_large_image","twitter_creator":"@eldiario_net","twitter_site":"@eldiario_net","twitter_misc":{"Escrito por":"Jeanette","Tiempo de lectura":"1 minuto"},"schema":{"@context":"https:\/\/schema.org","@graph":[{"@type":"Article","@id":"https:\/\/www.eldiario.net\/portal\/2023\/03\/01\/rodriguez-seria-la-novedad-en-el-once-titular-celeste\/#article","isPartOf":{"@id":"https:\/\/www.eldiario.net\/portal\/2023\/03\/01\/rodriguez-seria-la-novedad-en-el-once-titular-celeste\/"},"author":{"name":"Jeanette","@id":"https:\/\/www.eldiario.net\/portal\/#\/schema\/person\/f46445640444750d7d753ccd04ae01b7"},"headline":"Rodr\u00edguez ser\u00eda la novedad en el once titular celeste","datePublished":"2023-03-01T10:28:15+00:00","mainEntityOfPage":{"@id":"https:\/\/www.eldiario.net\/portal\/2023\/03\/01\/rodriguez-seria-la-novedad-en-el-once-titular-celeste\/"},"wordCount":181,"publisher":{"@id":"https:\/\/www.eldiario.net\/portal\/#organization"},"image":{"@id":"https:\/\/www.eldiario.net\/portal\/2023\/03\/01\/rodriguez-seria-la-novedad-en-el-once-titular-celeste\/#primaryimage"},"thumbnailUrl":"","articleSection":["Deportes"],"inLanguage":"es"},{"@type":"WebPage","@id":"https:\/\/www.eldiario.net\/portal\/2023\/03\/01\/rodriguez-seria-la-novedad-en-el-once-titular-celeste\/","url":"https:\/\/www.eldiario.net\/portal\/2023\/03\/01\/rodriguez-seria-la-novedad-en-el-once-titular-celeste\/","name":"Rodr\u00edguez ser\u00eda la novedad en el once titular celeste - El Diario - Bolivia","isPartOf":{"@id":"https:\/\/www.eldiario.net\/portal\/#website"},"primaryImageOfPage":{"@id":"https:\/\/www.eldiario.net\/portal\/2023\/03\/01\/rodriguez-seria-la-novedad-en-el-once-titular-celeste\/#primaryimage"},"image":{"@id":"https:\/\/www.eldiario.net\/portal\/2023\/03\/01\/rodriguez-seria-la-novedad-en-el-once-titular-celeste\/#primaryimage"},"thumbnailUrl":"","datePublished":"2023-03-01T10:28:15+00:00","breadcrumb":{"@id":"https:\/\/www.eldiario.net\/portal\/2023\/03\/01\/rodriguez-seria-la-novedad-en-el-once-titular-celeste\/#breadcrumb"},"inLanguage":"es","potentialAction":[{"@type":"ReadAction","target":["https:\/\/www.eldiario.net\/portal\/2023\/03\/01\/rodriguez-seria-la-novedad-en-el-once-titular-celeste\/"]}]},{"@type":"ImageObject","inLanguage":"es","@id":"https:\/\/www.eldiario.net\/portal\/2023\/03\/01\/rodriguez-seria-la-novedad-en-el-once-titular-celeste\/#primaryimage","url":"","contentUrl":""},{"@type":"BreadcrumbList","@id":"https:\/\/www.eldiario.net\/portal\/2023\/03\/01\/rodriguez-seria-la-novedad-en-el-once-titular-celeste\/#breadcrumb","itemListElement":[{"@type":"ListItem","position":1,"name":"Portada","item":"https:\/\/www.eldiario.net\/portal\/"},{"@type":"ListItem","position":2,"name":"Rodr\u00edguez ser\u00eda la novedad en el once titular celeste"}]},{"@type":"WebSite","@id":"https:\/\/www.eldiario.net\/portal\/#website","url":"https:\/\/www.eldiario.net\/portal\/","name":"El Diario - Decano de la prensa nacional","description":"El Diario - Decano de la prensa nacional","publisher":{"@id":"https:\/\/www.eldiario.net\/portal\/#organization"},"potentialAction":[{"@type":"SearchAction","target":{"@type":"EntryPoint","urlTemplate":"https:\/\/www.eldiario.net\/portal\/?s={search_term_string}"},"query-input":{"@type":"PropertyValueSpecification","valueRequired":true,"valueName":"search_term_string"}}],"inLanguage":"es"},{"@type":"Organization","@id":"https:\/\/www.eldiario.net\/portal\/#organization","name":"El Diario - Decano de la prensa nacional","url":"https:\/\/www.eldiario.net\/portal\/","logo":{"@type":"ImageObject","inLanguage":"es","@id":"https:\/\/www.eldiario.net\/portal\/#\/schema\/logo\/image\/","url":"https:\/\/www.eldiario.net\/portal\/wp-content\/uploads\/2023\/07\/logo_ED.jpg","contentUrl":"https:\/\/www.eldiario.net\/portal\/wp-content\/uploads\/2023\/07\/logo_ED.jpg","width":272,"height":52,"caption":"El Diario - Decano de la prensa nacional"},"image":{"@id":"https:\/\/www.eldiario.net\/portal\/#\/schema\/logo\/image\/"},"sameAs":["https:\/\/www.facebook.com\/eldiario.bolivia\/","https:\/\/x.com\/eldiario_net"]},{"@type":"Person","@id":"https:\/\/www.eldiario.net\/portal\/#\/schema\/person\/f46445640444750d7d753ccd04ae01b7","name":"Jeanette","image":{"@type":"ImageObject","inLanguage":"es","@id":"https:\/\/secure.gravatar.com\/avatar\/3ea2118a5f7dad2b7138b1187a6b7ee55f160b9968b66013c3a3ef39dd7e5798?s=96&d=mm&r=g","url":"https:\/\/secure.gravatar.com\/avatar\/3ea2118a5f7dad2b7138b1187a6b7ee55f160b9968b66013c3a3ef39dd7e5798?s=96&d=mm&r=g","contentUrl":"https:\/\/secure.gravatar.com\/avatar\/3ea2118a5f7dad2b7138b1187a6b7ee55f160b9968b66013c3a3ef39dd7e5798?s=96&d=mm&r=g","caption":"Jeanette"},"sameAs":["https:\/\/www.eldiario.net\/portal"],"url":"https:\/\/www.eldiario.net\/portal\/author\/jeanette\/"}]}},"_links":{"self":[{"href":"https:\/\/www.eldiario.net\/portal\/wp-json\/wp\/v2\/posts\/140821","targetHints":{"allow":["GET"]}}],"collection":[{"href":"https:\/\/www.eldiario.net\/portal\/wp-json\/wp\/v2\/posts"}],"about":[{"href":"https:\/\/www.eldiario.net\/portal\/wp-json\/wp\/v2\/types\/post"}],"author":[{"embeddable":true,"href":"https:\/\/www.eldiario.net\/portal\/wp-json\/wp\/v2\/users\/1"}],"replies":[{"embeddable":true,"href":"https:\/\/www.eldiario.net\/portal\/wp-json\/wp\/v2\/comments?post=140821"}],"version-history":[{"count":0,"href":"https:\/\/www.eldiario.net\/portal\/wp-json\/wp\/v2\/posts\/140821\/revisions"}],"wp:attachment":[{"href":"https:\/\/www.eldiario.net\/portal\/wp-json\/wp\/v2\/media?parent=140821"}],"wp:term":[{"taxonomy":"category","embeddable":true,"href":"https:\/\/www.eldiario.net\/portal\/wp-json\/wp\/v2\/categories?post=140821"},{"taxonomy":"post_tag","embeddable":true,"href":"https:\/\/www.eldiario.net\/portal\/wp-json\/wp\/v2\/tags?post=140821"}],"curies":[{"name":"wp","href":"https:\/\/api.w.org\/{rel}","templated":true}]}}