{"id":140383,"date":"2023-02-27T06:08:32","date_gmt":"2023-02-27T10:08:32","guid":{"rendered":"https:\/\/www.eldiario.net\/portal\/?p=140383"},"modified":"2023-02-27T06:08:32","modified_gmt":"2023-02-27T10:08:32","slug":"larach-asume-con-el-reto-de-impulsar-revocatorio","status":"publish","type":"post","link":"https:\/\/www.eldiario.net\/portal\/2023\/02\/27\/larach-asume-con-el-reto-de-impulsar-revocatorio\/","title":{"rendered":"Larach asume con el reto  de impulsar revocatorio"},"content":{"rendered":"<p>La tarde de este s\u00e1bado tendr\u00e1 lugar el cambio del directorio del Comit\u00e9 pro Santa Cruz. El presidente saliente, R\u00f3mulo Calvo, se aleja del cargo con 27 procesos judiciales en su contra, mientras que Fernando Larach asume la titularidad con el reto de impulsar un revocatorio en contra del presidente Luis Arce.<br \/>\nAl hacer una evaluaci\u00f3n de su gesti\u00f3n, Calvo sostuvo que desempe\u00f1\u00f3 el cargo en una \u201c\u00e9poca dif\u00edcil\u201d, debido a que se evidenci\u00f3 el \u201cresentimiento y el revanchismo\u201d del Gobierno en contra de esa regi\u00f3n.<br \/>\nIndic\u00f3 que se tuvo que hacer frente a una represi\u00f3n constante y el \u201cabuso de poder\u201d de administradores de justicia, con lo que se vulner\u00f3 los derechos de bolivianos, lo que llev\u00f3 a que el pa\u00eds ocupe el cuarto lugar en la regi\u00f3n con mayor cantidad de presos pol\u00edticos.<br \/>\nEn funci\u00f3n a esa situaci\u00f3n precis\u00f3 que tiene 27 procesos judiciales en su contra que a\u00fan deber\u00e1 enfrentar al dejar la presidencia c\u00edvica cruce\u00f1a.<br \/>\nEste s\u00e1bado, de manera coincidente, se cumple el pazo de 30 d\u00edas que se otorg\u00f3 el cabildo nacional por la democracia el 25 de enero al Gobierno, para que apruebe una amnist\u00eda y libere a los m\u00e1s d e180 presos pol\u00edticos que hay en el pa\u00eds, entre ellos el gobernador de Santa Cruz, Fernando Camacho.<br \/>\nPor su lado, Fernando Larach afirm\u00f3 que har\u00e1 cumplir el mandato del cabildo nacional de enero, en sentido de llevar adelante el revocatorio en contra de Arce.<br \/>\n\u201cA nosotros no nos quita el sue\u00f1o de lo que puedan decir, hay un plazo establecido y un compromiso asumido por el pueblo boliviano que fue parte del \u00faltimo cabildo. Sobre el tema del revocatorio, se proceder\u00e1 como indica la norma\u201d, afirm\u00f3 Larach.<br \/>\n\u201cDefender\u00e9 con vehemencia y firmeza cualquier medida o amenaza que conspire, atente y violente nuestra libertad, nuestra seguridad y nuestro patrimonio natural y cultural\u201d, comprometi\u00f3 Larach en su primer discurso como l\u00edder c\u00edvico cruce\u00f1o.<br \/>\nEn su discurso, Larach tambi\u00e9n remarc\u00f3 que Santa Cruz es la tierra donde los sue\u00f1os de compatriotas se concretan.<br \/>\nComprometi\u00f3 esfuerzos y acciones para que antes de 2025 Bolivia tenga un nuevo padr\u00f3n electoral. \u201cNuestra premisa es y ser\u00e1, que la voluntad del pueblo expresada en las urnas se respete, se preserve y se cumpla, libre de la injerencia autoritaria del gobierno de turno\u201d.<br \/>\nJunto a Larach asumen el directorio del Comit\u00e9 pro Santa Cruz Stello Cochamanidis, como primer vicepresidente, y Leonardo Mart\u00ednez, como segundo vicepresidente. (Br\u00fajula Digital).<\/p>\n","protected":false},"excerpt":{"rendered":"<p>La tarde de este s\u00e1bado tendr\u00e1 lugar el cambio del directorio del Comit\u00e9 pro Santa Cruz. El presidente saliente, R\u00f3mulo Calvo, se aleja del cargo con 27 procesos judiciales en su contra, mientras que Fernando Larach asume la titularidad con el reto de impulsar un revocatorio en contra del presidente Luis Arce. Al hacer una [&hellip;]<\/p>\n","protected":false},"author":1,"featured_media":140384,"comment_status":"closed","ping_status":"closed","sticky":false,"template":"","format":"standard","meta":{"_acf_changed":false,"footnotes":""},"categories":[14],"tags":[],"class_list":["post-140383","post","type-post","status-publish","format-standard","has-post-thumbnail","category-politica"],"acf":{"antetitulo":""},"yoast_head":"<!-- This site is optimized with the Yoast SEO plugin v28.4 - https:\/\/yoast.com\/product\/yoast-seo-wordpress\/ -->\n<title>Larach asume con el reto de impulsar revocatorio - El Diario - Bolivia<\/title>\n<meta name=\"robots\" content=\"index, follow, max-snippet:-1, max-image-preview:large, max-video-preview:-1\" \/>\n<link rel=\"canonical\" href=\"https:\/\/www.eldiario.net\/portal\/2023\/02\/27\/larach-asume-con-el-reto-de-impulsar-revocatorio\/\" \/>\n<meta property=\"og:locale\" content=\"es_ES\" \/>\n<meta property=\"og:type\" content=\"article\" \/>\n<meta property=\"og:title\" content=\"Larach asume con el reto de impulsar revocatorio - El Diario - Bolivia\" \/>\n<meta property=\"og:description\" content=\"La tarde de este s\u00e1bado tendr\u00e1 lugar el cambio del directorio del Comit\u00e9 pro Santa Cruz. El presidente saliente, R\u00f3mulo Calvo, se aleja del cargo con 27 procesos judiciales en su contra, mientras que Fernando Larach asume la titularidad con el reto de impulsar un revocatorio en contra del presidente Luis Arce. Al hacer una [&hellip;]\" \/>\n<meta property=\"og:url\" content=\"https:\/\/www.eldiario.net\/portal\/2023\/02\/27\/larach-asume-con-el-reto-de-impulsar-revocatorio\/\" \/>\n<meta property=\"og:site_name\" content=\"El Diario - Bolivia\" \/>\n<meta property=\"article:publisher\" content=\"https:\/\/www.facebook.com\/eldiario.bolivia\/\" \/>\n<meta property=\"article:published_time\" content=\"2023-02-27T10:08:32+00:00\" \/>\n<meta name=\"author\" content=\"Jeanette\" \/>\n<meta name=\"twitter:card\" content=\"summary_large_image\" \/>\n<meta name=\"twitter:creator\" content=\"@eldiario_net\" \/>\n<meta name=\"twitter:site\" content=\"@eldiario_net\" \/>\n<meta name=\"twitter:label1\" content=\"Escrito por\" \/>\n\t<meta name=\"twitter:data1\" content=\"Jeanette\" \/>\n\t<meta name=\"twitter:label2\" content=\"Tiempo de lectura\" \/>\n\t<meta name=\"twitter:data2\" content=\"2 minutos\" \/>\n<script type=\"application\/ld+json\" class=\"yoast-schema-graph\">{\"@context\":\"https:\\\/\\\/schema.org\",\"@graph\":[{\"@type\":\"Article\",\"@id\":\"https:\\\/\\\/www.eldiario.net\\\/portal\\\/2023\\\/02\\\/27\\\/larach-asume-con-el-reto-de-impulsar-revocatorio\\\/#article\",\"isPartOf\":{\"@id\":\"https:\\\/\\\/www.eldiario.net\\\/portal\\\/2023\\\/02\\\/27\\\/larach-asume-con-el-reto-de-impulsar-revocatorio\\\/\"},\"author\":{\"name\":\"Jeanette\",\"@id\":\"https:\\\/\\\/www.eldiario.net\\\/portal\\\/#\\\/schema\\\/person\\\/2c57cf2b7a7ae032e449e4c9b1019eac\"},\"headline\":\"Larach asume con el reto de impulsar revocatorio\",\"datePublished\":\"2023-02-27T10:08:32+00:00\",\"mainEntityOfPage\":{\"@id\":\"https:\\\/\\\/www.eldiario.net\\\/portal\\\/2023\\\/02\\\/27\\\/larach-asume-con-el-reto-de-impulsar-revocatorio\\\/\"},\"wordCount\":439,\"publisher\":{\"@id\":\"https:\\\/\\\/www.eldiario.net\\\/portal\\\/#organization\"},\"image\":{\"@id\":\"https:\\\/\\\/www.eldiario.net\\\/portal\\\/2023\\\/02\\\/27\\\/larach-asume-con-el-reto-de-impulsar-revocatorio\\\/#primaryimage\"},\"thumbnailUrl\":\"\",\"articleSection\":[\"Pol\u00edtica\"],\"inLanguage\":\"es\"},{\"@type\":\"WebPage\",\"@id\":\"https:\\\/\\\/www.eldiario.net\\\/portal\\\/2023\\\/02\\\/27\\\/larach-asume-con-el-reto-de-impulsar-revocatorio\\\/\",\"url\":\"https:\\\/\\\/www.eldiario.net\\\/portal\\\/2023\\\/02\\\/27\\\/larach-asume-con-el-reto-de-impulsar-revocatorio\\\/\",\"name\":\"Larach asume con el reto de impulsar revocatorio - El Diario - Bolivia\",\"isPartOf\":{\"@id\":\"https:\\\/\\\/www.eldiario.net\\\/portal\\\/#website\"},\"primaryImageOfPage\":{\"@id\":\"https:\\\/\\\/www.eldiario.net\\\/portal\\\/2023\\\/02\\\/27\\\/larach-asume-con-el-reto-de-impulsar-revocatorio\\\/#primaryimage\"},\"image\":{\"@id\":\"https:\\\/\\\/www.eldiario.net\\\/portal\\\/2023\\\/02\\\/27\\\/larach-asume-con-el-reto-de-impulsar-revocatorio\\\/#primaryimage\"},\"thumbnailUrl\":\"\",\"datePublished\":\"2023-02-27T10:08:32+00:00\",\"breadcrumb\":{\"@id\":\"https:\\\/\\\/www.eldiario.net\\\/portal\\\/2023\\\/02\\\/27\\\/larach-asume-con-el-reto-de-impulsar-revocatorio\\\/#breadcrumb\"},\"inLanguage\":\"es\",\"potentialAction\":[{\"@type\":\"ReadAction\",\"target\":[\"https:\\\/\\\/www.eldiario.net\\\/portal\\\/2023\\\/02\\\/27\\\/larach-asume-con-el-reto-de-impulsar-revocatorio\\\/\"]}]},{\"@type\":\"ImageObject\",\"inLanguage\":\"es\",\"@id\":\"https:\\\/\\\/www.eldiario.net\\\/portal\\\/2023\\\/02\\\/27\\\/larach-asume-con-el-reto-de-impulsar-revocatorio\\\/#primaryimage\",\"url\":\"\",\"contentUrl\":\"\"},{\"@type\":\"BreadcrumbList\",\"@id\":\"https:\\\/\\\/www.eldiario.net\\\/portal\\\/2023\\\/02\\\/27\\\/larach-asume-con-el-reto-de-impulsar-revocatorio\\\/#breadcrumb\",\"itemListElement\":[{\"@type\":\"ListItem\",\"position\":1,\"name\":\"Portada\",\"item\":\"https:\\\/\\\/www.eldiario.net\\\/portal\\\/\"},{\"@type\":\"ListItem\",\"position\":2,\"name\":\"Larach asume con el reto de impulsar revocatorio\"}]},{\"@type\":\"WebSite\",\"@id\":\"https:\\\/\\\/www.eldiario.net\\\/portal\\\/#website\",\"url\":\"https:\\\/\\\/www.eldiario.net\\\/portal\\\/\",\"name\":\"El Diario - Decano de la prensa nacional\",\"description\":\"El Diario - Decano de la prensa nacional\",\"publisher\":{\"@id\":\"https:\\\/\\\/www.eldiario.net\\\/portal\\\/#organization\"},\"potentialAction\":[{\"@type\":\"SearchAction\",\"target\":{\"@type\":\"EntryPoint\",\"urlTemplate\":\"https:\\\/\\\/www.eldiario.net\\\/portal\\\/?s={search_term_string}\"},\"query-input\":{\"@type\":\"PropertyValueSpecification\",\"valueRequired\":true,\"valueName\":\"search_term_string\"}}],\"inLanguage\":\"es\"},{\"@type\":\"Organization\",\"@id\":\"https:\\\/\\\/www.eldiario.net\\\/portal\\\/#organization\",\"name\":\"El Diario - Decano de la prensa nacional\",\"url\":\"https:\\\/\\\/www.eldiario.net\\\/portal\\\/\",\"logo\":{\"@type\":\"ImageObject\",\"inLanguage\":\"es\",\"@id\":\"https:\\\/\\\/www.eldiario.net\\\/portal\\\/#\\\/schema\\\/logo\\\/image\\\/\",\"url\":\"https:\\\/\\\/www.eldiario.net\\\/portal\\\/wp-content\\\/uploads\\\/2023\\\/07\\\/logo_ED.jpg\",\"contentUrl\":\"https:\\\/\\\/www.eldiario.net\\\/portal\\\/wp-content\\\/uploads\\\/2023\\\/07\\\/logo_ED.jpg\",\"width\":272,\"height\":52,\"caption\":\"El Diario - Decano de la prensa nacional\"},\"image\":{\"@id\":\"https:\\\/\\\/www.eldiario.net\\\/portal\\\/#\\\/schema\\\/logo\\\/image\\\/\"},\"sameAs\":[\"https:\\\/\\\/www.facebook.com\\\/eldiario.bolivia\\\/\",\"https:\\\/\\\/x.com\\\/eldiario_net\"]},{\"@type\":\"Person\",\"@id\":\"https:\\\/\\\/www.eldiario.net\\\/portal\\\/#\\\/schema\\\/person\\\/2c57cf2b7a7ae032e449e4c9b1019eac\",\"name\":\"Jeanette\",\"image\":{\"@type\":\"ImageObject\",\"inLanguage\":\"es\",\"@id\":\"https:\\\/\\\/secure.gravatar.com\\\/avatar\\\/3ea2118a5f7dad2b7138b1187a6b7ee55f160b9968b66013c3a3ef39dd7e5798?s=96&d=mm&r=g\",\"url\":\"https:\\\/\\\/secure.gravatar.com\\\/avatar\\\/3ea2118a5f7dad2b7138b1187a6b7ee55f160b9968b66013c3a3ef39dd7e5798?s=96&d=mm&r=g\",\"contentUrl\":\"https:\\\/\\\/secure.gravatar.com\\\/avatar\\\/3ea2118a5f7dad2b7138b1187a6b7ee55f160b9968b66013c3a3ef39dd7e5798?s=96&d=mm&r=g\",\"caption\":\"Jeanette\"},\"sameAs\":[\"https:\\\/\\\/www.eldiario.net\\\/portal\"],\"url\":\"https:\\\/\\\/www.eldiario.net\\\/portal\\\/author\\\/jeanette\\\/\"}]}<\/script>\n<!-- \/ Yoast SEO plugin. -->","yoast_head_json":{"title":"Larach asume con el reto de impulsar revocatorio - El Diario - Bolivia","robots":{"index":"index","follow":"follow","max-snippet":"max-snippet:-1","max-image-preview":"max-image-preview:large","max-video-preview":"max-video-preview:-1"},"canonical":"https:\/\/www.eldiario.net\/portal\/2023\/02\/27\/larach-asume-con-el-reto-de-impulsar-revocatorio\/","og_locale":"es_ES","og_type":"article","og_title":"Larach asume con el reto de impulsar revocatorio - El Diario - Bolivia","og_description":"La tarde de este s\u00e1bado tendr\u00e1 lugar el cambio del directorio del Comit\u00e9 pro Santa Cruz. El presidente saliente, R\u00f3mulo Calvo, se aleja del cargo con 27 procesos judiciales en su contra, mientras que Fernando Larach asume la titularidad con el reto de impulsar un revocatorio en contra del presidente Luis Arce. Al hacer una [&hellip;]","og_url":"https:\/\/www.eldiario.net\/portal\/2023\/02\/27\/larach-asume-con-el-reto-de-impulsar-revocatorio\/","og_site_name":"El Diario - Bolivia","article_publisher":"https:\/\/www.facebook.com\/eldiario.bolivia\/","article_published_time":"2023-02-27T10:08:32+00:00","author":"Jeanette","twitter_card":"summary_large_image","twitter_creator":"@eldiario_net","twitter_site":"@eldiario_net","twitter_misc":{"Escrito por":"Jeanette","Tiempo de lectura":"2 minutos"},"schema":{"@context":"https:\/\/schema.org","@graph":[{"@type":"Article","@id":"https:\/\/www.eldiario.net\/portal\/2023\/02\/27\/larach-asume-con-el-reto-de-impulsar-revocatorio\/#article","isPartOf":{"@id":"https:\/\/www.eldiario.net\/portal\/2023\/02\/27\/larach-asume-con-el-reto-de-impulsar-revocatorio\/"},"author":{"name":"Jeanette","@id":"https:\/\/www.eldiario.net\/portal\/#\/schema\/person\/2c57cf2b7a7ae032e449e4c9b1019eac"},"headline":"Larach asume con el reto de impulsar revocatorio","datePublished":"2023-02-27T10:08:32+00:00","mainEntityOfPage":{"@id":"https:\/\/www.eldiario.net\/portal\/2023\/02\/27\/larach-asume-con-el-reto-de-impulsar-revocatorio\/"},"wordCount":439,"publisher":{"@id":"https:\/\/www.eldiario.net\/portal\/#organization"},"image":{"@id":"https:\/\/www.eldiario.net\/portal\/2023\/02\/27\/larach-asume-con-el-reto-de-impulsar-revocatorio\/#primaryimage"},"thumbnailUrl":"","articleSection":["Pol\u00edtica"],"inLanguage":"es"},{"@type":"WebPage","@id":"https:\/\/www.eldiario.net\/portal\/2023\/02\/27\/larach-asume-con-el-reto-de-impulsar-revocatorio\/","url":"https:\/\/www.eldiario.net\/portal\/2023\/02\/27\/larach-asume-con-el-reto-de-impulsar-revocatorio\/","name":"Larach asume con el reto de impulsar revocatorio - El Diario - Bolivia","isPartOf":{"@id":"https:\/\/www.eldiario.net\/portal\/#website"},"primaryImageOfPage":{"@id":"https:\/\/www.eldiario.net\/portal\/2023\/02\/27\/larach-asume-con-el-reto-de-impulsar-revocatorio\/#primaryimage"},"image":{"@id":"https:\/\/www.eldiario.net\/portal\/2023\/02\/27\/larach-asume-con-el-reto-de-impulsar-revocatorio\/#primaryimage"},"thumbnailUrl":"","datePublished":"2023-02-27T10:08:32+00:00","breadcrumb":{"@id":"https:\/\/www.eldiario.net\/portal\/2023\/02\/27\/larach-asume-con-el-reto-de-impulsar-revocatorio\/#breadcrumb"},"inLanguage":"es","potentialAction":[{"@type":"ReadAction","target":["https:\/\/www.eldiario.net\/portal\/2023\/02\/27\/larach-asume-con-el-reto-de-impulsar-revocatorio\/"]}]},{"@type":"ImageObject","inLanguage":"es","@id":"https:\/\/www.eldiario.net\/portal\/2023\/02\/27\/larach-asume-con-el-reto-de-impulsar-revocatorio\/#primaryimage","url":"","contentUrl":""},{"@type":"BreadcrumbList","@id":"https:\/\/www.eldiario.net\/portal\/2023\/02\/27\/larach-asume-con-el-reto-de-impulsar-revocatorio\/#breadcrumb","itemListElement":[{"@type":"ListItem","position":1,"name":"Portada","item":"https:\/\/www.eldiario.net\/portal\/"},{"@type":"ListItem","position":2,"name":"Larach asume con el reto de impulsar revocatorio"}]},{"@type":"WebSite","@id":"https:\/\/www.eldiario.net\/portal\/#website","url":"https:\/\/www.eldiario.net\/portal\/","name":"El Diario - Decano de la prensa nacional","description":"El Diario - Decano de la prensa nacional","publisher":{"@id":"https:\/\/www.eldiario.net\/portal\/#organization"},"potentialAction":[{"@type":"SearchAction","target":{"@type":"EntryPoint","urlTemplate":"https:\/\/www.eldiario.net\/portal\/?s={search_term_string}"},"query-input":{"@type":"PropertyValueSpecification","valueRequired":true,"valueName":"search_term_string"}}],"inLanguage":"es"},{"@type":"Organization","@id":"https:\/\/www.eldiario.net\/portal\/#organization","name":"El Diario - Decano de la prensa nacional","url":"https:\/\/www.eldiario.net\/portal\/","logo":{"@type":"ImageObject","inLanguage":"es","@id":"https:\/\/www.eldiario.net\/portal\/#\/schema\/logo\/image\/","url":"https:\/\/www.eldiario.net\/portal\/wp-content\/uploads\/2023\/07\/logo_ED.jpg","contentUrl":"https:\/\/www.eldiario.net\/portal\/wp-content\/uploads\/2023\/07\/logo_ED.jpg","width":272,"height":52,"caption":"El Diario - Decano de la prensa nacional"},"image":{"@id":"https:\/\/www.eldiario.net\/portal\/#\/schema\/logo\/image\/"},"sameAs":["https:\/\/www.facebook.com\/eldiario.bolivia\/","https:\/\/x.com\/eldiario_net"]},{"@type":"Person","@id":"https:\/\/www.eldiario.net\/portal\/#\/schema\/person\/2c57cf2b7a7ae032e449e4c9b1019eac","name":"Jeanette","image":{"@type":"ImageObject","inLanguage":"es","@id":"https:\/\/secure.gravatar.com\/avatar\/3ea2118a5f7dad2b7138b1187a6b7ee55f160b9968b66013c3a3ef39dd7e5798?s=96&d=mm&r=g","url":"https:\/\/secure.gravatar.com\/avatar\/3ea2118a5f7dad2b7138b1187a6b7ee55f160b9968b66013c3a3ef39dd7e5798?s=96&d=mm&r=g","contentUrl":"https:\/\/secure.gravatar.com\/avatar\/3ea2118a5f7dad2b7138b1187a6b7ee55f160b9968b66013c3a3ef39dd7e5798?s=96&d=mm&r=g","caption":"Jeanette"},"sameAs":["https:\/\/www.eldiario.net\/portal"],"url":"https:\/\/www.eldiario.net\/portal\/author\/jeanette\/"}]}},"_links":{"self":[{"href":"https:\/\/www.eldiario.net\/portal\/wp-json\/wp\/v2\/posts\/140383","targetHints":{"allow":["GET"]}}],"collection":[{"href":"https:\/\/www.eldiario.net\/portal\/wp-json\/wp\/v2\/posts"}],"about":[{"href":"https:\/\/www.eldiario.net\/portal\/wp-json\/wp\/v2\/types\/post"}],"author":[{"embeddable":true,"href":"https:\/\/www.eldiario.net\/portal\/wp-json\/wp\/v2\/users\/1"}],"replies":[{"embeddable":true,"href":"https:\/\/www.eldiario.net\/portal\/wp-json\/wp\/v2\/comments?post=140383"}],"version-history":[{"count":0,"href":"https:\/\/www.eldiario.net\/portal\/wp-json\/wp\/v2\/posts\/140383\/revisions"}],"wp:attachment":[{"href":"https:\/\/www.eldiario.net\/portal\/wp-json\/wp\/v2\/media?parent=140383"}],"wp:term":[{"taxonomy":"category","embeddable":true,"href":"https:\/\/www.eldiario.net\/portal\/wp-json\/wp\/v2\/categories?post=140383"},{"taxonomy":"post_tag","embeddable":true,"href":"https:\/\/www.eldiario.net\/portal\/wp-json\/wp\/v2\/tags?post=140383"}],"curies":[{"name":"wp","href":"https:\/\/api.w.org\/{rel}","templated":true}]}}