{"id":140378,"date":"2023-02-27T06:07:38","date_gmt":"2023-02-27T10:07:38","guid":{"rendered":"https:\/\/www.eldiario.net\/portal\/?p=140378"},"modified":"2023-02-27T06:07:38","modified_gmt":"2023-02-27T10:07:38","slug":"reprochan-cinismo-de-morales-en-acusaciones-sobre-guerreros-digitales","status":"publish","type":"post","link":"https:\/\/www.eldiario.net\/portal\/2023\/02\/27\/reprochan-cinismo-de-morales-en-acusaciones-sobre-guerreros-digitales\/","title":{"rendered":"Reprochan cinismo de Morales en   acusaciones sobre guerreros digitales"},"content":{"rendered":"<p>Tras las acusaciones vertidas por el jefe del Movimiento al Socialismo (MAS) contra la actual administraci\u00f3n por el supuesto uso y financiamiento a los denominados \u201cGuerreros Digitales\u201d, los representantes de oposici\u00f3n recordaron que estos grupos fueron creados durante el r\u00e9gimen del l\u00edder cocalero para atacar a opositores, generando una carga para la poblaci\u00f3n y un gasto al Estado boliviano.<br \/>\nEl principal cuestionamiento se centra en que fue la gesti\u00f3n de Morales en la presidencia, la que cre\u00f3 los grupos de funcionarios en redes sociales con la finalidad de amedrentar a personalidades del ambiente pol\u00edtico nacional contrarios a la l\u00ednea ideol\u00f3gica del MAS y para amplificar el discurso oficialista, por lo que los cuestionamientos del l\u00edder cocalero encajan perfectamente en un acto de cinismo.<br \/>\n\u201cMorales es c\u00ednico y sinverg\u00fcenza, quien cre\u00f3 los guerreros digitales fue \u00e9l en su Gobierno, quien despilfarr\u00f3 los recursos del Estado en funcionarios ociosos fue \u00e9l. Desde el 21F sus guerreros digitales han fracasado permanentemente y son una carga para los bolivianos\u201d, se\u00f1al\u00f3 Carolina Ribera, hija de la expresidenta transitoria, Jeanine A\u00f1ez.<br \/>\nLa exmandataria tambi\u00e9n se refiri\u00f3 a la reciente eliminaci\u00f3n de cuentas dedicadas a la guerra sucia y las acusaciones por la creaci\u00f3n y financiamiento a estos grupos, se\u00f1alando que este tipo de actos se suman a otros que provocaron tensi\u00f3n social en el pa\u00eds.<br \/>\n\u201cSiempre tan c\u00ednico y sinverg\u00fcenza: Usted es autor de conflictos entre bolivianos, de fraude electoral, del abandono del cargo y el vac\u00edo de poder, de cientos de presos pol\u00edticos en Bolivia y de montar en redes sociales a los guerreros digitales del MAS\u201d, expres\u00f3 A\u00f1ez desde sus redes sociales.<br \/>\nEl fin de semana, Morales acus\u00f3 al Viceministerio de Comunicaci\u00f3n por supuestamente usar la red de cuentas falsas, recientemente desmantelada por la empresa Meta, para llevar adelante una campa\u00f1a de desprestigio y guerra sucia contra la dirigencia del tr\u00f3pico.<br \/>\n\u201cSe sabe qui\u00e9n paga, c\u00f3mo sacan plata para los ataques con cuentas falsas en redes sociales. Sabemos la Viceministra de Comunicaci\u00f3n exactamente de qu\u00e9 canal saca, cu\u00e1nta plata para pagar ocultamente estas cuentas. Antes ya denunciaron que el gobierno de Jeanine A\u00f1ez usaba miles de cuentas falsas en Facebook y Twitter para atacarnos. Lamentamos que ahora hagan lo mismo\u201d, expreso desde su cuenta Twitter.<br \/>\nInmediatamente la titular en este viceministerio, Gabriela Alc\u00f3n, aclar\u00f3 que las cuentas usadas por autoridades corresponden a perfiles desde las que se informa sobre temas relacionados a la gesti\u00f3n de Gobierno.<br \/>\n\u201cDesde el Viceministerio de Comunicaci\u00f3n, en el marco de nuestras atribuciones y competencias, disponemos de cuentas oficiales en redes sociales que se encuentran funcionando con plena normalidad. Concentramos nuestra labor en la difusi\u00f3n de la gesti\u00f3n de gobierno. Desmentimos categ\u00f3ricamente el uso de recursos del Estado en fines que no se enmarquen en nuestras competencias\u201d, indic\u00f3.<\/p>\n\n","protected":false},"excerpt":{"rendered":"<p>Tras las acusaciones vertidas por el jefe del Movimiento al Socialismo (MAS) contra la actual administraci\u00f3n por el supuesto uso y financiamiento a los denominados \u201cGuerreros Digitales\u201d, los representantes de oposici\u00f3n recordaron que estos grupos fueron creados durante el r\u00e9gimen del l\u00edder cocalero para atacar a opositores, generando una carga para la poblaci\u00f3n y un [&hellip;]<\/p>\n","protected":false},"author":1,"featured_media":140380,"comment_status":"closed","ping_status":"closed","sticky":false,"template":"","format":"standard","meta":{"_acf_changed":false,"footnotes":""},"categories":[14],"tags":[],"class_list":["post-140378","post","type-post","status-publish","format-standard","has-post-thumbnail","category-politica"],"acf":{"antetitulo":""},"yoast_head":"<!-- This site is optimized with the Yoast SEO plugin v28.4 - https:\/\/yoast.com\/product\/yoast-seo-wordpress\/ -->\n<title>Reprochan cinismo de Morales en  acusaciones sobre guerreros digitales - El Diario - Bolivia<\/title>\n<meta name=\"robots\" content=\"index, follow, max-snippet:-1, max-image-preview:large, max-video-preview:-1\" \/>\n<link rel=\"canonical\" href=\"https:\/\/www.eldiario.net\/portal\/2023\/02\/27\/reprochan-cinismo-de-morales-en-acusaciones-sobre-guerreros-digitales\/\" \/>\n<meta property=\"og:locale\" content=\"es_ES\" \/>\n<meta property=\"og:type\" content=\"article\" \/>\n<meta property=\"og:title\" content=\"Reprochan cinismo de Morales en  acusaciones sobre guerreros digitales - El Diario - Bolivia\" \/>\n<meta property=\"og:description\" content=\"Tras las acusaciones vertidas por el jefe del Movimiento al Socialismo (MAS) contra la actual administraci\u00f3n por el supuesto uso y financiamiento a los denominados \u201cGuerreros Digitales\u201d, los representantes de oposici\u00f3n recordaron que estos grupos fueron creados durante el r\u00e9gimen del l\u00edder cocalero para atacar a opositores, generando una carga para la poblaci\u00f3n y un [&hellip;]\" \/>\n<meta property=\"og:url\" content=\"https:\/\/www.eldiario.net\/portal\/2023\/02\/27\/reprochan-cinismo-de-morales-en-acusaciones-sobre-guerreros-digitales\/\" \/>\n<meta property=\"og:site_name\" content=\"El Diario - Bolivia\" \/>\n<meta property=\"article:publisher\" content=\"https:\/\/www.facebook.com\/eldiario.bolivia\/\" \/>\n<meta property=\"article:published_time\" content=\"2023-02-27T10:07:38+00:00\" \/>\n<meta name=\"author\" content=\"Jeanette\" \/>\n<meta name=\"twitter:card\" content=\"summary_large_image\" \/>\n<meta name=\"twitter:creator\" content=\"@eldiario_net\" \/>\n<meta name=\"twitter:site\" content=\"@eldiario_net\" \/>\n<meta name=\"twitter:label1\" content=\"Escrito por\" \/>\n\t<meta name=\"twitter:data1\" content=\"Jeanette\" \/>\n\t<meta name=\"twitter:label2\" content=\"Tiempo de lectura\" \/>\n\t<meta name=\"twitter:data2\" content=\"3 minutos\" \/>\n<script type=\"application\/ld+json\" class=\"yoast-schema-graph\">{\"@context\":\"https:\\\/\\\/schema.org\",\"@graph\":[{\"@type\":\"Article\",\"@id\":\"https:\\\/\\\/www.eldiario.net\\\/portal\\\/2023\\\/02\\\/27\\\/reprochan-cinismo-de-morales-en-acusaciones-sobre-guerreros-digitales\\\/#article\",\"isPartOf\":{\"@id\":\"https:\\\/\\\/www.eldiario.net\\\/portal\\\/2023\\\/02\\\/27\\\/reprochan-cinismo-de-morales-en-acusaciones-sobre-guerreros-digitales\\\/\"},\"author\":{\"name\":\"Jeanette\",\"@id\":\"https:\\\/\\\/www.eldiario.net\\\/portal\\\/#\\\/schema\\\/person\\\/2c57cf2b7a7ae032e449e4c9b1019eac\"},\"headline\":\"Reprochan cinismo de Morales en acusaciones sobre guerreros digitales\",\"datePublished\":\"2023-02-27T10:07:38+00:00\",\"mainEntityOfPage\":{\"@id\":\"https:\\\/\\\/www.eldiario.net\\\/portal\\\/2023\\\/02\\\/27\\\/reprochan-cinismo-de-morales-en-acusaciones-sobre-guerreros-digitales\\\/\"},\"wordCount\":510,\"publisher\":{\"@id\":\"https:\\\/\\\/www.eldiario.net\\\/portal\\\/#organization\"},\"image\":{\"@id\":\"https:\\\/\\\/www.eldiario.net\\\/portal\\\/2023\\\/02\\\/27\\\/reprochan-cinismo-de-morales-en-acusaciones-sobre-guerreros-digitales\\\/#primaryimage\"},\"thumbnailUrl\":\"\",\"articleSection\":[\"Pol\u00edtica\"],\"inLanguage\":\"es\"},{\"@type\":\"WebPage\",\"@id\":\"https:\\\/\\\/www.eldiario.net\\\/portal\\\/2023\\\/02\\\/27\\\/reprochan-cinismo-de-morales-en-acusaciones-sobre-guerreros-digitales\\\/\",\"url\":\"https:\\\/\\\/www.eldiario.net\\\/portal\\\/2023\\\/02\\\/27\\\/reprochan-cinismo-de-morales-en-acusaciones-sobre-guerreros-digitales\\\/\",\"name\":\"Reprochan cinismo de Morales en acusaciones sobre guerreros digitales - El Diario - Bolivia\",\"isPartOf\":{\"@id\":\"https:\\\/\\\/www.eldiario.net\\\/portal\\\/#website\"},\"primaryImageOfPage\":{\"@id\":\"https:\\\/\\\/www.eldiario.net\\\/portal\\\/2023\\\/02\\\/27\\\/reprochan-cinismo-de-morales-en-acusaciones-sobre-guerreros-digitales\\\/#primaryimage\"},\"image\":{\"@id\":\"https:\\\/\\\/www.eldiario.net\\\/portal\\\/2023\\\/02\\\/27\\\/reprochan-cinismo-de-morales-en-acusaciones-sobre-guerreros-digitales\\\/#primaryimage\"},\"thumbnailUrl\":\"\",\"datePublished\":\"2023-02-27T10:07:38+00:00\",\"breadcrumb\":{\"@id\":\"https:\\\/\\\/www.eldiario.net\\\/portal\\\/2023\\\/02\\\/27\\\/reprochan-cinismo-de-morales-en-acusaciones-sobre-guerreros-digitales\\\/#breadcrumb\"},\"inLanguage\":\"es\",\"potentialAction\":[{\"@type\":\"ReadAction\",\"target\":[\"https:\\\/\\\/www.eldiario.net\\\/portal\\\/2023\\\/02\\\/27\\\/reprochan-cinismo-de-morales-en-acusaciones-sobre-guerreros-digitales\\\/\"]}]},{\"@type\":\"ImageObject\",\"inLanguage\":\"es\",\"@id\":\"https:\\\/\\\/www.eldiario.net\\\/portal\\\/2023\\\/02\\\/27\\\/reprochan-cinismo-de-morales-en-acusaciones-sobre-guerreros-digitales\\\/#primaryimage\",\"url\":\"\",\"contentUrl\":\"\"},{\"@type\":\"BreadcrumbList\",\"@id\":\"https:\\\/\\\/www.eldiario.net\\\/portal\\\/2023\\\/02\\\/27\\\/reprochan-cinismo-de-morales-en-acusaciones-sobre-guerreros-digitales\\\/#breadcrumb\",\"itemListElement\":[{\"@type\":\"ListItem\",\"position\":1,\"name\":\"Portada\",\"item\":\"https:\\\/\\\/www.eldiario.net\\\/portal\\\/\"},{\"@type\":\"ListItem\",\"position\":2,\"name\":\"Reprochan cinismo de Morales en acusaciones sobre guerreros digitales\"}]},{\"@type\":\"WebSite\",\"@id\":\"https:\\\/\\\/www.eldiario.net\\\/portal\\\/#website\",\"url\":\"https:\\\/\\\/www.eldiario.net\\\/portal\\\/\",\"name\":\"El Diario - Decano de la prensa nacional\",\"description\":\"El Diario - Decano de la prensa nacional\",\"publisher\":{\"@id\":\"https:\\\/\\\/www.eldiario.net\\\/portal\\\/#organization\"},\"potentialAction\":[{\"@type\":\"SearchAction\",\"target\":{\"@type\":\"EntryPoint\",\"urlTemplate\":\"https:\\\/\\\/www.eldiario.net\\\/portal\\\/?s={search_term_string}\"},\"query-input\":{\"@type\":\"PropertyValueSpecification\",\"valueRequired\":true,\"valueName\":\"search_term_string\"}}],\"inLanguage\":\"es\"},{\"@type\":\"Organization\",\"@id\":\"https:\\\/\\\/www.eldiario.net\\\/portal\\\/#organization\",\"name\":\"El Diario - Decano de la prensa nacional\",\"url\":\"https:\\\/\\\/www.eldiario.net\\\/portal\\\/\",\"logo\":{\"@type\":\"ImageObject\",\"inLanguage\":\"es\",\"@id\":\"https:\\\/\\\/www.eldiario.net\\\/portal\\\/#\\\/schema\\\/logo\\\/image\\\/\",\"url\":\"https:\\\/\\\/www.eldiario.net\\\/portal\\\/wp-content\\\/uploads\\\/2023\\\/07\\\/logo_ED.jpg\",\"contentUrl\":\"https:\\\/\\\/www.eldiario.net\\\/portal\\\/wp-content\\\/uploads\\\/2023\\\/07\\\/logo_ED.jpg\",\"width\":272,\"height\":52,\"caption\":\"El Diario - Decano de la prensa nacional\"},\"image\":{\"@id\":\"https:\\\/\\\/www.eldiario.net\\\/portal\\\/#\\\/schema\\\/logo\\\/image\\\/\"},\"sameAs\":[\"https:\\\/\\\/www.facebook.com\\\/eldiario.bolivia\\\/\",\"https:\\\/\\\/x.com\\\/eldiario_net\"]},{\"@type\":\"Person\",\"@id\":\"https:\\\/\\\/www.eldiario.net\\\/portal\\\/#\\\/schema\\\/person\\\/2c57cf2b7a7ae032e449e4c9b1019eac\",\"name\":\"Jeanette\",\"image\":{\"@type\":\"ImageObject\",\"inLanguage\":\"es\",\"@id\":\"https:\\\/\\\/secure.gravatar.com\\\/avatar\\\/3ea2118a5f7dad2b7138b1187a6b7ee55f160b9968b66013c3a3ef39dd7e5798?s=96&d=mm&r=g\",\"url\":\"https:\\\/\\\/secure.gravatar.com\\\/avatar\\\/3ea2118a5f7dad2b7138b1187a6b7ee55f160b9968b66013c3a3ef39dd7e5798?s=96&d=mm&r=g\",\"contentUrl\":\"https:\\\/\\\/secure.gravatar.com\\\/avatar\\\/3ea2118a5f7dad2b7138b1187a6b7ee55f160b9968b66013c3a3ef39dd7e5798?s=96&d=mm&r=g\",\"caption\":\"Jeanette\"},\"sameAs\":[\"https:\\\/\\\/www.eldiario.net\\\/portal\"],\"url\":\"https:\\\/\\\/www.eldiario.net\\\/portal\\\/author\\\/jeanette\\\/\"}]}<\/script>\n<!-- \/ Yoast SEO plugin. -->","yoast_head_json":{"title":"Reprochan cinismo de Morales en  acusaciones sobre guerreros digitales - El Diario - Bolivia","robots":{"index":"index","follow":"follow","max-snippet":"max-snippet:-1","max-image-preview":"max-image-preview:large","max-video-preview":"max-video-preview:-1"},"canonical":"https:\/\/www.eldiario.net\/portal\/2023\/02\/27\/reprochan-cinismo-de-morales-en-acusaciones-sobre-guerreros-digitales\/","og_locale":"es_ES","og_type":"article","og_title":"Reprochan cinismo de Morales en  acusaciones sobre guerreros digitales - El Diario - Bolivia","og_description":"Tras las acusaciones vertidas por el jefe del Movimiento al Socialismo (MAS) contra la actual administraci\u00f3n por el supuesto uso y financiamiento a los denominados \u201cGuerreros Digitales\u201d, los representantes de oposici\u00f3n recordaron que estos grupos fueron creados durante el r\u00e9gimen del l\u00edder cocalero para atacar a opositores, generando una carga para la poblaci\u00f3n y un [&hellip;]","og_url":"https:\/\/www.eldiario.net\/portal\/2023\/02\/27\/reprochan-cinismo-de-morales-en-acusaciones-sobre-guerreros-digitales\/","og_site_name":"El Diario - Bolivia","article_publisher":"https:\/\/www.facebook.com\/eldiario.bolivia\/","article_published_time":"2023-02-27T10:07:38+00:00","author":"Jeanette","twitter_card":"summary_large_image","twitter_creator":"@eldiario_net","twitter_site":"@eldiario_net","twitter_misc":{"Escrito por":"Jeanette","Tiempo de lectura":"3 minutos"},"schema":{"@context":"https:\/\/schema.org","@graph":[{"@type":"Article","@id":"https:\/\/www.eldiario.net\/portal\/2023\/02\/27\/reprochan-cinismo-de-morales-en-acusaciones-sobre-guerreros-digitales\/#article","isPartOf":{"@id":"https:\/\/www.eldiario.net\/portal\/2023\/02\/27\/reprochan-cinismo-de-morales-en-acusaciones-sobre-guerreros-digitales\/"},"author":{"name":"Jeanette","@id":"https:\/\/www.eldiario.net\/portal\/#\/schema\/person\/2c57cf2b7a7ae032e449e4c9b1019eac"},"headline":"Reprochan cinismo de Morales en acusaciones sobre guerreros digitales","datePublished":"2023-02-27T10:07:38+00:00","mainEntityOfPage":{"@id":"https:\/\/www.eldiario.net\/portal\/2023\/02\/27\/reprochan-cinismo-de-morales-en-acusaciones-sobre-guerreros-digitales\/"},"wordCount":510,"publisher":{"@id":"https:\/\/www.eldiario.net\/portal\/#organization"},"image":{"@id":"https:\/\/www.eldiario.net\/portal\/2023\/02\/27\/reprochan-cinismo-de-morales-en-acusaciones-sobre-guerreros-digitales\/#primaryimage"},"thumbnailUrl":"","articleSection":["Pol\u00edtica"],"inLanguage":"es"},{"@type":"WebPage","@id":"https:\/\/www.eldiario.net\/portal\/2023\/02\/27\/reprochan-cinismo-de-morales-en-acusaciones-sobre-guerreros-digitales\/","url":"https:\/\/www.eldiario.net\/portal\/2023\/02\/27\/reprochan-cinismo-de-morales-en-acusaciones-sobre-guerreros-digitales\/","name":"Reprochan cinismo de Morales en acusaciones sobre guerreros digitales - El Diario - Bolivia","isPartOf":{"@id":"https:\/\/www.eldiario.net\/portal\/#website"},"primaryImageOfPage":{"@id":"https:\/\/www.eldiario.net\/portal\/2023\/02\/27\/reprochan-cinismo-de-morales-en-acusaciones-sobre-guerreros-digitales\/#primaryimage"},"image":{"@id":"https:\/\/www.eldiario.net\/portal\/2023\/02\/27\/reprochan-cinismo-de-morales-en-acusaciones-sobre-guerreros-digitales\/#primaryimage"},"thumbnailUrl":"","datePublished":"2023-02-27T10:07:38+00:00","breadcrumb":{"@id":"https:\/\/www.eldiario.net\/portal\/2023\/02\/27\/reprochan-cinismo-de-morales-en-acusaciones-sobre-guerreros-digitales\/#breadcrumb"},"inLanguage":"es","potentialAction":[{"@type":"ReadAction","target":["https:\/\/www.eldiario.net\/portal\/2023\/02\/27\/reprochan-cinismo-de-morales-en-acusaciones-sobre-guerreros-digitales\/"]}]},{"@type":"ImageObject","inLanguage":"es","@id":"https:\/\/www.eldiario.net\/portal\/2023\/02\/27\/reprochan-cinismo-de-morales-en-acusaciones-sobre-guerreros-digitales\/#primaryimage","url":"","contentUrl":""},{"@type":"BreadcrumbList","@id":"https:\/\/www.eldiario.net\/portal\/2023\/02\/27\/reprochan-cinismo-de-morales-en-acusaciones-sobre-guerreros-digitales\/#breadcrumb","itemListElement":[{"@type":"ListItem","position":1,"name":"Portada","item":"https:\/\/www.eldiario.net\/portal\/"},{"@type":"ListItem","position":2,"name":"Reprochan cinismo de Morales en acusaciones sobre guerreros digitales"}]},{"@type":"WebSite","@id":"https:\/\/www.eldiario.net\/portal\/#website","url":"https:\/\/www.eldiario.net\/portal\/","name":"El Diario - Decano de la prensa nacional","description":"El Diario - Decano de la prensa nacional","publisher":{"@id":"https:\/\/www.eldiario.net\/portal\/#organization"},"potentialAction":[{"@type":"SearchAction","target":{"@type":"EntryPoint","urlTemplate":"https:\/\/www.eldiario.net\/portal\/?s={search_term_string}"},"query-input":{"@type":"PropertyValueSpecification","valueRequired":true,"valueName":"search_term_string"}}],"inLanguage":"es"},{"@type":"Organization","@id":"https:\/\/www.eldiario.net\/portal\/#organization","name":"El Diario - Decano de la prensa nacional","url":"https:\/\/www.eldiario.net\/portal\/","logo":{"@type":"ImageObject","inLanguage":"es","@id":"https:\/\/www.eldiario.net\/portal\/#\/schema\/logo\/image\/","url":"https:\/\/www.eldiario.net\/portal\/wp-content\/uploads\/2023\/07\/logo_ED.jpg","contentUrl":"https:\/\/www.eldiario.net\/portal\/wp-content\/uploads\/2023\/07\/logo_ED.jpg","width":272,"height":52,"caption":"El Diario - Decano de la prensa nacional"},"image":{"@id":"https:\/\/www.eldiario.net\/portal\/#\/schema\/logo\/image\/"},"sameAs":["https:\/\/www.facebook.com\/eldiario.bolivia\/","https:\/\/x.com\/eldiario_net"]},{"@type":"Person","@id":"https:\/\/www.eldiario.net\/portal\/#\/schema\/person\/2c57cf2b7a7ae032e449e4c9b1019eac","name":"Jeanette","image":{"@type":"ImageObject","inLanguage":"es","@id":"https:\/\/secure.gravatar.com\/avatar\/3ea2118a5f7dad2b7138b1187a6b7ee55f160b9968b66013c3a3ef39dd7e5798?s=96&d=mm&r=g","url":"https:\/\/secure.gravatar.com\/avatar\/3ea2118a5f7dad2b7138b1187a6b7ee55f160b9968b66013c3a3ef39dd7e5798?s=96&d=mm&r=g","contentUrl":"https:\/\/secure.gravatar.com\/avatar\/3ea2118a5f7dad2b7138b1187a6b7ee55f160b9968b66013c3a3ef39dd7e5798?s=96&d=mm&r=g","caption":"Jeanette"},"sameAs":["https:\/\/www.eldiario.net\/portal"],"url":"https:\/\/www.eldiario.net\/portal\/author\/jeanette\/"}]}},"_links":{"self":[{"href":"https:\/\/www.eldiario.net\/portal\/wp-json\/wp\/v2\/posts\/140378","targetHints":{"allow":["GET"]}}],"collection":[{"href":"https:\/\/www.eldiario.net\/portal\/wp-json\/wp\/v2\/posts"}],"about":[{"href":"https:\/\/www.eldiario.net\/portal\/wp-json\/wp\/v2\/types\/post"}],"author":[{"embeddable":true,"href":"https:\/\/www.eldiario.net\/portal\/wp-json\/wp\/v2\/users\/1"}],"replies":[{"embeddable":true,"href":"https:\/\/www.eldiario.net\/portal\/wp-json\/wp\/v2\/comments?post=140378"}],"version-history":[{"count":0,"href":"https:\/\/www.eldiario.net\/portal\/wp-json\/wp\/v2\/posts\/140378\/revisions"}],"wp:attachment":[{"href":"https:\/\/www.eldiario.net\/portal\/wp-json\/wp\/v2\/media?parent=140378"}],"wp:term":[{"taxonomy":"category","embeddable":true,"href":"https:\/\/www.eldiario.net\/portal\/wp-json\/wp\/v2\/categories?post=140378"},{"taxonomy":"post_tag","embeddable":true,"href":"https:\/\/www.eldiario.net\/portal\/wp-json\/wp\/v2\/tags?post=140378"}],"curies":[{"name":"wp","href":"https:\/\/api.w.org\/{rel}","templated":true}]}}