{"id":140375,"date":"2023-02-27T06:06:15","date_gmt":"2023-02-27T10:06:15","guid":{"rendered":"https:\/\/www.eldiario.net\/portal\/?p=140375"},"modified":"2023-02-27T06:06:15","modified_gmt":"2023-02-27T10:06:15","slug":"incidente-de-morales-en-potosi-adelanta-proximo-fin-del-mas","status":"publish","type":"post","link":"https:\/\/www.eldiario.net\/portal\/2023\/02\/27\/incidente-de-morales-en-potosi-adelanta-proximo-fin-del-mas\/","title":{"rendered":"Incidente de Morales en Potos\u00ed  adelanta pr\u00f3ximo fin del MAS"},"content":{"rendered":"<p>Afirman que la desintegraci\u00f3n interna del MAS hace que se falten el respeto y violenten abiertamente entre sus distintas facciones, como ya ocurri\u00f3 en varios eventos pol\u00edticos internos donde se protagonizaron actos violentos con \u201csilletazos de por medio\u201d.<br \/>\nEl diputado por Creemos, Walthy Eg\u00fcez, se\u00f1al\u00f3 que el rechazo a el jefe del Movimiento al Socialismo (MAS), Evo Morales, por parte de dirigentes de sectores y regiones que anteriormente formaban parte de su militancia cautiva, quitan la venda de los ojos a los bolivianos y revelan la inevitable pr\u00f3xima desaparici\u00f3n de esta organizaci\u00f3n pol\u00edtica.<br \/>\n\u201cLas heridas que se han causado y que se est\u00e1n causando todo este tiempo est\u00e1 sacando la venda de los ojos a los bolivianos (\u2026), el MAS est\u00e1 en la v\u00edspera de su muerte como partido pol\u00edtico (\u2026), es cuesti\u00f3n de tiempo para que el MAS se desintegre. Entre sus facciones divididas y plagadas de corrupci\u00f3n est\u00e1n divididos, esto hace dif\u00edcil que se sostengan pol\u00edticamente\u201d, se\u00f1al\u00f3 el legislador cruce\u00f1o.<br \/>\nEn este sentido, Eg\u00fcez afirm\u00f3 que la desintegraci\u00f3n interna del MAS hace que se falten el respeto y violenten abiertamente entre sus distintas facciones, por lo que lo ocurrido en Unc\u00eda no es un hecho aislado ya que en varios eventos pol\u00edticos internos, se protagonizaron actos violentos con \u201csilletazos de por medio\u201d, record\u00f3 el legislador.<br \/>\nDesde el oficialismo, el diputado Juanito Angulo, conden\u00f3 este tipo de actitudes por tratarse de una exautoridad, por lo que pidi\u00f3 a autoridades competentes investigar de oficio una supuesta agresi\u00f3n y provocaci\u00f3n a Morales y a toda la militancia del partido azul.<br \/>\n\u201cNo podemos permitir este tipo de agresiones que han venido de manera directa, tiene el deber de investigar y procesar, ah\u00ed est\u00e1n las im\u00e1genes y las evidencias que se han viralizado por las redes sociales de este hecho que no se justifica\u201d, dijo.<br \/>\nRecientemente, Evo Morales, jefe nacional del Movimiento al Socialismo fue rechazado p\u00fablicamente por el Secretario de Culturas de Unc\u00eda, Potos\u00ed, Mart\u00edn Choque, quien bot\u00f3 la silla que iba a ocupar el l\u00edder masista en un acto cultural local, acus\u00e1ndolo de dividir al departamento potosino e ignorar a sus organizaciones sociales.<br \/>\nDe manera posterior al incidente, seguidores de Morales agredieron f\u00edsicamente a la autoridad municipal provoc\u00e1ndole todo tipo de lesiones, seg\u00fan denuncia de la v\u00edctima.<\/p>\n","protected":false},"excerpt":{"rendered":"<p>Afirman que la desintegraci\u00f3n interna del MAS hace que se falten el respeto y violenten abiertamente entre sus distintas facciones, como ya ocurri\u00f3 en varios eventos pol\u00edticos internos donde se protagonizaron actos violentos con \u201csilletazos de por medio\u201d. El diputado por Creemos, Walthy Eg\u00fcez, se\u00f1al\u00f3 que el rechazo a el jefe del Movimiento al Socialismo [&hellip;]<\/p>\n","protected":false},"author":1,"featured_media":140376,"comment_status":"closed","ping_status":"closed","sticky":false,"template":"","format":"standard","meta":{"_acf_changed":false,"footnotes":""},"categories":[14],"tags":[],"class_list":["post-140375","post","type-post","status-publish","format-standard","has-post-thumbnail","category-politica"],"acf":{"antetitulo":""},"yoast_head":"<!-- This site is optimized with the Yoast SEO plugin v28.4 - https:\/\/yoast.com\/product\/yoast-seo-wordpress\/ -->\n<title>Incidente de Morales en Potos\u00ed adelanta pr\u00f3ximo fin del MAS - El Diario - Bolivia<\/title>\n<meta name=\"robots\" content=\"index, follow, max-snippet:-1, max-image-preview:large, max-video-preview:-1\" \/>\n<link rel=\"canonical\" href=\"https:\/\/www.eldiario.net\/portal\/2023\/02\/27\/incidente-de-morales-en-potosi-adelanta-proximo-fin-del-mas\/\" \/>\n<meta property=\"og:locale\" content=\"es_ES\" \/>\n<meta property=\"og:type\" content=\"article\" \/>\n<meta property=\"og:title\" content=\"Incidente de Morales en Potos\u00ed adelanta pr\u00f3ximo fin del MAS - El Diario - Bolivia\" \/>\n<meta property=\"og:description\" content=\"Afirman que la desintegraci\u00f3n interna del MAS hace que se falten el respeto y violenten abiertamente entre sus distintas facciones, como ya ocurri\u00f3 en varios eventos pol\u00edticos internos donde se protagonizaron actos violentos con \u201csilletazos de por medio\u201d. El diputado por Creemos, Walthy Eg\u00fcez, se\u00f1al\u00f3 que el rechazo a el jefe del Movimiento al Socialismo [&hellip;]\" \/>\n<meta property=\"og:url\" content=\"https:\/\/www.eldiario.net\/portal\/2023\/02\/27\/incidente-de-morales-en-potosi-adelanta-proximo-fin-del-mas\/\" \/>\n<meta property=\"og:site_name\" content=\"El Diario - Bolivia\" \/>\n<meta property=\"article:publisher\" content=\"https:\/\/www.facebook.com\/eldiario.bolivia\/\" \/>\n<meta property=\"article:published_time\" content=\"2023-02-27T10:06:15+00:00\" \/>\n<meta name=\"author\" content=\"Jeanette\" \/>\n<meta name=\"twitter:card\" content=\"summary_large_image\" \/>\n<meta name=\"twitter:creator\" content=\"@eldiario_net\" \/>\n<meta name=\"twitter:site\" content=\"@eldiario_net\" \/>\n<meta name=\"twitter:label1\" content=\"Escrito por\" \/>\n\t<meta name=\"twitter:data1\" content=\"Jeanette\" \/>\n\t<meta name=\"twitter:label2\" content=\"Tiempo de lectura\" \/>\n\t<meta name=\"twitter:data2\" content=\"2 minutos\" \/>\n<script type=\"application\/ld+json\" class=\"yoast-schema-graph\">{\"@context\":\"https:\\\/\\\/schema.org\",\"@graph\":[{\"@type\":\"Article\",\"@id\":\"https:\\\/\\\/www.eldiario.net\\\/portal\\\/2023\\\/02\\\/27\\\/incidente-de-morales-en-potosi-adelanta-proximo-fin-del-mas\\\/#article\",\"isPartOf\":{\"@id\":\"https:\\\/\\\/www.eldiario.net\\\/portal\\\/2023\\\/02\\\/27\\\/incidente-de-morales-en-potosi-adelanta-proximo-fin-del-mas\\\/\"},\"author\":{\"name\":\"Jeanette\",\"@id\":\"https:\\\/\\\/www.eldiario.net\\\/portal\\\/#\\\/schema\\\/person\\\/2c57cf2b7a7ae032e449e4c9b1019eac\"},\"headline\":\"Incidente de Morales en Potos\u00ed adelanta pr\u00f3ximo fin del MAS\",\"datePublished\":\"2023-02-27T10:06:15+00:00\",\"mainEntityOfPage\":{\"@id\":\"https:\\\/\\\/www.eldiario.net\\\/portal\\\/2023\\\/02\\\/27\\\/incidente-de-morales-en-potosi-adelanta-proximo-fin-del-mas\\\/\"},\"wordCount\":420,\"publisher\":{\"@id\":\"https:\\\/\\\/www.eldiario.net\\\/portal\\\/#organization\"},\"image\":{\"@id\":\"https:\\\/\\\/www.eldiario.net\\\/portal\\\/2023\\\/02\\\/27\\\/incidente-de-morales-en-potosi-adelanta-proximo-fin-del-mas\\\/#primaryimage\"},\"thumbnailUrl\":\"\",\"articleSection\":[\"Pol\u00edtica\"],\"inLanguage\":\"es\"},{\"@type\":\"WebPage\",\"@id\":\"https:\\\/\\\/www.eldiario.net\\\/portal\\\/2023\\\/02\\\/27\\\/incidente-de-morales-en-potosi-adelanta-proximo-fin-del-mas\\\/\",\"url\":\"https:\\\/\\\/www.eldiario.net\\\/portal\\\/2023\\\/02\\\/27\\\/incidente-de-morales-en-potosi-adelanta-proximo-fin-del-mas\\\/\",\"name\":\"Incidente de Morales en Potos\u00ed adelanta pr\u00f3ximo fin del MAS - El Diario - Bolivia\",\"isPartOf\":{\"@id\":\"https:\\\/\\\/www.eldiario.net\\\/portal\\\/#website\"},\"primaryImageOfPage\":{\"@id\":\"https:\\\/\\\/www.eldiario.net\\\/portal\\\/2023\\\/02\\\/27\\\/incidente-de-morales-en-potosi-adelanta-proximo-fin-del-mas\\\/#primaryimage\"},\"image\":{\"@id\":\"https:\\\/\\\/www.eldiario.net\\\/portal\\\/2023\\\/02\\\/27\\\/incidente-de-morales-en-potosi-adelanta-proximo-fin-del-mas\\\/#primaryimage\"},\"thumbnailUrl\":\"\",\"datePublished\":\"2023-02-27T10:06:15+00:00\",\"breadcrumb\":{\"@id\":\"https:\\\/\\\/www.eldiario.net\\\/portal\\\/2023\\\/02\\\/27\\\/incidente-de-morales-en-potosi-adelanta-proximo-fin-del-mas\\\/#breadcrumb\"},\"inLanguage\":\"es\",\"potentialAction\":[{\"@type\":\"ReadAction\",\"target\":[\"https:\\\/\\\/www.eldiario.net\\\/portal\\\/2023\\\/02\\\/27\\\/incidente-de-morales-en-potosi-adelanta-proximo-fin-del-mas\\\/\"]}]},{\"@type\":\"ImageObject\",\"inLanguage\":\"es\",\"@id\":\"https:\\\/\\\/www.eldiario.net\\\/portal\\\/2023\\\/02\\\/27\\\/incidente-de-morales-en-potosi-adelanta-proximo-fin-del-mas\\\/#primaryimage\",\"url\":\"\",\"contentUrl\":\"\"},{\"@type\":\"BreadcrumbList\",\"@id\":\"https:\\\/\\\/www.eldiario.net\\\/portal\\\/2023\\\/02\\\/27\\\/incidente-de-morales-en-potosi-adelanta-proximo-fin-del-mas\\\/#breadcrumb\",\"itemListElement\":[{\"@type\":\"ListItem\",\"position\":1,\"name\":\"Portada\",\"item\":\"https:\\\/\\\/www.eldiario.net\\\/portal\\\/\"},{\"@type\":\"ListItem\",\"position\":2,\"name\":\"Incidente de Morales en Potos\u00ed adelanta pr\u00f3ximo fin del MAS\"}]},{\"@type\":\"WebSite\",\"@id\":\"https:\\\/\\\/www.eldiario.net\\\/portal\\\/#website\",\"url\":\"https:\\\/\\\/www.eldiario.net\\\/portal\\\/\",\"name\":\"El Diario - Decano de la prensa nacional\",\"description\":\"El Diario - Decano de la prensa nacional\",\"publisher\":{\"@id\":\"https:\\\/\\\/www.eldiario.net\\\/portal\\\/#organization\"},\"potentialAction\":[{\"@type\":\"SearchAction\",\"target\":{\"@type\":\"EntryPoint\",\"urlTemplate\":\"https:\\\/\\\/www.eldiario.net\\\/portal\\\/?s={search_term_string}\"},\"query-input\":{\"@type\":\"PropertyValueSpecification\",\"valueRequired\":true,\"valueName\":\"search_term_string\"}}],\"inLanguage\":\"es\"},{\"@type\":\"Organization\",\"@id\":\"https:\\\/\\\/www.eldiario.net\\\/portal\\\/#organization\",\"name\":\"El Diario - Decano de la prensa nacional\",\"url\":\"https:\\\/\\\/www.eldiario.net\\\/portal\\\/\",\"logo\":{\"@type\":\"ImageObject\",\"inLanguage\":\"es\",\"@id\":\"https:\\\/\\\/www.eldiario.net\\\/portal\\\/#\\\/schema\\\/logo\\\/image\\\/\",\"url\":\"https:\\\/\\\/www.eldiario.net\\\/portal\\\/wp-content\\\/uploads\\\/2023\\\/07\\\/logo_ED.jpg\",\"contentUrl\":\"https:\\\/\\\/www.eldiario.net\\\/portal\\\/wp-content\\\/uploads\\\/2023\\\/07\\\/logo_ED.jpg\",\"width\":272,\"height\":52,\"caption\":\"El Diario - Decano de la prensa nacional\"},\"image\":{\"@id\":\"https:\\\/\\\/www.eldiario.net\\\/portal\\\/#\\\/schema\\\/logo\\\/image\\\/\"},\"sameAs\":[\"https:\\\/\\\/www.facebook.com\\\/eldiario.bolivia\\\/\",\"https:\\\/\\\/x.com\\\/eldiario_net\"]},{\"@type\":\"Person\",\"@id\":\"https:\\\/\\\/www.eldiario.net\\\/portal\\\/#\\\/schema\\\/person\\\/2c57cf2b7a7ae032e449e4c9b1019eac\",\"name\":\"Jeanette\",\"image\":{\"@type\":\"ImageObject\",\"inLanguage\":\"es\",\"@id\":\"https:\\\/\\\/secure.gravatar.com\\\/avatar\\\/3ea2118a5f7dad2b7138b1187a6b7ee55f160b9968b66013c3a3ef39dd7e5798?s=96&d=mm&r=g\",\"url\":\"https:\\\/\\\/secure.gravatar.com\\\/avatar\\\/3ea2118a5f7dad2b7138b1187a6b7ee55f160b9968b66013c3a3ef39dd7e5798?s=96&d=mm&r=g\",\"contentUrl\":\"https:\\\/\\\/secure.gravatar.com\\\/avatar\\\/3ea2118a5f7dad2b7138b1187a6b7ee55f160b9968b66013c3a3ef39dd7e5798?s=96&d=mm&r=g\",\"caption\":\"Jeanette\"},\"sameAs\":[\"https:\\\/\\\/www.eldiario.net\\\/portal\"],\"url\":\"https:\\\/\\\/www.eldiario.net\\\/portal\\\/author\\\/jeanette\\\/\"}]}<\/script>\n<!-- \/ Yoast SEO plugin. -->","yoast_head_json":{"title":"Incidente de Morales en Potos\u00ed adelanta pr\u00f3ximo fin del MAS - El Diario - Bolivia","robots":{"index":"index","follow":"follow","max-snippet":"max-snippet:-1","max-image-preview":"max-image-preview:large","max-video-preview":"max-video-preview:-1"},"canonical":"https:\/\/www.eldiario.net\/portal\/2023\/02\/27\/incidente-de-morales-en-potosi-adelanta-proximo-fin-del-mas\/","og_locale":"es_ES","og_type":"article","og_title":"Incidente de Morales en Potos\u00ed adelanta pr\u00f3ximo fin del MAS - El Diario - Bolivia","og_description":"Afirman que la desintegraci\u00f3n interna del MAS hace que se falten el respeto y violenten abiertamente entre sus distintas facciones, como ya ocurri\u00f3 en varios eventos pol\u00edticos internos donde se protagonizaron actos violentos con \u201csilletazos de por medio\u201d. El diputado por Creemos, Walthy Eg\u00fcez, se\u00f1al\u00f3 que el rechazo a el jefe del Movimiento al Socialismo [&hellip;]","og_url":"https:\/\/www.eldiario.net\/portal\/2023\/02\/27\/incidente-de-morales-en-potosi-adelanta-proximo-fin-del-mas\/","og_site_name":"El Diario - Bolivia","article_publisher":"https:\/\/www.facebook.com\/eldiario.bolivia\/","article_published_time":"2023-02-27T10:06:15+00:00","author":"Jeanette","twitter_card":"summary_large_image","twitter_creator":"@eldiario_net","twitter_site":"@eldiario_net","twitter_misc":{"Escrito por":"Jeanette","Tiempo de lectura":"2 minutos"},"schema":{"@context":"https:\/\/schema.org","@graph":[{"@type":"Article","@id":"https:\/\/www.eldiario.net\/portal\/2023\/02\/27\/incidente-de-morales-en-potosi-adelanta-proximo-fin-del-mas\/#article","isPartOf":{"@id":"https:\/\/www.eldiario.net\/portal\/2023\/02\/27\/incidente-de-morales-en-potosi-adelanta-proximo-fin-del-mas\/"},"author":{"name":"Jeanette","@id":"https:\/\/www.eldiario.net\/portal\/#\/schema\/person\/2c57cf2b7a7ae032e449e4c9b1019eac"},"headline":"Incidente de Morales en Potos\u00ed adelanta pr\u00f3ximo fin del MAS","datePublished":"2023-02-27T10:06:15+00:00","mainEntityOfPage":{"@id":"https:\/\/www.eldiario.net\/portal\/2023\/02\/27\/incidente-de-morales-en-potosi-adelanta-proximo-fin-del-mas\/"},"wordCount":420,"publisher":{"@id":"https:\/\/www.eldiario.net\/portal\/#organization"},"image":{"@id":"https:\/\/www.eldiario.net\/portal\/2023\/02\/27\/incidente-de-morales-en-potosi-adelanta-proximo-fin-del-mas\/#primaryimage"},"thumbnailUrl":"","articleSection":["Pol\u00edtica"],"inLanguage":"es"},{"@type":"WebPage","@id":"https:\/\/www.eldiario.net\/portal\/2023\/02\/27\/incidente-de-morales-en-potosi-adelanta-proximo-fin-del-mas\/","url":"https:\/\/www.eldiario.net\/portal\/2023\/02\/27\/incidente-de-morales-en-potosi-adelanta-proximo-fin-del-mas\/","name":"Incidente de Morales en Potos\u00ed adelanta pr\u00f3ximo fin del MAS - El Diario - Bolivia","isPartOf":{"@id":"https:\/\/www.eldiario.net\/portal\/#website"},"primaryImageOfPage":{"@id":"https:\/\/www.eldiario.net\/portal\/2023\/02\/27\/incidente-de-morales-en-potosi-adelanta-proximo-fin-del-mas\/#primaryimage"},"image":{"@id":"https:\/\/www.eldiario.net\/portal\/2023\/02\/27\/incidente-de-morales-en-potosi-adelanta-proximo-fin-del-mas\/#primaryimage"},"thumbnailUrl":"","datePublished":"2023-02-27T10:06:15+00:00","breadcrumb":{"@id":"https:\/\/www.eldiario.net\/portal\/2023\/02\/27\/incidente-de-morales-en-potosi-adelanta-proximo-fin-del-mas\/#breadcrumb"},"inLanguage":"es","potentialAction":[{"@type":"ReadAction","target":["https:\/\/www.eldiario.net\/portal\/2023\/02\/27\/incidente-de-morales-en-potosi-adelanta-proximo-fin-del-mas\/"]}]},{"@type":"ImageObject","inLanguage":"es","@id":"https:\/\/www.eldiario.net\/portal\/2023\/02\/27\/incidente-de-morales-en-potosi-adelanta-proximo-fin-del-mas\/#primaryimage","url":"","contentUrl":""},{"@type":"BreadcrumbList","@id":"https:\/\/www.eldiario.net\/portal\/2023\/02\/27\/incidente-de-morales-en-potosi-adelanta-proximo-fin-del-mas\/#breadcrumb","itemListElement":[{"@type":"ListItem","position":1,"name":"Portada","item":"https:\/\/www.eldiario.net\/portal\/"},{"@type":"ListItem","position":2,"name":"Incidente de Morales en Potos\u00ed adelanta pr\u00f3ximo fin del MAS"}]},{"@type":"WebSite","@id":"https:\/\/www.eldiario.net\/portal\/#website","url":"https:\/\/www.eldiario.net\/portal\/","name":"El Diario - Decano de la prensa nacional","description":"El Diario - Decano de la prensa nacional","publisher":{"@id":"https:\/\/www.eldiario.net\/portal\/#organization"},"potentialAction":[{"@type":"SearchAction","target":{"@type":"EntryPoint","urlTemplate":"https:\/\/www.eldiario.net\/portal\/?s={search_term_string}"},"query-input":{"@type":"PropertyValueSpecification","valueRequired":true,"valueName":"search_term_string"}}],"inLanguage":"es"},{"@type":"Organization","@id":"https:\/\/www.eldiario.net\/portal\/#organization","name":"El Diario - Decano de la prensa nacional","url":"https:\/\/www.eldiario.net\/portal\/","logo":{"@type":"ImageObject","inLanguage":"es","@id":"https:\/\/www.eldiario.net\/portal\/#\/schema\/logo\/image\/","url":"https:\/\/www.eldiario.net\/portal\/wp-content\/uploads\/2023\/07\/logo_ED.jpg","contentUrl":"https:\/\/www.eldiario.net\/portal\/wp-content\/uploads\/2023\/07\/logo_ED.jpg","width":272,"height":52,"caption":"El Diario - Decano de la prensa nacional"},"image":{"@id":"https:\/\/www.eldiario.net\/portal\/#\/schema\/logo\/image\/"},"sameAs":["https:\/\/www.facebook.com\/eldiario.bolivia\/","https:\/\/x.com\/eldiario_net"]},{"@type":"Person","@id":"https:\/\/www.eldiario.net\/portal\/#\/schema\/person\/2c57cf2b7a7ae032e449e4c9b1019eac","name":"Jeanette","image":{"@type":"ImageObject","inLanguage":"es","@id":"https:\/\/secure.gravatar.com\/avatar\/3ea2118a5f7dad2b7138b1187a6b7ee55f160b9968b66013c3a3ef39dd7e5798?s=96&d=mm&r=g","url":"https:\/\/secure.gravatar.com\/avatar\/3ea2118a5f7dad2b7138b1187a6b7ee55f160b9968b66013c3a3ef39dd7e5798?s=96&d=mm&r=g","contentUrl":"https:\/\/secure.gravatar.com\/avatar\/3ea2118a5f7dad2b7138b1187a6b7ee55f160b9968b66013c3a3ef39dd7e5798?s=96&d=mm&r=g","caption":"Jeanette"},"sameAs":["https:\/\/www.eldiario.net\/portal"],"url":"https:\/\/www.eldiario.net\/portal\/author\/jeanette\/"}]}},"_links":{"self":[{"href":"https:\/\/www.eldiario.net\/portal\/wp-json\/wp\/v2\/posts\/140375","targetHints":{"allow":["GET"]}}],"collection":[{"href":"https:\/\/www.eldiario.net\/portal\/wp-json\/wp\/v2\/posts"}],"about":[{"href":"https:\/\/www.eldiario.net\/portal\/wp-json\/wp\/v2\/types\/post"}],"author":[{"embeddable":true,"href":"https:\/\/www.eldiario.net\/portal\/wp-json\/wp\/v2\/users\/1"}],"replies":[{"embeddable":true,"href":"https:\/\/www.eldiario.net\/portal\/wp-json\/wp\/v2\/comments?post=140375"}],"version-history":[{"count":0,"href":"https:\/\/www.eldiario.net\/portal\/wp-json\/wp\/v2\/posts\/140375\/revisions"}],"wp:attachment":[{"href":"https:\/\/www.eldiario.net\/portal\/wp-json\/wp\/v2\/media?parent=140375"}],"wp:term":[{"taxonomy":"category","embeddable":true,"href":"https:\/\/www.eldiario.net\/portal\/wp-json\/wp\/v2\/categories?post=140375"},{"taxonomy":"post_tag","embeddable":true,"href":"https:\/\/www.eldiario.net\/portal\/wp-json\/wp\/v2\/tags?post=140375"}],"curies":[{"name":"wp","href":"https:\/\/api.w.org\/{rel}","templated":true}]}}