{"id":140370,"date":"2023-02-27T06:03:59","date_gmt":"2023-02-27T10:03:59","guid":{"rendered":"https:\/\/www.eldiario.net\/portal\/?p=140370"},"modified":"2023-02-27T06:03:59","modified_gmt":"2023-02-27T10:03:59","slug":"retomar-la-capacidad-de-produccion-agricola","status":"publish","type":"post","link":"https:\/\/www.eldiario.net\/portal\/2023\/02\/27\/retomar-la-capacidad-de-produccion-agricola\/","title":{"rendered":"Retomar la capacidad de producci\u00f3n agr\u00edcola"},"content":{"rendered":"<p><em><span class=\"dropcap \" style=\"background-color: #ffffff; color: #000000; border-color: #ffffff;\">C<\/span>onocer datos precisos sobre producci\u00f3n agr\u00edcola en el pa\u00eds y contar con cifras sobre miner\u00eda y ganader\u00eda tiene que ser importante y vital para el pa\u00eds. Hemos perdido mucho en los \u00faltimos dos a\u00f1os, tanto debido a problemas ocasionados por la pandemia, como por paros dispuestos por motivos sociales. Creer que hemos salido de condiciones cr\u00edticas en la producci\u00f3n y solo basarnos en datos proporcionados por pa\u00edses vecinos, proveedores de alimentos a nuestro pa\u00eds, es contraproducente. De esa manera los datos obtenidos ser\u00e1n imprecisos y contrarios a la verdad, ya que en todo caso se requiere cifras correctas que sirvan de gu\u00eda para cualquier planificaci\u00f3n que se realice, verificando la capacidad de producci\u00f3n agr\u00edcola y as\u00ed ampliar las posibilidades de las diferentes regiones del pa\u00eds. Debemos empe\u00f1arnos conjuntamente para examinar nuestra realidad productiva, aspecto que comprende los diferentes estratos de producci\u00f3n del pa\u00eds. A veces se cree que es imposible alcanzar los \u00edndices de otros pa\u00edses en esa materia, para concretar planes y proyectos que permitan retomar la capacidad nacional y emprender lo que debemos hacer, contando con factores humanos y econ\u00f3micos.<\/em><br \/>\n<em>La poblaci\u00f3n no deber\u00eda estar al vaiv\u00e9n del \u201cpor si acaso\u201d y se requiere tomar los hechos con suma seriedad. En un caso, por ejemplo, no se puede jugar con la salud y seguridad de la gente. Las autoridades de gobierno deben tener en cuenta que la poblaci\u00f3n rural especialmente no espera solo promesas sobre situaciones pasajeras, sino que demanda hechos concretos, especialmente para mejorar sus condiciones de vida.<\/em><br \/>\n<em>Es urgente que las autoridades adopten medidas que permitan replantear las actividades agr\u00edcolas, hoy afectadas por problemas como la migraci\u00f3n de campesinos a las ciudades en busca de mejores oportunidades de trabajo y subsistencia, lo que causa una grande baja en la producci\u00f3n agr\u00edcola. Tambi\u00e9n la gente del campo requiere apoyo gubernamental para que se le dote de semillas, maquinaria y servicios b\u00e1sicos. De ser atendidas esas y otras demandas, es muy posible un retorno a las actividades agr\u00edcolas, reduciendo el ingreso de alimentos desde pa\u00edses vecinos. Luego de ese mejoramiento, la producci\u00f3n agr\u00edcola deber\u00e1 ser complementada con la ganader\u00eda, la industria minera y toda actividad que tenga conexi\u00f3n con la provisi\u00f3n de bienes de uso y consumo masivo. <\/em><br \/>\n<em>Todo lo que se haga en procura de reestructurar y reactivar la producci\u00f3n agr\u00edcola del pa\u00eds ser\u00e1 provechosa y contribuir\u00e1 a retomar un antiguo dinamismo que nos coloque en situaci\u00f3n expectable de proveer de lo necesario a la poblaci\u00f3n.<\/em><\/p>\n","protected":false},"excerpt":{"rendered":"<p>Conocer datos precisos sobre producci\u00f3n agr\u00edcola en el pa\u00eds y contar con cifras sobre miner\u00eda y ganader\u00eda tiene que ser importante y vital para el pa\u00eds. Hemos perdido mucho en los \u00faltimos dos a\u00f1os, tanto debido a problemas ocasionados por la pandemia, como por paros dispuestos por motivos sociales. Creer que hemos salido de condiciones [&hellip;]<\/p>\n","protected":false},"author":1,"featured_media":0,"comment_status":"closed","ping_status":"closed","sticky":false,"template":"","format":"standard","meta":{"_acf_changed":false,"footnotes":""},"categories":[4],"tags":[],"class_list":["post-140370","post","type-post","status-publish","format-standard","category-editorial"],"acf":{"antetitulo":""},"yoast_head":"<!-- This site is optimized with the Yoast SEO plugin v28.4 - https:\/\/yoast.com\/product\/yoast-seo-wordpress\/ -->\n<title>Retomar la capacidad de producci\u00f3n agr\u00edcola - El Diario - Bolivia<\/title>\n<meta name=\"robots\" content=\"index, follow, max-snippet:-1, max-image-preview:large, max-video-preview:-1\" \/>\n<link rel=\"canonical\" href=\"https:\/\/www.eldiario.net\/portal\/2023\/02\/27\/retomar-la-capacidad-de-produccion-agricola\/\" \/>\n<meta property=\"og:locale\" content=\"es_ES\" \/>\n<meta property=\"og:type\" content=\"article\" \/>\n<meta property=\"og:title\" content=\"Retomar la capacidad de producci\u00f3n agr\u00edcola - El Diario - Bolivia\" \/>\n<meta property=\"og:description\" content=\"Conocer datos precisos sobre producci\u00f3n agr\u00edcola en el pa\u00eds y contar con cifras sobre miner\u00eda y ganader\u00eda tiene que ser importante y vital para el pa\u00eds. Hemos perdido mucho en los \u00faltimos dos a\u00f1os, tanto debido a problemas ocasionados por la pandemia, como por paros dispuestos por motivos sociales. Creer que hemos salido de condiciones [&hellip;]\" \/>\n<meta property=\"og:url\" content=\"https:\/\/www.eldiario.net\/portal\/2023\/02\/27\/retomar-la-capacidad-de-produccion-agricola\/\" \/>\n<meta property=\"og:site_name\" content=\"El Diario - Bolivia\" \/>\n<meta property=\"article:publisher\" content=\"https:\/\/www.facebook.com\/eldiario.bolivia\/\" \/>\n<meta property=\"article:published_time\" content=\"2023-02-27T10:03:59+00:00\" \/>\n<meta name=\"author\" content=\"Jeanette\" \/>\n<meta name=\"twitter:card\" content=\"summary_large_image\" \/>\n<meta name=\"twitter:creator\" content=\"@eldiario_net\" \/>\n<meta name=\"twitter:site\" content=\"@eldiario_net\" \/>\n<meta name=\"twitter:label1\" content=\"Escrito por\" \/>\n\t<meta name=\"twitter:data1\" content=\"Jeanette\" \/>\n\t<meta name=\"twitter:label2\" content=\"Tiempo de lectura\" \/>\n\t<meta name=\"twitter:data2\" content=\"2 minutos\" \/>\n<script type=\"application\/ld+json\" class=\"yoast-schema-graph\">{\"@context\":\"https:\\\/\\\/schema.org\",\"@graph\":[{\"@type\":\"Article\",\"@id\":\"https:\\\/\\\/www.eldiario.net\\\/portal\\\/2023\\\/02\\\/27\\\/retomar-la-capacidad-de-produccion-agricola\\\/#article\",\"isPartOf\":{\"@id\":\"https:\\\/\\\/www.eldiario.net\\\/portal\\\/2023\\\/02\\\/27\\\/retomar-la-capacidad-de-produccion-agricola\\\/\"},\"author\":{\"name\":\"Jeanette\",\"@id\":\"https:\\\/\\\/www.eldiario.net\\\/portal\\\/#\\\/schema\\\/person\\\/2c57cf2b7a7ae032e449e4c9b1019eac\"},\"headline\":\"Retomar la capacidad de producci\u00f3n agr\u00edcola\",\"datePublished\":\"2023-02-27T10:03:59+00:00\",\"mainEntityOfPage\":{\"@id\":\"https:\\\/\\\/www.eldiario.net\\\/portal\\\/2023\\\/02\\\/27\\\/retomar-la-capacidad-de-produccion-agricola\\\/\"},\"wordCount\":461,\"publisher\":{\"@id\":\"https:\\\/\\\/www.eldiario.net\\\/portal\\\/#organization\"},\"articleSection\":[\"Editorial\"],\"inLanguage\":\"es\"},{\"@type\":\"WebPage\",\"@id\":\"https:\\\/\\\/www.eldiario.net\\\/portal\\\/2023\\\/02\\\/27\\\/retomar-la-capacidad-de-produccion-agricola\\\/\",\"url\":\"https:\\\/\\\/www.eldiario.net\\\/portal\\\/2023\\\/02\\\/27\\\/retomar-la-capacidad-de-produccion-agricola\\\/\",\"name\":\"Retomar la capacidad de producci\u00f3n agr\u00edcola - El Diario - Bolivia\",\"isPartOf\":{\"@id\":\"https:\\\/\\\/www.eldiario.net\\\/portal\\\/#website\"},\"datePublished\":\"2023-02-27T10:03:59+00:00\",\"breadcrumb\":{\"@id\":\"https:\\\/\\\/www.eldiario.net\\\/portal\\\/2023\\\/02\\\/27\\\/retomar-la-capacidad-de-produccion-agricola\\\/#breadcrumb\"},\"inLanguage\":\"es\",\"potentialAction\":[{\"@type\":\"ReadAction\",\"target\":[\"https:\\\/\\\/www.eldiario.net\\\/portal\\\/2023\\\/02\\\/27\\\/retomar-la-capacidad-de-produccion-agricola\\\/\"]}]},{\"@type\":\"BreadcrumbList\",\"@id\":\"https:\\\/\\\/www.eldiario.net\\\/portal\\\/2023\\\/02\\\/27\\\/retomar-la-capacidad-de-produccion-agricola\\\/#breadcrumb\",\"itemListElement\":[{\"@type\":\"ListItem\",\"position\":1,\"name\":\"Portada\",\"item\":\"https:\\\/\\\/www.eldiario.net\\\/portal\\\/\"},{\"@type\":\"ListItem\",\"position\":2,\"name\":\"Retomar la capacidad de producci\u00f3n agr\u00edcola\"}]},{\"@type\":\"WebSite\",\"@id\":\"https:\\\/\\\/www.eldiario.net\\\/portal\\\/#website\",\"url\":\"https:\\\/\\\/www.eldiario.net\\\/portal\\\/\",\"name\":\"El Diario - Decano de la prensa nacional\",\"description\":\"El Diario - Decano de la prensa nacional\",\"publisher\":{\"@id\":\"https:\\\/\\\/www.eldiario.net\\\/portal\\\/#organization\"},\"potentialAction\":[{\"@type\":\"SearchAction\",\"target\":{\"@type\":\"EntryPoint\",\"urlTemplate\":\"https:\\\/\\\/www.eldiario.net\\\/portal\\\/?s={search_term_string}\"},\"query-input\":{\"@type\":\"PropertyValueSpecification\",\"valueRequired\":true,\"valueName\":\"search_term_string\"}}],\"inLanguage\":\"es\"},{\"@type\":\"Organization\",\"@id\":\"https:\\\/\\\/www.eldiario.net\\\/portal\\\/#organization\",\"name\":\"El Diario - Decano de la prensa nacional\",\"url\":\"https:\\\/\\\/www.eldiario.net\\\/portal\\\/\",\"logo\":{\"@type\":\"ImageObject\",\"inLanguage\":\"es\",\"@id\":\"https:\\\/\\\/www.eldiario.net\\\/portal\\\/#\\\/schema\\\/logo\\\/image\\\/\",\"url\":\"https:\\\/\\\/www.eldiario.net\\\/portal\\\/wp-content\\\/uploads\\\/2023\\\/07\\\/logo_ED.jpg\",\"contentUrl\":\"https:\\\/\\\/www.eldiario.net\\\/portal\\\/wp-content\\\/uploads\\\/2023\\\/07\\\/logo_ED.jpg\",\"width\":272,\"height\":52,\"caption\":\"El Diario - Decano de la prensa nacional\"},\"image\":{\"@id\":\"https:\\\/\\\/www.eldiario.net\\\/portal\\\/#\\\/schema\\\/logo\\\/image\\\/\"},\"sameAs\":[\"https:\\\/\\\/www.facebook.com\\\/eldiario.bolivia\\\/\",\"https:\\\/\\\/x.com\\\/eldiario_net\"]},{\"@type\":\"Person\",\"@id\":\"https:\\\/\\\/www.eldiario.net\\\/portal\\\/#\\\/schema\\\/person\\\/2c57cf2b7a7ae032e449e4c9b1019eac\",\"name\":\"Jeanette\",\"image\":{\"@type\":\"ImageObject\",\"inLanguage\":\"es\",\"@id\":\"https:\\\/\\\/secure.gravatar.com\\\/avatar\\\/3ea2118a5f7dad2b7138b1187a6b7ee55f160b9968b66013c3a3ef39dd7e5798?s=96&d=mm&r=g\",\"url\":\"https:\\\/\\\/secure.gravatar.com\\\/avatar\\\/3ea2118a5f7dad2b7138b1187a6b7ee55f160b9968b66013c3a3ef39dd7e5798?s=96&d=mm&r=g\",\"contentUrl\":\"https:\\\/\\\/secure.gravatar.com\\\/avatar\\\/3ea2118a5f7dad2b7138b1187a6b7ee55f160b9968b66013c3a3ef39dd7e5798?s=96&d=mm&r=g\",\"caption\":\"Jeanette\"},\"sameAs\":[\"https:\\\/\\\/www.eldiario.net\\\/portal\"],\"url\":\"https:\\\/\\\/www.eldiario.net\\\/portal\\\/author\\\/jeanette\\\/\"}]}<\/script>\n<!-- \/ Yoast SEO plugin. -->","yoast_head_json":{"title":"Retomar la capacidad de producci\u00f3n agr\u00edcola - El Diario - Bolivia","robots":{"index":"index","follow":"follow","max-snippet":"max-snippet:-1","max-image-preview":"max-image-preview:large","max-video-preview":"max-video-preview:-1"},"canonical":"https:\/\/www.eldiario.net\/portal\/2023\/02\/27\/retomar-la-capacidad-de-produccion-agricola\/","og_locale":"es_ES","og_type":"article","og_title":"Retomar la capacidad de producci\u00f3n agr\u00edcola - El Diario - Bolivia","og_description":"Conocer datos precisos sobre producci\u00f3n agr\u00edcola en el pa\u00eds y contar con cifras sobre miner\u00eda y ganader\u00eda tiene que ser importante y vital para el pa\u00eds. Hemos perdido mucho en los \u00faltimos dos a\u00f1os, tanto debido a problemas ocasionados por la pandemia, como por paros dispuestos por motivos sociales. Creer que hemos salido de condiciones [&hellip;]","og_url":"https:\/\/www.eldiario.net\/portal\/2023\/02\/27\/retomar-la-capacidad-de-produccion-agricola\/","og_site_name":"El Diario - Bolivia","article_publisher":"https:\/\/www.facebook.com\/eldiario.bolivia\/","article_published_time":"2023-02-27T10:03:59+00:00","author":"Jeanette","twitter_card":"summary_large_image","twitter_creator":"@eldiario_net","twitter_site":"@eldiario_net","twitter_misc":{"Escrito por":"Jeanette","Tiempo de lectura":"2 minutos"},"schema":{"@context":"https:\/\/schema.org","@graph":[{"@type":"Article","@id":"https:\/\/www.eldiario.net\/portal\/2023\/02\/27\/retomar-la-capacidad-de-produccion-agricola\/#article","isPartOf":{"@id":"https:\/\/www.eldiario.net\/portal\/2023\/02\/27\/retomar-la-capacidad-de-produccion-agricola\/"},"author":{"name":"Jeanette","@id":"https:\/\/www.eldiario.net\/portal\/#\/schema\/person\/2c57cf2b7a7ae032e449e4c9b1019eac"},"headline":"Retomar la capacidad de producci\u00f3n agr\u00edcola","datePublished":"2023-02-27T10:03:59+00:00","mainEntityOfPage":{"@id":"https:\/\/www.eldiario.net\/portal\/2023\/02\/27\/retomar-la-capacidad-de-produccion-agricola\/"},"wordCount":461,"publisher":{"@id":"https:\/\/www.eldiario.net\/portal\/#organization"},"articleSection":["Editorial"],"inLanguage":"es"},{"@type":"WebPage","@id":"https:\/\/www.eldiario.net\/portal\/2023\/02\/27\/retomar-la-capacidad-de-produccion-agricola\/","url":"https:\/\/www.eldiario.net\/portal\/2023\/02\/27\/retomar-la-capacidad-de-produccion-agricola\/","name":"Retomar la capacidad de producci\u00f3n agr\u00edcola - El Diario - Bolivia","isPartOf":{"@id":"https:\/\/www.eldiario.net\/portal\/#website"},"datePublished":"2023-02-27T10:03:59+00:00","breadcrumb":{"@id":"https:\/\/www.eldiario.net\/portal\/2023\/02\/27\/retomar-la-capacidad-de-produccion-agricola\/#breadcrumb"},"inLanguage":"es","potentialAction":[{"@type":"ReadAction","target":["https:\/\/www.eldiario.net\/portal\/2023\/02\/27\/retomar-la-capacidad-de-produccion-agricola\/"]}]},{"@type":"BreadcrumbList","@id":"https:\/\/www.eldiario.net\/portal\/2023\/02\/27\/retomar-la-capacidad-de-produccion-agricola\/#breadcrumb","itemListElement":[{"@type":"ListItem","position":1,"name":"Portada","item":"https:\/\/www.eldiario.net\/portal\/"},{"@type":"ListItem","position":2,"name":"Retomar la capacidad de producci\u00f3n agr\u00edcola"}]},{"@type":"WebSite","@id":"https:\/\/www.eldiario.net\/portal\/#website","url":"https:\/\/www.eldiario.net\/portal\/","name":"El Diario - Decano de la prensa nacional","description":"El Diario - Decano de la prensa nacional","publisher":{"@id":"https:\/\/www.eldiario.net\/portal\/#organization"},"potentialAction":[{"@type":"SearchAction","target":{"@type":"EntryPoint","urlTemplate":"https:\/\/www.eldiario.net\/portal\/?s={search_term_string}"},"query-input":{"@type":"PropertyValueSpecification","valueRequired":true,"valueName":"search_term_string"}}],"inLanguage":"es"},{"@type":"Organization","@id":"https:\/\/www.eldiario.net\/portal\/#organization","name":"El Diario - Decano de la prensa nacional","url":"https:\/\/www.eldiario.net\/portal\/","logo":{"@type":"ImageObject","inLanguage":"es","@id":"https:\/\/www.eldiario.net\/portal\/#\/schema\/logo\/image\/","url":"https:\/\/www.eldiario.net\/portal\/wp-content\/uploads\/2023\/07\/logo_ED.jpg","contentUrl":"https:\/\/www.eldiario.net\/portal\/wp-content\/uploads\/2023\/07\/logo_ED.jpg","width":272,"height":52,"caption":"El Diario - Decano de la prensa nacional"},"image":{"@id":"https:\/\/www.eldiario.net\/portal\/#\/schema\/logo\/image\/"},"sameAs":["https:\/\/www.facebook.com\/eldiario.bolivia\/","https:\/\/x.com\/eldiario_net"]},{"@type":"Person","@id":"https:\/\/www.eldiario.net\/portal\/#\/schema\/person\/2c57cf2b7a7ae032e449e4c9b1019eac","name":"Jeanette","image":{"@type":"ImageObject","inLanguage":"es","@id":"https:\/\/secure.gravatar.com\/avatar\/3ea2118a5f7dad2b7138b1187a6b7ee55f160b9968b66013c3a3ef39dd7e5798?s=96&d=mm&r=g","url":"https:\/\/secure.gravatar.com\/avatar\/3ea2118a5f7dad2b7138b1187a6b7ee55f160b9968b66013c3a3ef39dd7e5798?s=96&d=mm&r=g","contentUrl":"https:\/\/secure.gravatar.com\/avatar\/3ea2118a5f7dad2b7138b1187a6b7ee55f160b9968b66013c3a3ef39dd7e5798?s=96&d=mm&r=g","caption":"Jeanette"},"sameAs":["https:\/\/www.eldiario.net\/portal"],"url":"https:\/\/www.eldiario.net\/portal\/author\/jeanette\/"}]}},"_links":{"self":[{"href":"https:\/\/www.eldiario.net\/portal\/wp-json\/wp\/v2\/posts\/140370","targetHints":{"allow":["GET"]}}],"collection":[{"href":"https:\/\/www.eldiario.net\/portal\/wp-json\/wp\/v2\/posts"}],"about":[{"href":"https:\/\/www.eldiario.net\/portal\/wp-json\/wp\/v2\/types\/post"}],"author":[{"embeddable":true,"href":"https:\/\/www.eldiario.net\/portal\/wp-json\/wp\/v2\/users\/1"}],"replies":[{"embeddable":true,"href":"https:\/\/www.eldiario.net\/portal\/wp-json\/wp\/v2\/comments?post=140370"}],"version-history":[{"count":0,"href":"https:\/\/www.eldiario.net\/portal\/wp-json\/wp\/v2\/posts\/140370\/revisions"}],"wp:attachment":[{"href":"https:\/\/www.eldiario.net\/portal\/wp-json\/wp\/v2\/media?parent=140370"}],"wp:term":[{"taxonomy":"category","embeddable":true,"href":"https:\/\/www.eldiario.net\/portal\/wp-json\/wp\/v2\/categories?post=140370"},{"taxonomy":"post_tag","embeddable":true,"href":"https:\/\/www.eldiario.net\/portal\/wp-json\/wp\/v2\/tags?post=140370"}],"curies":[{"name":"wp","href":"https:\/\/api.w.org\/{rel}","templated":true}]}}