{"id":140368,"date":"2023-02-27T06:03:33","date_gmt":"2023-02-27T10:03:33","guid":{"rendered":"https:\/\/www.eldiario.net\/portal\/?p=140368"},"modified":"2023-02-27T06:03:33","modified_gmt":"2023-02-27T10:03:33","slug":"derechos-humanos-a-la-deriva","status":"publish","type":"post","link":"https:\/\/www.eldiario.net\/portal\/2023\/02\/27\/derechos-humanos-a-la-deriva\/","title":{"rendered":"Derechos humanos a la deriva"},"content":{"rendered":"<p>La afectaci\u00f3n a los derechos humanos deviene por muchos factores, uno de ellos (tal vez el m\u00e1s relevante) es la corrupci\u00f3n, por ejempleo, cuando las personas no cuentan con recursos econ\u00f3micos, pero, consiguen de cualquier forma esto con el prop\u00f3sito de dar dinero (sobornar) al servidor p\u00fablico, para acelerar alg\u00fan tr\u00e1mite o que, d\u00e9 v\u00eda libre, aunque existan irregularidades.<br \/>\nEstas pr\u00e1cticas que infringen la reglas, de un tiempo a esta parte, se han vuelto en algo rutinario (normalizado), muy pocos se dan cuenta que esta forma de proceder es perversa y tiene consecuencias funestas para el desarrollo del pa\u00eds, es una especie de espiral que va en ascenso y puede tornarse incontrolable, algo as\u00ed como la Hidra de Lerna (bestia de aliento venenoso, que ten\u00eda la rara y terrible caracter\u00edstica de ser multic\u00e9fala y, adem\u00e1s, de regenerar dos cabezas por cada una que le cercenaran).<br \/>\nEl Estado a trav\u00e9s de sus instituciones y normativas debe combatir la corrupci\u00f3n (\u00bfo es mucho pedir?), antes que el pa\u00eds se convierta en un Estado an\u00f3mico. \u00c9mile Durkheim en su obra \u201cLa divisi\u00f3n del trabajo en la sociedad\u201d (1893) dec\u00eda que en \u00abUn estado sin normas, que hace inestables las relaciones del grupo, impidiendo as\u00ed su cordial integraci\u00f3n\u00bb, el cumplimiento de las normas (as\u00ed sean injustas) es obligatorio, no hay espacio para la negociaci\u00f3n, una sociedad que transgrede las leyes, se puede desbordar. Ya lo dijo Agust\u00edn de Hipona, hace m\u00e1s de mil quinientos a\u00f1os, \u201cLos Estados que no se rigen por la ley y la justicia, no son m\u00e1s que bandas de ladrones\u201d, donde cada quien hace lo que quiere.<br \/>\nEn el prefacio de la Declaraci\u00f3n de los Derechos del Hombre y del Ciudadano de Francia, de 26 de agosto de 1789, se afirmaba que \u201cla ignorancia, abandono o desacato de los derechos del hombre son la \u00fanica causa de las calamidades p\u00fablicas y de la corrupci\u00f3n de los gobiernos\u201d.<br \/>\nSeg\u00fan el ex secretario general de la ONU, Kofi Annan, \u201cLa corrupci\u00f3n es una plaga insidiosa que tiene un amplio espectro de consecuencias corrosivas para la sociedad. Socava la democracia y el Estado de derecho, da pie a violaciones de los derechos humanos, distorsiona los mercados, menoscaba la calidad de vida y permite el florecimiento de la delincuencia organizada, el terrorismo y otras amenazas a la seguridad humana; \u2026que \u201cda\u00f1a al pobre de manera desproporcionada\u201d y promueve la \u201cdesigualdad\u201d.<br \/>\nLa corrupci\u00f3n afecta a los derechos reconocidos y codificados, en la normativa nacional e internacional sobre derechos humanos, especialmente a los derechos econ\u00f3micos, sociales, culturales y ambientales.<br \/>\nEn cuanto a la salud, los art\u00edculos 9, 18, 35 y ss. de la Constituci\u00f3n, refieren que el Estado garantizar\u00e1 para todos el acceso a la salud, en tanto que el Art. 12 del Pacto Internacional de Derechos Econ\u00f3micos, Sociales y Culturales, afirma el derecho a recibir el m\u00e1s alto nivel posible de salud. En el tema educativo, los arts. 8, 17 y 77 y ss. indican que la educaci\u00f3n \u201cconstituye una funci\u00f3n suprema y primera responsabilidad financiera del Estado, que tiene la obligaci\u00f3n indeclinable de sostenerla, garantizarla y gestionarla\u201d, del mismo modo, los arts. 13 y 14 del mencionado pacto implican \u201corientar la educaci\u00f3n al desarrollo de la personalidad humana, la dignidad y el respeto a los derechos humanos\u201d.<br \/>\nEl Informe de Progreso de la Relatora Especial (2005) de la Comisi\u00f3n de Derechos Humanos de la ONU enfatiz\u00f3 sobre el \u201cefecto grave y devastador\u201d de la corrupci\u00f3n en el disfrute de los derechos humanos.<br \/>\nEl Estado boliviano debe tomar las medidas necesarias para erradicarla, aunque probablemente sea (casi) misi\u00f3n imposible, empero, debe empe\u00f1arse en reducirla, en caso contrario, si el Estado nada hace, existe incumplimiento a compromisos asumidos. Bolivia figura entre los primeros Estados que ratific\u00f3 la Convenci\u00f3n de las Naciones Unidas Contra la Corrupci\u00f3n, lo cual facilit\u00f3 su entrada en vigor en 2005, en su Art. 12 se\u00f1ala que \u201cCada Estado Parte, de conformidad con los principios fundamentales de su derecho interno, adoptar\u00e1 medidas para prevenir la corrupci\u00f3n y mejorar las normas\u2026\u201d.<\/p>\n<p>El autor es polit\u00f3logo \u2013 abogado y docente universitario.<br \/>\nrolincoteja@gmail.com<\/p>\n","protected":false},"excerpt":{"rendered":"<p>La afectaci\u00f3n a los derechos humanos deviene por muchos factores, uno de ellos (tal vez el m\u00e1s relevante) es la corrupci\u00f3n, por ejempleo, cuando las personas no cuentan con recursos econ\u00f3micos, pero, consiguen de cualquier forma esto con el prop\u00f3sito de dar dinero (sobornar) al servidor p\u00fablico, para acelerar alg\u00fan tr\u00e1mite o que, d\u00e9 v\u00eda [&hellip;]<\/p>\n","protected":false},"author":1,"featured_media":131664,"comment_status":"closed","ping_status":"closed","sticky":false,"template":"","format":"standard","meta":{"_acf_changed":false,"footnotes":""},"categories":[9],"tags":[],"class_list":["post-140368","post","type-post","status-publish","format-standard","has-post-thumbnail","category-opinion"],"acf":{"antetitulo":""},"yoast_head":"<!-- This site is optimized with the Yoast SEO plugin v28.4 - https:\/\/yoast.com\/product\/yoast-seo-wordpress\/ -->\n<title>Derechos humanos a la deriva - El Diario - Bolivia<\/title>\n<meta name=\"robots\" content=\"index, follow, max-snippet:-1, max-image-preview:large, max-video-preview:-1\" \/>\n<link rel=\"canonical\" href=\"https:\/\/www.eldiario.net\/portal\/2023\/02\/27\/derechos-humanos-a-la-deriva\/\" \/>\n<meta property=\"og:locale\" content=\"es_ES\" \/>\n<meta property=\"og:type\" content=\"article\" \/>\n<meta property=\"og:title\" content=\"Derechos humanos a la deriva - El Diario - Bolivia\" \/>\n<meta property=\"og:description\" content=\"La afectaci\u00f3n a los derechos humanos deviene por muchos factores, uno de ellos (tal vez el m\u00e1s relevante) es la corrupci\u00f3n, por ejempleo, cuando las personas no cuentan con recursos econ\u00f3micos, pero, consiguen de cualquier forma esto con el prop\u00f3sito de dar dinero (sobornar) al servidor p\u00fablico, para acelerar alg\u00fan tr\u00e1mite o que, d\u00e9 v\u00eda [&hellip;]\" \/>\n<meta property=\"og:url\" content=\"https:\/\/www.eldiario.net\/portal\/2023\/02\/27\/derechos-humanos-a-la-deriva\/\" \/>\n<meta property=\"og:site_name\" content=\"El Diario - Bolivia\" \/>\n<meta property=\"article:publisher\" content=\"https:\/\/www.facebook.com\/eldiario.bolivia\/\" \/>\n<meta property=\"article:published_time\" content=\"2023-02-27T10:03:33+00:00\" \/>\n<meta name=\"author\" content=\"Jeanette\" \/>\n<meta name=\"twitter:card\" content=\"summary_large_image\" \/>\n<meta name=\"twitter:creator\" content=\"@eldiario_net\" \/>\n<meta name=\"twitter:site\" content=\"@eldiario_net\" \/>\n<meta name=\"twitter:label1\" content=\"Escrito por\" \/>\n\t<meta name=\"twitter:data1\" content=\"Jeanette\" \/>\n\t<meta name=\"twitter:label2\" content=\"Tiempo de lectura\" \/>\n\t<meta name=\"twitter:data2\" content=\"4 minutos\" \/>\n<script type=\"application\/ld+json\" class=\"yoast-schema-graph\">{\"@context\":\"https:\\\/\\\/schema.org\",\"@graph\":[{\"@type\":\"Article\",\"@id\":\"https:\\\/\\\/www.eldiario.net\\\/portal\\\/2023\\\/02\\\/27\\\/derechos-humanos-a-la-deriva\\\/#article\",\"isPartOf\":{\"@id\":\"https:\\\/\\\/www.eldiario.net\\\/portal\\\/2023\\\/02\\\/27\\\/derechos-humanos-a-la-deriva\\\/\"},\"author\":{\"name\":\"Jeanette\",\"@id\":\"https:\\\/\\\/www.eldiario.net\\\/portal\\\/#\\\/schema\\\/person\\\/f46445640444750d7d753ccd04ae01b7\"},\"headline\":\"Derechos humanos a la deriva\",\"datePublished\":\"2023-02-27T10:03:33+00:00\",\"mainEntityOfPage\":{\"@id\":\"https:\\\/\\\/www.eldiario.net\\\/portal\\\/2023\\\/02\\\/27\\\/derechos-humanos-a-la-deriva\\\/\"},\"wordCount\":720,\"publisher\":{\"@id\":\"https:\\\/\\\/www.eldiario.net\\\/portal\\\/#organization\"},\"image\":{\"@id\":\"https:\\\/\\\/www.eldiario.net\\\/portal\\\/2023\\\/02\\\/27\\\/derechos-humanos-a-la-deriva\\\/#primaryimage\"},\"thumbnailUrl\":\"\",\"articleSection\":[\"Opini\u00f3n\"],\"inLanguage\":\"es\"},{\"@type\":\"WebPage\",\"@id\":\"https:\\\/\\\/www.eldiario.net\\\/portal\\\/2023\\\/02\\\/27\\\/derechos-humanos-a-la-deriva\\\/\",\"url\":\"https:\\\/\\\/www.eldiario.net\\\/portal\\\/2023\\\/02\\\/27\\\/derechos-humanos-a-la-deriva\\\/\",\"name\":\"Derechos humanos a la deriva - El Diario - Bolivia\",\"isPartOf\":{\"@id\":\"https:\\\/\\\/www.eldiario.net\\\/portal\\\/#website\"},\"primaryImageOfPage\":{\"@id\":\"https:\\\/\\\/www.eldiario.net\\\/portal\\\/2023\\\/02\\\/27\\\/derechos-humanos-a-la-deriva\\\/#primaryimage\"},\"image\":{\"@id\":\"https:\\\/\\\/www.eldiario.net\\\/portal\\\/2023\\\/02\\\/27\\\/derechos-humanos-a-la-deriva\\\/#primaryimage\"},\"thumbnailUrl\":\"\",\"datePublished\":\"2023-02-27T10:03:33+00:00\",\"breadcrumb\":{\"@id\":\"https:\\\/\\\/www.eldiario.net\\\/portal\\\/2023\\\/02\\\/27\\\/derechos-humanos-a-la-deriva\\\/#breadcrumb\"},\"inLanguage\":\"es\",\"potentialAction\":[{\"@type\":\"ReadAction\",\"target\":[\"https:\\\/\\\/www.eldiario.net\\\/portal\\\/2023\\\/02\\\/27\\\/derechos-humanos-a-la-deriva\\\/\"]}]},{\"@type\":\"ImageObject\",\"inLanguage\":\"es\",\"@id\":\"https:\\\/\\\/www.eldiario.net\\\/portal\\\/2023\\\/02\\\/27\\\/derechos-humanos-a-la-deriva\\\/#primaryimage\",\"url\":\"\",\"contentUrl\":\"\"},{\"@type\":\"BreadcrumbList\",\"@id\":\"https:\\\/\\\/www.eldiario.net\\\/portal\\\/2023\\\/02\\\/27\\\/derechos-humanos-a-la-deriva\\\/#breadcrumb\",\"itemListElement\":[{\"@type\":\"ListItem\",\"position\":1,\"name\":\"Portada\",\"item\":\"https:\\\/\\\/www.eldiario.net\\\/portal\\\/\"},{\"@type\":\"ListItem\",\"position\":2,\"name\":\"Derechos humanos a la deriva\"}]},{\"@type\":\"WebSite\",\"@id\":\"https:\\\/\\\/www.eldiario.net\\\/portal\\\/#website\",\"url\":\"https:\\\/\\\/www.eldiario.net\\\/portal\\\/\",\"name\":\"El Diario - Decano de la prensa nacional\",\"description\":\"El Diario - Decano de la prensa nacional\",\"publisher\":{\"@id\":\"https:\\\/\\\/www.eldiario.net\\\/portal\\\/#organization\"},\"potentialAction\":[{\"@type\":\"SearchAction\",\"target\":{\"@type\":\"EntryPoint\",\"urlTemplate\":\"https:\\\/\\\/www.eldiario.net\\\/portal\\\/?s={search_term_string}\"},\"query-input\":{\"@type\":\"PropertyValueSpecification\",\"valueRequired\":true,\"valueName\":\"search_term_string\"}}],\"inLanguage\":\"es\"},{\"@type\":\"Organization\",\"@id\":\"https:\\\/\\\/www.eldiario.net\\\/portal\\\/#organization\",\"name\":\"El Diario - Decano de la prensa nacional\",\"url\":\"https:\\\/\\\/www.eldiario.net\\\/portal\\\/\",\"logo\":{\"@type\":\"ImageObject\",\"inLanguage\":\"es\",\"@id\":\"https:\\\/\\\/www.eldiario.net\\\/portal\\\/#\\\/schema\\\/logo\\\/image\\\/\",\"url\":\"https:\\\/\\\/www.eldiario.net\\\/portal\\\/wp-content\\\/uploads\\\/2023\\\/07\\\/logo_ED.jpg\",\"contentUrl\":\"https:\\\/\\\/www.eldiario.net\\\/portal\\\/wp-content\\\/uploads\\\/2023\\\/07\\\/logo_ED.jpg\",\"width\":272,\"height\":52,\"caption\":\"El Diario - Decano de la prensa nacional\"},\"image\":{\"@id\":\"https:\\\/\\\/www.eldiario.net\\\/portal\\\/#\\\/schema\\\/logo\\\/image\\\/\"},\"sameAs\":[\"https:\\\/\\\/www.facebook.com\\\/eldiario.bolivia\\\/\",\"https:\\\/\\\/x.com\\\/eldiario_net\"]},{\"@type\":\"Person\",\"@id\":\"https:\\\/\\\/www.eldiario.net\\\/portal\\\/#\\\/schema\\\/person\\\/f46445640444750d7d753ccd04ae01b7\",\"name\":\"Jeanette\",\"image\":{\"@type\":\"ImageObject\",\"inLanguage\":\"es\",\"@id\":\"https:\\\/\\\/secure.gravatar.com\\\/avatar\\\/3ea2118a5f7dad2b7138b1187a6b7ee55f160b9968b66013c3a3ef39dd7e5798?s=96&d=mm&r=g\",\"url\":\"https:\\\/\\\/secure.gravatar.com\\\/avatar\\\/3ea2118a5f7dad2b7138b1187a6b7ee55f160b9968b66013c3a3ef39dd7e5798?s=96&d=mm&r=g\",\"contentUrl\":\"https:\\\/\\\/secure.gravatar.com\\\/avatar\\\/3ea2118a5f7dad2b7138b1187a6b7ee55f160b9968b66013c3a3ef39dd7e5798?s=96&d=mm&r=g\",\"caption\":\"Jeanette\"},\"sameAs\":[\"https:\\\/\\\/www.eldiario.net\\\/portal\"],\"url\":\"https:\\\/\\\/www.eldiario.net\\\/portal\\\/author\\\/jeanette\\\/\"}]}<\/script>\n<!-- \/ Yoast SEO plugin. -->","yoast_head_json":{"title":"Derechos humanos a la deriva - El Diario - Bolivia","robots":{"index":"index","follow":"follow","max-snippet":"max-snippet:-1","max-image-preview":"max-image-preview:large","max-video-preview":"max-video-preview:-1"},"canonical":"https:\/\/www.eldiario.net\/portal\/2023\/02\/27\/derechos-humanos-a-la-deriva\/","og_locale":"es_ES","og_type":"article","og_title":"Derechos humanos a la deriva - El Diario - Bolivia","og_description":"La afectaci\u00f3n a los derechos humanos deviene por muchos factores, uno de ellos (tal vez el m\u00e1s relevante) es la corrupci\u00f3n, por ejempleo, cuando las personas no cuentan con recursos econ\u00f3micos, pero, consiguen de cualquier forma esto con el prop\u00f3sito de dar dinero (sobornar) al servidor p\u00fablico, para acelerar alg\u00fan tr\u00e1mite o que, d\u00e9 v\u00eda [&hellip;]","og_url":"https:\/\/www.eldiario.net\/portal\/2023\/02\/27\/derechos-humanos-a-la-deriva\/","og_site_name":"El Diario - Bolivia","article_publisher":"https:\/\/www.facebook.com\/eldiario.bolivia\/","article_published_time":"2023-02-27T10:03:33+00:00","author":"Jeanette","twitter_card":"summary_large_image","twitter_creator":"@eldiario_net","twitter_site":"@eldiario_net","twitter_misc":{"Escrito por":"Jeanette","Tiempo de lectura":"4 minutos"},"schema":{"@context":"https:\/\/schema.org","@graph":[{"@type":"Article","@id":"https:\/\/www.eldiario.net\/portal\/2023\/02\/27\/derechos-humanos-a-la-deriva\/#article","isPartOf":{"@id":"https:\/\/www.eldiario.net\/portal\/2023\/02\/27\/derechos-humanos-a-la-deriva\/"},"author":{"name":"Jeanette","@id":"https:\/\/www.eldiario.net\/portal\/#\/schema\/person\/f46445640444750d7d753ccd04ae01b7"},"headline":"Derechos humanos a la deriva","datePublished":"2023-02-27T10:03:33+00:00","mainEntityOfPage":{"@id":"https:\/\/www.eldiario.net\/portal\/2023\/02\/27\/derechos-humanos-a-la-deriva\/"},"wordCount":720,"publisher":{"@id":"https:\/\/www.eldiario.net\/portal\/#organization"},"image":{"@id":"https:\/\/www.eldiario.net\/portal\/2023\/02\/27\/derechos-humanos-a-la-deriva\/#primaryimage"},"thumbnailUrl":"","articleSection":["Opini\u00f3n"],"inLanguage":"es"},{"@type":"WebPage","@id":"https:\/\/www.eldiario.net\/portal\/2023\/02\/27\/derechos-humanos-a-la-deriva\/","url":"https:\/\/www.eldiario.net\/portal\/2023\/02\/27\/derechos-humanos-a-la-deriva\/","name":"Derechos humanos a la deriva - El Diario - Bolivia","isPartOf":{"@id":"https:\/\/www.eldiario.net\/portal\/#website"},"primaryImageOfPage":{"@id":"https:\/\/www.eldiario.net\/portal\/2023\/02\/27\/derechos-humanos-a-la-deriva\/#primaryimage"},"image":{"@id":"https:\/\/www.eldiario.net\/portal\/2023\/02\/27\/derechos-humanos-a-la-deriva\/#primaryimage"},"thumbnailUrl":"","datePublished":"2023-02-27T10:03:33+00:00","breadcrumb":{"@id":"https:\/\/www.eldiario.net\/portal\/2023\/02\/27\/derechos-humanos-a-la-deriva\/#breadcrumb"},"inLanguage":"es","potentialAction":[{"@type":"ReadAction","target":["https:\/\/www.eldiario.net\/portal\/2023\/02\/27\/derechos-humanos-a-la-deriva\/"]}]},{"@type":"ImageObject","inLanguage":"es","@id":"https:\/\/www.eldiario.net\/portal\/2023\/02\/27\/derechos-humanos-a-la-deriva\/#primaryimage","url":"","contentUrl":""},{"@type":"BreadcrumbList","@id":"https:\/\/www.eldiario.net\/portal\/2023\/02\/27\/derechos-humanos-a-la-deriva\/#breadcrumb","itemListElement":[{"@type":"ListItem","position":1,"name":"Portada","item":"https:\/\/www.eldiario.net\/portal\/"},{"@type":"ListItem","position":2,"name":"Derechos humanos a la deriva"}]},{"@type":"WebSite","@id":"https:\/\/www.eldiario.net\/portal\/#website","url":"https:\/\/www.eldiario.net\/portal\/","name":"El Diario - Decano de la prensa nacional","description":"El Diario - Decano de la prensa nacional","publisher":{"@id":"https:\/\/www.eldiario.net\/portal\/#organization"},"potentialAction":[{"@type":"SearchAction","target":{"@type":"EntryPoint","urlTemplate":"https:\/\/www.eldiario.net\/portal\/?s={search_term_string}"},"query-input":{"@type":"PropertyValueSpecification","valueRequired":true,"valueName":"search_term_string"}}],"inLanguage":"es"},{"@type":"Organization","@id":"https:\/\/www.eldiario.net\/portal\/#organization","name":"El Diario - Decano de la prensa nacional","url":"https:\/\/www.eldiario.net\/portal\/","logo":{"@type":"ImageObject","inLanguage":"es","@id":"https:\/\/www.eldiario.net\/portal\/#\/schema\/logo\/image\/","url":"https:\/\/www.eldiario.net\/portal\/wp-content\/uploads\/2023\/07\/logo_ED.jpg","contentUrl":"https:\/\/www.eldiario.net\/portal\/wp-content\/uploads\/2023\/07\/logo_ED.jpg","width":272,"height":52,"caption":"El Diario - Decano de la prensa nacional"},"image":{"@id":"https:\/\/www.eldiario.net\/portal\/#\/schema\/logo\/image\/"},"sameAs":["https:\/\/www.facebook.com\/eldiario.bolivia\/","https:\/\/x.com\/eldiario_net"]},{"@type":"Person","@id":"https:\/\/www.eldiario.net\/portal\/#\/schema\/person\/f46445640444750d7d753ccd04ae01b7","name":"Jeanette","image":{"@type":"ImageObject","inLanguage":"es","@id":"https:\/\/secure.gravatar.com\/avatar\/3ea2118a5f7dad2b7138b1187a6b7ee55f160b9968b66013c3a3ef39dd7e5798?s=96&d=mm&r=g","url":"https:\/\/secure.gravatar.com\/avatar\/3ea2118a5f7dad2b7138b1187a6b7ee55f160b9968b66013c3a3ef39dd7e5798?s=96&d=mm&r=g","contentUrl":"https:\/\/secure.gravatar.com\/avatar\/3ea2118a5f7dad2b7138b1187a6b7ee55f160b9968b66013c3a3ef39dd7e5798?s=96&d=mm&r=g","caption":"Jeanette"},"sameAs":["https:\/\/www.eldiario.net\/portal"],"url":"https:\/\/www.eldiario.net\/portal\/author\/jeanette\/"}]}},"_links":{"self":[{"href":"https:\/\/www.eldiario.net\/portal\/wp-json\/wp\/v2\/posts\/140368","targetHints":{"allow":["GET"]}}],"collection":[{"href":"https:\/\/www.eldiario.net\/portal\/wp-json\/wp\/v2\/posts"}],"about":[{"href":"https:\/\/www.eldiario.net\/portal\/wp-json\/wp\/v2\/types\/post"}],"author":[{"embeddable":true,"href":"https:\/\/www.eldiario.net\/portal\/wp-json\/wp\/v2\/users\/1"}],"replies":[{"embeddable":true,"href":"https:\/\/www.eldiario.net\/portal\/wp-json\/wp\/v2\/comments?post=140368"}],"version-history":[{"count":0,"href":"https:\/\/www.eldiario.net\/portal\/wp-json\/wp\/v2\/posts\/140368\/revisions"}],"wp:attachment":[{"href":"https:\/\/www.eldiario.net\/portal\/wp-json\/wp\/v2\/media?parent=140368"}],"wp:term":[{"taxonomy":"category","embeddable":true,"href":"https:\/\/www.eldiario.net\/portal\/wp-json\/wp\/v2\/categories?post=140368"},{"taxonomy":"post_tag","embeddable":true,"href":"https:\/\/www.eldiario.net\/portal\/wp-json\/wp\/v2\/tags?post=140368"}],"curies":[{"name":"wp","href":"https:\/\/api.w.org\/{rel}","templated":true}]}}