{"id":140366,"date":"2023-02-27T06:02:52","date_gmt":"2023-02-27T10:02:52","guid":{"rendered":"https:\/\/www.eldiario.net\/portal\/?p=140366"},"modified":"2023-02-27T06:02:52","modified_gmt":"2023-02-27T10:02:52","slug":"pensando-hipoteticamente","status":"publish","type":"post","link":"https:\/\/www.eldiario.net\/portal\/2023\/02\/27\/pensando-hipoteticamente\/","title":{"rendered":"Pensando hipot\u00e9ticamente"},"content":{"rendered":"<p>Si retornara el tiempo de la UDP, pensando hipot\u00e9ticamente, \u00bfen qu\u00e9 situaci\u00f3n nos encontrar\u00eda? Con una econom\u00eda d\u00e9bil y una deuda externa que sobrepasa los 19.000 millones de d\u00f3lares (1). Quiz\u00e1 significar\u00eda el desastre, en la presente coyuntura, ya que tienden a agotarse los recursos gas\u00edferos, que marcaron aquella \u00e9poca de la \u201cBolivia Saud\u00ed\u201d. Ahora las instancias respectivas conminan, a la poblaci\u00f3n, a ahorrar el uso de ese energ\u00e9tico, ante la ca\u00edda de producci\u00f3n (2). En consecuencia: nuestro \u00fanico basti\u00f3n econ\u00f3mico es la miner\u00eda, seguido por el rubro de los productos no tradicionales.<br \/>\nQuiz\u00e1 ser\u00eda la devastaci\u00f3n, particularmente para la gente inmersa en la pobreza. La pandemia fue una experiencia muy adversa, debido que gener\u00f3 m\u00e1s pobres, y el cierre de entidades que proporcionaban trabajo. Y que apenas retoman sus actividades, con el fin de contribuir a la reactivaci\u00f3n econ\u00f3mica.<br \/>\nEntonces, siempre refiri\u00e9ndonos a los inicios del 80, del siglo pasado, se impon\u00eda en el Poder la alianza, izquierdista, UDP, constituida por el MNR-I, Movimiento de Izquierda Revolucionaria y Partido Comunista de Bolivia. Los problemas internos, las incoherencias a tiempo de asumir decisiones y otros desatinos, hicieron inviable a ese gobierno, que, a comienzos de su gesti\u00f3n, gozaba con el masivo apoyo popular. La deuda externa alcanzaba a 837 millones de d\u00f3lares, en diciembre de 1984, seg\u00fan afirm\u00f3 el representante del MIR, Samuel Doria Medina (3). \u201c\u00bfC\u00f3mo vamos a salir de la crisis? &#8211;se preguntaba el delegado del MNR-I, Franklin Bustillos G\u00e1lvez&#8211;. En primer lugar, un punto central clave, es precisamente el problema de la deuda externa, para su tratamiento, planteamos la condonaci\u00f3n, en caso de que no fuera posible la condonaci\u00f3n, volver a una situaci\u00f3n del capital original, simplemente a una situaci\u00f3n que implique una postergaci\u00f3n de los pagos, m\u00ednimo por unos 20 a\u00f1os; porque el pa\u00eds para salir de su estado de estancamiento econ\u00f3mico, de recesi\u00f3n-inflaci\u00f3n, necesita acelerar, reactivar la producci\u00f3n, el aparato productivo; adem\u00e1s, como v\u00eda para combatir el proceso inflacionario interno, que nos est\u00e1 destruyendo y cuya din\u00e1mica propia adem\u00e1s se va a hacer incorregible si no se ataca el problema de la oferta; este es un aspecto central para el pa\u00eds\u201d. (4)<br \/>\nHoy el que tiene suerte, consigue un empleo digno y seguro. Profesionales, con t\u00edtulo acad\u00e9mico, no pueden lograr cargos en la administraci\u00f3n p\u00fablica y privada. Los art\u00edculos comestibles suben, paulatinamente, de precio. El comercio informal se multiplica, buscando los cauces de subsistencia. Los empresarios confrontan serios problemas, como consecuencia del contrabando que hace de las suyas.<br \/>\nEn suma: Dios no quiera que retornen los tiempos de la UDP.<\/p>\n<p>NOTAS<br \/>\n(1) \u201cDeuda externa pasa los $us 19.000 millones\u201d. EL DIARIO, La Paz \u2013 Bolivia, 27\/1\/2023.<br \/>\n(2) \u201cPromueven uso eficiente del gas ante ca\u00edda de producci\u00f3n en el pa\u00eds\u201d. EL DIARIO, La Paz \u2013 Bolivia, 13\/2\/2023.<br \/>\n(3) \u201cLa Deuda\u201d. Producciones CIMA, La Paz \u2013 Bolivia, julio de 1985. P\u00e1g. 95.<br \/>\n(4) \u00cddem, p\u00e1g. 133 y 134.<\/p>\n","protected":false},"excerpt":{"rendered":"<p>Si retornara el tiempo de la UDP, pensando hipot\u00e9ticamente, \u00bfen qu\u00e9 situaci\u00f3n nos encontrar\u00eda? Con una econom\u00eda d\u00e9bil y una deuda externa que sobrepasa los 19.000 millones de d\u00f3lares (1). Quiz\u00e1 significar\u00eda el desastre, en la presente coyuntura, ya que tienden a agotarse los recursos gas\u00edferos, que marcaron aquella \u00e9poca de la \u201cBolivia Saud\u00ed\u201d. Ahora [&hellip;]<\/p>\n","protected":false},"author":1,"featured_media":3790,"comment_status":"closed","ping_status":"closed","sticky":false,"template":"","format":"standard","meta":{"_acf_changed":false,"footnotes":""},"categories":[9],"tags":[],"class_list":["post-140366","post","type-post","status-publish","format-standard","has-post-thumbnail","category-opinion"],"acf":{"antetitulo":""},"yoast_head":"<!-- This site is optimized with the Yoast SEO plugin v28.4 - https:\/\/yoast.com\/product\/yoast-seo-wordpress\/ -->\n<title>Pensando hipot\u00e9ticamente - El Diario - Bolivia<\/title>\n<meta name=\"robots\" content=\"index, follow, max-snippet:-1, max-image-preview:large, max-video-preview:-1\" \/>\n<link rel=\"canonical\" href=\"https:\/\/www.eldiario.net\/portal\/2023\/02\/27\/pensando-hipoteticamente\/\" \/>\n<meta property=\"og:locale\" content=\"es_ES\" \/>\n<meta property=\"og:type\" content=\"article\" \/>\n<meta property=\"og:title\" content=\"Pensando hipot\u00e9ticamente - El Diario - Bolivia\" \/>\n<meta property=\"og:description\" content=\"Si retornara el tiempo de la UDP, pensando hipot\u00e9ticamente, \u00bfen qu\u00e9 situaci\u00f3n nos encontrar\u00eda? Con una econom\u00eda d\u00e9bil y una deuda externa que sobrepasa los 19.000 millones de d\u00f3lares (1). Quiz\u00e1 significar\u00eda el desastre, en la presente coyuntura, ya que tienden a agotarse los recursos gas\u00edferos, que marcaron aquella \u00e9poca de la \u201cBolivia Saud\u00ed\u201d. Ahora [&hellip;]\" \/>\n<meta property=\"og:url\" content=\"https:\/\/www.eldiario.net\/portal\/2023\/02\/27\/pensando-hipoteticamente\/\" \/>\n<meta property=\"og:site_name\" content=\"El Diario - Bolivia\" \/>\n<meta property=\"article:publisher\" content=\"https:\/\/www.facebook.com\/eldiario.bolivia\/\" \/>\n<meta property=\"article:published_time\" content=\"2023-02-27T10:02:52+00:00\" \/>\n<meta name=\"author\" content=\"Jeanette\" \/>\n<meta name=\"twitter:card\" content=\"summary_large_image\" \/>\n<meta name=\"twitter:creator\" content=\"@eldiario_net\" \/>\n<meta name=\"twitter:site\" content=\"@eldiario_net\" \/>\n<meta name=\"twitter:label1\" content=\"Escrito por\" \/>\n\t<meta name=\"twitter:data1\" content=\"Jeanette\" \/>\n<script type=\"application\/ld+json\" class=\"yoast-schema-graph\">{\"@context\":\"https:\\\/\\\/schema.org\",\"@graph\":[{\"@type\":\"Article\",\"@id\":\"https:\\\/\\\/www.eldiario.net\\\/portal\\\/2023\\\/02\\\/27\\\/pensando-hipoteticamente\\\/#article\",\"isPartOf\":{\"@id\":\"https:\\\/\\\/www.eldiario.net\\\/portal\\\/2023\\\/02\\\/27\\\/pensando-hipoteticamente\\\/\"},\"author\":{\"name\":\"Jeanette\",\"@id\":\"https:\\\/\\\/www.eldiario.net\\\/portal\\\/#\\\/schema\\\/person\\\/f46445640444750d7d753ccd04ae01b7\"},\"headline\":\"Pensando hipot\u00e9ticamente\",\"datePublished\":\"2023-02-27T10:02:52+00:00\",\"mainEntityOfPage\":{\"@id\":\"https:\\\/\\\/www.eldiario.net\\\/portal\\\/2023\\\/02\\\/27\\\/pensando-hipoteticamente\\\/\"},\"wordCount\":515,\"publisher\":{\"@id\":\"https:\\\/\\\/www.eldiario.net\\\/portal\\\/#organization\"},\"image\":{\"@id\":\"https:\\\/\\\/www.eldiario.net\\\/portal\\\/2023\\\/02\\\/27\\\/pensando-hipoteticamente\\\/#primaryimage\"},\"thumbnailUrl\":\"\",\"articleSection\":[\"Opini\u00f3n\"],\"inLanguage\":\"es\"},{\"@type\":\"WebPage\",\"@id\":\"https:\\\/\\\/www.eldiario.net\\\/portal\\\/2023\\\/02\\\/27\\\/pensando-hipoteticamente\\\/\",\"url\":\"https:\\\/\\\/www.eldiario.net\\\/portal\\\/2023\\\/02\\\/27\\\/pensando-hipoteticamente\\\/\",\"name\":\"Pensando hipot\u00e9ticamente - El Diario - Bolivia\",\"isPartOf\":{\"@id\":\"https:\\\/\\\/www.eldiario.net\\\/portal\\\/#website\"},\"primaryImageOfPage\":{\"@id\":\"https:\\\/\\\/www.eldiario.net\\\/portal\\\/2023\\\/02\\\/27\\\/pensando-hipoteticamente\\\/#primaryimage\"},\"image\":{\"@id\":\"https:\\\/\\\/www.eldiario.net\\\/portal\\\/2023\\\/02\\\/27\\\/pensando-hipoteticamente\\\/#primaryimage\"},\"thumbnailUrl\":\"\",\"datePublished\":\"2023-02-27T10:02:52+00:00\",\"breadcrumb\":{\"@id\":\"https:\\\/\\\/www.eldiario.net\\\/portal\\\/2023\\\/02\\\/27\\\/pensando-hipoteticamente\\\/#breadcrumb\"},\"inLanguage\":\"es\",\"potentialAction\":[{\"@type\":\"ReadAction\",\"target\":[\"https:\\\/\\\/www.eldiario.net\\\/portal\\\/2023\\\/02\\\/27\\\/pensando-hipoteticamente\\\/\"]}]},{\"@type\":\"ImageObject\",\"inLanguage\":\"es\",\"@id\":\"https:\\\/\\\/www.eldiario.net\\\/portal\\\/2023\\\/02\\\/27\\\/pensando-hipoteticamente\\\/#primaryimage\",\"url\":\"\",\"contentUrl\":\"\"},{\"@type\":\"BreadcrumbList\",\"@id\":\"https:\\\/\\\/www.eldiario.net\\\/portal\\\/2023\\\/02\\\/27\\\/pensando-hipoteticamente\\\/#breadcrumb\",\"itemListElement\":[{\"@type\":\"ListItem\",\"position\":1,\"name\":\"Portada\",\"item\":\"https:\\\/\\\/www.eldiario.net\\\/portal\\\/\"},{\"@type\":\"ListItem\",\"position\":2,\"name\":\"Pensando hipot\u00e9ticamente\"}]},{\"@type\":\"WebSite\",\"@id\":\"https:\\\/\\\/www.eldiario.net\\\/portal\\\/#website\",\"url\":\"https:\\\/\\\/www.eldiario.net\\\/portal\\\/\",\"name\":\"El Diario - Decano de la prensa nacional\",\"description\":\"El Diario - Decano de la prensa nacional\",\"publisher\":{\"@id\":\"https:\\\/\\\/www.eldiario.net\\\/portal\\\/#organization\"},\"potentialAction\":[{\"@type\":\"SearchAction\",\"target\":{\"@type\":\"EntryPoint\",\"urlTemplate\":\"https:\\\/\\\/www.eldiario.net\\\/portal\\\/?s={search_term_string}\"},\"query-input\":{\"@type\":\"PropertyValueSpecification\",\"valueRequired\":true,\"valueName\":\"search_term_string\"}}],\"inLanguage\":\"es\"},{\"@type\":\"Organization\",\"@id\":\"https:\\\/\\\/www.eldiario.net\\\/portal\\\/#organization\",\"name\":\"El Diario - Decano de la prensa nacional\",\"url\":\"https:\\\/\\\/www.eldiario.net\\\/portal\\\/\",\"logo\":{\"@type\":\"ImageObject\",\"inLanguage\":\"es\",\"@id\":\"https:\\\/\\\/www.eldiario.net\\\/portal\\\/#\\\/schema\\\/logo\\\/image\\\/\",\"url\":\"https:\\\/\\\/www.eldiario.net\\\/portal\\\/wp-content\\\/uploads\\\/2023\\\/07\\\/logo_ED.jpg\",\"contentUrl\":\"https:\\\/\\\/www.eldiario.net\\\/portal\\\/wp-content\\\/uploads\\\/2023\\\/07\\\/logo_ED.jpg\",\"width\":272,\"height\":52,\"caption\":\"El Diario - Decano de la prensa nacional\"},\"image\":{\"@id\":\"https:\\\/\\\/www.eldiario.net\\\/portal\\\/#\\\/schema\\\/logo\\\/image\\\/\"},\"sameAs\":[\"https:\\\/\\\/www.facebook.com\\\/eldiario.bolivia\\\/\",\"https:\\\/\\\/x.com\\\/eldiario_net\"]},{\"@type\":\"Person\",\"@id\":\"https:\\\/\\\/www.eldiario.net\\\/portal\\\/#\\\/schema\\\/person\\\/f46445640444750d7d753ccd04ae01b7\",\"name\":\"Jeanette\",\"image\":{\"@type\":\"ImageObject\",\"inLanguage\":\"es\",\"@id\":\"https:\\\/\\\/secure.gravatar.com\\\/avatar\\\/3ea2118a5f7dad2b7138b1187a6b7ee55f160b9968b66013c3a3ef39dd7e5798?s=96&d=mm&r=g\",\"url\":\"https:\\\/\\\/secure.gravatar.com\\\/avatar\\\/3ea2118a5f7dad2b7138b1187a6b7ee55f160b9968b66013c3a3ef39dd7e5798?s=96&d=mm&r=g\",\"contentUrl\":\"https:\\\/\\\/secure.gravatar.com\\\/avatar\\\/3ea2118a5f7dad2b7138b1187a6b7ee55f160b9968b66013c3a3ef39dd7e5798?s=96&d=mm&r=g\",\"caption\":\"Jeanette\"},\"sameAs\":[\"https:\\\/\\\/www.eldiario.net\\\/portal\"],\"url\":\"https:\\\/\\\/www.eldiario.net\\\/portal\\\/author\\\/jeanette\\\/\"}]}<\/script>\n<!-- \/ Yoast SEO plugin. -->","yoast_head_json":{"title":"Pensando hipot\u00e9ticamente - El Diario - Bolivia","robots":{"index":"index","follow":"follow","max-snippet":"max-snippet:-1","max-image-preview":"max-image-preview:large","max-video-preview":"max-video-preview:-1"},"canonical":"https:\/\/www.eldiario.net\/portal\/2023\/02\/27\/pensando-hipoteticamente\/","og_locale":"es_ES","og_type":"article","og_title":"Pensando hipot\u00e9ticamente - El Diario - Bolivia","og_description":"Si retornara el tiempo de la UDP, pensando hipot\u00e9ticamente, \u00bfen qu\u00e9 situaci\u00f3n nos encontrar\u00eda? Con una econom\u00eda d\u00e9bil y una deuda externa que sobrepasa los 19.000 millones de d\u00f3lares (1). Quiz\u00e1 significar\u00eda el desastre, en la presente coyuntura, ya que tienden a agotarse los recursos gas\u00edferos, que marcaron aquella \u00e9poca de la \u201cBolivia Saud\u00ed\u201d. Ahora [&hellip;]","og_url":"https:\/\/www.eldiario.net\/portal\/2023\/02\/27\/pensando-hipoteticamente\/","og_site_name":"El Diario - Bolivia","article_publisher":"https:\/\/www.facebook.com\/eldiario.bolivia\/","article_published_time":"2023-02-27T10:02:52+00:00","author":"Jeanette","twitter_card":"summary_large_image","twitter_creator":"@eldiario_net","twitter_site":"@eldiario_net","twitter_misc":{"Escrito por":"Jeanette"},"schema":{"@context":"https:\/\/schema.org","@graph":[{"@type":"Article","@id":"https:\/\/www.eldiario.net\/portal\/2023\/02\/27\/pensando-hipoteticamente\/#article","isPartOf":{"@id":"https:\/\/www.eldiario.net\/portal\/2023\/02\/27\/pensando-hipoteticamente\/"},"author":{"name":"Jeanette","@id":"https:\/\/www.eldiario.net\/portal\/#\/schema\/person\/f46445640444750d7d753ccd04ae01b7"},"headline":"Pensando hipot\u00e9ticamente","datePublished":"2023-02-27T10:02:52+00:00","mainEntityOfPage":{"@id":"https:\/\/www.eldiario.net\/portal\/2023\/02\/27\/pensando-hipoteticamente\/"},"wordCount":515,"publisher":{"@id":"https:\/\/www.eldiario.net\/portal\/#organization"},"image":{"@id":"https:\/\/www.eldiario.net\/portal\/2023\/02\/27\/pensando-hipoteticamente\/#primaryimage"},"thumbnailUrl":"","articleSection":["Opini\u00f3n"],"inLanguage":"es"},{"@type":"WebPage","@id":"https:\/\/www.eldiario.net\/portal\/2023\/02\/27\/pensando-hipoteticamente\/","url":"https:\/\/www.eldiario.net\/portal\/2023\/02\/27\/pensando-hipoteticamente\/","name":"Pensando hipot\u00e9ticamente - El Diario - Bolivia","isPartOf":{"@id":"https:\/\/www.eldiario.net\/portal\/#website"},"primaryImageOfPage":{"@id":"https:\/\/www.eldiario.net\/portal\/2023\/02\/27\/pensando-hipoteticamente\/#primaryimage"},"image":{"@id":"https:\/\/www.eldiario.net\/portal\/2023\/02\/27\/pensando-hipoteticamente\/#primaryimage"},"thumbnailUrl":"","datePublished":"2023-02-27T10:02:52+00:00","breadcrumb":{"@id":"https:\/\/www.eldiario.net\/portal\/2023\/02\/27\/pensando-hipoteticamente\/#breadcrumb"},"inLanguage":"es","potentialAction":[{"@type":"ReadAction","target":["https:\/\/www.eldiario.net\/portal\/2023\/02\/27\/pensando-hipoteticamente\/"]}]},{"@type":"ImageObject","inLanguage":"es","@id":"https:\/\/www.eldiario.net\/portal\/2023\/02\/27\/pensando-hipoteticamente\/#primaryimage","url":"","contentUrl":""},{"@type":"BreadcrumbList","@id":"https:\/\/www.eldiario.net\/portal\/2023\/02\/27\/pensando-hipoteticamente\/#breadcrumb","itemListElement":[{"@type":"ListItem","position":1,"name":"Portada","item":"https:\/\/www.eldiario.net\/portal\/"},{"@type":"ListItem","position":2,"name":"Pensando hipot\u00e9ticamente"}]},{"@type":"WebSite","@id":"https:\/\/www.eldiario.net\/portal\/#website","url":"https:\/\/www.eldiario.net\/portal\/","name":"El Diario - Decano de la prensa nacional","description":"El Diario - Decano de la prensa nacional","publisher":{"@id":"https:\/\/www.eldiario.net\/portal\/#organization"},"potentialAction":[{"@type":"SearchAction","target":{"@type":"EntryPoint","urlTemplate":"https:\/\/www.eldiario.net\/portal\/?s={search_term_string}"},"query-input":{"@type":"PropertyValueSpecification","valueRequired":true,"valueName":"search_term_string"}}],"inLanguage":"es"},{"@type":"Organization","@id":"https:\/\/www.eldiario.net\/portal\/#organization","name":"El Diario - Decano de la prensa nacional","url":"https:\/\/www.eldiario.net\/portal\/","logo":{"@type":"ImageObject","inLanguage":"es","@id":"https:\/\/www.eldiario.net\/portal\/#\/schema\/logo\/image\/","url":"https:\/\/www.eldiario.net\/portal\/wp-content\/uploads\/2023\/07\/logo_ED.jpg","contentUrl":"https:\/\/www.eldiario.net\/portal\/wp-content\/uploads\/2023\/07\/logo_ED.jpg","width":272,"height":52,"caption":"El Diario - Decano de la prensa nacional"},"image":{"@id":"https:\/\/www.eldiario.net\/portal\/#\/schema\/logo\/image\/"},"sameAs":["https:\/\/www.facebook.com\/eldiario.bolivia\/","https:\/\/x.com\/eldiario_net"]},{"@type":"Person","@id":"https:\/\/www.eldiario.net\/portal\/#\/schema\/person\/f46445640444750d7d753ccd04ae01b7","name":"Jeanette","image":{"@type":"ImageObject","inLanguage":"es","@id":"https:\/\/secure.gravatar.com\/avatar\/3ea2118a5f7dad2b7138b1187a6b7ee55f160b9968b66013c3a3ef39dd7e5798?s=96&d=mm&r=g","url":"https:\/\/secure.gravatar.com\/avatar\/3ea2118a5f7dad2b7138b1187a6b7ee55f160b9968b66013c3a3ef39dd7e5798?s=96&d=mm&r=g","contentUrl":"https:\/\/secure.gravatar.com\/avatar\/3ea2118a5f7dad2b7138b1187a6b7ee55f160b9968b66013c3a3ef39dd7e5798?s=96&d=mm&r=g","caption":"Jeanette"},"sameAs":["https:\/\/www.eldiario.net\/portal"],"url":"https:\/\/www.eldiario.net\/portal\/author\/jeanette\/"}]}},"_links":{"self":[{"href":"https:\/\/www.eldiario.net\/portal\/wp-json\/wp\/v2\/posts\/140366","targetHints":{"allow":["GET"]}}],"collection":[{"href":"https:\/\/www.eldiario.net\/portal\/wp-json\/wp\/v2\/posts"}],"about":[{"href":"https:\/\/www.eldiario.net\/portal\/wp-json\/wp\/v2\/types\/post"}],"author":[{"embeddable":true,"href":"https:\/\/www.eldiario.net\/portal\/wp-json\/wp\/v2\/users\/1"}],"replies":[{"embeddable":true,"href":"https:\/\/www.eldiario.net\/portal\/wp-json\/wp\/v2\/comments?post=140366"}],"version-history":[{"count":0,"href":"https:\/\/www.eldiario.net\/portal\/wp-json\/wp\/v2\/posts\/140366\/revisions"}],"wp:attachment":[{"href":"https:\/\/www.eldiario.net\/portal\/wp-json\/wp\/v2\/media?parent=140366"}],"wp:term":[{"taxonomy":"category","embeddable":true,"href":"https:\/\/www.eldiario.net\/portal\/wp-json\/wp\/v2\/categories?post=140366"},{"taxonomy":"post_tag","embeddable":true,"href":"https:\/\/www.eldiario.net\/portal\/wp-json\/wp\/v2\/tags?post=140366"}],"curies":[{"name":"wp","href":"https:\/\/api.w.org\/{rel}","templated":true}]}}