{"id":140364,"date":"2023-02-27T06:02:13","date_gmt":"2023-02-27T10:02:13","guid":{"rendered":"https:\/\/www.eldiario.net\/portal\/?p=140364"},"modified":"2023-02-27T06:02:13","modified_gmt":"2023-02-27T10:02:13","slug":"la-pobreza-como-factor-de-inseguridad-en-areas-urbanas","status":"publish","type":"post","link":"https:\/\/www.eldiario.net\/portal\/2023\/02\/27\/la-pobreza-como-factor-de-inseguridad-en-areas-urbanas\/","title":{"rendered":"La pobreza como factor de inseguridad en \u00e1reas urbanas"},"content":{"rendered":"<p>En Latinoam\u00e9rica, uno de los obst\u00e1culos para la seguridad ciudadana es la situaci\u00f3n generalizada de pobreza, de la que nuestro pa\u00eds no est\u00e1 exento. En Bolivia la inseguridad ciudadana es un fen\u00f3meno muy preocupante para la poblaci\u00f3n urbana.<br \/>\nExisten factores sociales de inseguridad ciudadana como: pobreza, desempleo, alcoholismo, desintegraci\u00f3n familiar, consumo de sustancias controladas, que da\u00f1a al ser humano y, por ende, a la familia y sociedad. Por esta problem\u00e1tica se genera un escenario de inseguridad, tendiente a la comisi\u00f3n de asesinatos, robos, hurtos, violaciones y otros. Estos factores provocan enorme malestar y preocupaci\u00f3n en la poblaci\u00f3n.<br \/>\nAl hablar de crimen, la pobreza siempre surge como un elemento determinante. Seg\u00fan la explicaci\u00f3n m\u00e1s socorrida, la pobreza y la falta de oportunidades son causas de \u00edndole estructural, que deben ser atendidas para reducir la violencia. Una sociedad menos pobre, se nos dice, acarrear\u00e1 menos violencia, e incidencia delictiva m\u00e1s baja.<br \/>\nPero la relaci\u00f3n entre estos dos problemas es m\u00e1s compleja. Lo que queda claro es que el crimen tambi\u00e9n causa mayor pobreza, creando un c\u00edrculo vicioso dif\u00edcil de romper. No obstante, parece que el Estado solo se enfoca en la relaci\u00f3n entre pobreza y crimen. En este contexto, es importante recordar los principales mecanismos por los cuales el crimen puede incidir en mayor pobreza y desigualdad.<br \/>\nLa delincuencia y la inseguridad afectan negativamente el desarrollo del capital humano, elemento necesario para la movilidad social. Una primera raz\u00f3n es que la inseguridad ocasiona m\u00e1s estr\u00e9s emocional y menor asistencia a la escuela, lo que a su vez incide en bajo aprovechamiento y deserci\u00f3n escolar.<br \/>\nLa delincuencia es parte de la cotidianidad, en parte de los individuos baja la percepci\u00f3n de los beneficios de estudiar.<br \/>\nLa inversi\u00f3n f\u00edsica desciende en lugares donde hay mayores tasas de crimen. Esto se traduce en menos oportunidades de empleo y salarios bajos para los trabajadores. Las personas pobres padecen m\u00e1s los efectos del crimen y\/o de la violencia que las personas de ingresos m\u00e1s altos.<br \/>\nToda pol\u00edtica p\u00fablica bien dise\u00f1ada y evaluada que busque reducir los niveles de pobreza en el pa\u00eds debe ser aplaudida, pero la pol\u00edtica social no puede ser la \u00fanica forma de enfrentar al crimen y, en consecuencia, la inseguridad ciudadana.<br \/>\nDebemos concebir la seguridad ciudadana como un bien p\u00fablico que est\u00e1 estrechamente vinculada con la protecci\u00f3n de los ciudadanos ante la violencia y el delito. Una seguridad que les permita desarrollar sus potencialidades y vivir con dignidad en democracia.<br \/>\nEn consecuencia, la seguridad ciudadana es un imperativo social y pol\u00edtico. Es un indicador de la eficacia de las instituciones estatales y de la convivencia social en un Estado de Derecho.<br \/>\nLa seguridad ciudadana es parte de la seguridad humana, entendida como una situaci\u00f3n en la que las personas pueden ejercer sus derechos fundamentales, con apoyo de las instituciones p\u00fablicas. Y con respuesta eficaz cuando esos derechos son vulnerados, mediante pol\u00edticas de seguridad ciudadana.<\/p>\n","protected":false},"excerpt":{"rendered":"<p>En Latinoam\u00e9rica, uno de los obst\u00e1culos para la seguridad ciudadana es la situaci\u00f3n generalizada de pobreza, de la que nuestro pa\u00eds no est\u00e1 exento. En Bolivia la inseguridad ciudadana es un fen\u00f3meno muy preocupante para la poblaci\u00f3n urbana. Existen factores sociales de inseguridad ciudadana como: pobreza, desempleo, alcoholismo, desintegraci\u00f3n familiar, consumo de sustancias controladas, que [&hellip;]<\/p>\n","protected":false},"author":1,"featured_media":140681,"comment_status":"closed","ping_status":"closed","sticky":false,"template":"","format":"standard","meta":{"_acf_changed":false,"footnotes":""},"categories":[9],"tags":[],"class_list":["post-140364","post","type-post","status-publish","format-standard","has-post-thumbnail","category-opinion"],"acf":{"antetitulo":""},"yoast_head":"<!-- This site is optimized with the Yoast SEO plugin v28.4 - https:\/\/yoast.com\/product\/yoast-seo-wordpress\/ -->\n<title>La pobreza como factor de inseguridad en \u00e1reas urbanas - El Diario - Bolivia<\/title>\n<meta name=\"robots\" content=\"index, follow, max-snippet:-1, max-image-preview:large, max-video-preview:-1\" \/>\n<link rel=\"canonical\" href=\"https:\/\/www.eldiario.net\/portal\/2023\/02\/27\/la-pobreza-como-factor-de-inseguridad-en-areas-urbanas\/\" \/>\n<meta property=\"og:locale\" content=\"es_ES\" \/>\n<meta property=\"og:type\" content=\"article\" \/>\n<meta property=\"og:title\" content=\"La pobreza como factor de inseguridad en \u00e1reas urbanas - El Diario - Bolivia\" \/>\n<meta property=\"og:description\" content=\"En Latinoam\u00e9rica, uno de los obst\u00e1culos para la seguridad ciudadana es la situaci\u00f3n generalizada de pobreza, de la que nuestro pa\u00eds no est\u00e1 exento. En Bolivia la inseguridad ciudadana es un fen\u00f3meno muy preocupante para la poblaci\u00f3n urbana. Existen factores sociales de inseguridad ciudadana como: pobreza, desempleo, alcoholismo, desintegraci\u00f3n familiar, consumo de sustancias controladas, que [&hellip;]\" \/>\n<meta property=\"og:url\" content=\"https:\/\/www.eldiario.net\/portal\/2023\/02\/27\/la-pobreza-como-factor-de-inseguridad-en-areas-urbanas\/\" \/>\n<meta property=\"og:site_name\" content=\"El Diario - Bolivia\" \/>\n<meta property=\"article:publisher\" content=\"https:\/\/www.facebook.com\/eldiario.bolivia\/\" \/>\n<meta property=\"article:published_time\" content=\"2023-02-27T10:02:13+00:00\" \/>\n<meta name=\"author\" content=\"Jeanette\" \/>\n<meta name=\"twitter:card\" content=\"summary_large_image\" \/>\n<meta name=\"twitter:creator\" content=\"@eldiario_net\" \/>\n<meta name=\"twitter:site\" content=\"@eldiario_net\" \/>\n<meta name=\"twitter:label1\" content=\"Escrito por\" \/>\n\t<meta name=\"twitter:data1\" content=\"Jeanette\" \/>\n\t<meta name=\"twitter:label2\" content=\"Tiempo de lectura\" \/>\n\t<meta name=\"twitter:data2\" content=\"3 minutos\" \/>\n<script type=\"application\/ld+json\" class=\"yoast-schema-graph\">{\"@context\":\"https:\\\/\\\/schema.org\",\"@graph\":[{\"@type\":\"Article\",\"@id\":\"https:\\\/\\\/www.eldiario.net\\\/portal\\\/2023\\\/02\\\/27\\\/la-pobreza-como-factor-de-inseguridad-en-areas-urbanas\\\/#article\",\"isPartOf\":{\"@id\":\"https:\\\/\\\/www.eldiario.net\\\/portal\\\/2023\\\/02\\\/27\\\/la-pobreza-como-factor-de-inseguridad-en-areas-urbanas\\\/\"},\"author\":{\"name\":\"Jeanette\",\"@id\":\"https:\\\/\\\/www.eldiario.net\\\/portal\\\/#\\\/schema\\\/person\\\/f46445640444750d7d753ccd04ae01b7\"},\"headline\":\"La pobreza como factor de inseguridad en \u00e1reas urbanas\",\"datePublished\":\"2023-02-27T10:02:13+00:00\",\"mainEntityOfPage\":{\"@id\":\"https:\\\/\\\/www.eldiario.net\\\/portal\\\/2023\\\/02\\\/27\\\/la-pobreza-como-factor-de-inseguridad-en-areas-urbanas\\\/\"},\"wordCount\":533,\"publisher\":{\"@id\":\"https:\\\/\\\/www.eldiario.net\\\/portal\\\/#organization\"},\"image\":{\"@id\":\"https:\\\/\\\/www.eldiario.net\\\/portal\\\/2023\\\/02\\\/27\\\/la-pobreza-como-factor-de-inseguridad-en-areas-urbanas\\\/#primaryimage\"},\"thumbnailUrl\":\"\",\"articleSection\":[\"Opini\u00f3n\"],\"inLanguage\":\"es\"},{\"@type\":\"WebPage\",\"@id\":\"https:\\\/\\\/www.eldiario.net\\\/portal\\\/2023\\\/02\\\/27\\\/la-pobreza-como-factor-de-inseguridad-en-areas-urbanas\\\/\",\"url\":\"https:\\\/\\\/www.eldiario.net\\\/portal\\\/2023\\\/02\\\/27\\\/la-pobreza-como-factor-de-inseguridad-en-areas-urbanas\\\/\",\"name\":\"La pobreza como factor de inseguridad en \u00e1reas urbanas - El Diario - Bolivia\",\"isPartOf\":{\"@id\":\"https:\\\/\\\/www.eldiario.net\\\/portal\\\/#website\"},\"primaryImageOfPage\":{\"@id\":\"https:\\\/\\\/www.eldiario.net\\\/portal\\\/2023\\\/02\\\/27\\\/la-pobreza-como-factor-de-inseguridad-en-areas-urbanas\\\/#primaryimage\"},\"image\":{\"@id\":\"https:\\\/\\\/www.eldiario.net\\\/portal\\\/2023\\\/02\\\/27\\\/la-pobreza-como-factor-de-inseguridad-en-areas-urbanas\\\/#primaryimage\"},\"thumbnailUrl\":\"\",\"datePublished\":\"2023-02-27T10:02:13+00:00\",\"breadcrumb\":{\"@id\":\"https:\\\/\\\/www.eldiario.net\\\/portal\\\/2023\\\/02\\\/27\\\/la-pobreza-como-factor-de-inseguridad-en-areas-urbanas\\\/#breadcrumb\"},\"inLanguage\":\"es\",\"potentialAction\":[{\"@type\":\"ReadAction\",\"target\":[\"https:\\\/\\\/www.eldiario.net\\\/portal\\\/2023\\\/02\\\/27\\\/la-pobreza-como-factor-de-inseguridad-en-areas-urbanas\\\/\"]}]},{\"@type\":\"ImageObject\",\"inLanguage\":\"es\",\"@id\":\"https:\\\/\\\/www.eldiario.net\\\/portal\\\/2023\\\/02\\\/27\\\/la-pobreza-como-factor-de-inseguridad-en-areas-urbanas\\\/#primaryimage\",\"url\":\"\",\"contentUrl\":\"\"},{\"@type\":\"BreadcrumbList\",\"@id\":\"https:\\\/\\\/www.eldiario.net\\\/portal\\\/2023\\\/02\\\/27\\\/la-pobreza-como-factor-de-inseguridad-en-areas-urbanas\\\/#breadcrumb\",\"itemListElement\":[{\"@type\":\"ListItem\",\"position\":1,\"name\":\"Portada\",\"item\":\"https:\\\/\\\/www.eldiario.net\\\/portal\\\/\"},{\"@type\":\"ListItem\",\"position\":2,\"name\":\"La pobreza como factor de inseguridad en \u00e1reas urbanas\"}]},{\"@type\":\"WebSite\",\"@id\":\"https:\\\/\\\/www.eldiario.net\\\/portal\\\/#website\",\"url\":\"https:\\\/\\\/www.eldiario.net\\\/portal\\\/\",\"name\":\"El Diario - Decano de la prensa nacional\",\"description\":\"El Diario - Decano de la prensa nacional\",\"publisher\":{\"@id\":\"https:\\\/\\\/www.eldiario.net\\\/portal\\\/#organization\"},\"potentialAction\":[{\"@type\":\"SearchAction\",\"target\":{\"@type\":\"EntryPoint\",\"urlTemplate\":\"https:\\\/\\\/www.eldiario.net\\\/portal\\\/?s={search_term_string}\"},\"query-input\":{\"@type\":\"PropertyValueSpecification\",\"valueRequired\":true,\"valueName\":\"search_term_string\"}}],\"inLanguage\":\"es\"},{\"@type\":\"Organization\",\"@id\":\"https:\\\/\\\/www.eldiario.net\\\/portal\\\/#organization\",\"name\":\"El Diario - Decano de la prensa nacional\",\"url\":\"https:\\\/\\\/www.eldiario.net\\\/portal\\\/\",\"logo\":{\"@type\":\"ImageObject\",\"inLanguage\":\"es\",\"@id\":\"https:\\\/\\\/www.eldiario.net\\\/portal\\\/#\\\/schema\\\/logo\\\/image\\\/\",\"url\":\"https:\\\/\\\/www.eldiario.net\\\/portal\\\/wp-content\\\/uploads\\\/2023\\\/07\\\/logo_ED.jpg\",\"contentUrl\":\"https:\\\/\\\/www.eldiario.net\\\/portal\\\/wp-content\\\/uploads\\\/2023\\\/07\\\/logo_ED.jpg\",\"width\":272,\"height\":52,\"caption\":\"El Diario - Decano de la prensa nacional\"},\"image\":{\"@id\":\"https:\\\/\\\/www.eldiario.net\\\/portal\\\/#\\\/schema\\\/logo\\\/image\\\/\"},\"sameAs\":[\"https:\\\/\\\/www.facebook.com\\\/eldiario.bolivia\\\/\",\"https:\\\/\\\/x.com\\\/eldiario_net\"]},{\"@type\":\"Person\",\"@id\":\"https:\\\/\\\/www.eldiario.net\\\/portal\\\/#\\\/schema\\\/person\\\/f46445640444750d7d753ccd04ae01b7\",\"name\":\"Jeanette\",\"image\":{\"@type\":\"ImageObject\",\"inLanguage\":\"es\",\"@id\":\"https:\\\/\\\/secure.gravatar.com\\\/avatar\\\/3ea2118a5f7dad2b7138b1187a6b7ee55f160b9968b66013c3a3ef39dd7e5798?s=96&d=mm&r=g\",\"url\":\"https:\\\/\\\/secure.gravatar.com\\\/avatar\\\/3ea2118a5f7dad2b7138b1187a6b7ee55f160b9968b66013c3a3ef39dd7e5798?s=96&d=mm&r=g\",\"contentUrl\":\"https:\\\/\\\/secure.gravatar.com\\\/avatar\\\/3ea2118a5f7dad2b7138b1187a6b7ee55f160b9968b66013c3a3ef39dd7e5798?s=96&d=mm&r=g\",\"caption\":\"Jeanette\"},\"sameAs\":[\"https:\\\/\\\/www.eldiario.net\\\/portal\"],\"url\":\"https:\\\/\\\/www.eldiario.net\\\/portal\\\/author\\\/jeanette\\\/\"}]}<\/script>\n<!-- \/ Yoast SEO plugin. -->","yoast_head_json":{"title":"La pobreza como factor de inseguridad en \u00e1reas urbanas - El Diario - Bolivia","robots":{"index":"index","follow":"follow","max-snippet":"max-snippet:-1","max-image-preview":"max-image-preview:large","max-video-preview":"max-video-preview:-1"},"canonical":"https:\/\/www.eldiario.net\/portal\/2023\/02\/27\/la-pobreza-como-factor-de-inseguridad-en-areas-urbanas\/","og_locale":"es_ES","og_type":"article","og_title":"La pobreza como factor de inseguridad en \u00e1reas urbanas - El Diario - Bolivia","og_description":"En Latinoam\u00e9rica, uno de los obst\u00e1culos para la seguridad ciudadana es la situaci\u00f3n generalizada de pobreza, de la que nuestro pa\u00eds no est\u00e1 exento. En Bolivia la inseguridad ciudadana es un fen\u00f3meno muy preocupante para la poblaci\u00f3n urbana. Existen factores sociales de inseguridad ciudadana como: pobreza, desempleo, alcoholismo, desintegraci\u00f3n familiar, consumo de sustancias controladas, que [&hellip;]","og_url":"https:\/\/www.eldiario.net\/portal\/2023\/02\/27\/la-pobreza-como-factor-de-inseguridad-en-areas-urbanas\/","og_site_name":"El Diario - Bolivia","article_publisher":"https:\/\/www.facebook.com\/eldiario.bolivia\/","article_published_time":"2023-02-27T10:02:13+00:00","author":"Jeanette","twitter_card":"summary_large_image","twitter_creator":"@eldiario_net","twitter_site":"@eldiario_net","twitter_misc":{"Escrito por":"Jeanette","Tiempo de lectura":"3 minutos"},"schema":{"@context":"https:\/\/schema.org","@graph":[{"@type":"Article","@id":"https:\/\/www.eldiario.net\/portal\/2023\/02\/27\/la-pobreza-como-factor-de-inseguridad-en-areas-urbanas\/#article","isPartOf":{"@id":"https:\/\/www.eldiario.net\/portal\/2023\/02\/27\/la-pobreza-como-factor-de-inseguridad-en-areas-urbanas\/"},"author":{"name":"Jeanette","@id":"https:\/\/www.eldiario.net\/portal\/#\/schema\/person\/f46445640444750d7d753ccd04ae01b7"},"headline":"La pobreza como factor de inseguridad en \u00e1reas urbanas","datePublished":"2023-02-27T10:02:13+00:00","mainEntityOfPage":{"@id":"https:\/\/www.eldiario.net\/portal\/2023\/02\/27\/la-pobreza-como-factor-de-inseguridad-en-areas-urbanas\/"},"wordCount":533,"publisher":{"@id":"https:\/\/www.eldiario.net\/portal\/#organization"},"image":{"@id":"https:\/\/www.eldiario.net\/portal\/2023\/02\/27\/la-pobreza-como-factor-de-inseguridad-en-areas-urbanas\/#primaryimage"},"thumbnailUrl":"","articleSection":["Opini\u00f3n"],"inLanguage":"es"},{"@type":"WebPage","@id":"https:\/\/www.eldiario.net\/portal\/2023\/02\/27\/la-pobreza-como-factor-de-inseguridad-en-areas-urbanas\/","url":"https:\/\/www.eldiario.net\/portal\/2023\/02\/27\/la-pobreza-como-factor-de-inseguridad-en-areas-urbanas\/","name":"La pobreza como factor de inseguridad en \u00e1reas urbanas - El Diario - Bolivia","isPartOf":{"@id":"https:\/\/www.eldiario.net\/portal\/#website"},"primaryImageOfPage":{"@id":"https:\/\/www.eldiario.net\/portal\/2023\/02\/27\/la-pobreza-como-factor-de-inseguridad-en-areas-urbanas\/#primaryimage"},"image":{"@id":"https:\/\/www.eldiario.net\/portal\/2023\/02\/27\/la-pobreza-como-factor-de-inseguridad-en-areas-urbanas\/#primaryimage"},"thumbnailUrl":"","datePublished":"2023-02-27T10:02:13+00:00","breadcrumb":{"@id":"https:\/\/www.eldiario.net\/portal\/2023\/02\/27\/la-pobreza-como-factor-de-inseguridad-en-areas-urbanas\/#breadcrumb"},"inLanguage":"es","potentialAction":[{"@type":"ReadAction","target":["https:\/\/www.eldiario.net\/portal\/2023\/02\/27\/la-pobreza-como-factor-de-inseguridad-en-areas-urbanas\/"]}]},{"@type":"ImageObject","inLanguage":"es","@id":"https:\/\/www.eldiario.net\/portal\/2023\/02\/27\/la-pobreza-como-factor-de-inseguridad-en-areas-urbanas\/#primaryimage","url":"","contentUrl":""},{"@type":"BreadcrumbList","@id":"https:\/\/www.eldiario.net\/portal\/2023\/02\/27\/la-pobreza-como-factor-de-inseguridad-en-areas-urbanas\/#breadcrumb","itemListElement":[{"@type":"ListItem","position":1,"name":"Portada","item":"https:\/\/www.eldiario.net\/portal\/"},{"@type":"ListItem","position":2,"name":"La pobreza como factor de inseguridad en \u00e1reas urbanas"}]},{"@type":"WebSite","@id":"https:\/\/www.eldiario.net\/portal\/#website","url":"https:\/\/www.eldiario.net\/portal\/","name":"El Diario - Decano de la prensa nacional","description":"El Diario - Decano de la prensa nacional","publisher":{"@id":"https:\/\/www.eldiario.net\/portal\/#organization"},"potentialAction":[{"@type":"SearchAction","target":{"@type":"EntryPoint","urlTemplate":"https:\/\/www.eldiario.net\/portal\/?s={search_term_string}"},"query-input":{"@type":"PropertyValueSpecification","valueRequired":true,"valueName":"search_term_string"}}],"inLanguage":"es"},{"@type":"Organization","@id":"https:\/\/www.eldiario.net\/portal\/#organization","name":"El Diario - Decano de la prensa nacional","url":"https:\/\/www.eldiario.net\/portal\/","logo":{"@type":"ImageObject","inLanguage":"es","@id":"https:\/\/www.eldiario.net\/portal\/#\/schema\/logo\/image\/","url":"https:\/\/www.eldiario.net\/portal\/wp-content\/uploads\/2023\/07\/logo_ED.jpg","contentUrl":"https:\/\/www.eldiario.net\/portal\/wp-content\/uploads\/2023\/07\/logo_ED.jpg","width":272,"height":52,"caption":"El Diario - Decano de la prensa nacional"},"image":{"@id":"https:\/\/www.eldiario.net\/portal\/#\/schema\/logo\/image\/"},"sameAs":["https:\/\/www.facebook.com\/eldiario.bolivia\/","https:\/\/x.com\/eldiario_net"]},{"@type":"Person","@id":"https:\/\/www.eldiario.net\/portal\/#\/schema\/person\/f46445640444750d7d753ccd04ae01b7","name":"Jeanette","image":{"@type":"ImageObject","inLanguage":"es","@id":"https:\/\/secure.gravatar.com\/avatar\/3ea2118a5f7dad2b7138b1187a6b7ee55f160b9968b66013c3a3ef39dd7e5798?s=96&d=mm&r=g","url":"https:\/\/secure.gravatar.com\/avatar\/3ea2118a5f7dad2b7138b1187a6b7ee55f160b9968b66013c3a3ef39dd7e5798?s=96&d=mm&r=g","contentUrl":"https:\/\/secure.gravatar.com\/avatar\/3ea2118a5f7dad2b7138b1187a6b7ee55f160b9968b66013c3a3ef39dd7e5798?s=96&d=mm&r=g","caption":"Jeanette"},"sameAs":["https:\/\/www.eldiario.net\/portal"],"url":"https:\/\/www.eldiario.net\/portal\/author\/jeanette\/"}]}},"_links":{"self":[{"href":"https:\/\/www.eldiario.net\/portal\/wp-json\/wp\/v2\/posts\/140364","targetHints":{"allow":["GET"]}}],"collection":[{"href":"https:\/\/www.eldiario.net\/portal\/wp-json\/wp\/v2\/posts"}],"about":[{"href":"https:\/\/www.eldiario.net\/portal\/wp-json\/wp\/v2\/types\/post"}],"author":[{"embeddable":true,"href":"https:\/\/www.eldiario.net\/portal\/wp-json\/wp\/v2\/users\/1"}],"replies":[{"embeddable":true,"href":"https:\/\/www.eldiario.net\/portal\/wp-json\/wp\/v2\/comments?post=140364"}],"version-history":[{"count":0,"href":"https:\/\/www.eldiario.net\/portal\/wp-json\/wp\/v2\/posts\/140364\/revisions"}],"wp:attachment":[{"href":"https:\/\/www.eldiario.net\/portal\/wp-json\/wp\/v2\/media?parent=140364"}],"wp:term":[{"taxonomy":"category","embeddable":true,"href":"https:\/\/www.eldiario.net\/portal\/wp-json\/wp\/v2\/categories?post=140364"},{"taxonomy":"post_tag","embeddable":true,"href":"https:\/\/www.eldiario.net\/portal\/wp-json\/wp\/v2\/tags?post=140364"}],"curies":[{"name":"wp","href":"https:\/\/api.w.org\/{rel}","templated":true}]}}