{"id":140358,"date":"2023-02-27T05:59:58","date_gmt":"2023-02-27T09:59:58","guid":{"rendered":"https:\/\/www.eldiario.net\/portal\/?p=140358"},"modified":"2023-02-27T05:59:58","modified_gmt":"2023-02-27T09:59:58","slug":"la-idea-de-normalidad","status":"publish","type":"post","link":"https:\/\/www.eldiario.net\/portal\/2023\/02\/27\/la-idea-de-normalidad\/","title":{"rendered":"La idea de normalidad"},"content":{"rendered":"<p><em><strong>Francisco Arias Sol\u00eds<\/strong><\/em><\/p>\n<p>\u201c\u00bfTienen idea de una idea?\u201d, preguntaba Heinrich Heine: \u201c\u00bfQu\u00e9 es una idea?\u201d. Y nos cuenta que el \u201cel cochero Pattensen masculla a todas horas estas palabras: \u00a1es una idea! Pero se puso muy enfadado cuando le pregunt\u00e9 qu\u00e9 era para \u00e9l una idea. Y malhumorado, refunfu\u00f1aba: \u201c\u00a1Pues vaya, hombre, una idea es una idea! Una idea es una tonter\u00eda que se le mete a uno en la cabeza&#8230;\u201d. A estas ideas que se le meten a uno en la cabeza pertenecen, sin duda, las que se llaman ideas fijas, porque justamente fijarlas, dentro como fuera de la cabeza, es una tonter\u00eda.<br \/>\nA algunos cuando se les pregunt\u00f3 qu\u00e9 era para ellos la idea de normalidad, malhumorados, como el cochero Pattensen, refunfu\u00f1aban: \u201c\u00a1La normalidad es la normalidad!\u201d. Lo cual nos puede llevar a pensar que lo peor que le puede pasar a cualquiera es que las ideas que le pasan por la cabeza se le queden fijas en ella para entontecerlo por completo. Pues la ignorancia de la naturaleza mudable y corredora y hasta fugitiva de las ideas, es lo m\u00e1s peligroso de todo para el que las piensa: entre otras cosas porque se las apropia, porque cree que son suyas, de su propiedad particular.<br \/>\n\u201cTengo una idea\u201d, se suele decir, como si las ideas se las pudiese tener de ese modo, apropi\u00e1ndoselas. Y tambi\u00e9n se dice que se nos ocurre, o ha ocurrido, una idea, como si nos lo sac\u00e1semos de la cabeza. En tal caso, pensar\u00edamos que una idea que sale de la cabeza es una idea muerta. Y claro es que de ideas muertas se hacen los pasteles de ciertas \u201cideolog\u00edas\u201d. De esas ideolog\u00edas de la normalidad est\u00e1n hechos, o fabricados o prefabricados, sobre todo, los mejores pasteles de cierto tipo de pol\u00edtica.<br \/>\nPoniendo los ojos en esta Espa\u00f1a de hoy: \u00bfQu\u00e9 idea tenemos o nos hacemos de ella? \u00bfQu\u00e9 idea ten\u00eda de aquella Espa\u00f1a suya Mariano Larra, cuando preguntaba por ella como si la hubiera perdido, cuando preguntaba, en d\u00f3nde est\u00e1? \u00bfD\u00f3nde est\u00e1 la Espa\u00f1a?, se preguntaba Larra. Y notemos que \u00e9l dec\u00eda la Espa\u00f1a. Como si quisiera precisar y aclarar y distinguir mejor su idea, asegur\u00e1ndola con certeza, sin oscuridad, ni confusi\u00f3n ni duda. Pues, \u00bfqu\u00e9 Espa\u00f1a fue aqu\u00e9lla y que tiene que ver con \u00e9sta? Aqu\u00e9lla era una Espa\u00f1a a la que Larra articulaba y modulaba con un la mayor o menor, seg\u00fan los casos (y los casis, \u201ctoda Espa\u00f1a es un gran Casi mal disfrazado\u201d, escrib\u00eda).<br \/>\n\u201cNo vi nada\u201d \u2013concluye F\u00edgaro al despertar de su pesadilla- \u201csino el gran Casi por todas partes\u201d. Otros que no han despertado todav\u00eda, dicen: \u201cNo vi nada sino la normalidad por todas partes\u201d&#8230; La Espa\u00f1a de ayer y de hoy \u00bfd\u00f3nde est\u00e1? \u00bfEn un ma\u00f1ana del que dir\u00eda Lope que nunca ma\u00f1anea? \u201cSiempre ma\u00f1ana y nunca ma\u00f1anamos\u201d, escribi\u00f3 Lope.<\/p>\n","protected":false},"excerpt":{"rendered":"<p>Francisco Arias Sol\u00eds \u201c\u00bfTienen idea de una idea?\u201d, preguntaba Heinrich Heine: \u201c\u00bfQu\u00e9 es una idea?\u201d. Y nos cuenta que el \u201cel cochero Pattensen masculla a todas horas estas palabras: \u00a1es una idea! Pero se puso muy enfadado cuando le pregunt\u00e9 qu\u00e9 era para \u00e9l una idea. Y malhumorado, refunfu\u00f1aba: \u201c\u00a1Pues vaya, hombre, una idea es [&hellip;]<\/p>\n","protected":false},"author":1,"featured_media":0,"comment_status":"closed","ping_status":"closed","sticky":false,"template":"","format":"standard","meta":{"_acf_changed":false,"footnotes":""},"categories":[9],"tags":[],"class_list":["post-140358","post","type-post","status-publish","format-standard","category-opinion"],"acf":{"antetitulo":""},"yoast_head":"<!-- This site is optimized with the Yoast SEO plugin v28.4 - https:\/\/yoast.com\/product\/yoast-seo-wordpress\/ -->\n<title>La idea de normalidad - El Diario - Bolivia<\/title>\n<meta name=\"robots\" content=\"index, follow, max-snippet:-1, max-image-preview:large, max-video-preview:-1\" \/>\n<link rel=\"canonical\" href=\"https:\/\/www.eldiario.net\/portal\/2023\/02\/27\/la-idea-de-normalidad\/\" \/>\n<meta property=\"og:locale\" content=\"es_ES\" \/>\n<meta property=\"og:type\" content=\"article\" \/>\n<meta property=\"og:title\" content=\"La idea de normalidad - El Diario - Bolivia\" \/>\n<meta property=\"og:description\" content=\"Francisco Arias Sol\u00eds \u201c\u00bfTienen idea de una idea?\u201d, preguntaba Heinrich Heine: \u201c\u00bfQu\u00e9 es una idea?\u201d. Y nos cuenta que el \u201cel cochero Pattensen masculla a todas horas estas palabras: \u00a1es una idea! Pero se puso muy enfadado cuando le pregunt\u00e9 qu\u00e9 era para \u00e9l una idea. Y malhumorado, refunfu\u00f1aba: \u201c\u00a1Pues vaya, hombre, una idea es [&hellip;]\" \/>\n<meta property=\"og:url\" content=\"https:\/\/www.eldiario.net\/portal\/2023\/02\/27\/la-idea-de-normalidad\/\" \/>\n<meta property=\"og:site_name\" content=\"El Diario - Bolivia\" \/>\n<meta property=\"article:publisher\" content=\"https:\/\/www.facebook.com\/eldiario.bolivia\/\" \/>\n<meta property=\"article:published_time\" content=\"2023-02-27T09:59:58+00:00\" \/>\n<meta name=\"author\" content=\"Jeanette\" \/>\n<meta name=\"twitter:card\" content=\"summary_large_image\" \/>\n<meta name=\"twitter:creator\" content=\"@eldiario_net\" \/>\n<meta name=\"twitter:site\" content=\"@eldiario_net\" \/>\n<meta name=\"twitter:label1\" content=\"Escrito por\" \/>\n\t<meta name=\"twitter:data1\" content=\"Jeanette\" \/>\n\t<meta name=\"twitter:label2\" content=\"Tiempo de lectura\" \/>\n\t<meta name=\"twitter:data2\" content=\"3 minutos\" \/>\n<script type=\"application\/ld+json\" class=\"yoast-schema-graph\">{\"@context\":\"https:\\\/\\\/schema.org\",\"@graph\":[{\"@type\":\"Article\",\"@id\":\"https:\\\/\\\/www.eldiario.net\\\/portal\\\/2023\\\/02\\\/27\\\/la-idea-de-normalidad\\\/#article\",\"isPartOf\":{\"@id\":\"https:\\\/\\\/www.eldiario.net\\\/portal\\\/2023\\\/02\\\/27\\\/la-idea-de-normalidad\\\/\"},\"author\":{\"name\":\"Jeanette\",\"@id\":\"https:\\\/\\\/www.eldiario.net\\\/portal\\\/#\\\/schema\\\/person\\\/f46445640444750d7d753ccd04ae01b7\"},\"headline\":\"La idea de normalidad\",\"datePublished\":\"2023-02-27T09:59:58+00:00\",\"mainEntityOfPage\":{\"@id\":\"https:\\\/\\\/www.eldiario.net\\\/portal\\\/2023\\\/02\\\/27\\\/la-idea-de-normalidad\\\/\"},\"wordCount\":518,\"publisher\":{\"@id\":\"https:\\\/\\\/www.eldiario.net\\\/portal\\\/#organization\"},\"articleSection\":[\"Opini\u00f3n\"],\"inLanguage\":\"es\"},{\"@type\":\"WebPage\",\"@id\":\"https:\\\/\\\/www.eldiario.net\\\/portal\\\/2023\\\/02\\\/27\\\/la-idea-de-normalidad\\\/\",\"url\":\"https:\\\/\\\/www.eldiario.net\\\/portal\\\/2023\\\/02\\\/27\\\/la-idea-de-normalidad\\\/\",\"name\":\"La idea de normalidad - El Diario - Bolivia\",\"isPartOf\":{\"@id\":\"https:\\\/\\\/www.eldiario.net\\\/portal\\\/#website\"},\"datePublished\":\"2023-02-27T09:59:58+00:00\",\"breadcrumb\":{\"@id\":\"https:\\\/\\\/www.eldiario.net\\\/portal\\\/2023\\\/02\\\/27\\\/la-idea-de-normalidad\\\/#breadcrumb\"},\"inLanguage\":\"es\",\"potentialAction\":[{\"@type\":\"ReadAction\",\"target\":[\"https:\\\/\\\/www.eldiario.net\\\/portal\\\/2023\\\/02\\\/27\\\/la-idea-de-normalidad\\\/\"]}]},{\"@type\":\"BreadcrumbList\",\"@id\":\"https:\\\/\\\/www.eldiario.net\\\/portal\\\/2023\\\/02\\\/27\\\/la-idea-de-normalidad\\\/#breadcrumb\",\"itemListElement\":[{\"@type\":\"ListItem\",\"position\":1,\"name\":\"Portada\",\"item\":\"https:\\\/\\\/www.eldiario.net\\\/portal\\\/\"},{\"@type\":\"ListItem\",\"position\":2,\"name\":\"La idea de normalidad\"}]},{\"@type\":\"WebSite\",\"@id\":\"https:\\\/\\\/www.eldiario.net\\\/portal\\\/#website\",\"url\":\"https:\\\/\\\/www.eldiario.net\\\/portal\\\/\",\"name\":\"El Diario - Decano de la prensa nacional\",\"description\":\"El Diario - Decano de la prensa nacional\",\"publisher\":{\"@id\":\"https:\\\/\\\/www.eldiario.net\\\/portal\\\/#organization\"},\"potentialAction\":[{\"@type\":\"SearchAction\",\"target\":{\"@type\":\"EntryPoint\",\"urlTemplate\":\"https:\\\/\\\/www.eldiario.net\\\/portal\\\/?s={search_term_string}\"},\"query-input\":{\"@type\":\"PropertyValueSpecification\",\"valueRequired\":true,\"valueName\":\"search_term_string\"}}],\"inLanguage\":\"es\"},{\"@type\":\"Organization\",\"@id\":\"https:\\\/\\\/www.eldiario.net\\\/portal\\\/#organization\",\"name\":\"El Diario - Decano de la prensa nacional\",\"url\":\"https:\\\/\\\/www.eldiario.net\\\/portal\\\/\",\"logo\":{\"@type\":\"ImageObject\",\"inLanguage\":\"es\",\"@id\":\"https:\\\/\\\/www.eldiario.net\\\/portal\\\/#\\\/schema\\\/logo\\\/image\\\/\",\"url\":\"https:\\\/\\\/www.eldiario.net\\\/portal\\\/wp-content\\\/uploads\\\/2023\\\/07\\\/logo_ED.jpg\",\"contentUrl\":\"https:\\\/\\\/www.eldiario.net\\\/portal\\\/wp-content\\\/uploads\\\/2023\\\/07\\\/logo_ED.jpg\",\"width\":272,\"height\":52,\"caption\":\"El Diario - Decano de la prensa nacional\"},\"image\":{\"@id\":\"https:\\\/\\\/www.eldiario.net\\\/portal\\\/#\\\/schema\\\/logo\\\/image\\\/\"},\"sameAs\":[\"https:\\\/\\\/www.facebook.com\\\/eldiario.bolivia\\\/\",\"https:\\\/\\\/x.com\\\/eldiario_net\"]},{\"@type\":\"Person\",\"@id\":\"https:\\\/\\\/www.eldiario.net\\\/portal\\\/#\\\/schema\\\/person\\\/f46445640444750d7d753ccd04ae01b7\",\"name\":\"Jeanette\",\"image\":{\"@type\":\"ImageObject\",\"inLanguage\":\"es\",\"@id\":\"https:\\\/\\\/secure.gravatar.com\\\/avatar\\\/3ea2118a5f7dad2b7138b1187a6b7ee55f160b9968b66013c3a3ef39dd7e5798?s=96&d=mm&r=g\",\"url\":\"https:\\\/\\\/secure.gravatar.com\\\/avatar\\\/3ea2118a5f7dad2b7138b1187a6b7ee55f160b9968b66013c3a3ef39dd7e5798?s=96&d=mm&r=g\",\"contentUrl\":\"https:\\\/\\\/secure.gravatar.com\\\/avatar\\\/3ea2118a5f7dad2b7138b1187a6b7ee55f160b9968b66013c3a3ef39dd7e5798?s=96&d=mm&r=g\",\"caption\":\"Jeanette\"},\"sameAs\":[\"https:\\\/\\\/www.eldiario.net\\\/portal\"],\"url\":\"https:\\\/\\\/www.eldiario.net\\\/portal\\\/author\\\/jeanette\\\/\"}]}<\/script>\n<!-- \/ Yoast SEO plugin. -->","yoast_head_json":{"title":"La idea de normalidad - El Diario - Bolivia","robots":{"index":"index","follow":"follow","max-snippet":"max-snippet:-1","max-image-preview":"max-image-preview:large","max-video-preview":"max-video-preview:-1"},"canonical":"https:\/\/www.eldiario.net\/portal\/2023\/02\/27\/la-idea-de-normalidad\/","og_locale":"es_ES","og_type":"article","og_title":"La idea de normalidad - El Diario - Bolivia","og_description":"Francisco Arias Sol\u00eds \u201c\u00bfTienen idea de una idea?\u201d, preguntaba Heinrich Heine: \u201c\u00bfQu\u00e9 es una idea?\u201d. Y nos cuenta que el \u201cel cochero Pattensen masculla a todas horas estas palabras: \u00a1es una idea! Pero se puso muy enfadado cuando le pregunt\u00e9 qu\u00e9 era para \u00e9l una idea. Y malhumorado, refunfu\u00f1aba: \u201c\u00a1Pues vaya, hombre, una idea es [&hellip;]","og_url":"https:\/\/www.eldiario.net\/portal\/2023\/02\/27\/la-idea-de-normalidad\/","og_site_name":"El Diario - Bolivia","article_publisher":"https:\/\/www.facebook.com\/eldiario.bolivia\/","article_published_time":"2023-02-27T09:59:58+00:00","author":"Jeanette","twitter_card":"summary_large_image","twitter_creator":"@eldiario_net","twitter_site":"@eldiario_net","twitter_misc":{"Escrito por":"Jeanette","Tiempo de lectura":"3 minutos"},"schema":{"@context":"https:\/\/schema.org","@graph":[{"@type":"Article","@id":"https:\/\/www.eldiario.net\/portal\/2023\/02\/27\/la-idea-de-normalidad\/#article","isPartOf":{"@id":"https:\/\/www.eldiario.net\/portal\/2023\/02\/27\/la-idea-de-normalidad\/"},"author":{"name":"Jeanette","@id":"https:\/\/www.eldiario.net\/portal\/#\/schema\/person\/f46445640444750d7d753ccd04ae01b7"},"headline":"La idea de normalidad","datePublished":"2023-02-27T09:59:58+00:00","mainEntityOfPage":{"@id":"https:\/\/www.eldiario.net\/portal\/2023\/02\/27\/la-idea-de-normalidad\/"},"wordCount":518,"publisher":{"@id":"https:\/\/www.eldiario.net\/portal\/#organization"},"articleSection":["Opini\u00f3n"],"inLanguage":"es"},{"@type":"WebPage","@id":"https:\/\/www.eldiario.net\/portal\/2023\/02\/27\/la-idea-de-normalidad\/","url":"https:\/\/www.eldiario.net\/portal\/2023\/02\/27\/la-idea-de-normalidad\/","name":"La idea de normalidad - El Diario - Bolivia","isPartOf":{"@id":"https:\/\/www.eldiario.net\/portal\/#website"},"datePublished":"2023-02-27T09:59:58+00:00","breadcrumb":{"@id":"https:\/\/www.eldiario.net\/portal\/2023\/02\/27\/la-idea-de-normalidad\/#breadcrumb"},"inLanguage":"es","potentialAction":[{"@type":"ReadAction","target":["https:\/\/www.eldiario.net\/portal\/2023\/02\/27\/la-idea-de-normalidad\/"]}]},{"@type":"BreadcrumbList","@id":"https:\/\/www.eldiario.net\/portal\/2023\/02\/27\/la-idea-de-normalidad\/#breadcrumb","itemListElement":[{"@type":"ListItem","position":1,"name":"Portada","item":"https:\/\/www.eldiario.net\/portal\/"},{"@type":"ListItem","position":2,"name":"La idea de normalidad"}]},{"@type":"WebSite","@id":"https:\/\/www.eldiario.net\/portal\/#website","url":"https:\/\/www.eldiario.net\/portal\/","name":"El Diario - Decano de la prensa nacional","description":"El Diario - Decano de la prensa nacional","publisher":{"@id":"https:\/\/www.eldiario.net\/portal\/#organization"},"potentialAction":[{"@type":"SearchAction","target":{"@type":"EntryPoint","urlTemplate":"https:\/\/www.eldiario.net\/portal\/?s={search_term_string}"},"query-input":{"@type":"PropertyValueSpecification","valueRequired":true,"valueName":"search_term_string"}}],"inLanguage":"es"},{"@type":"Organization","@id":"https:\/\/www.eldiario.net\/portal\/#organization","name":"El Diario - Decano de la prensa nacional","url":"https:\/\/www.eldiario.net\/portal\/","logo":{"@type":"ImageObject","inLanguage":"es","@id":"https:\/\/www.eldiario.net\/portal\/#\/schema\/logo\/image\/","url":"https:\/\/www.eldiario.net\/portal\/wp-content\/uploads\/2023\/07\/logo_ED.jpg","contentUrl":"https:\/\/www.eldiario.net\/portal\/wp-content\/uploads\/2023\/07\/logo_ED.jpg","width":272,"height":52,"caption":"El Diario - Decano de la prensa nacional"},"image":{"@id":"https:\/\/www.eldiario.net\/portal\/#\/schema\/logo\/image\/"},"sameAs":["https:\/\/www.facebook.com\/eldiario.bolivia\/","https:\/\/x.com\/eldiario_net"]},{"@type":"Person","@id":"https:\/\/www.eldiario.net\/portal\/#\/schema\/person\/f46445640444750d7d753ccd04ae01b7","name":"Jeanette","image":{"@type":"ImageObject","inLanguage":"es","@id":"https:\/\/secure.gravatar.com\/avatar\/3ea2118a5f7dad2b7138b1187a6b7ee55f160b9968b66013c3a3ef39dd7e5798?s=96&d=mm&r=g","url":"https:\/\/secure.gravatar.com\/avatar\/3ea2118a5f7dad2b7138b1187a6b7ee55f160b9968b66013c3a3ef39dd7e5798?s=96&d=mm&r=g","contentUrl":"https:\/\/secure.gravatar.com\/avatar\/3ea2118a5f7dad2b7138b1187a6b7ee55f160b9968b66013c3a3ef39dd7e5798?s=96&d=mm&r=g","caption":"Jeanette"},"sameAs":["https:\/\/www.eldiario.net\/portal"],"url":"https:\/\/www.eldiario.net\/portal\/author\/jeanette\/"}]}},"_links":{"self":[{"href":"https:\/\/www.eldiario.net\/portal\/wp-json\/wp\/v2\/posts\/140358","targetHints":{"allow":["GET"]}}],"collection":[{"href":"https:\/\/www.eldiario.net\/portal\/wp-json\/wp\/v2\/posts"}],"about":[{"href":"https:\/\/www.eldiario.net\/portal\/wp-json\/wp\/v2\/types\/post"}],"author":[{"embeddable":true,"href":"https:\/\/www.eldiario.net\/portal\/wp-json\/wp\/v2\/users\/1"}],"replies":[{"embeddable":true,"href":"https:\/\/www.eldiario.net\/portal\/wp-json\/wp\/v2\/comments?post=140358"}],"version-history":[{"count":0,"href":"https:\/\/www.eldiario.net\/portal\/wp-json\/wp\/v2\/posts\/140358\/revisions"}],"wp:attachment":[{"href":"https:\/\/www.eldiario.net\/portal\/wp-json\/wp\/v2\/media?parent=140358"}],"wp:term":[{"taxonomy":"category","embeddable":true,"href":"https:\/\/www.eldiario.net\/portal\/wp-json\/wp\/v2\/categories?post=140358"},{"taxonomy":"post_tag","embeddable":true,"href":"https:\/\/www.eldiario.net\/portal\/wp-json\/wp\/v2\/tags?post=140358"}],"curies":[{"name":"wp","href":"https:\/\/api.w.org\/{rel}","templated":true}]}}