{"id":140355,"date":"2023-02-27T05:59:23","date_gmt":"2023-02-27T09:59:23","guid":{"rendered":"https:\/\/www.eldiario.net\/portal\/?p=140355"},"modified":"2023-02-27T05:59:23","modified_gmt":"2023-02-27T09:59:23","slug":"santa-cruz-de-la-sierra-recordo-los-462-anos-de-su-fundacion","status":"publish","type":"post","link":"https:\/\/www.eldiario.net\/portal\/2023\/02\/27\/santa-cruz-de-la-sierra-recordo-los-462-anos-de-su-fundacion\/","title":{"rendered":"Santa Cruz de la Sierra record\u00f3 los 462 a\u00f1os de su fundaci\u00f3n"},"content":{"rendered":"<p>Santa Cruz de la Sierra estuvo de aniversario, sus habitantes conmemoran los 462 a\u00f1os de su fundaci\u00f3n. Autoridades locales y departamentales, por separado, realizaron una ofrenda floral, ocasi\u00f3n en que flame\u00f3 en lo alto su bandera, como parte de los actos protocolares de la fecha regional.<br \/>\nLa Alcald\u00eda de Santa Cruz de la Sierra instal\u00f3 un acto en la plaza \u00d1uflo de Ch\u00e1vez de la ciudad, a la cabeza del alcalde Jhonny Fern\u00e1ndez, quien resalt\u00f3 que el homenaje no solo se extiende a los fundadores de la regi\u00f3n, sino tambi\u00e9n a quienes vinieron despu\u00e9s y ya no est\u00e1n, por lo que se debe asumir el compromiso de estos y por ello buscar la unidad de los pueblos.<br \/>\n\u201dHoy es cuando m\u00e1s Santa Cruz necesita la unidad de los cruce\u00f1os, por eso el mejor honor que podemos rendir es ese. Nosotros aportamos al erario nacional con la mayor parte de los ingresos econ\u00f3micos, pero es hora que multipliquemos ese esfuerzo entre todas las instituciones\u201d, apunt\u00f3 el burgomaestre.<br \/>\nFern\u00e1ndez hizo de esta manera un llamado al di\u00e1logo entre los diferentes actores de la sociedad, resaltando que esto es lo que debe prevalecer.<\/p>\n<p>EN SAN JOS\u00c9<br \/>\nDE CHIQUITOS<br \/>\nMientras que las autoridades de la Asamblea Legislativa Departamental se trasladaron hasta el municipio de San Jos\u00e9 de Chiquitos, regi\u00f3n en la que se fund\u00f3 Santa Cruz de la Sierra, en la zona que hoy se conoce como el r\u00edo Sut\u00f3.<br \/>\nPrevio a estos actos, tambi\u00e9n se llev\u00f3 adelante la sesi\u00f3n de honor del Legislativo departamental y local, el d\u00eda viernes. Del mismo modo, se instal\u00f3 la Asamblea de la Cruce\u00f1idad en el Comit\u00e9 pro Santa Cruz donde tambi\u00e9n se rindieron honores y juraron los nuevos dirigentes c\u00edvicos.<br \/>\nLa ciudad de Santa Cruz de la Sierra fue fundada el 26 de febrero de 1561 por \u00d1uflo de Ch\u00e1vez, tras una expedici\u00f3n integrada por 158 soldados que partieron desde la ciudad de Asunci\u00f3n, actualmente capital paraguaya. (Santa Cruz, Unitel)<\/p>\n","protected":false},"excerpt":{"rendered":"<p>Santa Cruz de la Sierra estuvo de aniversario, sus habitantes conmemoran los 462 a\u00f1os de su fundaci\u00f3n. Autoridades locales y departamentales, por separado, realizaron una ofrenda floral, ocasi\u00f3n en que flame\u00f3 en lo alto su bandera, como parte de los actos protocolares de la fecha regional. La Alcald\u00eda de Santa Cruz de la Sierra instal\u00f3 [&hellip;]<\/p>\n","protected":false},"author":1,"featured_media":140356,"comment_status":"closed","ping_status":"closed","sticky":false,"template":"","format":"standard","meta":{"_acf_changed":false,"footnotes":""},"categories":[12],"tags":[],"class_list":["post-140355","post","type-post","status-publish","format-standard","has-post-thumbnail","category-nacional"],"acf":{"antetitulo":""},"yoast_head":"<!-- This site is optimized with the Yoast SEO plugin v28.4 - https:\/\/yoast.com\/product\/yoast-seo-wordpress\/ -->\n<title>Santa Cruz de la Sierra record\u00f3 los 462 a\u00f1os de su fundaci\u00f3n - El Diario - Bolivia<\/title>\n<meta name=\"robots\" content=\"index, follow, max-snippet:-1, max-image-preview:large, max-video-preview:-1\" \/>\n<link rel=\"canonical\" href=\"https:\/\/www.eldiario.net\/portal\/2023\/02\/27\/santa-cruz-de-la-sierra-recordo-los-462-anos-de-su-fundacion\/\" \/>\n<meta property=\"og:locale\" content=\"es_ES\" \/>\n<meta property=\"og:type\" content=\"article\" \/>\n<meta property=\"og:title\" content=\"Santa Cruz de la Sierra record\u00f3 los 462 a\u00f1os de su fundaci\u00f3n - El Diario - Bolivia\" \/>\n<meta property=\"og:description\" content=\"Santa Cruz de la Sierra estuvo de aniversario, sus habitantes conmemoran los 462 a\u00f1os de su fundaci\u00f3n. Autoridades locales y departamentales, por separado, realizaron una ofrenda floral, ocasi\u00f3n en que flame\u00f3 en lo alto su bandera, como parte de los actos protocolares de la fecha regional. La Alcald\u00eda de Santa Cruz de la Sierra instal\u00f3 [&hellip;]\" \/>\n<meta property=\"og:url\" content=\"https:\/\/www.eldiario.net\/portal\/2023\/02\/27\/santa-cruz-de-la-sierra-recordo-los-462-anos-de-su-fundacion\/\" \/>\n<meta property=\"og:site_name\" content=\"El Diario - Bolivia\" \/>\n<meta property=\"article:publisher\" content=\"https:\/\/www.facebook.com\/eldiario.bolivia\/\" \/>\n<meta property=\"article:published_time\" content=\"2023-02-27T09:59:23+00:00\" \/>\n<meta name=\"author\" content=\"Jeanette\" \/>\n<meta name=\"twitter:card\" content=\"summary_large_image\" \/>\n<meta name=\"twitter:creator\" content=\"@eldiario_net\" \/>\n<meta name=\"twitter:site\" content=\"@eldiario_net\" \/>\n<meta name=\"twitter:label1\" content=\"Escrito por\" \/>\n\t<meta name=\"twitter:data1\" content=\"Jeanette\" \/>\n\t<meta name=\"twitter:label2\" content=\"Tiempo de lectura\" \/>\n\t<meta name=\"twitter:data2\" content=\"2 minutos\" \/>\n<script type=\"application\/ld+json\" class=\"yoast-schema-graph\">{\"@context\":\"https:\\\/\\\/schema.org\",\"@graph\":[{\"@type\":\"Article\",\"@id\":\"https:\\\/\\\/www.eldiario.net\\\/portal\\\/2023\\\/02\\\/27\\\/santa-cruz-de-la-sierra-recordo-los-462-anos-de-su-fundacion\\\/#article\",\"isPartOf\":{\"@id\":\"https:\\\/\\\/www.eldiario.net\\\/portal\\\/2023\\\/02\\\/27\\\/santa-cruz-de-la-sierra-recordo-los-462-anos-de-su-fundacion\\\/\"},\"author\":{\"name\":\"Jeanette\",\"@id\":\"https:\\\/\\\/www.eldiario.net\\\/portal\\\/#\\\/schema\\\/person\\\/f46445640444750d7d753ccd04ae01b7\"},\"headline\":\"Santa Cruz de la Sierra record\u00f3 los 462 a\u00f1os de su fundaci\u00f3n\",\"datePublished\":\"2023-02-27T09:59:23+00:00\",\"mainEntityOfPage\":{\"@id\":\"https:\\\/\\\/www.eldiario.net\\\/portal\\\/2023\\\/02\\\/27\\\/santa-cruz-de-la-sierra-recordo-los-462-anos-de-su-fundacion\\\/\"},\"wordCount\":358,\"publisher\":{\"@id\":\"https:\\\/\\\/www.eldiario.net\\\/portal\\\/#organization\"},\"image\":{\"@id\":\"https:\\\/\\\/www.eldiario.net\\\/portal\\\/2023\\\/02\\\/27\\\/santa-cruz-de-la-sierra-recordo-los-462-anos-de-su-fundacion\\\/#primaryimage\"},\"thumbnailUrl\":\"\",\"articleSection\":[\"Nacional\"],\"inLanguage\":\"es\"},{\"@type\":\"WebPage\",\"@id\":\"https:\\\/\\\/www.eldiario.net\\\/portal\\\/2023\\\/02\\\/27\\\/santa-cruz-de-la-sierra-recordo-los-462-anos-de-su-fundacion\\\/\",\"url\":\"https:\\\/\\\/www.eldiario.net\\\/portal\\\/2023\\\/02\\\/27\\\/santa-cruz-de-la-sierra-recordo-los-462-anos-de-su-fundacion\\\/\",\"name\":\"Santa Cruz de la Sierra record\u00f3 los 462 a\u00f1os de su fundaci\u00f3n - El Diario - Bolivia\",\"isPartOf\":{\"@id\":\"https:\\\/\\\/www.eldiario.net\\\/portal\\\/#website\"},\"primaryImageOfPage\":{\"@id\":\"https:\\\/\\\/www.eldiario.net\\\/portal\\\/2023\\\/02\\\/27\\\/santa-cruz-de-la-sierra-recordo-los-462-anos-de-su-fundacion\\\/#primaryimage\"},\"image\":{\"@id\":\"https:\\\/\\\/www.eldiario.net\\\/portal\\\/2023\\\/02\\\/27\\\/santa-cruz-de-la-sierra-recordo-los-462-anos-de-su-fundacion\\\/#primaryimage\"},\"thumbnailUrl\":\"\",\"datePublished\":\"2023-02-27T09:59:23+00:00\",\"breadcrumb\":{\"@id\":\"https:\\\/\\\/www.eldiario.net\\\/portal\\\/2023\\\/02\\\/27\\\/santa-cruz-de-la-sierra-recordo-los-462-anos-de-su-fundacion\\\/#breadcrumb\"},\"inLanguage\":\"es\",\"potentialAction\":[{\"@type\":\"ReadAction\",\"target\":[\"https:\\\/\\\/www.eldiario.net\\\/portal\\\/2023\\\/02\\\/27\\\/santa-cruz-de-la-sierra-recordo-los-462-anos-de-su-fundacion\\\/\"]}]},{\"@type\":\"ImageObject\",\"inLanguage\":\"es\",\"@id\":\"https:\\\/\\\/www.eldiario.net\\\/portal\\\/2023\\\/02\\\/27\\\/santa-cruz-de-la-sierra-recordo-los-462-anos-de-su-fundacion\\\/#primaryimage\",\"url\":\"\",\"contentUrl\":\"\"},{\"@type\":\"BreadcrumbList\",\"@id\":\"https:\\\/\\\/www.eldiario.net\\\/portal\\\/2023\\\/02\\\/27\\\/santa-cruz-de-la-sierra-recordo-los-462-anos-de-su-fundacion\\\/#breadcrumb\",\"itemListElement\":[{\"@type\":\"ListItem\",\"position\":1,\"name\":\"Portada\",\"item\":\"https:\\\/\\\/www.eldiario.net\\\/portal\\\/\"},{\"@type\":\"ListItem\",\"position\":2,\"name\":\"Santa Cruz de la Sierra record\u00f3 los 462 a\u00f1os de su fundaci\u00f3n\"}]},{\"@type\":\"WebSite\",\"@id\":\"https:\\\/\\\/www.eldiario.net\\\/portal\\\/#website\",\"url\":\"https:\\\/\\\/www.eldiario.net\\\/portal\\\/\",\"name\":\"El Diario - Decano de la prensa nacional\",\"description\":\"El Diario - Decano de la prensa nacional\",\"publisher\":{\"@id\":\"https:\\\/\\\/www.eldiario.net\\\/portal\\\/#organization\"},\"potentialAction\":[{\"@type\":\"SearchAction\",\"target\":{\"@type\":\"EntryPoint\",\"urlTemplate\":\"https:\\\/\\\/www.eldiario.net\\\/portal\\\/?s={search_term_string}\"},\"query-input\":{\"@type\":\"PropertyValueSpecification\",\"valueRequired\":true,\"valueName\":\"search_term_string\"}}],\"inLanguage\":\"es\"},{\"@type\":\"Organization\",\"@id\":\"https:\\\/\\\/www.eldiario.net\\\/portal\\\/#organization\",\"name\":\"El Diario - Decano de la prensa nacional\",\"url\":\"https:\\\/\\\/www.eldiario.net\\\/portal\\\/\",\"logo\":{\"@type\":\"ImageObject\",\"inLanguage\":\"es\",\"@id\":\"https:\\\/\\\/www.eldiario.net\\\/portal\\\/#\\\/schema\\\/logo\\\/image\\\/\",\"url\":\"https:\\\/\\\/www.eldiario.net\\\/portal\\\/wp-content\\\/uploads\\\/2023\\\/07\\\/logo_ED.jpg\",\"contentUrl\":\"https:\\\/\\\/www.eldiario.net\\\/portal\\\/wp-content\\\/uploads\\\/2023\\\/07\\\/logo_ED.jpg\",\"width\":272,\"height\":52,\"caption\":\"El Diario - Decano de la prensa nacional\"},\"image\":{\"@id\":\"https:\\\/\\\/www.eldiario.net\\\/portal\\\/#\\\/schema\\\/logo\\\/image\\\/\"},\"sameAs\":[\"https:\\\/\\\/www.facebook.com\\\/eldiario.bolivia\\\/\",\"https:\\\/\\\/x.com\\\/eldiario_net\"]},{\"@type\":\"Person\",\"@id\":\"https:\\\/\\\/www.eldiario.net\\\/portal\\\/#\\\/schema\\\/person\\\/f46445640444750d7d753ccd04ae01b7\",\"name\":\"Jeanette\",\"image\":{\"@type\":\"ImageObject\",\"inLanguage\":\"es\",\"@id\":\"https:\\\/\\\/secure.gravatar.com\\\/avatar\\\/3ea2118a5f7dad2b7138b1187a6b7ee55f160b9968b66013c3a3ef39dd7e5798?s=96&d=mm&r=g\",\"url\":\"https:\\\/\\\/secure.gravatar.com\\\/avatar\\\/3ea2118a5f7dad2b7138b1187a6b7ee55f160b9968b66013c3a3ef39dd7e5798?s=96&d=mm&r=g\",\"contentUrl\":\"https:\\\/\\\/secure.gravatar.com\\\/avatar\\\/3ea2118a5f7dad2b7138b1187a6b7ee55f160b9968b66013c3a3ef39dd7e5798?s=96&d=mm&r=g\",\"caption\":\"Jeanette\"},\"sameAs\":[\"https:\\\/\\\/www.eldiario.net\\\/portal\"],\"url\":\"https:\\\/\\\/www.eldiario.net\\\/portal\\\/author\\\/jeanette\\\/\"}]}<\/script>\n<!-- \/ Yoast SEO plugin. -->","yoast_head_json":{"title":"Santa Cruz de la Sierra record\u00f3 los 462 a\u00f1os de su fundaci\u00f3n - El Diario - Bolivia","robots":{"index":"index","follow":"follow","max-snippet":"max-snippet:-1","max-image-preview":"max-image-preview:large","max-video-preview":"max-video-preview:-1"},"canonical":"https:\/\/www.eldiario.net\/portal\/2023\/02\/27\/santa-cruz-de-la-sierra-recordo-los-462-anos-de-su-fundacion\/","og_locale":"es_ES","og_type":"article","og_title":"Santa Cruz de la Sierra record\u00f3 los 462 a\u00f1os de su fundaci\u00f3n - El Diario - Bolivia","og_description":"Santa Cruz de la Sierra estuvo de aniversario, sus habitantes conmemoran los 462 a\u00f1os de su fundaci\u00f3n. Autoridades locales y departamentales, por separado, realizaron una ofrenda floral, ocasi\u00f3n en que flame\u00f3 en lo alto su bandera, como parte de los actos protocolares de la fecha regional. La Alcald\u00eda de Santa Cruz de la Sierra instal\u00f3 [&hellip;]","og_url":"https:\/\/www.eldiario.net\/portal\/2023\/02\/27\/santa-cruz-de-la-sierra-recordo-los-462-anos-de-su-fundacion\/","og_site_name":"El Diario - Bolivia","article_publisher":"https:\/\/www.facebook.com\/eldiario.bolivia\/","article_published_time":"2023-02-27T09:59:23+00:00","author":"Jeanette","twitter_card":"summary_large_image","twitter_creator":"@eldiario_net","twitter_site":"@eldiario_net","twitter_misc":{"Escrito por":"Jeanette","Tiempo de lectura":"2 minutos"},"schema":{"@context":"https:\/\/schema.org","@graph":[{"@type":"Article","@id":"https:\/\/www.eldiario.net\/portal\/2023\/02\/27\/santa-cruz-de-la-sierra-recordo-los-462-anos-de-su-fundacion\/#article","isPartOf":{"@id":"https:\/\/www.eldiario.net\/portal\/2023\/02\/27\/santa-cruz-de-la-sierra-recordo-los-462-anos-de-su-fundacion\/"},"author":{"name":"Jeanette","@id":"https:\/\/www.eldiario.net\/portal\/#\/schema\/person\/f46445640444750d7d753ccd04ae01b7"},"headline":"Santa Cruz de la Sierra record\u00f3 los 462 a\u00f1os de su fundaci\u00f3n","datePublished":"2023-02-27T09:59:23+00:00","mainEntityOfPage":{"@id":"https:\/\/www.eldiario.net\/portal\/2023\/02\/27\/santa-cruz-de-la-sierra-recordo-los-462-anos-de-su-fundacion\/"},"wordCount":358,"publisher":{"@id":"https:\/\/www.eldiario.net\/portal\/#organization"},"image":{"@id":"https:\/\/www.eldiario.net\/portal\/2023\/02\/27\/santa-cruz-de-la-sierra-recordo-los-462-anos-de-su-fundacion\/#primaryimage"},"thumbnailUrl":"","articleSection":["Nacional"],"inLanguage":"es"},{"@type":"WebPage","@id":"https:\/\/www.eldiario.net\/portal\/2023\/02\/27\/santa-cruz-de-la-sierra-recordo-los-462-anos-de-su-fundacion\/","url":"https:\/\/www.eldiario.net\/portal\/2023\/02\/27\/santa-cruz-de-la-sierra-recordo-los-462-anos-de-su-fundacion\/","name":"Santa Cruz de la Sierra record\u00f3 los 462 a\u00f1os de su fundaci\u00f3n - El Diario - Bolivia","isPartOf":{"@id":"https:\/\/www.eldiario.net\/portal\/#website"},"primaryImageOfPage":{"@id":"https:\/\/www.eldiario.net\/portal\/2023\/02\/27\/santa-cruz-de-la-sierra-recordo-los-462-anos-de-su-fundacion\/#primaryimage"},"image":{"@id":"https:\/\/www.eldiario.net\/portal\/2023\/02\/27\/santa-cruz-de-la-sierra-recordo-los-462-anos-de-su-fundacion\/#primaryimage"},"thumbnailUrl":"","datePublished":"2023-02-27T09:59:23+00:00","breadcrumb":{"@id":"https:\/\/www.eldiario.net\/portal\/2023\/02\/27\/santa-cruz-de-la-sierra-recordo-los-462-anos-de-su-fundacion\/#breadcrumb"},"inLanguage":"es","potentialAction":[{"@type":"ReadAction","target":["https:\/\/www.eldiario.net\/portal\/2023\/02\/27\/santa-cruz-de-la-sierra-recordo-los-462-anos-de-su-fundacion\/"]}]},{"@type":"ImageObject","inLanguage":"es","@id":"https:\/\/www.eldiario.net\/portal\/2023\/02\/27\/santa-cruz-de-la-sierra-recordo-los-462-anos-de-su-fundacion\/#primaryimage","url":"","contentUrl":""},{"@type":"BreadcrumbList","@id":"https:\/\/www.eldiario.net\/portal\/2023\/02\/27\/santa-cruz-de-la-sierra-recordo-los-462-anos-de-su-fundacion\/#breadcrumb","itemListElement":[{"@type":"ListItem","position":1,"name":"Portada","item":"https:\/\/www.eldiario.net\/portal\/"},{"@type":"ListItem","position":2,"name":"Santa Cruz de la Sierra record\u00f3 los 462 a\u00f1os de su fundaci\u00f3n"}]},{"@type":"WebSite","@id":"https:\/\/www.eldiario.net\/portal\/#website","url":"https:\/\/www.eldiario.net\/portal\/","name":"El Diario - Decano de la prensa nacional","description":"El Diario - Decano de la prensa nacional","publisher":{"@id":"https:\/\/www.eldiario.net\/portal\/#organization"},"potentialAction":[{"@type":"SearchAction","target":{"@type":"EntryPoint","urlTemplate":"https:\/\/www.eldiario.net\/portal\/?s={search_term_string}"},"query-input":{"@type":"PropertyValueSpecification","valueRequired":true,"valueName":"search_term_string"}}],"inLanguage":"es"},{"@type":"Organization","@id":"https:\/\/www.eldiario.net\/portal\/#organization","name":"El Diario - Decano de la prensa nacional","url":"https:\/\/www.eldiario.net\/portal\/","logo":{"@type":"ImageObject","inLanguage":"es","@id":"https:\/\/www.eldiario.net\/portal\/#\/schema\/logo\/image\/","url":"https:\/\/www.eldiario.net\/portal\/wp-content\/uploads\/2023\/07\/logo_ED.jpg","contentUrl":"https:\/\/www.eldiario.net\/portal\/wp-content\/uploads\/2023\/07\/logo_ED.jpg","width":272,"height":52,"caption":"El Diario - Decano de la prensa nacional"},"image":{"@id":"https:\/\/www.eldiario.net\/portal\/#\/schema\/logo\/image\/"},"sameAs":["https:\/\/www.facebook.com\/eldiario.bolivia\/","https:\/\/x.com\/eldiario_net"]},{"@type":"Person","@id":"https:\/\/www.eldiario.net\/portal\/#\/schema\/person\/f46445640444750d7d753ccd04ae01b7","name":"Jeanette","image":{"@type":"ImageObject","inLanguage":"es","@id":"https:\/\/secure.gravatar.com\/avatar\/3ea2118a5f7dad2b7138b1187a6b7ee55f160b9968b66013c3a3ef39dd7e5798?s=96&d=mm&r=g","url":"https:\/\/secure.gravatar.com\/avatar\/3ea2118a5f7dad2b7138b1187a6b7ee55f160b9968b66013c3a3ef39dd7e5798?s=96&d=mm&r=g","contentUrl":"https:\/\/secure.gravatar.com\/avatar\/3ea2118a5f7dad2b7138b1187a6b7ee55f160b9968b66013c3a3ef39dd7e5798?s=96&d=mm&r=g","caption":"Jeanette"},"sameAs":["https:\/\/www.eldiario.net\/portal"],"url":"https:\/\/www.eldiario.net\/portal\/author\/jeanette\/"}]}},"_links":{"self":[{"href":"https:\/\/www.eldiario.net\/portal\/wp-json\/wp\/v2\/posts\/140355","targetHints":{"allow":["GET"]}}],"collection":[{"href":"https:\/\/www.eldiario.net\/portal\/wp-json\/wp\/v2\/posts"}],"about":[{"href":"https:\/\/www.eldiario.net\/portal\/wp-json\/wp\/v2\/types\/post"}],"author":[{"embeddable":true,"href":"https:\/\/www.eldiario.net\/portal\/wp-json\/wp\/v2\/users\/1"}],"replies":[{"embeddable":true,"href":"https:\/\/www.eldiario.net\/portal\/wp-json\/wp\/v2\/comments?post=140355"}],"version-history":[{"count":0,"href":"https:\/\/www.eldiario.net\/portal\/wp-json\/wp\/v2\/posts\/140355\/revisions"}],"wp:attachment":[{"href":"https:\/\/www.eldiario.net\/portal\/wp-json\/wp\/v2\/media?parent=140355"}],"wp:term":[{"taxonomy":"category","embeddable":true,"href":"https:\/\/www.eldiario.net\/portal\/wp-json\/wp\/v2\/categories?post=140355"},{"taxonomy":"post_tag","embeddable":true,"href":"https:\/\/www.eldiario.net\/portal\/wp-json\/wp\/v2\/tags?post=140355"}],"curies":[{"name":"wp","href":"https:\/\/api.w.org\/{rel}","templated":true}]}}