{"id":140352,"date":"2023-02-27T05:58:35","date_gmt":"2023-02-27T09:58:35","guid":{"rendered":"https:\/\/www.eldiario.net\/portal\/?p=140352"},"modified":"2023-02-27T05:58:35","modified_gmt":"2023-02-27T09:58:35","slug":"jhonathan-acosta-fue-rescatado-despues-de-un-mes-desaparecido-en-la-selva-baures","status":"publish","type":"post","link":"https:\/\/www.eldiario.net\/portal\/2023\/02\/27\/jhonathan-acosta-fue-rescatado-despues-de-un-mes-desaparecido-en-la-selva-baures\/","title":{"rendered":"Jhonathan Acosta fue rescatado despu\u00e9s   de un mes desaparecido en la selva Baures"},"content":{"rendered":"<p>Lo que ocurri\u00f3 este 25 de febrero para muchos fue milagroso, su familia afirma que nunca perdi\u00f3 la esperanza. Jhonathan Acosta, el hombre que hace 30 d\u00edas se perdi\u00f3 en la selva Baures, donde se hab\u00eda internado con sus amigos para cazar, fue finalmente rescatado.<br \/>\n\u201cSiempre tuvimos fe. Lastimosamente no estaba con machete, ni cuchillo y su escopeta estaba destrozada, pero de alguna manera estaba aliment\u00e1ndose. Mil gracias a todos\u201d, manifest\u00f3 Omar Acosta, a Noti Baures TV.<br \/>\nLa desaparici\u00f3n de Jhonathan fue reportada el 25 de enero en la selva de Baures, municipio ubicado a casi 400 kil\u00f3metros de Trinidad. Varios equipos de rescate emprendieron su b\u00fasqueda, algunos incluso llegaron desde otros departamentos; sin embargo, no se ten\u00eda ninguna noticia ni indicio sobre Jhonathan.<br \/>\nDe acuerdo a reportes de medios locales, cerca de las 15:00 horas del s\u00e1bado un grupo de pobladores que estaba en el monte finalmente hallaron al desaparecido. \u201cEstaba visiblemente deshidratado\u201d, se\u00f1alaron algunos de los rescatistas.<br \/>\n\u201cLo encontramos a \u00e9l, gracias a que nos peg\u00f3 un grito y pens\u00e1bamos que era uno de sus hermanos, nos acercamos y lo primero que nos dijo fue: por favor s\u00e1quenme de aqu\u00ed, yo les voy a pagar\u201d, revel\u00f3 un poblador a Baures TV.<br \/>\nJhonathan fue trasladado a un centro de salud para una evaluaci\u00f3n de su estado y para su recuperaci\u00f3n. (Trinidad, agencias).<\/p>\n","protected":false},"excerpt":{"rendered":"<p>Lo que ocurri\u00f3 este 25 de febrero para muchos fue milagroso, su familia afirma que nunca perdi\u00f3 la esperanza. Jhonathan Acosta, el hombre que hace 30 d\u00edas se perdi\u00f3 en la selva Baures, donde se hab\u00eda internado con sus amigos para cazar, fue finalmente rescatado. \u201cSiempre tuvimos fe. Lastimosamente no estaba con machete, ni cuchillo [&hellip;]<\/p>\n","protected":false},"author":1,"featured_media":140353,"comment_status":"closed","ping_status":"closed","sticky":false,"template":"","format":"standard","meta":{"_acf_changed":false,"footnotes":""},"categories":[12],"tags":[],"class_list":["post-140352","post","type-post","status-publish","format-standard","has-post-thumbnail","category-nacional"],"acf":{"antetitulo":""},"yoast_head":"<!-- This site is optimized with the Yoast SEO plugin v28.3 - https:\/\/yoast.com\/product\/yoast-seo-wordpress\/ -->\n<title>Jhonathan Acosta fue rescatado despu\u00e9s  de un mes desaparecido en la selva Baures - El Diario - Bolivia<\/title>\n<meta name=\"robots\" content=\"index, follow, max-snippet:-1, max-image-preview:large, max-video-preview:-1\" \/>\n<link rel=\"canonical\" href=\"https:\/\/www.eldiario.net\/portal\/2023\/02\/27\/jhonathan-acosta-fue-rescatado-despues-de-un-mes-desaparecido-en-la-selva-baures\/\" \/>\n<meta property=\"og:locale\" content=\"es_ES\" \/>\n<meta property=\"og:type\" content=\"article\" \/>\n<meta property=\"og:title\" content=\"Jhonathan Acosta fue rescatado despu\u00e9s  de un mes desaparecido en la selva Baures - El Diario - Bolivia\" \/>\n<meta property=\"og:description\" content=\"Lo que ocurri\u00f3 este 25 de febrero para muchos fue milagroso, su familia afirma que nunca perdi\u00f3 la esperanza. Jhonathan Acosta, el hombre que hace 30 d\u00edas se perdi\u00f3 en la selva Baures, donde se hab\u00eda internado con sus amigos para cazar, fue finalmente rescatado. \u201cSiempre tuvimos fe. Lastimosamente no estaba con machete, ni cuchillo [&hellip;]\" \/>\n<meta property=\"og:url\" content=\"https:\/\/www.eldiario.net\/portal\/2023\/02\/27\/jhonathan-acosta-fue-rescatado-despues-de-un-mes-desaparecido-en-la-selva-baures\/\" \/>\n<meta property=\"og:site_name\" content=\"El Diario - Bolivia\" \/>\n<meta property=\"article:publisher\" content=\"https:\/\/www.facebook.com\/eldiario.bolivia\/\" \/>\n<meta property=\"article:published_time\" content=\"2023-02-27T09:58:35+00:00\" \/>\n<meta name=\"author\" content=\"Jeanette\" \/>\n<meta name=\"twitter:card\" content=\"summary_large_image\" \/>\n<meta name=\"twitter:creator\" content=\"@eldiario_net\" \/>\n<meta name=\"twitter:site\" content=\"@eldiario_net\" \/>\n<meta name=\"twitter:label1\" content=\"Escrito por\" \/>\n\t<meta name=\"twitter:data1\" content=\"Jeanette\" \/>\n\t<meta name=\"twitter:label2\" content=\"Tiempo de lectura\" \/>\n\t<meta name=\"twitter:data2\" content=\"2 minutos\" \/>\n<script type=\"application\/ld+json\" class=\"yoast-schema-graph\">{\"@context\":\"https:\\\/\\\/schema.org\",\"@graph\":[{\"@type\":\"Article\",\"@id\":\"https:\\\/\\\/www.eldiario.net\\\/portal\\\/2023\\\/02\\\/27\\\/jhonathan-acosta-fue-rescatado-despues-de-un-mes-desaparecido-en-la-selva-baures\\\/#article\",\"isPartOf\":{\"@id\":\"https:\\\/\\\/www.eldiario.net\\\/portal\\\/2023\\\/02\\\/27\\\/jhonathan-acosta-fue-rescatado-despues-de-un-mes-desaparecido-en-la-selva-baures\\\/\"},\"author\":{\"name\":\"Jeanette\",\"@id\":\"https:\\\/\\\/www.eldiario.net\\\/portal\\\/#\\\/schema\\\/person\\\/f46445640444750d7d753ccd04ae01b7\"},\"headline\":\"Jhonathan Acosta fue rescatado despu\u00e9s de un mes desaparecido en la selva Baures\",\"datePublished\":\"2023-02-27T09:58:35+00:00\",\"mainEntityOfPage\":{\"@id\":\"https:\\\/\\\/www.eldiario.net\\\/portal\\\/2023\\\/02\\\/27\\\/jhonathan-acosta-fue-rescatado-despues-de-un-mes-desaparecido-en-la-selva-baures\\\/\"},\"wordCount\":245,\"publisher\":{\"@id\":\"https:\\\/\\\/www.eldiario.net\\\/portal\\\/#organization\"},\"image\":{\"@id\":\"https:\\\/\\\/www.eldiario.net\\\/portal\\\/2023\\\/02\\\/27\\\/jhonathan-acosta-fue-rescatado-despues-de-un-mes-desaparecido-en-la-selva-baures\\\/#primaryimage\"},\"thumbnailUrl\":\"\",\"articleSection\":[\"Nacional\"],\"inLanguage\":\"es\"},{\"@type\":\"WebPage\",\"@id\":\"https:\\\/\\\/www.eldiario.net\\\/portal\\\/2023\\\/02\\\/27\\\/jhonathan-acosta-fue-rescatado-despues-de-un-mes-desaparecido-en-la-selva-baures\\\/\",\"url\":\"https:\\\/\\\/www.eldiario.net\\\/portal\\\/2023\\\/02\\\/27\\\/jhonathan-acosta-fue-rescatado-despues-de-un-mes-desaparecido-en-la-selva-baures\\\/\",\"name\":\"Jhonathan Acosta fue rescatado despu\u00e9s de un mes desaparecido en la selva Baures - El Diario - Bolivia\",\"isPartOf\":{\"@id\":\"https:\\\/\\\/www.eldiario.net\\\/portal\\\/#website\"},\"primaryImageOfPage\":{\"@id\":\"https:\\\/\\\/www.eldiario.net\\\/portal\\\/2023\\\/02\\\/27\\\/jhonathan-acosta-fue-rescatado-despues-de-un-mes-desaparecido-en-la-selva-baures\\\/#primaryimage\"},\"image\":{\"@id\":\"https:\\\/\\\/www.eldiario.net\\\/portal\\\/2023\\\/02\\\/27\\\/jhonathan-acosta-fue-rescatado-despues-de-un-mes-desaparecido-en-la-selva-baures\\\/#primaryimage\"},\"thumbnailUrl\":\"\",\"datePublished\":\"2023-02-27T09:58:35+00:00\",\"breadcrumb\":{\"@id\":\"https:\\\/\\\/www.eldiario.net\\\/portal\\\/2023\\\/02\\\/27\\\/jhonathan-acosta-fue-rescatado-despues-de-un-mes-desaparecido-en-la-selva-baures\\\/#breadcrumb\"},\"inLanguage\":\"es\",\"potentialAction\":[{\"@type\":\"ReadAction\",\"target\":[\"https:\\\/\\\/www.eldiario.net\\\/portal\\\/2023\\\/02\\\/27\\\/jhonathan-acosta-fue-rescatado-despues-de-un-mes-desaparecido-en-la-selva-baures\\\/\"]}]},{\"@type\":\"ImageObject\",\"inLanguage\":\"es\",\"@id\":\"https:\\\/\\\/www.eldiario.net\\\/portal\\\/2023\\\/02\\\/27\\\/jhonathan-acosta-fue-rescatado-despues-de-un-mes-desaparecido-en-la-selva-baures\\\/#primaryimage\",\"url\":\"\",\"contentUrl\":\"\"},{\"@type\":\"BreadcrumbList\",\"@id\":\"https:\\\/\\\/www.eldiario.net\\\/portal\\\/2023\\\/02\\\/27\\\/jhonathan-acosta-fue-rescatado-despues-de-un-mes-desaparecido-en-la-selva-baures\\\/#breadcrumb\",\"itemListElement\":[{\"@type\":\"ListItem\",\"position\":1,\"name\":\"Portada\",\"item\":\"https:\\\/\\\/www.eldiario.net\\\/portal\\\/\"},{\"@type\":\"ListItem\",\"position\":2,\"name\":\"Jhonathan Acosta fue rescatado despu\u00e9s de un mes desaparecido en la selva Baures\"}]},{\"@type\":\"WebSite\",\"@id\":\"https:\\\/\\\/www.eldiario.net\\\/portal\\\/#website\",\"url\":\"https:\\\/\\\/www.eldiario.net\\\/portal\\\/\",\"name\":\"El Diario - Decano de la prensa nacional\",\"description\":\"El Diario - Decano de la prensa nacional\",\"publisher\":{\"@id\":\"https:\\\/\\\/www.eldiario.net\\\/portal\\\/#organization\"},\"potentialAction\":[{\"@type\":\"SearchAction\",\"target\":{\"@type\":\"EntryPoint\",\"urlTemplate\":\"https:\\\/\\\/www.eldiario.net\\\/portal\\\/?s={search_term_string}\"},\"query-input\":{\"@type\":\"PropertyValueSpecification\",\"valueRequired\":true,\"valueName\":\"search_term_string\"}}],\"inLanguage\":\"es\"},{\"@type\":\"Organization\",\"@id\":\"https:\\\/\\\/www.eldiario.net\\\/portal\\\/#organization\",\"name\":\"El Diario - Decano de la prensa nacional\",\"url\":\"https:\\\/\\\/www.eldiario.net\\\/portal\\\/\",\"logo\":{\"@type\":\"ImageObject\",\"inLanguage\":\"es\",\"@id\":\"https:\\\/\\\/www.eldiario.net\\\/portal\\\/#\\\/schema\\\/logo\\\/image\\\/\",\"url\":\"https:\\\/\\\/www.eldiario.net\\\/portal\\\/wp-content\\\/uploads\\\/2023\\\/07\\\/logo_ED.jpg\",\"contentUrl\":\"https:\\\/\\\/www.eldiario.net\\\/portal\\\/wp-content\\\/uploads\\\/2023\\\/07\\\/logo_ED.jpg\",\"width\":272,\"height\":52,\"caption\":\"El Diario - Decano de la prensa nacional\"},\"image\":{\"@id\":\"https:\\\/\\\/www.eldiario.net\\\/portal\\\/#\\\/schema\\\/logo\\\/image\\\/\"},\"sameAs\":[\"https:\\\/\\\/www.facebook.com\\\/eldiario.bolivia\\\/\",\"https:\\\/\\\/x.com\\\/eldiario_net\"]},{\"@type\":\"Person\",\"@id\":\"https:\\\/\\\/www.eldiario.net\\\/portal\\\/#\\\/schema\\\/person\\\/f46445640444750d7d753ccd04ae01b7\",\"name\":\"Jeanette\",\"image\":{\"@type\":\"ImageObject\",\"inLanguage\":\"es\",\"@id\":\"https:\\\/\\\/secure.gravatar.com\\\/avatar\\\/3ea2118a5f7dad2b7138b1187a6b7ee55f160b9968b66013c3a3ef39dd7e5798?s=96&d=mm&r=g\",\"url\":\"https:\\\/\\\/secure.gravatar.com\\\/avatar\\\/3ea2118a5f7dad2b7138b1187a6b7ee55f160b9968b66013c3a3ef39dd7e5798?s=96&d=mm&r=g\",\"contentUrl\":\"https:\\\/\\\/secure.gravatar.com\\\/avatar\\\/3ea2118a5f7dad2b7138b1187a6b7ee55f160b9968b66013c3a3ef39dd7e5798?s=96&d=mm&r=g\",\"caption\":\"Jeanette\"},\"sameAs\":[\"https:\\\/\\\/www.eldiario.net\\\/portal\"],\"url\":\"https:\\\/\\\/www.eldiario.net\\\/portal\\\/author\\\/jeanette\\\/\"}]}<\/script>\n<!-- \/ Yoast SEO plugin. -->","yoast_head_json":{"title":"Jhonathan Acosta fue rescatado despu\u00e9s  de un mes desaparecido en la selva Baures - El Diario - Bolivia","robots":{"index":"index","follow":"follow","max-snippet":"max-snippet:-1","max-image-preview":"max-image-preview:large","max-video-preview":"max-video-preview:-1"},"canonical":"https:\/\/www.eldiario.net\/portal\/2023\/02\/27\/jhonathan-acosta-fue-rescatado-despues-de-un-mes-desaparecido-en-la-selva-baures\/","og_locale":"es_ES","og_type":"article","og_title":"Jhonathan Acosta fue rescatado despu\u00e9s  de un mes desaparecido en la selva Baures - El Diario - Bolivia","og_description":"Lo que ocurri\u00f3 este 25 de febrero para muchos fue milagroso, su familia afirma que nunca perdi\u00f3 la esperanza. Jhonathan Acosta, el hombre que hace 30 d\u00edas se perdi\u00f3 en la selva Baures, donde se hab\u00eda internado con sus amigos para cazar, fue finalmente rescatado. \u201cSiempre tuvimos fe. Lastimosamente no estaba con machete, ni cuchillo [&hellip;]","og_url":"https:\/\/www.eldiario.net\/portal\/2023\/02\/27\/jhonathan-acosta-fue-rescatado-despues-de-un-mes-desaparecido-en-la-selva-baures\/","og_site_name":"El Diario - Bolivia","article_publisher":"https:\/\/www.facebook.com\/eldiario.bolivia\/","article_published_time":"2023-02-27T09:58:35+00:00","author":"Jeanette","twitter_card":"summary_large_image","twitter_creator":"@eldiario_net","twitter_site":"@eldiario_net","twitter_misc":{"Escrito por":"Jeanette","Tiempo de lectura":"2 minutos"},"schema":{"@context":"https:\/\/schema.org","@graph":[{"@type":"Article","@id":"https:\/\/www.eldiario.net\/portal\/2023\/02\/27\/jhonathan-acosta-fue-rescatado-despues-de-un-mes-desaparecido-en-la-selva-baures\/#article","isPartOf":{"@id":"https:\/\/www.eldiario.net\/portal\/2023\/02\/27\/jhonathan-acosta-fue-rescatado-despues-de-un-mes-desaparecido-en-la-selva-baures\/"},"author":{"name":"Jeanette","@id":"https:\/\/www.eldiario.net\/portal\/#\/schema\/person\/f46445640444750d7d753ccd04ae01b7"},"headline":"Jhonathan Acosta fue rescatado despu\u00e9s de un mes desaparecido en la selva Baures","datePublished":"2023-02-27T09:58:35+00:00","mainEntityOfPage":{"@id":"https:\/\/www.eldiario.net\/portal\/2023\/02\/27\/jhonathan-acosta-fue-rescatado-despues-de-un-mes-desaparecido-en-la-selva-baures\/"},"wordCount":245,"publisher":{"@id":"https:\/\/www.eldiario.net\/portal\/#organization"},"image":{"@id":"https:\/\/www.eldiario.net\/portal\/2023\/02\/27\/jhonathan-acosta-fue-rescatado-despues-de-un-mes-desaparecido-en-la-selva-baures\/#primaryimage"},"thumbnailUrl":"","articleSection":["Nacional"],"inLanguage":"es"},{"@type":"WebPage","@id":"https:\/\/www.eldiario.net\/portal\/2023\/02\/27\/jhonathan-acosta-fue-rescatado-despues-de-un-mes-desaparecido-en-la-selva-baures\/","url":"https:\/\/www.eldiario.net\/portal\/2023\/02\/27\/jhonathan-acosta-fue-rescatado-despues-de-un-mes-desaparecido-en-la-selva-baures\/","name":"Jhonathan Acosta fue rescatado despu\u00e9s de un mes desaparecido en la selva Baures - El Diario - Bolivia","isPartOf":{"@id":"https:\/\/www.eldiario.net\/portal\/#website"},"primaryImageOfPage":{"@id":"https:\/\/www.eldiario.net\/portal\/2023\/02\/27\/jhonathan-acosta-fue-rescatado-despues-de-un-mes-desaparecido-en-la-selva-baures\/#primaryimage"},"image":{"@id":"https:\/\/www.eldiario.net\/portal\/2023\/02\/27\/jhonathan-acosta-fue-rescatado-despues-de-un-mes-desaparecido-en-la-selva-baures\/#primaryimage"},"thumbnailUrl":"","datePublished":"2023-02-27T09:58:35+00:00","breadcrumb":{"@id":"https:\/\/www.eldiario.net\/portal\/2023\/02\/27\/jhonathan-acosta-fue-rescatado-despues-de-un-mes-desaparecido-en-la-selva-baures\/#breadcrumb"},"inLanguage":"es","potentialAction":[{"@type":"ReadAction","target":["https:\/\/www.eldiario.net\/portal\/2023\/02\/27\/jhonathan-acosta-fue-rescatado-despues-de-un-mes-desaparecido-en-la-selva-baures\/"]}]},{"@type":"ImageObject","inLanguage":"es","@id":"https:\/\/www.eldiario.net\/portal\/2023\/02\/27\/jhonathan-acosta-fue-rescatado-despues-de-un-mes-desaparecido-en-la-selva-baures\/#primaryimage","url":"","contentUrl":""},{"@type":"BreadcrumbList","@id":"https:\/\/www.eldiario.net\/portal\/2023\/02\/27\/jhonathan-acosta-fue-rescatado-despues-de-un-mes-desaparecido-en-la-selva-baures\/#breadcrumb","itemListElement":[{"@type":"ListItem","position":1,"name":"Portada","item":"https:\/\/www.eldiario.net\/portal\/"},{"@type":"ListItem","position":2,"name":"Jhonathan Acosta fue rescatado despu\u00e9s de un mes desaparecido en la selva Baures"}]},{"@type":"WebSite","@id":"https:\/\/www.eldiario.net\/portal\/#website","url":"https:\/\/www.eldiario.net\/portal\/","name":"El Diario - Decano de la prensa nacional","description":"El Diario - Decano de la prensa nacional","publisher":{"@id":"https:\/\/www.eldiario.net\/portal\/#organization"},"potentialAction":[{"@type":"SearchAction","target":{"@type":"EntryPoint","urlTemplate":"https:\/\/www.eldiario.net\/portal\/?s={search_term_string}"},"query-input":{"@type":"PropertyValueSpecification","valueRequired":true,"valueName":"search_term_string"}}],"inLanguage":"es"},{"@type":"Organization","@id":"https:\/\/www.eldiario.net\/portal\/#organization","name":"El Diario - Decano de la prensa nacional","url":"https:\/\/www.eldiario.net\/portal\/","logo":{"@type":"ImageObject","inLanguage":"es","@id":"https:\/\/www.eldiario.net\/portal\/#\/schema\/logo\/image\/","url":"https:\/\/www.eldiario.net\/portal\/wp-content\/uploads\/2023\/07\/logo_ED.jpg","contentUrl":"https:\/\/www.eldiario.net\/portal\/wp-content\/uploads\/2023\/07\/logo_ED.jpg","width":272,"height":52,"caption":"El Diario - Decano de la prensa nacional"},"image":{"@id":"https:\/\/www.eldiario.net\/portal\/#\/schema\/logo\/image\/"},"sameAs":["https:\/\/www.facebook.com\/eldiario.bolivia\/","https:\/\/x.com\/eldiario_net"]},{"@type":"Person","@id":"https:\/\/www.eldiario.net\/portal\/#\/schema\/person\/f46445640444750d7d753ccd04ae01b7","name":"Jeanette","image":{"@type":"ImageObject","inLanguage":"es","@id":"https:\/\/secure.gravatar.com\/avatar\/3ea2118a5f7dad2b7138b1187a6b7ee55f160b9968b66013c3a3ef39dd7e5798?s=96&d=mm&r=g","url":"https:\/\/secure.gravatar.com\/avatar\/3ea2118a5f7dad2b7138b1187a6b7ee55f160b9968b66013c3a3ef39dd7e5798?s=96&d=mm&r=g","contentUrl":"https:\/\/secure.gravatar.com\/avatar\/3ea2118a5f7dad2b7138b1187a6b7ee55f160b9968b66013c3a3ef39dd7e5798?s=96&d=mm&r=g","caption":"Jeanette"},"sameAs":["https:\/\/www.eldiario.net\/portal"],"url":"https:\/\/www.eldiario.net\/portal\/author\/jeanette\/"}]}},"_links":{"self":[{"href":"https:\/\/www.eldiario.net\/portal\/wp-json\/wp\/v2\/posts\/140352","targetHints":{"allow":["GET"]}}],"collection":[{"href":"https:\/\/www.eldiario.net\/portal\/wp-json\/wp\/v2\/posts"}],"about":[{"href":"https:\/\/www.eldiario.net\/portal\/wp-json\/wp\/v2\/types\/post"}],"author":[{"embeddable":true,"href":"https:\/\/www.eldiario.net\/portal\/wp-json\/wp\/v2\/users\/1"}],"replies":[{"embeddable":true,"href":"https:\/\/www.eldiario.net\/portal\/wp-json\/wp\/v2\/comments?post=140352"}],"version-history":[{"count":0,"href":"https:\/\/www.eldiario.net\/portal\/wp-json\/wp\/v2\/posts\/140352\/revisions"}],"wp:attachment":[{"href":"https:\/\/www.eldiario.net\/portal\/wp-json\/wp\/v2\/media?parent=140352"}],"wp:term":[{"taxonomy":"category","embeddable":true,"href":"https:\/\/www.eldiario.net\/portal\/wp-json\/wp\/v2\/categories?post=140352"},{"taxonomy":"post_tag","embeddable":true,"href":"https:\/\/www.eldiario.net\/portal\/wp-json\/wp\/v2\/tags?post=140352"}],"curies":[{"name":"wp","href":"https:\/\/api.w.org\/{rel}","templated":true}]}}