{"id":140350,"date":"2023-02-27T05:57:32","date_gmt":"2023-02-27T09:57:32","guid":{"rendered":"https:\/\/www.eldiario.net\/portal\/?p=140350"},"modified":"2023-02-27T05:57:32","modified_gmt":"2023-02-27T09:57:32","slug":"anuncian-limpieza-comunitaria-contra-el-dengue-para-el-5-de-marzo","status":"publish","type":"post","link":"https:\/\/www.eldiario.net\/portal\/2023\/02\/27\/anuncian-limpieza-comunitaria-contra-el-dengue-para-el-5-de-marzo\/","title":{"rendered":"Anuncian limpieza comunitaria contra el dengue para el 5 de marzo"},"content":{"rendered":"<p>El Gobierno Aut\u00f3nomo Municipal de Cochabamba (GAMC), en coordinaci\u00f3n con otros municipios y la Gobernaci\u00f3n, anunci\u00f3 una limpieza comunitaria, tambi\u00e9n denominada \u201cminga\u201d, para luchar contra la proliferaci\u00f3n del mosquito transmisor de dengue, actividad que se desarrollar\u00e1 el pr\u00f3ximo 5 de marzo.<br \/>\n\u201cVamos a participar todos los municipios del eje de conurbaci\u00f3n m\u00e1s la Gobernaci\u00f3n, el trabajo va ser coordinado para eliminar los criaderos de mosquitos (\u2026) Ese d\u00eda ser\u00e1 una jornada en la que toda la poblaci\u00f3n estar\u00e1 limpiando sus casas\u201d, asever\u00f3 el secretario de Salud, An\u00edbal Cruz.<br \/>\nDesde la Secretar\u00eda de Salud recomendaron evitar dejar los floreros del cementerio con agua, ya que son el ambiente propicio para los criaderos de mosquitos y en las viviendas llantas o recipientes con agua.<br \/>\n\u201cSe ha observado que en los cementerios dejamos los floreros con agua, donde ponen huevos los mosquitos, tambi\u00e9n debemos evitar manipular la maleza (\u2026) No es necesaria la fumigaci\u00f3n salvo haya una explosi\u00f3n de casos\u201d, a\u00f1adi\u00f3 Cruz. (Cochabamba, agencias).<\/p>\n<p>El \u00e9xito de la campa\u00f1a de limpieza, el pr\u00f3ximo domingo 5 de marzo, tendr\u00e1 que ver con la participaci\u00f3n activa de la ciudadan\u00eda.<\/p>\n","protected":false},"excerpt":{"rendered":"<p>El Gobierno Aut\u00f3nomo Municipal de Cochabamba (GAMC), en coordinaci\u00f3n con otros municipios y la Gobernaci\u00f3n, anunci\u00f3 una limpieza comunitaria, tambi\u00e9n denominada \u201cminga\u201d, para luchar contra la proliferaci\u00f3n del mosquito transmisor de dengue, actividad que se desarrollar\u00e1 el pr\u00f3ximo 5 de marzo. \u201cVamos a participar todos los municipios del eje de conurbaci\u00f3n m\u00e1s la Gobernaci\u00f3n, el [&hellip;]<\/p>\n","protected":false},"author":1,"featured_media":0,"comment_status":"closed","ping_status":"closed","sticky":false,"template":"","format":"standard","meta":{"_acf_changed":false,"footnotes":""},"categories":[12],"tags":[],"class_list":["post-140350","post","type-post","status-publish","format-standard","category-nacional"],"acf":{"antetitulo":""},"yoast_head":"<!-- This site is optimized with the Yoast SEO plugin v28.3 - https:\/\/yoast.com\/product\/yoast-seo-wordpress\/ -->\n<title>Anuncian limpieza comunitaria contra el dengue para el 5 de marzo - El Diario - Bolivia<\/title>\n<meta name=\"robots\" content=\"index, follow, max-snippet:-1, max-image-preview:large, max-video-preview:-1\" \/>\n<link rel=\"canonical\" href=\"https:\/\/www.eldiario.net\/portal\/2023\/02\/27\/anuncian-limpieza-comunitaria-contra-el-dengue-para-el-5-de-marzo\/\" \/>\n<meta property=\"og:locale\" content=\"es_ES\" \/>\n<meta property=\"og:type\" content=\"article\" \/>\n<meta property=\"og:title\" content=\"Anuncian limpieza comunitaria contra el dengue para el 5 de marzo - El Diario - Bolivia\" \/>\n<meta property=\"og:description\" content=\"El Gobierno Aut\u00f3nomo Municipal de Cochabamba (GAMC), en coordinaci\u00f3n con otros municipios y la Gobernaci\u00f3n, anunci\u00f3 una limpieza comunitaria, tambi\u00e9n denominada \u201cminga\u201d, para luchar contra la proliferaci\u00f3n del mosquito transmisor de dengue, actividad que se desarrollar\u00e1 el pr\u00f3ximo 5 de marzo. \u201cVamos a participar todos los municipios del eje de conurbaci\u00f3n m\u00e1s la Gobernaci\u00f3n, el [&hellip;]\" \/>\n<meta property=\"og:url\" content=\"https:\/\/www.eldiario.net\/portal\/2023\/02\/27\/anuncian-limpieza-comunitaria-contra-el-dengue-para-el-5-de-marzo\/\" \/>\n<meta property=\"og:site_name\" content=\"El Diario - Bolivia\" \/>\n<meta property=\"article:publisher\" content=\"https:\/\/www.facebook.com\/eldiario.bolivia\/\" \/>\n<meta property=\"article:published_time\" content=\"2023-02-27T09:57:32+00:00\" \/>\n<meta name=\"author\" content=\"Jeanette\" \/>\n<meta name=\"twitter:card\" content=\"summary_large_image\" \/>\n<meta name=\"twitter:creator\" content=\"@eldiario_net\" \/>\n<meta name=\"twitter:site\" content=\"@eldiario_net\" \/>\n<meta name=\"twitter:label1\" content=\"Escrito por\" \/>\n\t<meta name=\"twitter:data1\" content=\"Jeanette\" \/>\n\t<meta name=\"twitter:label2\" content=\"Tiempo de lectura\" \/>\n\t<meta name=\"twitter:data2\" content=\"1 minuto\" \/>\n<script type=\"application\/ld+json\" class=\"yoast-schema-graph\">{\"@context\":\"https:\\\/\\\/schema.org\",\"@graph\":[{\"@type\":\"Article\",\"@id\":\"https:\\\/\\\/www.eldiario.net\\\/portal\\\/2023\\\/02\\\/27\\\/anuncian-limpieza-comunitaria-contra-el-dengue-para-el-5-de-marzo\\\/#article\",\"isPartOf\":{\"@id\":\"https:\\\/\\\/www.eldiario.net\\\/portal\\\/2023\\\/02\\\/27\\\/anuncian-limpieza-comunitaria-contra-el-dengue-para-el-5-de-marzo\\\/\"},\"author\":{\"name\":\"Jeanette\",\"@id\":\"https:\\\/\\\/www.eldiario.net\\\/portal\\\/#\\\/schema\\\/person\\\/f46445640444750d7d753ccd04ae01b7\"},\"headline\":\"Anuncian limpieza comunitaria contra el dengue para el 5 de marzo\",\"datePublished\":\"2023-02-27T09:57:32+00:00\",\"mainEntityOfPage\":{\"@id\":\"https:\\\/\\\/www.eldiario.net\\\/portal\\\/2023\\\/02\\\/27\\\/anuncian-limpieza-comunitaria-contra-el-dengue-para-el-5-de-marzo\\\/\"},\"wordCount\":211,\"publisher\":{\"@id\":\"https:\\\/\\\/www.eldiario.net\\\/portal\\\/#organization\"},\"articleSection\":[\"Nacional\"],\"inLanguage\":\"es\"},{\"@type\":\"WebPage\",\"@id\":\"https:\\\/\\\/www.eldiario.net\\\/portal\\\/2023\\\/02\\\/27\\\/anuncian-limpieza-comunitaria-contra-el-dengue-para-el-5-de-marzo\\\/\",\"url\":\"https:\\\/\\\/www.eldiario.net\\\/portal\\\/2023\\\/02\\\/27\\\/anuncian-limpieza-comunitaria-contra-el-dengue-para-el-5-de-marzo\\\/\",\"name\":\"Anuncian limpieza comunitaria contra el dengue para el 5 de marzo - El Diario - Bolivia\",\"isPartOf\":{\"@id\":\"https:\\\/\\\/www.eldiario.net\\\/portal\\\/#website\"},\"datePublished\":\"2023-02-27T09:57:32+00:00\",\"breadcrumb\":{\"@id\":\"https:\\\/\\\/www.eldiario.net\\\/portal\\\/2023\\\/02\\\/27\\\/anuncian-limpieza-comunitaria-contra-el-dengue-para-el-5-de-marzo\\\/#breadcrumb\"},\"inLanguage\":\"es\",\"potentialAction\":[{\"@type\":\"ReadAction\",\"target\":[\"https:\\\/\\\/www.eldiario.net\\\/portal\\\/2023\\\/02\\\/27\\\/anuncian-limpieza-comunitaria-contra-el-dengue-para-el-5-de-marzo\\\/\"]}]},{\"@type\":\"BreadcrumbList\",\"@id\":\"https:\\\/\\\/www.eldiario.net\\\/portal\\\/2023\\\/02\\\/27\\\/anuncian-limpieza-comunitaria-contra-el-dengue-para-el-5-de-marzo\\\/#breadcrumb\",\"itemListElement\":[{\"@type\":\"ListItem\",\"position\":1,\"name\":\"Portada\",\"item\":\"https:\\\/\\\/www.eldiario.net\\\/portal\\\/\"},{\"@type\":\"ListItem\",\"position\":2,\"name\":\"Anuncian limpieza comunitaria contra el dengue para el 5 de marzo\"}]},{\"@type\":\"WebSite\",\"@id\":\"https:\\\/\\\/www.eldiario.net\\\/portal\\\/#website\",\"url\":\"https:\\\/\\\/www.eldiario.net\\\/portal\\\/\",\"name\":\"El Diario - Decano de la prensa nacional\",\"description\":\"El Diario - Decano de la prensa nacional\",\"publisher\":{\"@id\":\"https:\\\/\\\/www.eldiario.net\\\/portal\\\/#organization\"},\"potentialAction\":[{\"@type\":\"SearchAction\",\"target\":{\"@type\":\"EntryPoint\",\"urlTemplate\":\"https:\\\/\\\/www.eldiario.net\\\/portal\\\/?s={search_term_string}\"},\"query-input\":{\"@type\":\"PropertyValueSpecification\",\"valueRequired\":true,\"valueName\":\"search_term_string\"}}],\"inLanguage\":\"es\"},{\"@type\":\"Organization\",\"@id\":\"https:\\\/\\\/www.eldiario.net\\\/portal\\\/#organization\",\"name\":\"El Diario - Decano de la prensa nacional\",\"url\":\"https:\\\/\\\/www.eldiario.net\\\/portal\\\/\",\"logo\":{\"@type\":\"ImageObject\",\"inLanguage\":\"es\",\"@id\":\"https:\\\/\\\/www.eldiario.net\\\/portal\\\/#\\\/schema\\\/logo\\\/image\\\/\",\"url\":\"https:\\\/\\\/www.eldiario.net\\\/portal\\\/wp-content\\\/uploads\\\/2023\\\/07\\\/logo_ED.jpg\",\"contentUrl\":\"https:\\\/\\\/www.eldiario.net\\\/portal\\\/wp-content\\\/uploads\\\/2023\\\/07\\\/logo_ED.jpg\",\"width\":272,\"height\":52,\"caption\":\"El Diario - Decano de la prensa nacional\"},\"image\":{\"@id\":\"https:\\\/\\\/www.eldiario.net\\\/portal\\\/#\\\/schema\\\/logo\\\/image\\\/\"},\"sameAs\":[\"https:\\\/\\\/www.facebook.com\\\/eldiario.bolivia\\\/\",\"https:\\\/\\\/x.com\\\/eldiario_net\"]},{\"@type\":\"Person\",\"@id\":\"https:\\\/\\\/www.eldiario.net\\\/portal\\\/#\\\/schema\\\/person\\\/f46445640444750d7d753ccd04ae01b7\",\"name\":\"Jeanette\",\"image\":{\"@type\":\"ImageObject\",\"inLanguage\":\"es\",\"@id\":\"https:\\\/\\\/secure.gravatar.com\\\/avatar\\\/3ea2118a5f7dad2b7138b1187a6b7ee55f160b9968b66013c3a3ef39dd7e5798?s=96&d=mm&r=g\",\"url\":\"https:\\\/\\\/secure.gravatar.com\\\/avatar\\\/3ea2118a5f7dad2b7138b1187a6b7ee55f160b9968b66013c3a3ef39dd7e5798?s=96&d=mm&r=g\",\"contentUrl\":\"https:\\\/\\\/secure.gravatar.com\\\/avatar\\\/3ea2118a5f7dad2b7138b1187a6b7ee55f160b9968b66013c3a3ef39dd7e5798?s=96&d=mm&r=g\",\"caption\":\"Jeanette\"},\"sameAs\":[\"https:\\\/\\\/www.eldiario.net\\\/portal\"],\"url\":\"https:\\\/\\\/www.eldiario.net\\\/portal\\\/author\\\/jeanette\\\/\"}]}<\/script>\n<!-- \/ Yoast SEO plugin. -->","yoast_head_json":{"title":"Anuncian limpieza comunitaria contra el dengue para el 5 de marzo - El Diario - Bolivia","robots":{"index":"index","follow":"follow","max-snippet":"max-snippet:-1","max-image-preview":"max-image-preview:large","max-video-preview":"max-video-preview:-1"},"canonical":"https:\/\/www.eldiario.net\/portal\/2023\/02\/27\/anuncian-limpieza-comunitaria-contra-el-dengue-para-el-5-de-marzo\/","og_locale":"es_ES","og_type":"article","og_title":"Anuncian limpieza comunitaria contra el dengue para el 5 de marzo - El Diario - Bolivia","og_description":"El Gobierno Aut\u00f3nomo Municipal de Cochabamba (GAMC), en coordinaci\u00f3n con otros municipios y la Gobernaci\u00f3n, anunci\u00f3 una limpieza comunitaria, tambi\u00e9n denominada \u201cminga\u201d, para luchar contra la proliferaci\u00f3n del mosquito transmisor de dengue, actividad que se desarrollar\u00e1 el pr\u00f3ximo 5 de marzo. \u201cVamos a participar todos los municipios del eje de conurbaci\u00f3n m\u00e1s la Gobernaci\u00f3n, el [&hellip;]","og_url":"https:\/\/www.eldiario.net\/portal\/2023\/02\/27\/anuncian-limpieza-comunitaria-contra-el-dengue-para-el-5-de-marzo\/","og_site_name":"El Diario - Bolivia","article_publisher":"https:\/\/www.facebook.com\/eldiario.bolivia\/","article_published_time":"2023-02-27T09:57:32+00:00","author":"Jeanette","twitter_card":"summary_large_image","twitter_creator":"@eldiario_net","twitter_site":"@eldiario_net","twitter_misc":{"Escrito por":"Jeanette","Tiempo de lectura":"1 minuto"},"schema":{"@context":"https:\/\/schema.org","@graph":[{"@type":"Article","@id":"https:\/\/www.eldiario.net\/portal\/2023\/02\/27\/anuncian-limpieza-comunitaria-contra-el-dengue-para-el-5-de-marzo\/#article","isPartOf":{"@id":"https:\/\/www.eldiario.net\/portal\/2023\/02\/27\/anuncian-limpieza-comunitaria-contra-el-dengue-para-el-5-de-marzo\/"},"author":{"name":"Jeanette","@id":"https:\/\/www.eldiario.net\/portal\/#\/schema\/person\/f46445640444750d7d753ccd04ae01b7"},"headline":"Anuncian limpieza comunitaria contra el dengue para el 5 de marzo","datePublished":"2023-02-27T09:57:32+00:00","mainEntityOfPage":{"@id":"https:\/\/www.eldiario.net\/portal\/2023\/02\/27\/anuncian-limpieza-comunitaria-contra-el-dengue-para-el-5-de-marzo\/"},"wordCount":211,"publisher":{"@id":"https:\/\/www.eldiario.net\/portal\/#organization"},"articleSection":["Nacional"],"inLanguage":"es"},{"@type":"WebPage","@id":"https:\/\/www.eldiario.net\/portal\/2023\/02\/27\/anuncian-limpieza-comunitaria-contra-el-dengue-para-el-5-de-marzo\/","url":"https:\/\/www.eldiario.net\/portal\/2023\/02\/27\/anuncian-limpieza-comunitaria-contra-el-dengue-para-el-5-de-marzo\/","name":"Anuncian limpieza comunitaria contra el dengue para el 5 de marzo - El Diario - Bolivia","isPartOf":{"@id":"https:\/\/www.eldiario.net\/portal\/#website"},"datePublished":"2023-02-27T09:57:32+00:00","breadcrumb":{"@id":"https:\/\/www.eldiario.net\/portal\/2023\/02\/27\/anuncian-limpieza-comunitaria-contra-el-dengue-para-el-5-de-marzo\/#breadcrumb"},"inLanguage":"es","potentialAction":[{"@type":"ReadAction","target":["https:\/\/www.eldiario.net\/portal\/2023\/02\/27\/anuncian-limpieza-comunitaria-contra-el-dengue-para-el-5-de-marzo\/"]}]},{"@type":"BreadcrumbList","@id":"https:\/\/www.eldiario.net\/portal\/2023\/02\/27\/anuncian-limpieza-comunitaria-contra-el-dengue-para-el-5-de-marzo\/#breadcrumb","itemListElement":[{"@type":"ListItem","position":1,"name":"Portada","item":"https:\/\/www.eldiario.net\/portal\/"},{"@type":"ListItem","position":2,"name":"Anuncian limpieza comunitaria contra el dengue para el 5 de marzo"}]},{"@type":"WebSite","@id":"https:\/\/www.eldiario.net\/portal\/#website","url":"https:\/\/www.eldiario.net\/portal\/","name":"El Diario - Decano de la prensa nacional","description":"El Diario - Decano de la prensa nacional","publisher":{"@id":"https:\/\/www.eldiario.net\/portal\/#organization"},"potentialAction":[{"@type":"SearchAction","target":{"@type":"EntryPoint","urlTemplate":"https:\/\/www.eldiario.net\/portal\/?s={search_term_string}"},"query-input":{"@type":"PropertyValueSpecification","valueRequired":true,"valueName":"search_term_string"}}],"inLanguage":"es"},{"@type":"Organization","@id":"https:\/\/www.eldiario.net\/portal\/#organization","name":"El Diario - Decano de la prensa nacional","url":"https:\/\/www.eldiario.net\/portal\/","logo":{"@type":"ImageObject","inLanguage":"es","@id":"https:\/\/www.eldiario.net\/portal\/#\/schema\/logo\/image\/","url":"https:\/\/www.eldiario.net\/portal\/wp-content\/uploads\/2023\/07\/logo_ED.jpg","contentUrl":"https:\/\/www.eldiario.net\/portal\/wp-content\/uploads\/2023\/07\/logo_ED.jpg","width":272,"height":52,"caption":"El Diario - Decano de la prensa nacional"},"image":{"@id":"https:\/\/www.eldiario.net\/portal\/#\/schema\/logo\/image\/"},"sameAs":["https:\/\/www.facebook.com\/eldiario.bolivia\/","https:\/\/x.com\/eldiario_net"]},{"@type":"Person","@id":"https:\/\/www.eldiario.net\/portal\/#\/schema\/person\/f46445640444750d7d753ccd04ae01b7","name":"Jeanette","image":{"@type":"ImageObject","inLanguage":"es","@id":"https:\/\/secure.gravatar.com\/avatar\/3ea2118a5f7dad2b7138b1187a6b7ee55f160b9968b66013c3a3ef39dd7e5798?s=96&d=mm&r=g","url":"https:\/\/secure.gravatar.com\/avatar\/3ea2118a5f7dad2b7138b1187a6b7ee55f160b9968b66013c3a3ef39dd7e5798?s=96&d=mm&r=g","contentUrl":"https:\/\/secure.gravatar.com\/avatar\/3ea2118a5f7dad2b7138b1187a6b7ee55f160b9968b66013c3a3ef39dd7e5798?s=96&d=mm&r=g","caption":"Jeanette"},"sameAs":["https:\/\/www.eldiario.net\/portal"],"url":"https:\/\/www.eldiario.net\/portal\/author\/jeanette\/"}]}},"_links":{"self":[{"href":"https:\/\/www.eldiario.net\/portal\/wp-json\/wp\/v2\/posts\/140350","targetHints":{"allow":["GET"]}}],"collection":[{"href":"https:\/\/www.eldiario.net\/portal\/wp-json\/wp\/v2\/posts"}],"about":[{"href":"https:\/\/www.eldiario.net\/portal\/wp-json\/wp\/v2\/types\/post"}],"author":[{"embeddable":true,"href":"https:\/\/www.eldiario.net\/portal\/wp-json\/wp\/v2\/users\/1"}],"replies":[{"embeddable":true,"href":"https:\/\/www.eldiario.net\/portal\/wp-json\/wp\/v2\/comments?post=140350"}],"version-history":[{"count":0,"href":"https:\/\/www.eldiario.net\/portal\/wp-json\/wp\/v2\/posts\/140350\/revisions"}],"wp:attachment":[{"href":"https:\/\/www.eldiario.net\/portal\/wp-json\/wp\/v2\/media?parent=140350"}],"wp:term":[{"taxonomy":"category","embeddable":true,"href":"https:\/\/www.eldiario.net\/portal\/wp-json\/wp\/v2\/categories?post=140350"},{"taxonomy":"post_tag","embeddable":true,"href":"https:\/\/www.eldiario.net\/portal\/wp-json\/wp\/v2\/tags?post=140350"}],"curies":[{"name":"wp","href":"https:\/\/api.w.org\/{rel}","templated":true}]}}